{"id":14534,"date":"2026-03-06T22:05:26","date_gmt":"2026-03-07T01:05:26","guid":{"rendered":"https:\/\/fmgente.com.ar\/web\/iran-advierte-que-paises-europeos-seran-objetivos-legitimos-si-apoyan-ataques-de-estados-unidos\/"},"modified":"2026-03-06T22:05:26","modified_gmt":"2026-03-07T01:05:26","slug":"iran-advierte-que-paises-europeos-seran-objetivos-legitimos-si-apoyan-ataques-de-estados-unidos","status":"publish","type":"post","link":"https:\/\/fmgente.com.ar\/web\/iran-advierte-que-paises-europeos-seran-objetivos-legitimos-si-apoyan-ataques-de-estados-unidos\/","title":{"rendered":"Ir\u00e1n advierte que pa\u00edses europeos ser\u00e1n \u201cobjetivos leg\u00edtimos\u201d si apoyan ataques de Estados Unidos"},"content":{"rendered":"<p>El viceministro de Asuntos Exteriores de Ir\u00e1n, Majid Takht-Ravanchi, advirti\u00f3 que los pa\u00edses europeos que se sumen a ataques contra su pa\u00eds podr\u00edan convertirse en \u201cobjetivos leg\u00edtimos\u201d de represalia por parte de Teher\u00e1n.<\/p>\n<p>\u201cSi alg\u00fan pa\u00eds se une a la agresi\u00f3n contra Ir\u00e1n, se une a Estados Unidos e Israel en la agresi\u00f3n contra Ir\u00e1n, definitivamente tambi\u00e9n ser\u00e1n objetivos leg\u00edtimos para la represalia de Ir\u00e1n\u201d, afirm\u00f3 el funcionario en una entrevista con France 24, realizada en ingl\u00e9s.<\/p>\n<p>Consultado sobre el posible apoyo log\u00edstico de algunos pa\u00edses europeos a Estados Unidos, Takht-Ravanchi se\u00f1al\u00f3 que Ir\u00e1n ya transmiti\u00f3 advertencias a los gobiernos del continente para que eviten involucrarse en el conflicto, aunque no mencion\u00f3 a ning\u00fan pa\u00eds en particular.<\/p>\n<p>\u201cIr\u00e1n ya ha informado a los europeos y a todos los dem\u00e1s que deben tener cuidado de no verse involucrados en esta guerra de agresi\u00f3n contra Ir\u00e1n\u201d, sostuvo.<\/p>\n<p>En la entrevista, el funcionario tambi\u00e9n se refiri\u00f3 a la situaci\u00f3n en el Golfo P\u00e9rsico y advirti\u00f3 que las bases militares estadounidenses en la regi\u00f3n podr\u00edan ser atacadas si Washington realiza acciones hostiles contra Ir\u00e1n.<\/p>\n<h3><strong>Sobre bases estadounidenses<\/strong><\/h3>\n<p>\u201cInformamos a nuestros amigos y vecinos antes de que esta guerra de agresi\u00f3n comenzara la semana pasada que, si Estados Unidos lleva a cabo un acto hostil contra Ir\u00e1n, entonces las bases estadounidenses y sus activos ser\u00e1n objetivos leg\u00edtimos dondequiera que est\u00e9n en nuestro vecindario\u201d, se\u00f1al\u00f3.<\/p>\n<p>Finalmente, Takht-Ravanchi critic\u00f3 a Estados Unidos por abandonar las conversaciones diplom\u00e1ticas, al afirmar que Ir\u00e1n estaba negociando \u201cde buena fe\u201d en los d\u00edas previos a los ataques lanzados por Washington junto a Israel.<\/p>\n<p>Las declaraciones se producen en un contexto de creciente tensi\u00f3n internacional, mientras la comunidad internacional sigue con preocupaci\u00f3n la posibilidad de una escalada mayor en Medio Oriente.<\/p>\n","protected":false},"excerpt":{"rendered":"<p>El viceministro de Asuntos Exteriores de Ir\u00e1n, Majid Takht-Ravanchi, advirti\u00f3 que los pa\u00edses europeos que<\/p>\n","protected":false},"author":0,"featured_media":14535,"comment_status":"","ping_status":"","sticky":false,"template":"","format":"standard","meta":{"footnotes":""},"categories":[11],"tags":[],"class_list":["post-14534","post","type-post","status-publish","format-standard","has-post-thumbnail","hentry","category-destacadas"],"yoast_head":"<!-- This site is optimized with the Yoast SEO plugin v27.4 - https:\/\/yoast.com\/product\/yoast-seo-wordpress\/ -->\n<title>Ir\u00e1n advierte que pa\u00edses europeos ser\u00e1n \u201cobjetivos leg\u00edtimos\u201d si apoyan ataques de Estados Unidos - Fm Gente<\/title>\n<meta name=\"robots\" content=\"index, follow, max-snippet:-1, max-image-preview:large, max-video-preview:-1\" \/>\n<link rel=\"canonical\" href=\"https:\/\/fmgente.com.ar\/web\/iran-advierte-que-paises-europeos-seran-objetivos-legitimos-si-apoyan-ataques-de-estados-unidos\/\" \/>\n<meta property=\"og:locale\" content=\"es_ES\" \/>\n<meta property=\"og:type\" content=\"article\" \/>\n<meta property=\"og:title\" content=\"Ir\u00e1n advierte que pa\u00edses europeos ser\u00e1n \u201cobjetivos leg\u00edtimos\u201d si apoyan ataques de Estados Unidos - Fm Gente\" \/>\n<meta property=\"og:description\" content=\"El viceministro de Asuntos Exteriores de Ir\u00e1n, Majid Takht-Ravanchi, advirti\u00f3 que los pa\u00edses europeos que\" \/>\n<meta property=\"og:url\" content=\"https:\/\/fmgente.com.ar\/web\/iran-advierte-que-paises-europeos-seran-objetivos-legitimos-si-apoyan-ataques-de-estados-unidos\/\" \/>\n<meta property=\"og:site_name\" content=\"Fm Gente\" \/>\n<meta property=\"article:published_time\" content=\"2026-03-07T01:05:26+00:00\" \/>\n<meta name=\"twitter:card\" content=\"summary_large_image\" \/>\n<meta name=\"twitter:label1\" content=\"Tiempo de lectura\" \/>\n\t<meta name=\"twitter:data1\" content=\"2 minutos\" \/>\n<script type=\"application\/ld+json\" class=\"yoast-schema-graph\">{\"@context\":\"https:\\\/\\\/schema.org\",\"@graph\":[{\"@type\":\"Article\",\"@id\":\"https:\\\/\\\/fmgente.com.ar\\\/web\\\/iran-advierte-que-paises-europeos-seran-objetivos-legitimos-si-apoyan-ataques-de-estados-unidos\\\/#article\",\"isPartOf\":{\"@id\":\"https:\\\/\\\/fmgente.com.ar\\\/web\\\/iran-advierte-que-paises-europeos-seran-objetivos-legitimos-si-apoyan-ataques-de-estados-unidos\\\/\"},\"author\":{\"name\":\"\",\"@id\":\"\"},\"headline\":\"Ir\u00e1n advierte que pa\u00edses europeos ser\u00e1n \u201cobjetivos leg\u00edtimos\u201d si apoyan ataques de Estados Unidos\",\"datePublished\":\"2026-03-07T01:05:26+00:00\",\"mainEntityOfPage\":{\"@id\":\"https:\\\/\\\/fmgente.com.ar\\\/web\\\/iran-advierte-que-paises-europeos-seran-objetivos-legitimos-si-apoyan-ataques-de-estados-unidos\\\/\"},\"wordCount\":350,\"publisher\":{\"@id\":\"https:\\\/\\\/fmgente.com.ar\\\/web\\\/#organization\"},\"image\":{\"@id\":\"https:\\\/\\\/fmgente.com.ar\\\/web\\\/iran-advierte-que-paises-europeos-seran-objetivos-legitimos-si-apoyan-ataques-de-estados-unidos\\\/#primaryimage\"},\"thumbnailUrl\":\"https:\\\/\\\/fmgente.com.ar\\\/web\\\/wp-content\\\/uploads\\\/2026\\\/03\\\/portadax-15.png\",\"articleSection\":[\"DESTACADAS\"],\"inLanguage\":\"es\"},{\"@type\":\"WebPage\",\"@id\":\"https:\\\/\\\/fmgente.com.ar\\\/web\\\/iran-advierte-que-paises-europeos-seran-objetivos-legitimos-si-apoyan-ataques-de-estados-unidos\\\/\",\"url\":\"https:\\\/\\\/fmgente.com.ar\\\/web\\\/iran-advierte-que-paises-europeos-seran-objetivos-legitimos-si-apoyan-ataques-de-estados-unidos\\\/\",\"name\":\"Ir\u00e1n advierte que pa\u00edses europeos ser\u00e1n \u201cobjetivos leg\u00edtimos\u201d si apoyan ataques de Estados Unidos - Fm Gente\",\"isPartOf\":{\"@id\":\"https:\\\/\\\/fmgente.com.ar\\\/web\\\/#website\"},\"primaryImageOfPage\":{\"@id\":\"https:\\\/\\\/fmgente.com.ar\\\/web\\\/iran-advierte-que-paises-europeos-seran-objetivos-legitimos-si-apoyan-ataques-de-estados-unidos\\\/#primaryimage\"},\"image\":{\"@id\":\"https:\\\/\\\/fmgente.com.ar\\\/web\\\/iran-advierte-que-paises-europeos-seran-objetivos-legitimos-si-apoyan-ataques-de-estados-unidos\\\/#primaryimage\"},\"thumbnailUrl\":\"https:\\\/\\\/fmgente.com.ar\\\/web\\\/wp-content\\\/uploads\\\/2026\\\/03\\\/portadax-15.png\",\"datePublished\":\"2026-03-07T01:05:26+00:00\",\"inLanguage\":\"es\",\"potentialAction\":[{\"@type\":\"ReadAction\",\"target\":[\"https:\\\/\\\/fmgente.com.ar\\\/web\\\/iran-advierte-que-paises-europeos-seran-objetivos-legitimos-si-apoyan-ataques-de-estados-unidos\\\/\"]}]},{\"@type\":\"ImageObject\",\"inLanguage\":\"es\",\"@id\":\"https:\\\/\\\/fmgente.com.ar\\\/web\\\/iran-advierte-que-paises-europeos-seran-objetivos-legitimos-si-apoyan-ataques-de-estados-unidos\\\/#primaryimage\",\"url\":\"https:\\\/\\\/fmgente.com.ar\\\/web\\\/wp-content\\\/uploads\\\/2026\\\/03\\\/portadax-15.png\",\"contentUrl\":\"https:\\\/\\\/fmgente.com.ar\\\/web\\\/wp-content\\\/uploads\\\/2026\\\/03\\\/portadax-15.png\",\"width\":1366,\"height\":768},{\"@type\":\"WebSite\",\"@id\":\"https:\\\/\\\/fmgente.com.ar\\\/web\\\/#website\",\"url\":\"https:\\\/\\\/fmgente.com.ar\\\/web\\\/\",\"name\":\"Fm Gente\",\"description\":\"- Jes\u00fas Mar\u00eda\",\"publisher\":{\"@id\":\"https:\\\/\\\/fmgente.com.ar\\\/web\\\/#organization\"},\"potentialAction\":[{\"@type\":\"SearchAction\",\"target\":{\"@type\":\"EntryPoint\",\"urlTemplate\":\"https:\\\/\\\/fmgente.com.ar\\\/web\\\/?s={search_term_string}\"},\"query-input\":{\"@type\":\"PropertyValueSpecification\",\"valueRequired\":true,\"valueName\":\"search_term_string\"}}],\"inLanguage\":\"es\"},{\"@type\":\"Organization\",\"@id\":\"https:\\\/\\\/fmgente.com.ar\\\/web\\\/#organization\",\"name\":\"Fm Gente\",\"url\":\"https:\\\/\\\/fmgente.com.ar\\\/web\\\/\",\"logo\":{\"@type\":\"ImageObject\",\"inLanguage\":\"es\",\"@id\":\"https:\\\/\\\/fmgente.com.ar\\\/web\\\/#\\\/schema\\\/logo\\\/image\\\/\",\"url\":\"https:\\\/\\\/fmgente.com.ar\\\/web\\\/wp-content\\\/uploads\\\/2023\\\/07\\\/cropped-cropped-logo-sombra2.png\",\"contentUrl\":\"https:\\\/\\\/fmgente.com.ar\\\/web\\\/wp-content\\\/uploads\\\/2023\\\/07\\\/cropped-cropped-logo-sombra2.png\",\"width\":1782,\"height\":1782,\"caption\":\"Fm Gente\"},\"image\":{\"@id\":\"https:\\\/\\\/fmgente.com.ar\\\/web\\\/#\\\/schema\\\/logo\\\/image\\\/\"}}]}<\/script>\n<!-- \/ Yoast SEO plugin. -->","yoast_head_json":{"title":"Ir\u00e1n advierte que pa\u00edses europeos ser\u00e1n \u201cobjetivos leg\u00edtimos\u201d si apoyan ataques de Estados Unidos - Fm Gente","robots":{"index":"index","follow":"follow","max-snippet":"max-snippet:-1","max-image-preview":"max-image-preview:large","max-video-preview":"max-video-preview:-1"},"canonical":"https:\/\/fmgente.com.ar\/web\/iran-advierte-que-paises-europeos-seran-objetivos-legitimos-si-apoyan-ataques-de-estados-unidos\/","og_locale":"es_ES","og_type":"article","og_title":"Ir\u00e1n advierte que pa\u00edses europeos ser\u00e1n \u201cobjetivos leg\u00edtimos\u201d si apoyan ataques de Estados Unidos - Fm Gente","og_description":"El viceministro de Asuntos Exteriores de Ir\u00e1n, Majid Takht-Ravanchi, advirti\u00f3 que los pa\u00edses europeos que","og_url":"https:\/\/fmgente.com.ar\/web\/iran-advierte-que-paises-europeos-seran-objetivos-legitimos-si-apoyan-ataques-de-estados-unidos\/","og_site_name":"Fm Gente","article_published_time":"2026-03-07T01:05:26+00:00","twitter_card":"summary_large_image","twitter_misc":{"Tiempo de lectura":"2 minutos"},"schema":{"@context":"https:\/\/schema.org","@graph":[{"@type":"Article","@id":"https:\/\/fmgente.com.ar\/web\/iran-advierte-que-paises-europeos-seran-objetivos-legitimos-si-apoyan-ataques-de-estados-unidos\/#article","isPartOf":{"@id":"https:\/\/fmgente.com.ar\/web\/iran-advierte-que-paises-europeos-seran-objetivos-legitimos-si-apoyan-ataques-de-estados-unidos\/"},"author":{"name":"","@id":""},"headline":"Ir\u00e1n advierte que pa\u00edses europeos ser\u00e1n \u201cobjetivos leg\u00edtimos\u201d si apoyan ataques de Estados Unidos","datePublished":"2026-03-07T01:05:26+00:00","mainEntityOfPage":{"@id":"https:\/\/fmgente.com.ar\/web\/iran-advierte-que-paises-europeos-seran-objetivos-legitimos-si-apoyan-ataques-de-estados-unidos\/"},"wordCount":350,"publisher":{"@id":"https:\/\/fmgente.com.ar\/web\/#organization"},"image":{"@id":"https:\/\/fmgente.com.ar\/web\/iran-advierte-que-paises-europeos-seran-objetivos-legitimos-si-apoyan-ataques-de-estados-unidos\/#primaryimage"},"thumbnailUrl":"https:\/\/fmgente.com.ar\/web\/wp-content\/uploads\/2026\/03\/portadax-15.png","articleSection":["DESTACADAS"],"inLanguage":"es"},{"@type":"WebPage","@id":"https:\/\/fmgente.com.ar\/web\/iran-advierte-que-paises-europeos-seran-objetivos-legitimos-si-apoyan-ataques-de-estados-unidos\/","url":"https:\/\/fmgente.com.ar\/web\/iran-advierte-que-paises-europeos-seran-objetivos-legitimos-si-apoyan-ataques-de-estados-unidos\/","name":"Ir\u00e1n advierte que pa\u00edses europeos ser\u00e1n \u201cobjetivos leg\u00edtimos\u201d si apoyan ataques de Estados Unidos - Fm Gente","isPartOf":{"@id":"https:\/\/fmgente.com.ar\/web\/#website"},"primaryImageOfPage":{"@id":"https:\/\/fmgente.com.ar\/web\/iran-advierte-que-paises-europeos-seran-objetivos-legitimos-si-apoyan-ataques-de-estados-unidos\/#primaryimage"},"image":{"@id":"https:\/\/fmgente.com.ar\/web\/iran-advierte-que-paises-europeos-seran-objetivos-legitimos-si-apoyan-ataques-de-estados-unidos\/#primaryimage"},"thumbnailUrl":"https:\/\/fmgente.com.ar\/web\/wp-content\/uploads\/2026\/03\/portadax-15.png","datePublished":"2026-03-07T01:05:26+00:00","inLanguage":"es","potentialAction":[{"@type":"ReadAction","target":["https:\/\/fmgente.com.ar\/web\/iran-advierte-que-paises-europeos-seran-objetivos-legitimos-si-apoyan-ataques-de-estados-unidos\/"]}]},{"@type":"ImageObject","inLanguage":"es","@id":"https:\/\/fmgente.com.ar\/web\/iran-advierte-que-paises-europeos-seran-objetivos-legitimos-si-apoyan-ataques-de-estados-unidos\/#primaryimage","url":"https:\/\/fmgente.com.ar\/web\/wp-content\/uploads\/2026\/03\/portadax-15.png","contentUrl":"https:\/\/fmgente.com.ar\/web\/wp-content\/uploads\/2026\/03\/portadax-15.png","width":1366,"height":768},{"@type":"WebSite","@id":"https:\/\/fmgente.com.ar\/web\/#website","url":"https:\/\/fmgente.com.ar\/web\/","name":"Fm Gente","description":"- Jes\u00fas Mar\u00eda","publisher":{"@id":"https:\/\/fmgente.com.ar\/web\/#organization"},"potentialAction":[{"@type":"SearchAction","target":{"@type":"EntryPoint","urlTemplate":"https:\/\/fmgente.com.ar\/web\/?s={search_term_string}"},"query-input":{"@type":"PropertyValueSpecification","valueRequired":true,"valueName":"search_term_string"}}],"inLanguage":"es"},{"@type":"Organization","@id":"https:\/\/fmgente.com.ar\/web\/#organization","name":"Fm Gente","url":"https:\/\/fmgente.com.ar\/web\/","logo":{"@type":"ImageObject","inLanguage":"es","@id":"https:\/\/fmgente.com.ar\/web\/#\/schema\/logo\/image\/","url":"https:\/\/fmgente.com.ar\/web\/wp-content\/uploads\/2023\/07\/cropped-cropped-logo-sombra2.png","contentUrl":"https:\/\/fmgente.com.ar\/web\/wp-content\/uploads\/2023\/07\/cropped-cropped-logo-sombra2.png","width":1782,"height":1782,"caption":"Fm Gente"},"image":{"@id":"https:\/\/fmgente.com.ar\/web\/#\/schema\/logo\/image\/"}}]}},"_links":{"self":[{"href":"https:\/\/fmgente.com.ar\/web\/wp-json\/wp\/v2\/posts\/14534","targetHints":{"allow":["GET"]}}],"collection":[{"href":"https:\/\/fmgente.com.ar\/web\/wp-json\/wp\/v2\/posts"}],"about":[{"href":"https:\/\/fmgente.com.ar\/web\/wp-json\/wp\/v2\/types\/post"}],"replies":[{"embeddable":true,"href":"https:\/\/fmgente.com.ar\/web\/wp-json\/wp\/v2\/comments?post=14534"}],"version-history":[{"count":0,"href":"https:\/\/fmgente.com.ar\/web\/wp-json\/wp\/v2\/posts\/14534\/revisions"}],"wp:featuredmedia":[{"embeddable":true,"href":"https:\/\/fmgente.com.ar\/web\/wp-json\/wp\/v2\/media\/14535"}],"wp:attachment":[{"href":"https:\/\/fmgente.com.ar\/web\/wp-json\/wp\/v2\/media?parent=14534"}],"wp:term":[{"taxonomy":"category","embeddable":true,"href":"https:\/\/fmgente.com.ar\/web\/wp-json\/wp\/v2\/categories?post=14534"},{"taxonomy":"post_tag","embeddable":true,"href":"https:\/\/fmgente.com.ar\/web\/wp-json\/wp\/v2\/tags?post=14534"}],"curies":[{"name":"wp","href":"https:\/\/api.w.org\/{rel}","templated":true}]}}