{"id":14524,"date":"2026-03-06T22:05:20","date_gmt":"2026-03-07T01:05:20","guid":{"rendered":"https:\/\/fmgente.com.ar\/web\/juan-bautista-mahiques-confeso-que-conocio-al-presidente-en-el-momento-en-el-que-le-tomo-juramento\/"},"modified":"2026-03-06T22:05:20","modified_gmt":"2026-03-07T01:05:20","slug":"juan-bautista-mahiques-confeso-que-conocio-al-presidente-en-el-momento-en-el-que-le-tomo-juramento","status":"publish","type":"post","link":"https:\/\/fmgente.com.ar\/web\/juan-bautista-mahiques-confeso-que-conocio-al-presidente-en-el-momento-en-el-que-le-tomo-juramento\/","title":{"rendered":"Juan Bautista Mahiques confes\u00f3 que conoci\u00f3 al presidente en el momento en el que le tom\u00f3 juramento"},"content":{"rendered":"<p>Si algo queda claro es que Javier Milei no tuvo nada que ver en la designaci\u00f3n del nuevo ministro de Justicia Juan Bautista Mahiques. De hecho ni siquiera se hab\u00edan visto ni hablado hasta el momento de la asunci\u00f3n.<\/p>\n<p>El flamante ministro tendr\u00e1 por delante un arduo trabajo ya que quieren modificar el c\u00f3digo penal para lo cual ya tienen el visto bueno de los sectores de poder como la Daia y la Sociedad Rural.<\/p>\n<p>Pero a la hora de explicar su participaci\u00f3n en la pol\u00e9mica reuni\u00f3n de Lago Escondido, el flamante ministro asegur\u00f3 que fue un viaje de amigos que no constituy\u00f3 delito y hasta hizo acusaciones de que hubo espionaje ilegal contra los magistrados que aceptaron esa d\u00e1diva.<\/p>\n","protected":false},"excerpt":{"rendered":"<p>Si algo queda claro es que Javier Milei no tuvo nada que ver en la<\/p>\n","protected":false},"author":0,"featured_media":14525,"comment_status":"","ping_status":"","sticky":false,"template":"","format":"standard","meta":{"footnotes":""},"categories":[11],"tags":[],"class_list":["post-14524","post","type-post","status-publish","format-standard","has-post-thumbnail","hentry","category-destacadas"],"yoast_head":"<!-- This site is optimized with the Yoast SEO plugin v27.4 - https:\/\/yoast.com\/product\/yoast-seo-wordpress\/ -->\n<title>Juan Bautista Mahiques confes\u00f3 que conoci\u00f3 al presidente en el momento en el que le tom\u00f3 juramento - Fm Gente<\/title>\n<meta name=\"robots\" content=\"index, follow, max-snippet:-1, max-image-preview:large, max-video-preview:-1\" \/>\n<link rel=\"canonical\" href=\"https:\/\/fmgente.com.ar\/web\/juan-bautista-mahiques-confeso-que-conocio-al-presidente-en-el-momento-en-el-que-le-tomo-juramento\/\" \/>\n<meta property=\"og:locale\" content=\"es_ES\" \/>\n<meta property=\"og:type\" content=\"article\" \/>\n<meta property=\"og:title\" content=\"Juan Bautista Mahiques confes\u00f3 que conoci\u00f3 al presidente en el momento en el que le tom\u00f3 juramento - Fm Gente\" \/>\n<meta property=\"og:description\" content=\"Si algo queda claro es que Javier Milei no tuvo nada que ver en la\" \/>\n<meta property=\"og:url\" content=\"https:\/\/fmgente.com.ar\/web\/juan-bautista-mahiques-confeso-que-conocio-al-presidente-en-el-momento-en-el-que-le-tomo-juramento\/\" \/>\n<meta property=\"og:site_name\" content=\"Fm Gente\" \/>\n<meta property=\"article:published_time\" content=\"2026-03-07T01:05:20+00:00\" \/>\n<meta name=\"twitter:card\" content=\"summary_large_image\" \/>\n<meta name=\"twitter:label1\" content=\"Tiempo de lectura\" \/>\n\t<meta name=\"twitter:data1\" content=\"1 minuto\" \/>\n<script type=\"application\/ld+json\" class=\"yoast-schema-graph\">{\"@context\":\"https:\\\/\\\/schema.org\",\"@graph\":[{\"@type\":\"Article\",\"@id\":\"https:\\\/\\\/fmgente.com.ar\\\/web\\\/juan-bautista-mahiques-confeso-que-conocio-al-presidente-en-el-momento-en-el-que-le-tomo-juramento\\\/#article\",\"isPartOf\":{\"@id\":\"https:\\\/\\\/fmgente.com.ar\\\/web\\\/juan-bautista-mahiques-confeso-que-conocio-al-presidente-en-el-momento-en-el-que-le-tomo-juramento\\\/\"},\"author\":{\"name\":\"\",\"@id\":\"\"},\"headline\":\"Juan Bautista Mahiques confes\u00f3 que conoci\u00f3 al presidente en el momento en el que le tom\u00f3 juramento\",\"datePublished\":\"2026-03-07T01:05:20+00:00\",\"mainEntityOfPage\":{\"@id\":\"https:\\\/\\\/fmgente.com.ar\\\/web\\\/juan-bautista-mahiques-confeso-que-conocio-al-presidente-en-el-momento-en-el-que-le-tomo-juramento\\\/\"},\"wordCount\":145,\"publisher\":{\"@id\":\"https:\\\/\\\/fmgente.com.ar\\\/web\\\/#organization\"},\"image\":{\"@id\":\"https:\\\/\\\/fmgente.com.ar\\\/web\\\/juan-bautista-mahiques-confeso-que-conocio-al-presidente-en-el-momento-en-el-que-le-tomo-juramento\\\/#primaryimage\"},\"thumbnailUrl\":\"https:\\\/\\\/fmgente.com.ar\\\/web\\\/wp-content\\\/uploads\\\/2026\\\/03\\\/720-381.jpeg\",\"articleSection\":[\"DESTACADAS\"],\"inLanguage\":\"es\"},{\"@type\":\"WebPage\",\"@id\":\"https:\\\/\\\/fmgente.com.ar\\\/web\\\/juan-bautista-mahiques-confeso-que-conocio-al-presidente-en-el-momento-en-el-que-le-tomo-juramento\\\/\",\"url\":\"https:\\\/\\\/fmgente.com.ar\\\/web\\\/juan-bautista-mahiques-confeso-que-conocio-al-presidente-en-el-momento-en-el-que-le-tomo-juramento\\\/\",\"name\":\"Juan Bautista Mahiques confes\u00f3 que conoci\u00f3 al presidente en el momento en el que le tom\u00f3 juramento - Fm Gente\",\"isPartOf\":{\"@id\":\"https:\\\/\\\/fmgente.com.ar\\\/web\\\/#website\"},\"primaryImageOfPage\":{\"@id\":\"https:\\\/\\\/fmgente.com.ar\\\/web\\\/juan-bautista-mahiques-confeso-que-conocio-al-presidente-en-el-momento-en-el-que-le-tomo-juramento\\\/#primaryimage\"},\"image\":{\"@id\":\"https:\\\/\\\/fmgente.com.ar\\\/web\\\/juan-bautista-mahiques-confeso-que-conocio-al-presidente-en-el-momento-en-el-que-le-tomo-juramento\\\/#primaryimage\"},\"thumbnailUrl\":\"https:\\\/\\\/fmgente.com.ar\\\/web\\\/wp-content\\\/uploads\\\/2026\\\/03\\\/720-381.jpeg\",\"datePublished\":\"2026-03-07T01:05:20+00:00\",\"inLanguage\":\"es\",\"potentialAction\":[{\"@type\":\"ReadAction\",\"target\":[\"https:\\\/\\\/fmgente.com.ar\\\/web\\\/juan-bautista-mahiques-confeso-que-conocio-al-presidente-en-el-momento-en-el-que-le-tomo-juramento\\\/\"]}]},{\"@type\":\"ImageObject\",\"inLanguage\":\"es\",\"@id\":\"https:\\\/\\\/fmgente.com.ar\\\/web\\\/juan-bautista-mahiques-confeso-que-conocio-al-presidente-en-el-momento-en-el-que-le-tomo-juramento\\\/#primaryimage\",\"url\":\"https:\\\/\\\/fmgente.com.ar\\\/web\\\/wp-content\\\/uploads\\\/2026\\\/03\\\/720-381.jpeg\",\"contentUrl\":\"https:\\\/\\\/fmgente.com.ar\\\/web\\\/wp-content\\\/uploads\\\/2026\\\/03\\\/720-381.jpeg\",\"width\":1280,\"height\":713},{\"@type\":\"WebSite\",\"@id\":\"https:\\\/\\\/fmgente.com.ar\\\/web\\\/#website\",\"url\":\"https:\\\/\\\/fmgente.com.ar\\\/web\\\/\",\"name\":\"Fm Gente\",\"description\":\"- Jes\u00fas Mar\u00eda\",\"publisher\":{\"@id\":\"https:\\\/\\\/fmgente.com.ar\\\/web\\\/#organization\"},\"potentialAction\":[{\"@type\":\"SearchAction\",\"target\":{\"@type\":\"EntryPoint\",\"urlTemplate\":\"https:\\\/\\\/fmgente.com.ar\\\/web\\\/?s={search_term_string}\"},\"query-input\":{\"@type\":\"PropertyValueSpecification\",\"valueRequired\":true,\"valueName\":\"search_term_string\"}}],\"inLanguage\":\"es\"},{\"@type\":\"Organization\",\"@id\":\"https:\\\/\\\/fmgente.com.ar\\\/web\\\/#organization\",\"name\":\"Fm Gente\",\"url\":\"https:\\\/\\\/fmgente.com.ar\\\/web\\\/\",\"logo\":{\"@type\":\"ImageObject\",\"inLanguage\":\"es\",\"@id\":\"https:\\\/\\\/fmgente.com.ar\\\/web\\\/#\\\/schema\\\/logo\\\/image\\\/\",\"url\":\"https:\\\/\\\/fmgente.com.ar\\\/web\\\/wp-content\\\/uploads\\\/2023\\\/07\\\/cropped-cropped-logo-sombra2.png\",\"contentUrl\":\"https:\\\/\\\/fmgente.com.ar\\\/web\\\/wp-content\\\/uploads\\\/2023\\\/07\\\/cropped-cropped-logo-sombra2.png\",\"width\":1782,\"height\":1782,\"caption\":\"Fm Gente\"},\"image\":{\"@id\":\"https:\\\/\\\/fmgente.com.ar\\\/web\\\/#\\\/schema\\\/logo\\\/image\\\/\"}}]}<\/script>\n<!-- \/ Yoast SEO plugin. -->","yoast_head_json":{"title":"Juan Bautista Mahiques confes\u00f3 que conoci\u00f3 al presidente en el momento en el que le tom\u00f3 juramento - Fm Gente","robots":{"index":"index","follow":"follow","max-snippet":"max-snippet:-1","max-image-preview":"max-image-preview:large","max-video-preview":"max-video-preview:-1"},"canonical":"https:\/\/fmgente.com.ar\/web\/juan-bautista-mahiques-confeso-que-conocio-al-presidente-en-el-momento-en-el-que-le-tomo-juramento\/","og_locale":"es_ES","og_type":"article","og_title":"Juan Bautista Mahiques confes\u00f3 que conoci\u00f3 al presidente en el momento en el que le tom\u00f3 juramento - Fm Gente","og_description":"Si algo queda claro es que Javier Milei no tuvo nada que ver en la","og_url":"https:\/\/fmgente.com.ar\/web\/juan-bautista-mahiques-confeso-que-conocio-al-presidente-en-el-momento-en-el-que-le-tomo-juramento\/","og_site_name":"Fm Gente","article_published_time":"2026-03-07T01:05:20+00:00","twitter_card":"summary_large_image","twitter_misc":{"Tiempo de lectura":"1 minuto"},"schema":{"@context":"https:\/\/schema.org","@graph":[{"@type":"Article","@id":"https:\/\/fmgente.com.ar\/web\/juan-bautista-mahiques-confeso-que-conocio-al-presidente-en-el-momento-en-el-que-le-tomo-juramento\/#article","isPartOf":{"@id":"https:\/\/fmgente.com.ar\/web\/juan-bautista-mahiques-confeso-que-conocio-al-presidente-en-el-momento-en-el-que-le-tomo-juramento\/"},"author":{"name":"","@id":""},"headline":"Juan Bautista Mahiques confes\u00f3 que conoci\u00f3 al presidente en el momento en el que le tom\u00f3 juramento","datePublished":"2026-03-07T01:05:20+00:00","mainEntityOfPage":{"@id":"https:\/\/fmgente.com.ar\/web\/juan-bautista-mahiques-confeso-que-conocio-al-presidente-en-el-momento-en-el-que-le-tomo-juramento\/"},"wordCount":145,"publisher":{"@id":"https:\/\/fmgente.com.ar\/web\/#organization"},"image":{"@id":"https:\/\/fmgente.com.ar\/web\/juan-bautista-mahiques-confeso-que-conocio-al-presidente-en-el-momento-en-el-que-le-tomo-juramento\/#primaryimage"},"thumbnailUrl":"https:\/\/fmgente.com.ar\/web\/wp-content\/uploads\/2026\/03\/720-381.jpeg","articleSection":["DESTACADAS"],"inLanguage":"es"},{"@type":"WebPage","@id":"https:\/\/fmgente.com.ar\/web\/juan-bautista-mahiques-confeso-que-conocio-al-presidente-en-el-momento-en-el-que-le-tomo-juramento\/","url":"https:\/\/fmgente.com.ar\/web\/juan-bautista-mahiques-confeso-que-conocio-al-presidente-en-el-momento-en-el-que-le-tomo-juramento\/","name":"Juan Bautista Mahiques confes\u00f3 que conoci\u00f3 al presidente en el momento en el que le tom\u00f3 juramento - Fm Gente","isPartOf":{"@id":"https:\/\/fmgente.com.ar\/web\/#website"},"primaryImageOfPage":{"@id":"https:\/\/fmgente.com.ar\/web\/juan-bautista-mahiques-confeso-que-conocio-al-presidente-en-el-momento-en-el-que-le-tomo-juramento\/#primaryimage"},"image":{"@id":"https:\/\/fmgente.com.ar\/web\/juan-bautista-mahiques-confeso-que-conocio-al-presidente-en-el-momento-en-el-que-le-tomo-juramento\/#primaryimage"},"thumbnailUrl":"https:\/\/fmgente.com.ar\/web\/wp-content\/uploads\/2026\/03\/720-381.jpeg","datePublished":"2026-03-07T01:05:20+00:00","inLanguage":"es","potentialAction":[{"@type":"ReadAction","target":["https:\/\/fmgente.com.ar\/web\/juan-bautista-mahiques-confeso-que-conocio-al-presidente-en-el-momento-en-el-que-le-tomo-juramento\/"]}]},{"@type":"ImageObject","inLanguage":"es","@id":"https:\/\/fmgente.com.ar\/web\/juan-bautista-mahiques-confeso-que-conocio-al-presidente-en-el-momento-en-el-que-le-tomo-juramento\/#primaryimage","url":"https:\/\/fmgente.com.ar\/web\/wp-content\/uploads\/2026\/03\/720-381.jpeg","contentUrl":"https:\/\/fmgente.com.ar\/web\/wp-content\/uploads\/2026\/03\/720-381.jpeg","width":1280,"height":713},{"@type":"WebSite","@id":"https:\/\/fmgente.com.ar\/web\/#website","url":"https:\/\/fmgente.com.ar\/web\/","name":"Fm Gente","description":"- Jes\u00fas Mar\u00eda","publisher":{"@id":"https:\/\/fmgente.com.ar\/web\/#organization"},"potentialAction":[{"@type":"SearchAction","target":{"@type":"EntryPoint","urlTemplate":"https:\/\/fmgente.com.ar\/web\/?s={search_term_string}"},"query-input":{"@type":"PropertyValueSpecification","valueRequired":true,"valueName":"search_term_string"}}],"inLanguage":"es"},{"@type":"Organization","@id":"https:\/\/fmgente.com.ar\/web\/#organization","name":"Fm Gente","url":"https:\/\/fmgente.com.ar\/web\/","logo":{"@type":"ImageObject","inLanguage":"es","@id":"https:\/\/fmgente.com.ar\/web\/#\/schema\/logo\/image\/","url":"https:\/\/fmgente.com.ar\/web\/wp-content\/uploads\/2023\/07\/cropped-cropped-logo-sombra2.png","contentUrl":"https:\/\/fmgente.com.ar\/web\/wp-content\/uploads\/2023\/07\/cropped-cropped-logo-sombra2.png","width":1782,"height":1782,"caption":"Fm Gente"},"image":{"@id":"https:\/\/fmgente.com.ar\/web\/#\/schema\/logo\/image\/"}}]}},"_links":{"self":[{"href":"https:\/\/fmgente.com.ar\/web\/wp-json\/wp\/v2\/posts\/14524","targetHints":{"allow":["GET"]}}],"collection":[{"href":"https:\/\/fmgente.com.ar\/web\/wp-json\/wp\/v2\/posts"}],"about":[{"href":"https:\/\/fmgente.com.ar\/web\/wp-json\/wp\/v2\/types\/post"}],"replies":[{"embeddable":true,"href":"https:\/\/fmgente.com.ar\/web\/wp-json\/wp\/v2\/comments?post=14524"}],"version-history":[{"count":0,"href":"https:\/\/fmgente.com.ar\/web\/wp-json\/wp\/v2\/posts\/14524\/revisions"}],"wp:featuredmedia":[{"embeddable":true,"href":"https:\/\/fmgente.com.ar\/web\/wp-json\/wp\/v2\/media\/14525"}],"wp:attachment":[{"href":"https:\/\/fmgente.com.ar\/web\/wp-json\/wp\/v2\/media?parent=14524"}],"wp:term":[{"taxonomy":"category","embeddable":true,"href":"https:\/\/fmgente.com.ar\/web\/wp-json\/wp\/v2\/categories?post=14524"},{"taxonomy":"post_tag","embeddable":true,"href":"https:\/\/fmgente.com.ar\/web\/wp-json\/wp\/v2\/tags?post=14524"}],"curies":[{"name":"wp","href":"https:\/\/api.w.org\/{rel}","templated":true}]}}