{"id":14522,"date":"2026-03-06T22:05:17","date_gmt":"2026-03-07T01:05:17","guid":{"rendered":"https:\/\/fmgente.com.ar\/web\/rio-cuarto-cinco-detenidos-por-pactar-puntos-de-encuentro-en-la-via-publica-para-comercializar-estupefacientes\/"},"modified":"2026-03-06T22:05:17","modified_gmt":"2026-03-07T01:05:17","slug":"rio-cuarto-cinco-detenidos-por-pactar-puntos-de-encuentro-en-la-via-publica-para-comercializar-estupefacientes","status":"publish","type":"post","link":"https:\/\/fmgente.com.ar\/web\/rio-cuarto-cinco-detenidos-por-pactar-puntos-de-encuentro-en-la-via-publica-para-comercializar-estupefacientes\/","title":{"rendered":"R\u00cdO CUARTO: CINCO DETENIDOS POR PACTAR PUNTOS DE ENCUENTRO EN LA V\u00cdA P\u00daBLICA PARA COMERCIALIZAR ESTUPEFACIENTES"},"content":{"rendered":"<p>Luego de varios meses de tareas investigativas, personal de la Brigada de la Fuerza Policial Antinarcotr\u00e1fico de R\u00edo Cuarto llev\u00f3 adelante una serie de allanamientos que permitieron desarticular cuatro puntos de venta de drogas y detener a cinco personas mayores de edad.<\/p>\n<p>Los procedimientos se realizaron en distintos domicilios de la ciudad y culminaron con la aprehensi\u00f3n de tres hombres de 20, 22 y 39 a\u00f1os, y dos mujeres de 27 y 19. Cabe se\u00f1alar que uno de los involucrados ya hab\u00eda sido detenido en 2020 por comercializaci\u00f3n de estupefacientes. Colabor\u00f3 Guardia Urbana.<\/p>\n<p>Durante los registros, y con la colaboraci\u00f3n de canes detectores de narc\u00f3ticos, se incautaron 1.121 dosis de marihuana, distribuidas en medio ladrillo y envoltorios, adem\u00e1s de plantas de cannabis sativa, dinero en efectivo y otros elementos vinculados a la investigaci\u00f3n.<\/p>\n<p>Cabe mecionar que el procedimiento se origin\u00f3 tras la detenci\u00f3n previa de dos personas en el Parque Sarmiento, quienes fueron sorprendidas realizando una venta de drogas en plena v\u00eda p\u00fablica.<\/p>\n<p>De acuerdo a lo establecido, los implicados realizaban ventas desde sus viviendas y tambi\u00e9n bajo la modalidad de delivery, coordinando previamente los encuentros con los compradores.<\/p>\n<p>Por \u00faltimo, la Fiscal\u00eda de Lucha contra el Narcotr\u00e1fico de R\u00edo Cuarto dispuso la imputaci\u00f3n de los detenidos por el delito de Comercializaci\u00f3n de Estupefacientes.<\/p>\n<p>&nbsp;<\/p>\n<p><img decoding=\"async\" loading=\"lazy\" class=\"alignnone size-medium wp-image-55556\" src=\"https:\/\/www.mpfcordoba.gob.ar\/wp-content\/uploads\/2026\/03\/WhatsApp-Image-2026-03-06-at-10.06.53-AM-705x940.jpeg\" alt=\"\" width=\"705\" height=\"940\" \/><\/p>\n<p><img decoding=\"async\" loading=\"lazy\" class=\"alignnone  wp-image-55557\" src=\"https:\/\/www.mpfcordoba.gob.ar\/wp-content\/uploads\/2026\/03\/WhatsApp-Image-2026-03-06-at-10.05.04-AM-940x705.jpeg\" alt=\"\" width=\"709\" height=\"532\" \/><\/p>\n<p><img decoding=\"async\" loading=\"lazy\" class=\"alignnone  wp-image-55558\" src=\"https:\/\/www.mpfcordoba.gob.ar\/wp-content\/uploads\/2026\/03\/WhatsApp-Image-2026-03-06-at-10.06.51-AM-940x837.jpeg\" alt=\"\" width=\"709\" height=\"631\" \/><\/p>\n<p><img decoding=\"async\" loading=\"lazy\" class=\"alignnone  wp-image-55559\" src=\"https:\/\/www.mpfcordoba.gob.ar\/wp-content\/uploads\/2026\/03\/WhatsApp-Image-2026-03-06-at-10.06.51-AM-1-940x914.jpeg\" alt=\"\" width=\"704\" height=\"685\" \/><\/p>\n<p>&nbsp;<\/p>\n","protected":false},"excerpt":{"rendered":"<p>Luego de varios meses de tareas investigativas, personal de la Brigada de la Fuerza Policial<\/p>\n","protected":false},"author":0,"featured_media":14523,"comment_status":"","ping_status":"","sticky":false,"template":"","format":"standard","meta":{"footnotes":""},"categories":[1794],"tags":[],"class_list":["post-14522","post","type-post","status-publish","format-standard","has-post-thumbnail","hentry","category-policiales"],"yoast_head":"<!-- This site is optimized with the Yoast SEO plugin v27.4 - https:\/\/yoast.com\/product\/yoast-seo-wordpress\/ -->\n<title>R\u00cdO CUARTO: CINCO DETENIDOS POR PACTAR PUNTOS DE ENCUENTRO EN LA V\u00cdA P\u00daBLICA PARA COMERCIALIZAR ESTUPEFACIENTES - Fm Gente<\/title>\n<meta name=\"robots\" content=\"index, follow, max-snippet:-1, max-image-preview:large, max-video-preview:-1\" \/>\n<link rel=\"canonical\" href=\"https:\/\/fmgente.com.ar\/web\/rio-cuarto-cinco-detenidos-por-pactar-puntos-de-encuentro-en-la-via-publica-para-comercializar-estupefacientes\/\" \/>\n<meta property=\"og:locale\" content=\"es_ES\" \/>\n<meta property=\"og:type\" content=\"article\" \/>\n<meta property=\"og:title\" content=\"R\u00cdO CUARTO: CINCO DETENIDOS POR PACTAR PUNTOS DE ENCUENTRO EN LA V\u00cdA P\u00daBLICA PARA COMERCIALIZAR ESTUPEFACIENTES - Fm Gente\" \/>\n<meta property=\"og:description\" content=\"Luego de varios meses de tareas investigativas, personal de la Brigada de la Fuerza Policial\" \/>\n<meta property=\"og:url\" content=\"https:\/\/fmgente.com.ar\/web\/rio-cuarto-cinco-detenidos-por-pactar-puntos-de-encuentro-en-la-via-publica-para-comercializar-estupefacientes\/\" \/>\n<meta property=\"og:site_name\" content=\"Fm Gente\" \/>\n<meta property=\"article:published_time\" content=\"2026-03-07T01:05:17+00:00\" \/>\n<meta name=\"twitter:card\" content=\"summary_large_image\" \/>\n<meta name=\"twitter:label1\" content=\"Tiempo de lectura\" \/>\n\t<meta name=\"twitter:data1\" content=\"1 minuto\" \/>\n<script type=\"application\/ld+json\" class=\"yoast-schema-graph\">{\"@context\":\"https:\\\/\\\/schema.org\",\"@graph\":[{\"@type\":\"Article\",\"@id\":\"https:\\\/\\\/fmgente.com.ar\\\/web\\\/rio-cuarto-cinco-detenidos-por-pactar-puntos-de-encuentro-en-la-via-publica-para-comercializar-estupefacientes\\\/#article\",\"isPartOf\":{\"@id\":\"https:\\\/\\\/fmgente.com.ar\\\/web\\\/rio-cuarto-cinco-detenidos-por-pactar-puntos-de-encuentro-en-la-via-publica-para-comercializar-estupefacientes\\\/\"},\"author\":{\"name\":\"\",\"@id\":\"\"},\"headline\":\"R\u00cdO CUARTO: CINCO DETENIDOS POR PACTAR PUNTOS DE ENCUENTRO EN LA V\u00cdA P\u00daBLICA PARA COMERCIALIZAR ESTUPEFACIENTES\",\"datePublished\":\"2026-03-07T01:05:17+00:00\",\"mainEntityOfPage\":{\"@id\":\"https:\\\/\\\/fmgente.com.ar\\\/web\\\/rio-cuarto-cinco-detenidos-por-pactar-puntos-de-encuentro-en-la-via-publica-para-comercializar-estupefacientes\\\/\"},\"wordCount\":248,\"publisher\":{\"@id\":\"https:\\\/\\\/fmgente.com.ar\\\/web\\\/#organization\"},\"image\":{\"@id\":\"https:\\\/\\\/fmgente.com.ar\\\/web\\\/rio-cuarto-cinco-detenidos-por-pactar-puntos-de-encuentro-en-la-via-publica-para-comercializar-estupefacientes\\\/#primaryimage\"},\"thumbnailUrl\":\"https:\\\/\\\/fmgente.com.ar\\\/web\\\/wp-content\\\/uploads\\\/2026\\\/03\\\/WhatsApp-Image-2026-03-06-at-10.06.53-AM-705x940-1.jpeg\",\"articleSection\":[\"POLICIALES\"],\"inLanguage\":\"es\"},{\"@type\":\"WebPage\",\"@id\":\"https:\\\/\\\/fmgente.com.ar\\\/web\\\/rio-cuarto-cinco-detenidos-por-pactar-puntos-de-encuentro-en-la-via-publica-para-comercializar-estupefacientes\\\/\",\"url\":\"https:\\\/\\\/fmgente.com.ar\\\/web\\\/rio-cuarto-cinco-detenidos-por-pactar-puntos-de-encuentro-en-la-via-publica-para-comercializar-estupefacientes\\\/\",\"name\":\"R\u00cdO CUARTO: CINCO DETENIDOS POR PACTAR PUNTOS DE ENCUENTRO EN LA V\u00cdA P\u00daBLICA PARA COMERCIALIZAR ESTUPEFACIENTES - Fm Gente\",\"isPartOf\":{\"@id\":\"https:\\\/\\\/fmgente.com.ar\\\/web\\\/#website\"},\"primaryImageOfPage\":{\"@id\":\"https:\\\/\\\/fmgente.com.ar\\\/web\\\/rio-cuarto-cinco-detenidos-por-pactar-puntos-de-encuentro-en-la-via-publica-para-comercializar-estupefacientes\\\/#primaryimage\"},\"image\":{\"@id\":\"https:\\\/\\\/fmgente.com.ar\\\/web\\\/rio-cuarto-cinco-detenidos-por-pactar-puntos-de-encuentro-en-la-via-publica-para-comercializar-estupefacientes\\\/#primaryimage\"},\"thumbnailUrl\":\"https:\\\/\\\/fmgente.com.ar\\\/web\\\/wp-content\\\/uploads\\\/2026\\\/03\\\/WhatsApp-Image-2026-03-06-at-10.06.53-AM-705x940-1.jpeg\",\"datePublished\":\"2026-03-07T01:05:17+00:00\",\"inLanguage\":\"es\",\"potentialAction\":[{\"@type\":\"ReadAction\",\"target\":[\"https:\\\/\\\/fmgente.com.ar\\\/web\\\/rio-cuarto-cinco-detenidos-por-pactar-puntos-de-encuentro-en-la-via-publica-para-comercializar-estupefacientes\\\/\"]}]},{\"@type\":\"ImageObject\",\"inLanguage\":\"es\",\"@id\":\"https:\\\/\\\/fmgente.com.ar\\\/web\\\/rio-cuarto-cinco-detenidos-por-pactar-puntos-de-encuentro-en-la-via-publica-para-comercializar-estupefacientes\\\/#primaryimage\",\"url\":\"https:\\\/\\\/fmgente.com.ar\\\/web\\\/wp-content\\\/uploads\\\/2026\\\/03\\\/WhatsApp-Image-2026-03-06-at-10.06.53-AM-705x940-1.jpeg\",\"contentUrl\":\"https:\\\/\\\/fmgente.com.ar\\\/web\\\/wp-content\\\/uploads\\\/2026\\\/03\\\/WhatsApp-Image-2026-03-06-at-10.06.53-AM-705x940-1.jpeg\",\"width\":705,\"height\":940},{\"@type\":\"WebSite\",\"@id\":\"https:\\\/\\\/fmgente.com.ar\\\/web\\\/#website\",\"url\":\"https:\\\/\\\/fmgente.com.ar\\\/web\\\/\",\"name\":\"Fm Gente\",\"description\":\"- Jes\u00fas Mar\u00eda\",\"publisher\":{\"@id\":\"https:\\\/\\\/fmgente.com.ar\\\/web\\\/#organization\"},\"potentialAction\":[{\"@type\":\"SearchAction\",\"target\":{\"@type\":\"EntryPoint\",\"urlTemplate\":\"https:\\\/\\\/fmgente.com.ar\\\/web\\\/?s={search_term_string}\"},\"query-input\":{\"@type\":\"PropertyValueSpecification\",\"valueRequired\":true,\"valueName\":\"search_term_string\"}}],\"inLanguage\":\"es\"},{\"@type\":\"Organization\",\"@id\":\"https:\\\/\\\/fmgente.com.ar\\\/web\\\/#organization\",\"name\":\"Fm Gente\",\"url\":\"https:\\\/\\\/fmgente.com.ar\\\/web\\\/\",\"logo\":{\"@type\":\"ImageObject\",\"inLanguage\":\"es\",\"@id\":\"https:\\\/\\\/fmgente.com.ar\\\/web\\\/#\\\/schema\\\/logo\\\/image\\\/\",\"url\":\"https:\\\/\\\/fmgente.com.ar\\\/web\\\/wp-content\\\/uploads\\\/2023\\\/07\\\/cropped-cropped-logo-sombra2.png\",\"contentUrl\":\"https:\\\/\\\/fmgente.com.ar\\\/web\\\/wp-content\\\/uploads\\\/2023\\\/07\\\/cropped-cropped-logo-sombra2.png\",\"width\":1782,\"height\":1782,\"caption\":\"Fm Gente\"},\"image\":{\"@id\":\"https:\\\/\\\/fmgente.com.ar\\\/web\\\/#\\\/schema\\\/logo\\\/image\\\/\"}}]}<\/script>\n<!-- \/ Yoast SEO plugin. -->","yoast_head_json":{"title":"R\u00cdO CUARTO: CINCO DETENIDOS POR PACTAR PUNTOS DE ENCUENTRO EN LA V\u00cdA P\u00daBLICA PARA COMERCIALIZAR ESTUPEFACIENTES - Fm Gente","robots":{"index":"index","follow":"follow","max-snippet":"max-snippet:-1","max-image-preview":"max-image-preview:large","max-video-preview":"max-video-preview:-1"},"canonical":"https:\/\/fmgente.com.ar\/web\/rio-cuarto-cinco-detenidos-por-pactar-puntos-de-encuentro-en-la-via-publica-para-comercializar-estupefacientes\/","og_locale":"es_ES","og_type":"article","og_title":"R\u00cdO CUARTO: CINCO DETENIDOS POR PACTAR PUNTOS DE ENCUENTRO EN LA V\u00cdA P\u00daBLICA PARA COMERCIALIZAR ESTUPEFACIENTES - Fm Gente","og_description":"Luego de varios meses de tareas investigativas, personal de la Brigada de la Fuerza Policial","og_url":"https:\/\/fmgente.com.ar\/web\/rio-cuarto-cinco-detenidos-por-pactar-puntos-de-encuentro-en-la-via-publica-para-comercializar-estupefacientes\/","og_site_name":"Fm Gente","article_published_time":"2026-03-07T01:05:17+00:00","twitter_card":"summary_large_image","twitter_misc":{"Tiempo de lectura":"1 minuto"},"schema":{"@context":"https:\/\/schema.org","@graph":[{"@type":"Article","@id":"https:\/\/fmgente.com.ar\/web\/rio-cuarto-cinco-detenidos-por-pactar-puntos-de-encuentro-en-la-via-publica-para-comercializar-estupefacientes\/#article","isPartOf":{"@id":"https:\/\/fmgente.com.ar\/web\/rio-cuarto-cinco-detenidos-por-pactar-puntos-de-encuentro-en-la-via-publica-para-comercializar-estupefacientes\/"},"author":{"name":"","@id":""},"headline":"R\u00cdO CUARTO: CINCO DETENIDOS POR PACTAR PUNTOS DE ENCUENTRO EN LA V\u00cdA P\u00daBLICA PARA COMERCIALIZAR ESTUPEFACIENTES","datePublished":"2026-03-07T01:05:17+00:00","mainEntityOfPage":{"@id":"https:\/\/fmgente.com.ar\/web\/rio-cuarto-cinco-detenidos-por-pactar-puntos-de-encuentro-en-la-via-publica-para-comercializar-estupefacientes\/"},"wordCount":248,"publisher":{"@id":"https:\/\/fmgente.com.ar\/web\/#organization"},"image":{"@id":"https:\/\/fmgente.com.ar\/web\/rio-cuarto-cinco-detenidos-por-pactar-puntos-de-encuentro-en-la-via-publica-para-comercializar-estupefacientes\/#primaryimage"},"thumbnailUrl":"https:\/\/fmgente.com.ar\/web\/wp-content\/uploads\/2026\/03\/WhatsApp-Image-2026-03-06-at-10.06.53-AM-705x940-1.jpeg","articleSection":["POLICIALES"],"inLanguage":"es"},{"@type":"WebPage","@id":"https:\/\/fmgente.com.ar\/web\/rio-cuarto-cinco-detenidos-por-pactar-puntos-de-encuentro-en-la-via-publica-para-comercializar-estupefacientes\/","url":"https:\/\/fmgente.com.ar\/web\/rio-cuarto-cinco-detenidos-por-pactar-puntos-de-encuentro-en-la-via-publica-para-comercializar-estupefacientes\/","name":"R\u00cdO CUARTO: CINCO DETENIDOS POR PACTAR PUNTOS DE ENCUENTRO EN LA V\u00cdA P\u00daBLICA PARA COMERCIALIZAR ESTUPEFACIENTES - Fm Gente","isPartOf":{"@id":"https:\/\/fmgente.com.ar\/web\/#website"},"primaryImageOfPage":{"@id":"https:\/\/fmgente.com.ar\/web\/rio-cuarto-cinco-detenidos-por-pactar-puntos-de-encuentro-en-la-via-publica-para-comercializar-estupefacientes\/#primaryimage"},"image":{"@id":"https:\/\/fmgente.com.ar\/web\/rio-cuarto-cinco-detenidos-por-pactar-puntos-de-encuentro-en-la-via-publica-para-comercializar-estupefacientes\/#primaryimage"},"thumbnailUrl":"https:\/\/fmgente.com.ar\/web\/wp-content\/uploads\/2026\/03\/WhatsApp-Image-2026-03-06-at-10.06.53-AM-705x940-1.jpeg","datePublished":"2026-03-07T01:05:17+00:00","inLanguage":"es","potentialAction":[{"@type":"ReadAction","target":["https:\/\/fmgente.com.ar\/web\/rio-cuarto-cinco-detenidos-por-pactar-puntos-de-encuentro-en-la-via-publica-para-comercializar-estupefacientes\/"]}]},{"@type":"ImageObject","inLanguage":"es","@id":"https:\/\/fmgente.com.ar\/web\/rio-cuarto-cinco-detenidos-por-pactar-puntos-de-encuentro-en-la-via-publica-para-comercializar-estupefacientes\/#primaryimage","url":"https:\/\/fmgente.com.ar\/web\/wp-content\/uploads\/2026\/03\/WhatsApp-Image-2026-03-06-at-10.06.53-AM-705x940-1.jpeg","contentUrl":"https:\/\/fmgente.com.ar\/web\/wp-content\/uploads\/2026\/03\/WhatsApp-Image-2026-03-06-at-10.06.53-AM-705x940-1.jpeg","width":705,"height":940},{"@type":"WebSite","@id":"https:\/\/fmgente.com.ar\/web\/#website","url":"https:\/\/fmgente.com.ar\/web\/","name":"Fm Gente","description":"- Jes\u00fas Mar\u00eda","publisher":{"@id":"https:\/\/fmgente.com.ar\/web\/#organization"},"potentialAction":[{"@type":"SearchAction","target":{"@type":"EntryPoint","urlTemplate":"https:\/\/fmgente.com.ar\/web\/?s={search_term_string}"},"query-input":{"@type":"PropertyValueSpecification","valueRequired":true,"valueName":"search_term_string"}}],"inLanguage":"es"},{"@type":"Organization","@id":"https:\/\/fmgente.com.ar\/web\/#organization","name":"Fm Gente","url":"https:\/\/fmgente.com.ar\/web\/","logo":{"@type":"ImageObject","inLanguage":"es","@id":"https:\/\/fmgente.com.ar\/web\/#\/schema\/logo\/image\/","url":"https:\/\/fmgente.com.ar\/web\/wp-content\/uploads\/2023\/07\/cropped-cropped-logo-sombra2.png","contentUrl":"https:\/\/fmgente.com.ar\/web\/wp-content\/uploads\/2023\/07\/cropped-cropped-logo-sombra2.png","width":1782,"height":1782,"caption":"Fm Gente"},"image":{"@id":"https:\/\/fmgente.com.ar\/web\/#\/schema\/logo\/image\/"}}]}},"_links":{"self":[{"href":"https:\/\/fmgente.com.ar\/web\/wp-json\/wp\/v2\/posts\/14522","targetHints":{"allow":["GET"]}}],"collection":[{"href":"https:\/\/fmgente.com.ar\/web\/wp-json\/wp\/v2\/posts"}],"about":[{"href":"https:\/\/fmgente.com.ar\/web\/wp-json\/wp\/v2\/types\/post"}],"replies":[{"embeddable":true,"href":"https:\/\/fmgente.com.ar\/web\/wp-json\/wp\/v2\/comments?post=14522"}],"version-history":[{"count":0,"href":"https:\/\/fmgente.com.ar\/web\/wp-json\/wp\/v2\/posts\/14522\/revisions"}],"wp:featuredmedia":[{"embeddable":true,"href":"https:\/\/fmgente.com.ar\/web\/wp-json\/wp\/v2\/media\/14523"}],"wp:attachment":[{"href":"https:\/\/fmgente.com.ar\/web\/wp-json\/wp\/v2\/media?parent=14522"}],"wp:term":[{"taxonomy":"category","embeddable":true,"href":"https:\/\/fmgente.com.ar\/web\/wp-json\/wp\/v2\/categories?post=14522"},{"taxonomy":"post_tag","embeddable":true,"href":"https:\/\/fmgente.com.ar\/web\/wp-json\/wp\/v2\/tags?post=14522"}],"curies":[{"name":"wp","href":"https:\/\/api.w.org\/{rel}","templated":true}]}}