{"id":14516,"date":"2026-03-06T22:05:09","date_gmt":"2026-03-07T01:05:09","guid":{"rendered":"https:\/\/fmgente.com.ar\/web\/un-joven-de-22-anos-desaparecido-en-cordoba\/"},"modified":"2026-03-06T22:05:09","modified_gmt":"2026-03-07T01:05:09","slug":"un-joven-de-22-anos-desaparecido-en-cordoba","status":"publish","type":"post","link":"https:\/\/fmgente.com.ar\/web\/un-joven-de-22-anos-desaparecido-en-cordoba\/","title":{"rendered":"Un joven de 22 a\u00f1os desaparecido en C\u00f3rdoba"},"content":{"rendered":"<p>La Fiscal\u00eda de Instrucci\u00f3n Distrito III pde colaboraci\u00f3n para dar con el paradero de Felipe Misenta, de 22 a\u00f1os. Fue visto por \u00faltima vez el d\u00eda 19 de febrero de 2026. Mide 1,75 metros, es de tez blanca, corpulento, pelo corto color\u00a0 casta\u00f1o, ojos marr\u00f3n, sin tatuajes, piercing ni aros. Vest\u00eda remera bord\u00f3, zapatillas adidas color gris. Cualquier informaci\u00f3n al respecto puede dirigirse a la Unidad Judicial 3B, de\u00a0 calle Cayetano Silva 1050 de Barrio Marechal de la ciudad de C\u00f3rdoba o comunicarse al tel\u00e9fono 4481016 int 34361 y\/o a la Dependencia Policial m\u00e1s cercana.<\/p>\n","protected":false},"excerpt":{"rendered":"<p>La Fiscal\u00eda de Instrucci\u00f3n Distrito III pde colaboraci\u00f3n para dar con el paradero de Felipe<\/p>\n","protected":false},"author":0,"featured_media":14517,"comment_status":"","ping_status":"","sticky":false,"template":"","format":"standard","meta":{"footnotes":""},"categories":[1794],"tags":[],"class_list":["post-14516","post","type-post","status-publish","format-standard","has-post-thumbnail","hentry","category-policiales"],"yoast_head":"<!-- This site is optimized with the Yoast SEO plugin v27.4 - https:\/\/yoast.com\/product\/yoast-seo-wordpress\/ -->\n<title>Un joven de 22 a\u00f1os desaparecido en C\u00f3rdoba - Fm Gente<\/title>\n<meta name=\"robots\" content=\"index, follow, max-snippet:-1, max-image-preview:large, max-video-preview:-1\" \/>\n<link rel=\"canonical\" href=\"https:\/\/fmgente.com.ar\/web\/un-joven-de-22-anos-desaparecido-en-cordoba\/\" \/>\n<meta property=\"og:locale\" content=\"es_ES\" \/>\n<meta property=\"og:type\" content=\"article\" \/>\n<meta property=\"og:title\" content=\"Un joven de 22 a\u00f1os desaparecido en C\u00f3rdoba - Fm Gente\" \/>\n<meta property=\"og:description\" content=\"La Fiscal\u00eda de Instrucci\u00f3n Distrito III pde colaboraci\u00f3n para dar con el paradero de Felipe\" \/>\n<meta property=\"og:url\" content=\"https:\/\/fmgente.com.ar\/web\/un-joven-de-22-anos-desaparecido-en-cordoba\/\" \/>\n<meta property=\"og:site_name\" content=\"Fm Gente\" \/>\n<meta property=\"article:published_time\" content=\"2026-03-07T01:05:09+00:00\" \/>\n<meta name=\"twitter:card\" content=\"summary_large_image\" \/>\n<meta name=\"twitter:label1\" content=\"Tiempo de lectura\" \/>\n\t<meta name=\"twitter:data1\" content=\"1 minuto\" \/>\n<script type=\"application\/ld+json\" class=\"yoast-schema-graph\">{\"@context\":\"https:\\\/\\\/schema.org\",\"@graph\":[{\"@type\":\"Article\",\"@id\":\"https:\\\/\\\/fmgente.com.ar\\\/web\\\/un-joven-de-22-anos-desaparecido-en-cordoba\\\/#article\",\"isPartOf\":{\"@id\":\"https:\\\/\\\/fmgente.com.ar\\\/web\\\/un-joven-de-22-anos-desaparecido-en-cordoba\\\/\"},\"author\":{\"name\":\"\",\"@id\":\"\"},\"headline\":\"Un joven de 22 a\u00f1os desaparecido en C\u00f3rdoba\",\"datePublished\":\"2026-03-07T01:05:09+00:00\",\"mainEntityOfPage\":{\"@id\":\"https:\\\/\\\/fmgente.com.ar\\\/web\\\/un-joven-de-22-anos-desaparecido-en-cordoba\\\/\"},\"wordCount\":110,\"publisher\":{\"@id\":\"https:\\\/\\\/fmgente.com.ar\\\/web\\\/#organization\"},\"image\":{\"@id\":\"https:\\\/\\\/fmgente.com.ar\\\/web\\\/un-joven-de-22-anos-desaparecido-en-cordoba\\\/#primaryimage\"},\"thumbnailUrl\":\"https:\\\/\\\/fmgente.com.ar\\\/web\\\/wp-content\\\/uploads\\\/2026\\\/03\\\/portadax-14.png\",\"articleSection\":[\"POLICIALES\"],\"inLanguage\":\"es\"},{\"@type\":\"WebPage\",\"@id\":\"https:\\\/\\\/fmgente.com.ar\\\/web\\\/un-joven-de-22-anos-desaparecido-en-cordoba\\\/\",\"url\":\"https:\\\/\\\/fmgente.com.ar\\\/web\\\/un-joven-de-22-anos-desaparecido-en-cordoba\\\/\",\"name\":\"Un joven de 22 a\u00f1os desaparecido en C\u00f3rdoba - Fm Gente\",\"isPartOf\":{\"@id\":\"https:\\\/\\\/fmgente.com.ar\\\/web\\\/#website\"},\"primaryImageOfPage\":{\"@id\":\"https:\\\/\\\/fmgente.com.ar\\\/web\\\/un-joven-de-22-anos-desaparecido-en-cordoba\\\/#primaryimage\"},\"image\":{\"@id\":\"https:\\\/\\\/fmgente.com.ar\\\/web\\\/un-joven-de-22-anos-desaparecido-en-cordoba\\\/#primaryimage\"},\"thumbnailUrl\":\"https:\\\/\\\/fmgente.com.ar\\\/web\\\/wp-content\\\/uploads\\\/2026\\\/03\\\/portadax-14.png\",\"datePublished\":\"2026-03-07T01:05:09+00:00\",\"inLanguage\":\"es\",\"potentialAction\":[{\"@type\":\"ReadAction\",\"target\":[\"https:\\\/\\\/fmgente.com.ar\\\/web\\\/un-joven-de-22-anos-desaparecido-en-cordoba\\\/\"]}]},{\"@type\":\"ImageObject\",\"inLanguage\":\"es\",\"@id\":\"https:\\\/\\\/fmgente.com.ar\\\/web\\\/un-joven-de-22-anos-desaparecido-en-cordoba\\\/#primaryimage\",\"url\":\"https:\\\/\\\/fmgente.com.ar\\\/web\\\/wp-content\\\/uploads\\\/2026\\\/03\\\/portadax-14.png\",\"contentUrl\":\"https:\\\/\\\/fmgente.com.ar\\\/web\\\/wp-content\\\/uploads\\\/2026\\\/03\\\/portadax-14.png\",\"width\":1366,\"height\":768},{\"@type\":\"WebSite\",\"@id\":\"https:\\\/\\\/fmgente.com.ar\\\/web\\\/#website\",\"url\":\"https:\\\/\\\/fmgente.com.ar\\\/web\\\/\",\"name\":\"Fm Gente\",\"description\":\"- Jes\u00fas Mar\u00eda\",\"publisher\":{\"@id\":\"https:\\\/\\\/fmgente.com.ar\\\/web\\\/#organization\"},\"potentialAction\":[{\"@type\":\"SearchAction\",\"target\":{\"@type\":\"EntryPoint\",\"urlTemplate\":\"https:\\\/\\\/fmgente.com.ar\\\/web\\\/?s={search_term_string}\"},\"query-input\":{\"@type\":\"PropertyValueSpecification\",\"valueRequired\":true,\"valueName\":\"search_term_string\"}}],\"inLanguage\":\"es\"},{\"@type\":\"Organization\",\"@id\":\"https:\\\/\\\/fmgente.com.ar\\\/web\\\/#organization\",\"name\":\"Fm Gente\",\"url\":\"https:\\\/\\\/fmgente.com.ar\\\/web\\\/\",\"logo\":{\"@type\":\"ImageObject\",\"inLanguage\":\"es\",\"@id\":\"https:\\\/\\\/fmgente.com.ar\\\/web\\\/#\\\/schema\\\/logo\\\/image\\\/\",\"url\":\"https:\\\/\\\/fmgente.com.ar\\\/web\\\/wp-content\\\/uploads\\\/2023\\\/07\\\/cropped-cropped-logo-sombra2.png\",\"contentUrl\":\"https:\\\/\\\/fmgente.com.ar\\\/web\\\/wp-content\\\/uploads\\\/2023\\\/07\\\/cropped-cropped-logo-sombra2.png\",\"width\":1782,\"height\":1782,\"caption\":\"Fm Gente\"},\"image\":{\"@id\":\"https:\\\/\\\/fmgente.com.ar\\\/web\\\/#\\\/schema\\\/logo\\\/image\\\/\"}}]}<\/script>\n<!-- \/ Yoast SEO plugin. -->","yoast_head_json":{"title":"Un joven de 22 a\u00f1os desaparecido en C\u00f3rdoba - Fm Gente","robots":{"index":"index","follow":"follow","max-snippet":"max-snippet:-1","max-image-preview":"max-image-preview:large","max-video-preview":"max-video-preview:-1"},"canonical":"https:\/\/fmgente.com.ar\/web\/un-joven-de-22-anos-desaparecido-en-cordoba\/","og_locale":"es_ES","og_type":"article","og_title":"Un joven de 22 a\u00f1os desaparecido en C\u00f3rdoba - Fm Gente","og_description":"La Fiscal\u00eda de Instrucci\u00f3n Distrito III pde colaboraci\u00f3n para dar con el paradero de Felipe","og_url":"https:\/\/fmgente.com.ar\/web\/un-joven-de-22-anos-desaparecido-en-cordoba\/","og_site_name":"Fm Gente","article_published_time":"2026-03-07T01:05:09+00:00","twitter_card":"summary_large_image","twitter_misc":{"Tiempo de lectura":"1 minuto"},"schema":{"@context":"https:\/\/schema.org","@graph":[{"@type":"Article","@id":"https:\/\/fmgente.com.ar\/web\/un-joven-de-22-anos-desaparecido-en-cordoba\/#article","isPartOf":{"@id":"https:\/\/fmgente.com.ar\/web\/un-joven-de-22-anos-desaparecido-en-cordoba\/"},"author":{"name":"","@id":""},"headline":"Un joven de 22 a\u00f1os desaparecido en C\u00f3rdoba","datePublished":"2026-03-07T01:05:09+00:00","mainEntityOfPage":{"@id":"https:\/\/fmgente.com.ar\/web\/un-joven-de-22-anos-desaparecido-en-cordoba\/"},"wordCount":110,"publisher":{"@id":"https:\/\/fmgente.com.ar\/web\/#organization"},"image":{"@id":"https:\/\/fmgente.com.ar\/web\/un-joven-de-22-anos-desaparecido-en-cordoba\/#primaryimage"},"thumbnailUrl":"https:\/\/fmgente.com.ar\/web\/wp-content\/uploads\/2026\/03\/portadax-14.png","articleSection":["POLICIALES"],"inLanguage":"es"},{"@type":"WebPage","@id":"https:\/\/fmgente.com.ar\/web\/un-joven-de-22-anos-desaparecido-en-cordoba\/","url":"https:\/\/fmgente.com.ar\/web\/un-joven-de-22-anos-desaparecido-en-cordoba\/","name":"Un joven de 22 a\u00f1os desaparecido en C\u00f3rdoba - Fm Gente","isPartOf":{"@id":"https:\/\/fmgente.com.ar\/web\/#website"},"primaryImageOfPage":{"@id":"https:\/\/fmgente.com.ar\/web\/un-joven-de-22-anos-desaparecido-en-cordoba\/#primaryimage"},"image":{"@id":"https:\/\/fmgente.com.ar\/web\/un-joven-de-22-anos-desaparecido-en-cordoba\/#primaryimage"},"thumbnailUrl":"https:\/\/fmgente.com.ar\/web\/wp-content\/uploads\/2026\/03\/portadax-14.png","datePublished":"2026-03-07T01:05:09+00:00","inLanguage":"es","potentialAction":[{"@type":"ReadAction","target":["https:\/\/fmgente.com.ar\/web\/un-joven-de-22-anos-desaparecido-en-cordoba\/"]}]},{"@type":"ImageObject","inLanguage":"es","@id":"https:\/\/fmgente.com.ar\/web\/un-joven-de-22-anos-desaparecido-en-cordoba\/#primaryimage","url":"https:\/\/fmgente.com.ar\/web\/wp-content\/uploads\/2026\/03\/portadax-14.png","contentUrl":"https:\/\/fmgente.com.ar\/web\/wp-content\/uploads\/2026\/03\/portadax-14.png","width":1366,"height":768},{"@type":"WebSite","@id":"https:\/\/fmgente.com.ar\/web\/#website","url":"https:\/\/fmgente.com.ar\/web\/","name":"Fm Gente","description":"- Jes\u00fas Mar\u00eda","publisher":{"@id":"https:\/\/fmgente.com.ar\/web\/#organization"},"potentialAction":[{"@type":"SearchAction","target":{"@type":"EntryPoint","urlTemplate":"https:\/\/fmgente.com.ar\/web\/?s={search_term_string}"},"query-input":{"@type":"PropertyValueSpecification","valueRequired":true,"valueName":"search_term_string"}}],"inLanguage":"es"},{"@type":"Organization","@id":"https:\/\/fmgente.com.ar\/web\/#organization","name":"Fm Gente","url":"https:\/\/fmgente.com.ar\/web\/","logo":{"@type":"ImageObject","inLanguage":"es","@id":"https:\/\/fmgente.com.ar\/web\/#\/schema\/logo\/image\/","url":"https:\/\/fmgente.com.ar\/web\/wp-content\/uploads\/2023\/07\/cropped-cropped-logo-sombra2.png","contentUrl":"https:\/\/fmgente.com.ar\/web\/wp-content\/uploads\/2023\/07\/cropped-cropped-logo-sombra2.png","width":1782,"height":1782,"caption":"Fm Gente"},"image":{"@id":"https:\/\/fmgente.com.ar\/web\/#\/schema\/logo\/image\/"}}]}},"_links":{"self":[{"href":"https:\/\/fmgente.com.ar\/web\/wp-json\/wp\/v2\/posts\/14516","targetHints":{"allow":["GET"]}}],"collection":[{"href":"https:\/\/fmgente.com.ar\/web\/wp-json\/wp\/v2\/posts"}],"about":[{"href":"https:\/\/fmgente.com.ar\/web\/wp-json\/wp\/v2\/types\/post"}],"replies":[{"embeddable":true,"href":"https:\/\/fmgente.com.ar\/web\/wp-json\/wp\/v2\/comments?post=14516"}],"version-history":[{"count":0,"href":"https:\/\/fmgente.com.ar\/web\/wp-json\/wp\/v2\/posts\/14516\/revisions"}],"wp:featuredmedia":[{"embeddable":true,"href":"https:\/\/fmgente.com.ar\/web\/wp-json\/wp\/v2\/media\/14517"}],"wp:attachment":[{"href":"https:\/\/fmgente.com.ar\/web\/wp-json\/wp\/v2\/media?parent=14516"}],"wp:term":[{"taxonomy":"category","embeddable":true,"href":"https:\/\/fmgente.com.ar\/web\/wp-json\/wp\/v2\/categories?post=14516"},{"taxonomy":"post_tag","embeddable":true,"href":"https:\/\/fmgente.com.ar\/web\/wp-json\/wp\/v2\/tags?post=14516"}],"curies":[{"name":"wp","href":"https:\/\/api.w.org\/{rel}","templated":true}]}}