{"id":14514,"date":"2026-03-06T22:05:07","date_gmt":"2026-03-07T01:05:07","guid":{"rendered":"https:\/\/fmgente.com.ar\/web\/river-plate-declaro-persona-no-grata-a-un-reconocido-personaje-del-futbol-de-quien-se-trata\/"},"modified":"2026-03-06T22:05:07","modified_gmt":"2026-03-07T01:05:07","slug":"river-plate-declaro-persona-no-grata-a-un-reconocido-personaje-del-futbol-de-quien-se-trata","status":"publish","type":"post","link":"https:\/\/fmgente.com.ar\/web\/river-plate-declaro-persona-no-grata-a-un-reconocido-personaje-del-futbol-de-quien-se-trata\/","title":{"rendered":"River Plate declar\u00f3 persona no grata a un reconocido personaje del f\u00fatbol: \u00bfde qui\u00e9n se trata?"},"content":{"rendered":"<p>Buenos Aires, 6 marzo (NA) \u2014 River resolvi\u00f3 dar un paso institucional fuerte en el conflicto por la salida de Luca Scarlato y declar\u00f3 persona no grata al representante Mart\u00edn Guastadisegno, a quien adem\u00e1s le prohibi\u00f3 el ingreso a todas las instalaciones del club, desde el estadio Monumental hasta River Camp y el predio de Cantilo, donde trabajan las divisiones inferiores.<\/p>\n<p>La decisi\u00f3n fue adoptada por la Comisi\u00f3n Directiva en su reuni\u00f3n del jueves por la noche y tambi\u00e9n alcanza a los socios de la agencia ByG Players, en una se\u00f1al de endurecimiento frente a una maniobra que en N\u00fa\u00f1ez consideran lesiva para el patrimonio deportivo y econ\u00f3mico de la instituci\u00f3n.<\/p>\n<p>El trasfondo de la medida es la salida de Scarlato, una de las promesas de las inferiores riverplatenses, quien qued\u00f3 en libertad y pas\u00f3 al Parma de Italia mediante la figura de patria potestad, un mecanismo que desde hace a\u00f1os genera fuerte preocupaci\u00f3n en los clubes argentinos por la p\u00e9rdida de futbolistas formados en sus estructuras sin una compensaci\u00f3n acorde.<\/p>\n<p>Pero River no se qued\u00f3 s\u00f3lo en una sanci\u00f3n interna. Desde enero, el club present\u00f3 una denuncia formal ante la FIFA contra Guastadisegno, al que responsabiliza por haber intervenido para impedir que el juvenil firmara su primer contrato profesional con la entidad. La acusaci\u00f3n apunta a una presunta maniobra deliberada que, seg\u00fan la postura riverplatense, afect\u00f3 el proceso formativo del jugador y perjudic\u00f3 directamente a la instituci\u00f3n.<\/p>\n<p>En esa presentaci\u00f3n, el \u201cMillonario\u201d acompa\u00f1\u00f3 testimonios y detalles econ\u00f3micos que buscan robustecer su postura. Entre ellos figura una versi\u00f3n seg\u00fan la cual, en el marco de una videoconferencia, el agente habr\u00eda reclamado la devoluci\u00f3n de dinero entregado a la familia del futbolista para sostener la representaci\u00f3n. Ese monto, de acuerdo con la documentaci\u00f3n aportada, rondar\u00eda los 200 mil d\u00f3lares y habr\u00eda sido respaldado en su relato por la madre del jugador.<\/p>\n<p>No es un nombre menor en este tipo de antecedentes. Guastadisegno tambi\u00e9n aparece vinculado a los casos de Joaqu\u00edn Panichelli y Mat\u00edas Soul\u00e9, futbolistas que dejaron sus clubes bajo condiciones similares y luego construyeron sus carreras en Europa, hasta llegar incluso a la \u00f3rbita de la Selecci\u00f3n argentina.<\/p>\n<p>Con respaldo de AFA y Conmebol, River busca encuadrar el caso en el art\u00edculo 21 del Reglamento de Agentes FIFA, que prev\u00e9 sanciones ante eventuales violaciones al c\u00f3digo de \u00e9tica. En el club entienden que, si la denuncia prospera, el expediente podr\u00eda derivar en multas, suspensiones e incluso una inhabilitaci\u00f3n, en una resoluci\u00f3n que exceder\u00eda el caso Scarlato y podr\u00eda sentar un precedente fuerte para todo el f\u00fatbol sudamericano.<\/p>\n<p>M\u00e1s all\u00e1 del impacto puntual, en River leen el episodio como una pelea de fondo: la defensa de sus juveniles, de su inversi\u00f3n en formaci\u00f3n y de un sistema que, sostienen, no puede seguir quedando expuesto a vaciamientos silenciosos disfrazados de decisiones familiares.<\/p>\n<p>#AgenciaNA<\/p>\n","protected":false},"excerpt":{"rendered":"<p>Buenos Aires, 6 marzo (NA) \u2014 River resolvi\u00f3 dar un paso institucional fuerte en el<\/p>\n","protected":false},"author":0,"featured_media":14515,"comment_status":"","ping_status":"","sticky":false,"template":"","format":"standard","meta":{"footnotes":""},"categories":[11],"tags":[],"class_list":["post-14514","post","type-post","status-publish","format-standard","has-post-thumbnail","hentry","category-destacadas"],"yoast_head":"<!-- This site is optimized with the Yoast SEO plugin v27.4 - https:\/\/yoast.com\/product\/yoast-seo-wordpress\/ -->\n<title>River Plate declar\u00f3 persona no grata a un reconocido personaje del f\u00fatbol: \u00bfde qui\u00e9n se trata? - Fm Gente<\/title>\n<meta name=\"robots\" content=\"index, follow, max-snippet:-1, max-image-preview:large, max-video-preview:-1\" \/>\n<link rel=\"canonical\" href=\"https:\/\/fmgente.com.ar\/web\/river-plate-declaro-persona-no-grata-a-un-reconocido-personaje-del-futbol-de-quien-se-trata\/\" \/>\n<meta property=\"og:locale\" content=\"es_ES\" \/>\n<meta property=\"og:type\" content=\"article\" \/>\n<meta property=\"og:title\" content=\"River Plate declar\u00f3 persona no grata a un reconocido personaje del f\u00fatbol: \u00bfde qui\u00e9n se trata? - Fm Gente\" \/>\n<meta property=\"og:description\" content=\"Buenos Aires, 6 marzo (NA) \u2014 River resolvi\u00f3 dar un paso institucional fuerte en el\" \/>\n<meta property=\"og:url\" content=\"https:\/\/fmgente.com.ar\/web\/river-plate-declaro-persona-no-grata-a-un-reconocido-personaje-del-futbol-de-quien-se-trata\/\" \/>\n<meta property=\"og:site_name\" content=\"Fm Gente\" \/>\n<meta property=\"article:published_time\" content=\"2026-03-07T01:05:07+00:00\" \/>\n<meta name=\"twitter:card\" content=\"summary_large_image\" \/>\n<meta name=\"twitter:label1\" content=\"Tiempo de lectura\" \/>\n\t<meta name=\"twitter:data1\" content=\"3 minutos\" \/>\n<script type=\"application\/ld+json\" class=\"yoast-schema-graph\">{\"@context\":\"https:\\\/\\\/schema.org\",\"@graph\":[{\"@type\":\"Article\",\"@id\":\"https:\\\/\\\/fmgente.com.ar\\\/web\\\/river-plate-declaro-persona-no-grata-a-un-reconocido-personaje-del-futbol-de-quien-se-trata\\\/#article\",\"isPartOf\":{\"@id\":\"https:\\\/\\\/fmgente.com.ar\\\/web\\\/river-plate-declaro-persona-no-grata-a-un-reconocido-personaje-del-futbol-de-quien-se-trata\\\/\"},\"author\":{\"name\":\"\",\"@id\":\"\"},\"headline\":\"River Plate declar\u00f3 persona no grata a un reconocido personaje del f\u00fatbol: \u00bfde qui\u00e9n se trata?\",\"datePublished\":\"2026-03-07T01:05:07+00:00\",\"mainEntityOfPage\":{\"@id\":\"https:\\\/\\\/fmgente.com.ar\\\/web\\\/river-plate-declaro-persona-no-grata-a-un-reconocido-personaje-del-futbol-de-quien-se-trata\\\/\"},\"wordCount\":530,\"publisher\":{\"@id\":\"https:\\\/\\\/fmgente.com.ar\\\/web\\\/#organization\"},\"image\":{\"@id\":\"https:\\\/\\\/fmgente.com.ar\\\/web\\\/river-plate-declaro-persona-no-grata-a-un-reconocido-personaje-del-futbol-de-quien-se-trata\\\/#primaryimage\"},\"thumbnailUrl\":\"https:\\\/\\\/fmgente.com.ar\\\/web\\\/wp-content\\\/uploads\\\/2026\\\/03\\\/720-380.jpeg\",\"articleSection\":[\"DESTACADAS\"],\"inLanguage\":\"es\"},{\"@type\":\"WebPage\",\"@id\":\"https:\\\/\\\/fmgente.com.ar\\\/web\\\/river-plate-declaro-persona-no-grata-a-un-reconocido-personaje-del-futbol-de-quien-se-trata\\\/\",\"url\":\"https:\\\/\\\/fmgente.com.ar\\\/web\\\/river-plate-declaro-persona-no-grata-a-un-reconocido-personaje-del-futbol-de-quien-se-trata\\\/\",\"name\":\"River Plate declar\u00f3 persona no grata a un reconocido personaje del f\u00fatbol: \u00bfde qui\u00e9n se trata? - Fm Gente\",\"isPartOf\":{\"@id\":\"https:\\\/\\\/fmgente.com.ar\\\/web\\\/#website\"},\"primaryImageOfPage\":{\"@id\":\"https:\\\/\\\/fmgente.com.ar\\\/web\\\/river-plate-declaro-persona-no-grata-a-un-reconocido-personaje-del-futbol-de-quien-se-trata\\\/#primaryimage\"},\"image\":{\"@id\":\"https:\\\/\\\/fmgente.com.ar\\\/web\\\/river-plate-declaro-persona-no-grata-a-un-reconocido-personaje-del-futbol-de-quien-se-trata\\\/#primaryimage\"},\"thumbnailUrl\":\"https:\\\/\\\/fmgente.com.ar\\\/web\\\/wp-content\\\/uploads\\\/2026\\\/03\\\/720-380.jpeg\",\"datePublished\":\"2026-03-07T01:05:07+00:00\",\"inLanguage\":\"es\",\"potentialAction\":[{\"@type\":\"ReadAction\",\"target\":[\"https:\\\/\\\/fmgente.com.ar\\\/web\\\/river-plate-declaro-persona-no-grata-a-un-reconocido-personaje-del-futbol-de-quien-se-trata\\\/\"]}]},{\"@type\":\"ImageObject\",\"inLanguage\":\"es\",\"@id\":\"https:\\\/\\\/fmgente.com.ar\\\/web\\\/river-plate-declaro-persona-no-grata-a-un-reconocido-personaje-del-futbol-de-quien-se-trata\\\/#primaryimage\",\"url\":\"https:\\\/\\\/fmgente.com.ar\\\/web\\\/wp-content\\\/uploads\\\/2026\\\/03\\\/720-380.jpeg\",\"contentUrl\":\"https:\\\/\\\/fmgente.com.ar\\\/web\\\/wp-content\\\/uploads\\\/2026\\\/03\\\/720-380.jpeg\",\"width\":1081,\"height\":720},{\"@type\":\"WebSite\",\"@id\":\"https:\\\/\\\/fmgente.com.ar\\\/web\\\/#website\",\"url\":\"https:\\\/\\\/fmgente.com.ar\\\/web\\\/\",\"name\":\"Fm Gente\",\"description\":\"- Jes\u00fas Mar\u00eda\",\"publisher\":{\"@id\":\"https:\\\/\\\/fmgente.com.ar\\\/web\\\/#organization\"},\"potentialAction\":[{\"@type\":\"SearchAction\",\"target\":{\"@type\":\"EntryPoint\",\"urlTemplate\":\"https:\\\/\\\/fmgente.com.ar\\\/web\\\/?s={search_term_string}\"},\"query-input\":{\"@type\":\"PropertyValueSpecification\",\"valueRequired\":true,\"valueName\":\"search_term_string\"}}],\"inLanguage\":\"es\"},{\"@type\":\"Organization\",\"@id\":\"https:\\\/\\\/fmgente.com.ar\\\/web\\\/#organization\",\"name\":\"Fm Gente\",\"url\":\"https:\\\/\\\/fmgente.com.ar\\\/web\\\/\",\"logo\":{\"@type\":\"ImageObject\",\"inLanguage\":\"es\",\"@id\":\"https:\\\/\\\/fmgente.com.ar\\\/web\\\/#\\\/schema\\\/logo\\\/image\\\/\",\"url\":\"https:\\\/\\\/fmgente.com.ar\\\/web\\\/wp-content\\\/uploads\\\/2023\\\/07\\\/cropped-cropped-logo-sombra2.png\",\"contentUrl\":\"https:\\\/\\\/fmgente.com.ar\\\/web\\\/wp-content\\\/uploads\\\/2023\\\/07\\\/cropped-cropped-logo-sombra2.png\",\"width\":1782,\"height\":1782,\"caption\":\"Fm Gente\"},\"image\":{\"@id\":\"https:\\\/\\\/fmgente.com.ar\\\/web\\\/#\\\/schema\\\/logo\\\/image\\\/\"}}]}<\/script>\n<!-- \/ Yoast SEO plugin. -->","yoast_head_json":{"title":"River Plate declar\u00f3 persona no grata a un reconocido personaje del f\u00fatbol: \u00bfde qui\u00e9n se trata? - Fm Gente","robots":{"index":"index","follow":"follow","max-snippet":"max-snippet:-1","max-image-preview":"max-image-preview:large","max-video-preview":"max-video-preview:-1"},"canonical":"https:\/\/fmgente.com.ar\/web\/river-plate-declaro-persona-no-grata-a-un-reconocido-personaje-del-futbol-de-quien-se-trata\/","og_locale":"es_ES","og_type":"article","og_title":"River Plate declar\u00f3 persona no grata a un reconocido personaje del f\u00fatbol: \u00bfde qui\u00e9n se trata? - Fm Gente","og_description":"Buenos Aires, 6 marzo (NA) \u2014 River resolvi\u00f3 dar un paso institucional fuerte en el","og_url":"https:\/\/fmgente.com.ar\/web\/river-plate-declaro-persona-no-grata-a-un-reconocido-personaje-del-futbol-de-quien-se-trata\/","og_site_name":"Fm Gente","article_published_time":"2026-03-07T01:05:07+00:00","twitter_card":"summary_large_image","twitter_misc":{"Tiempo de lectura":"3 minutos"},"schema":{"@context":"https:\/\/schema.org","@graph":[{"@type":"Article","@id":"https:\/\/fmgente.com.ar\/web\/river-plate-declaro-persona-no-grata-a-un-reconocido-personaje-del-futbol-de-quien-se-trata\/#article","isPartOf":{"@id":"https:\/\/fmgente.com.ar\/web\/river-plate-declaro-persona-no-grata-a-un-reconocido-personaje-del-futbol-de-quien-se-trata\/"},"author":{"name":"","@id":""},"headline":"River Plate declar\u00f3 persona no grata a un reconocido personaje del f\u00fatbol: \u00bfde qui\u00e9n se trata?","datePublished":"2026-03-07T01:05:07+00:00","mainEntityOfPage":{"@id":"https:\/\/fmgente.com.ar\/web\/river-plate-declaro-persona-no-grata-a-un-reconocido-personaje-del-futbol-de-quien-se-trata\/"},"wordCount":530,"publisher":{"@id":"https:\/\/fmgente.com.ar\/web\/#organization"},"image":{"@id":"https:\/\/fmgente.com.ar\/web\/river-plate-declaro-persona-no-grata-a-un-reconocido-personaje-del-futbol-de-quien-se-trata\/#primaryimage"},"thumbnailUrl":"https:\/\/fmgente.com.ar\/web\/wp-content\/uploads\/2026\/03\/720-380.jpeg","articleSection":["DESTACADAS"],"inLanguage":"es"},{"@type":"WebPage","@id":"https:\/\/fmgente.com.ar\/web\/river-plate-declaro-persona-no-grata-a-un-reconocido-personaje-del-futbol-de-quien-se-trata\/","url":"https:\/\/fmgente.com.ar\/web\/river-plate-declaro-persona-no-grata-a-un-reconocido-personaje-del-futbol-de-quien-se-trata\/","name":"River Plate declar\u00f3 persona no grata a un reconocido personaje del f\u00fatbol: \u00bfde qui\u00e9n se trata? - Fm Gente","isPartOf":{"@id":"https:\/\/fmgente.com.ar\/web\/#website"},"primaryImageOfPage":{"@id":"https:\/\/fmgente.com.ar\/web\/river-plate-declaro-persona-no-grata-a-un-reconocido-personaje-del-futbol-de-quien-se-trata\/#primaryimage"},"image":{"@id":"https:\/\/fmgente.com.ar\/web\/river-plate-declaro-persona-no-grata-a-un-reconocido-personaje-del-futbol-de-quien-se-trata\/#primaryimage"},"thumbnailUrl":"https:\/\/fmgente.com.ar\/web\/wp-content\/uploads\/2026\/03\/720-380.jpeg","datePublished":"2026-03-07T01:05:07+00:00","inLanguage":"es","potentialAction":[{"@type":"ReadAction","target":["https:\/\/fmgente.com.ar\/web\/river-plate-declaro-persona-no-grata-a-un-reconocido-personaje-del-futbol-de-quien-se-trata\/"]}]},{"@type":"ImageObject","inLanguage":"es","@id":"https:\/\/fmgente.com.ar\/web\/river-plate-declaro-persona-no-grata-a-un-reconocido-personaje-del-futbol-de-quien-se-trata\/#primaryimage","url":"https:\/\/fmgente.com.ar\/web\/wp-content\/uploads\/2026\/03\/720-380.jpeg","contentUrl":"https:\/\/fmgente.com.ar\/web\/wp-content\/uploads\/2026\/03\/720-380.jpeg","width":1081,"height":720},{"@type":"WebSite","@id":"https:\/\/fmgente.com.ar\/web\/#website","url":"https:\/\/fmgente.com.ar\/web\/","name":"Fm Gente","description":"- Jes\u00fas Mar\u00eda","publisher":{"@id":"https:\/\/fmgente.com.ar\/web\/#organization"},"potentialAction":[{"@type":"SearchAction","target":{"@type":"EntryPoint","urlTemplate":"https:\/\/fmgente.com.ar\/web\/?s={search_term_string}"},"query-input":{"@type":"PropertyValueSpecification","valueRequired":true,"valueName":"search_term_string"}}],"inLanguage":"es"},{"@type":"Organization","@id":"https:\/\/fmgente.com.ar\/web\/#organization","name":"Fm Gente","url":"https:\/\/fmgente.com.ar\/web\/","logo":{"@type":"ImageObject","inLanguage":"es","@id":"https:\/\/fmgente.com.ar\/web\/#\/schema\/logo\/image\/","url":"https:\/\/fmgente.com.ar\/web\/wp-content\/uploads\/2023\/07\/cropped-cropped-logo-sombra2.png","contentUrl":"https:\/\/fmgente.com.ar\/web\/wp-content\/uploads\/2023\/07\/cropped-cropped-logo-sombra2.png","width":1782,"height":1782,"caption":"Fm Gente"},"image":{"@id":"https:\/\/fmgente.com.ar\/web\/#\/schema\/logo\/image\/"}}]}},"_links":{"self":[{"href":"https:\/\/fmgente.com.ar\/web\/wp-json\/wp\/v2\/posts\/14514","targetHints":{"allow":["GET"]}}],"collection":[{"href":"https:\/\/fmgente.com.ar\/web\/wp-json\/wp\/v2\/posts"}],"about":[{"href":"https:\/\/fmgente.com.ar\/web\/wp-json\/wp\/v2\/types\/post"}],"replies":[{"embeddable":true,"href":"https:\/\/fmgente.com.ar\/web\/wp-json\/wp\/v2\/comments?post=14514"}],"version-history":[{"count":0,"href":"https:\/\/fmgente.com.ar\/web\/wp-json\/wp\/v2\/posts\/14514\/revisions"}],"wp:featuredmedia":[{"embeddable":true,"href":"https:\/\/fmgente.com.ar\/web\/wp-json\/wp\/v2\/media\/14515"}],"wp:attachment":[{"href":"https:\/\/fmgente.com.ar\/web\/wp-json\/wp\/v2\/media?parent=14514"}],"wp:term":[{"taxonomy":"category","embeddable":true,"href":"https:\/\/fmgente.com.ar\/web\/wp-json\/wp\/v2\/categories?post=14514"},{"taxonomy":"post_tag","embeddable":true,"href":"https:\/\/fmgente.com.ar\/web\/wp-json\/wp\/v2\/tags?post=14514"}],"curies":[{"name":"wp","href":"https:\/\/api.w.org\/{rel}","templated":true}]}}