{"id":14512,"date":"2026-03-06T22:05:06","date_gmt":"2026-03-07T01:05:06","guid":{"rendered":"https:\/\/fmgente.com.ar\/web\/pampas-xv-supero-a-capibaras-xv-y-sumo-su-segunda-victoria-en-el-super-rugby-americas\/"},"modified":"2026-03-06T22:05:06","modified_gmt":"2026-03-07T01:05:06","slug":"pampas-xv-supero-a-capibaras-xv-y-sumo-su-segunda-victoria-en-el-super-rugby-americas","status":"publish","type":"post","link":"https:\/\/fmgente.com.ar\/web\/pampas-xv-supero-a-capibaras-xv-y-sumo-su-segunda-victoria-en-el-super-rugby-americas\/","title":{"rendered":"Pampas XV super\u00f3 a Capibaras XV y sum\u00f3 su segunda victoria en el Super Rugby Am\u00e9ricas"},"content":{"rendered":"<p>Buenos Aires, 6 marzo (NA) &#8212; Pampas XV venci\u00f3 con mucho trabajo por 25 a 20 a Capibaras XV y obtuvo su segunda victoria en el Super Rugby Am\u00e9ricas para mantenerse dentro del Top 4 que avanzar\u00e1n a la siguiente ronda.<\/p>\n<p>Con los tries de Ignacio Bottazzini, Santiago Cordero y Santiago Pernas, la franquicia de Buenos Aires consigui\u00f3 cuatro puntos de oro que lo mantienen vivo en el torneo, mientras que la franquicia del Litoral, debutante en este torneo, cay\u00f3 por primera vez en la competencia.<\/p>\n<p>Pampas comenz\u00f3 el partido con mucha intensidad desde el kick-off y domin\u00f3 los primeros minutos, y esa presi\u00f3n inicial se tradujo r\u00e1pidamente en el primer try de la noche, cuando el hooker Ignacio Bottazzini lleg\u00f3 al ingoal tras un efectivo line-maul.<\/p>\n<p>Sin embargo, el equipo del Litoral reaccion\u00f3 con el correr del tiempo y logr\u00f3 asentarse en el juego, aprovechando varios errores del conjunto local, aunque las defensas se impusieron durante buena parte de la primera etapa, la visita encontr\u00f3 premio en la \u00faltima jugada antes del descanso, con un try del apertura Ignacio Dogliani que les permiti\u00f3 irse al vestuario arriba por 8-7.<\/p>\n<p>En el complemento el tr\u00e1mite continu\u00f3 parejo, pero los de Buenos Aires volvieron a golpear primero gracias al debutante Santiago Cordero, que apoy\u00f3 tras una acci\u00f3n colectiva.<\/p>\n<p>Luego lleg\u00f3 otra conquista local con una destacada jugada individual de Santiago Pernas pero aun as\u00ed, el equipo visitante se mantuvo en partido gracias a la precisi\u00f3n de Dogliani con el pie, que sostuvo una leve ventaja durante gran parte del segundo tiempo.<\/p>\n<p>En los minutos finales, y pese a tener un jugador menos, Bautista Faris\u00e9 acert\u00f3 dos penales frente a los palos para poner a su equipo 25-20 arriba. La visita busc\u00f3 un try en el cierre, presion\u00f3 con paciencia y acumul\u00f3 penales a favor, pero la defensa local resisti\u00f3 hasta el final para sellar una ajustada victoria.<\/p>\n<p>El pr\u00f3ximo duelo de Pampas ser\u00e1 el viernes 13 de marzo, en condici\u00f3n de visitante, ante Tarucas XV, en el estadio La Caldera del Parque de San Miguel de Tucum\u00e1n. El elenco tucumano es otro de los animadores del torneo ya que no perdi\u00f3 en las dos primeras jornadas y enfrentaba a Dogos XV al cierre de este encuentro en el Club Atl\u00e9tico San Isidro.<\/p>\n<p>Por su parte, Capibaras deber\u00e1 viajar a Paraguay, al estadio H\u00e9roes de Curupayty, para enfrentar a Yacare XV, el s\u00e1bado 14 de marzo. La franquicia paraguaya cay\u00f3 en sus dos primeros encuentros y visitar\u00e1 a los brasileros Cobras XV este domingo 8 de marzo.<\/p>\n<p>Por el lado de los del Litoral, volver\u00e1n a ser locales en la fecha 7, el 13 de abril, ante Tarucas; mientras que el equipo de Buenos Aires tambi\u00e9n jugar\u00e1 en casa nuevamente en la misma fecha pero ante Pe\u00f1arol de Uruguay y el 10 del mismo mes.<\/p>\n<p>#AgenciaNA<\/p>\n","protected":false},"excerpt":{"rendered":"<p>Buenos Aires, 6 marzo (NA) &#8212; Pampas XV venci\u00f3 con mucho trabajo por 25 a<\/p>\n","protected":false},"author":0,"featured_media":14513,"comment_status":"","ping_status":"","sticky":false,"template":"","format":"standard","meta":{"footnotes":""},"categories":[11],"tags":[],"class_list":["post-14512","post","type-post","status-publish","format-standard","has-post-thumbnail","hentry","category-destacadas"],"yoast_head":"<!-- This site is optimized with the Yoast SEO plugin v27.4 - https:\/\/yoast.com\/product\/yoast-seo-wordpress\/ -->\n<title>Pampas XV super\u00f3 a Capibaras XV y sum\u00f3 su segunda victoria en el Super Rugby Am\u00e9ricas - Fm Gente<\/title>\n<meta name=\"robots\" content=\"index, follow, max-snippet:-1, max-image-preview:large, max-video-preview:-1\" \/>\n<link rel=\"canonical\" href=\"https:\/\/fmgente.com.ar\/web\/pampas-xv-supero-a-capibaras-xv-y-sumo-su-segunda-victoria-en-el-super-rugby-americas\/\" \/>\n<meta property=\"og:locale\" content=\"es_ES\" \/>\n<meta property=\"og:type\" content=\"article\" \/>\n<meta property=\"og:title\" content=\"Pampas XV super\u00f3 a Capibaras XV y sum\u00f3 su segunda victoria en el Super Rugby Am\u00e9ricas - Fm Gente\" \/>\n<meta property=\"og:description\" content=\"Buenos Aires, 6 marzo (NA) &#8212; Pampas XV venci\u00f3 con mucho trabajo por 25 a\" \/>\n<meta property=\"og:url\" content=\"https:\/\/fmgente.com.ar\/web\/pampas-xv-supero-a-capibaras-xv-y-sumo-su-segunda-victoria-en-el-super-rugby-americas\/\" \/>\n<meta property=\"og:site_name\" content=\"Fm Gente\" \/>\n<meta property=\"article:published_time\" content=\"2026-03-07T01:05:06+00:00\" \/>\n<meta name=\"twitter:card\" content=\"summary_large_image\" \/>\n<meta name=\"twitter:label1\" content=\"Tiempo de lectura\" \/>\n\t<meta name=\"twitter:data1\" content=\"2 minutos\" \/>\n<script type=\"application\/ld+json\" class=\"yoast-schema-graph\">{\"@context\":\"https:\\\/\\\/schema.org\",\"@graph\":[{\"@type\":\"Article\",\"@id\":\"https:\\\/\\\/fmgente.com.ar\\\/web\\\/pampas-xv-supero-a-capibaras-xv-y-sumo-su-segunda-victoria-en-el-super-rugby-americas\\\/#article\",\"isPartOf\":{\"@id\":\"https:\\\/\\\/fmgente.com.ar\\\/web\\\/pampas-xv-supero-a-capibaras-xv-y-sumo-su-segunda-victoria-en-el-super-rugby-americas\\\/\"},\"author\":{\"name\":\"\",\"@id\":\"\"},\"headline\":\"Pampas XV super\u00f3 a Capibaras XV y sum\u00f3 su segunda victoria en el Super Rugby Am\u00e9ricas\",\"datePublished\":\"2026-03-07T01:05:06+00:00\",\"mainEntityOfPage\":{\"@id\":\"https:\\\/\\\/fmgente.com.ar\\\/web\\\/pampas-xv-supero-a-capibaras-xv-y-sumo-su-segunda-victoria-en-el-super-rugby-americas\\\/\"},\"wordCount\":497,\"publisher\":{\"@id\":\"https:\\\/\\\/fmgente.com.ar\\\/web\\\/#organization\"},\"image\":{\"@id\":\"https:\\\/\\\/fmgente.com.ar\\\/web\\\/pampas-xv-supero-a-capibaras-xv-y-sumo-su-segunda-victoria-en-el-super-rugby-americas\\\/#primaryimage\"},\"thumbnailUrl\":\"https:\\\/\\\/fmgente.com.ar\\\/web\\\/wp-content\\\/uploads\\\/2026\\\/03\\\/720-379.jpeg\",\"articleSection\":[\"DESTACADAS\"],\"inLanguage\":\"es\"},{\"@type\":\"WebPage\",\"@id\":\"https:\\\/\\\/fmgente.com.ar\\\/web\\\/pampas-xv-supero-a-capibaras-xv-y-sumo-su-segunda-victoria-en-el-super-rugby-americas\\\/\",\"url\":\"https:\\\/\\\/fmgente.com.ar\\\/web\\\/pampas-xv-supero-a-capibaras-xv-y-sumo-su-segunda-victoria-en-el-super-rugby-americas\\\/\",\"name\":\"Pampas XV super\u00f3 a Capibaras XV y sum\u00f3 su segunda victoria en el Super Rugby Am\u00e9ricas - Fm Gente\",\"isPartOf\":{\"@id\":\"https:\\\/\\\/fmgente.com.ar\\\/web\\\/#website\"},\"primaryImageOfPage\":{\"@id\":\"https:\\\/\\\/fmgente.com.ar\\\/web\\\/pampas-xv-supero-a-capibaras-xv-y-sumo-su-segunda-victoria-en-el-super-rugby-americas\\\/#primaryimage\"},\"image\":{\"@id\":\"https:\\\/\\\/fmgente.com.ar\\\/web\\\/pampas-xv-supero-a-capibaras-xv-y-sumo-su-segunda-victoria-en-el-super-rugby-americas\\\/#primaryimage\"},\"thumbnailUrl\":\"https:\\\/\\\/fmgente.com.ar\\\/web\\\/wp-content\\\/uploads\\\/2026\\\/03\\\/720-379.jpeg\",\"datePublished\":\"2026-03-07T01:05:06+00:00\",\"inLanguage\":\"es\",\"potentialAction\":[{\"@type\":\"ReadAction\",\"target\":[\"https:\\\/\\\/fmgente.com.ar\\\/web\\\/pampas-xv-supero-a-capibaras-xv-y-sumo-su-segunda-victoria-en-el-super-rugby-americas\\\/\"]}]},{\"@type\":\"ImageObject\",\"inLanguage\":\"es\",\"@id\":\"https:\\\/\\\/fmgente.com.ar\\\/web\\\/pampas-xv-supero-a-capibaras-xv-y-sumo-su-segunda-victoria-en-el-super-rugby-americas\\\/#primaryimage\",\"url\":\"https:\\\/\\\/fmgente.com.ar\\\/web\\\/wp-content\\\/uploads\\\/2026\\\/03\\\/720-379.jpeg\",\"contentUrl\":\"https:\\\/\\\/fmgente.com.ar\\\/web\\\/wp-content\\\/uploads\\\/2026\\\/03\\\/720-379.jpeg\",\"width\":1080,\"height\":720},{\"@type\":\"WebSite\",\"@id\":\"https:\\\/\\\/fmgente.com.ar\\\/web\\\/#website\",\"url\":\"https:\\\/\\\/fmgente.com.ar\\\/web\\\/\",\"name\":\"Fm Gente\",\"description\":\"- Jes\u00fas Mar\u00eda\",\"publisher\":{\"@id\":\"https:\\\/\\\/fmgente.com.ar\\\/web\\\/#organization\"},\"potentialAction\":[{\"@type\":\"SearchAction\",\"target\":{\"@type\":\"EntryPoint\",\"urlTemplate\":\"https:\\\/\\\/fmgente.com.ar\\\/web\\\/?s={search_term_string}\"},\"query-input\":{\"@type\":\"PropertyValueSpecification\",\"valueRequired\":true,\"valueName\":\"search_term_string\"}}],\"inLanguage\":\"es\"},{\"@type\":\"Organization\",\"@id\":\"https:\\\/\\\/fmgente.com.ar\\\/web\\\/#organization\",\"name\":\"Fm Gente\",\"url\":\"https:\\\/\\\/fmgente.com.ar\\\/web\\\/\",\"logo\":{\"@type\":\"ImageObject\",\"inLanguage\":\"es\",\"@id\":\"https:\\\/\\\/fmgente.com.ar\\\/web\\\/#\\\/schema\\\/logo\\\/image\\\/\",\"url\":\"https:\\\/\\\/fmgente.com.ar\\\/web\\\/wp-content\\\/uploads\\\/2023\\\/07\\\/cropped-cropped-logo-sombra2.png\",\"contentUrl\":\"https:\\\/\\\/fmgente.com.ar\\\/web\\\/wp-content\\\/uploads\\\/2023\\\/07\\\/cropped-cropped-logo-sombra2.png\",\"width\":1782,\"height\":1782,\"caption\":\"Fm Gente\"},\"image\":{\"@id\":\"https:\\\/\\\/fmgente.com.ar\\\/web\\\/#\\\/schema\\\/logo\\\/image\\\/\"}}]}<\/script>\n<!-- \/ Yoast SEO plugin. -->","yoast_head_json":{"title":"Pampas XV super\u00f3 a Capibaras XV y sum\u00f3 su segunda victoria en el Super Rugby Am\u00e9ricas - Fm Gente","robots":{"index":"index","follow":"follow","max-snippet":"max-snippet:-1","max-image-preview":"max-image-preview:large","max-video-preview":"max-video-preview:-1"},"canonical":"https:\/\/fmgente.com.ar\/web\/pampas-xv-supero-a-capibaras-xv-y-sumo-su-segunda-victoria-en-el-super-rugby-americas\/","og_locale":"es_ES","og_type":"article","og_title":"Pampas XV super\u00f3 a Capibaras XV y sum\u00f3 su segunda victoria en el Super Rugby Am\u00e9ricas - Fm Gente","og_description":"Buenos Aires, 6 marzo (NA) &#8212; Pampas XV venci\u00f3 con mucho trabajo por 25 a","og_url":"https:\/\/fmgente.com.ar\/web\/pampas-xv-supero-a-capibaras-xv-y-sumo-su-segunda-victoria-en-el-super-rugby-americas\/","og_site_name":"Fm Gente","article_published_time":"2026-03-07T01:05:06+00:00","twitter_card":"summary_large_image","twitter_misc":{"Tiempo de lectura":"2 minutos"},"schema":{"@context":"https:\/\/schema.org","@graph":[{"@type":"Article","@id":"https:\/\/fmgente.com.ar\/web\/pampas-xv-supero-a-capibaras-xv-y-sumo-su-segunda-victoria-en-el-super-rugby-americas\/#article","isPartOf":{"@id":"https:\/\/fmgente.com.ar\/web\/pampas-xv-supero-a-capibaras-xv-y-sumo-su-segunda-victoria-en-el-super-rugby-americas\/"},"author":{"name":"","@id":""},"headline":"Pampas XV super\u00f3 a Capibaras XV y sum\u00f3 su segunda victoria en el Super Rugby Am\u00e9ricas","datePublished":"2026-03-07T01:05:06+00:00","mainEntityOfPage":{"@id":"https:\/\/fmgente.com.ar\/web\/pampas-xv-supero-a-capibaras-xv-y-sumo-su-segunda-victoria-en-el-super-rugby-americas\/"},"wordCount":497,"publisher":{"@id":"https:\/\/fmgente.com.ar\/web\/#organization"},"image":{"@id":"https:\/\/fmgente.com.ar\/web\/pampas-xv-supero-a-capibaras-xv-y-sumo-su-segunda-victoria-en-el-super-rugby-americas\/#primaryimage"},"thumbnailUrl":"https:\/\/fmgente.com.ar\/web\/wp-content\/uploads\/2026\/03\/720-379.jpeg","articleSection":["DESTACADAS"],"inLanguage":"es"},{"@type":"WebPage","@id":"https:\/\/fmgente.com.ar\/web\/pampas-xv-supero-a-capibaras-xv-y-sumo-su-segunda-victoria-en-el-super-rugby-americas\/","url":"https:\/\/fmgente.com.ar\/web\/pampas-xv-supero-a-capibaras-xv-y-sumo-su-segunda-victoria-en-el-super-rugby-americas\/","name":"Pampas XV super\u00f3 a Capibaras XV y sum\u00f3 su segunda victoria en el Super Rugby Am\u00e9ricas - Fm Gente","isPartOf":{"@id":"https:\/\/fmgente.com.ar\/web\/#website"},"primaryImageOfPage":{"@id":"https:\/\/fmgente.com.ar\/web\/pampas-xv-supero-a-capibaras-xv-y-sumo-su-segunda-victoria-en-el-super-rugby-americas\/#primaryimage"},"image":{"@id":"https:\/\/fmgente.com.ar\/web\/pampas-xv-supero-a-capibaras-xv-y-sumo-su-segunda-victoria-en-el-super-rugby-americas\/#primaryimage"},"thumbnailUrl":"https:\/\/fmgente.com.ar\/web\/wp-content\/uploads\/2026\/03\/720-379.jpeg","datePublished":"2026-03-07T01:05:06+00:00","inLanguage":"es","potentialAction":[{"@type":"ReadAction","target":["https:\/\/fmgente.com.ar\/web\/pampas-xv-supero-a-capibaras-xv-y-sumo-su-segunda-victoria-en-el-super-rugby-americas\/"]}]},{"@type":"ImageObject","inLanguage":"es","@id":"https:\/\/fmgente.com.ar\/web\/pampas-xv-supero-a-capibaras-xv-y-sumo-su-segunda-victoria-en-el-super-rugby-americas\/#primaryimage","url":"https:\/\/fmgente.com.ar\/web\/wp-content\/uploads\/2026\/03\/720-379.jpeg","contentUrl":"https:\/\/fmgente.com.ar\/web\/wp-content\/uploads\/2026\/03\/720-379.jpeg","width":1080,"height":720},{"@type":"WebSite","@id":"https:\/\/fmgente.com.ar\/web\/#website","url":"https:\/\/fmgente.com.ar\/web\/","name":"Fm Gente","description":"- Jes\u00fas Mar\u00eda","publisher":{"@id":"https:\/\/fmgente.com.ar\/web\/#organization"},"potentialAction":[{"@type":"SearchAction","target":{"@type":"EntryPoint","urlTemplate":"https:\/\/fmgente.com.ar\/web\/?s={search_term_string}"},"query-input":{"@type":"PropertyValueSpecification","valueRequired":true,"valueName":"search_term_string"}}],"inLanguage":"es"},{"@type":"Organization","@id":"https:\/\/fmgente.com.ar\/web\/#organization","name":"Fm Gente","url":"https:\/\/fmgente.com.ar\/web\/","logo":{"@type":"ImageObject","inLanguage":"es","@id":"https:\/\/fmgente.com.ar\/web\/#\/schema\/logo\/image\/","url":"https:\/\/fmgente.com.ar\/web\/wp-content\/uploads\/2023\/07\/cropped-cropped-logo-sombra2.png","contentUrl":"https:\/\/fmgente.com.ar\/web\/wp-content\/uploads\/2023\/07\/cropped-cropped-logo-sombra2.png","width":1782,"height":1782,"caption":"Fm Gente"},"image":{"@id":"https:\/\/fmgente.com.ar\/web\/#\/schema\/logo\/image\/"}}]}},"_links":{"self":[{"href":"https:\/\/fmgente.com.ar\/web\/wp-json\/wp\/v2\/posts\/14512","targetHints":{"allow":["GET"]}}],"collection":[{"href":"https:\/\/fmgente.com.ar\/web\/wp-json\/wp\/v2\/posts"}],"about":[{"href":"https:\/\/fmgente.com.ar\/web\/wp-json\/wp\/v2\/types\/post"}],"replies":[{"embeddable":true,"href":"https:\/\/fmgente.com.ar\/web\/wp-json\/wp\/v2\/comments?post=14512"}],"version-history":[{"count":0,"href":"https:\/\/fmgente.com.ar\/web\/wp-json\/wp\/v2\/posts\/14512\/revisions"}],"wp:featuredmedia":[{"embeddable":true,"href":"https:\/\/fmgente.com.ar\/web\/wp-json\/wp\/v2\/media\/14513"}],"wp:attachment":[{"href":"https:\/\/fmgente.com.ar\/web\/wp-json\/wp\/v2\/media?parent=14512"}],"wp:term":[{"taxonomy":"category","embeddable":true,"href":"https:\/\/fmgente.com.ar\/web\/wp-json\/wp\/v2\/categories?post=14512"},{"taxonomy":"post_tag","embeddable":true,"href":"https:\/\/fmgente.com.ar\/web\/wp-json\/wp\/v2\/tags?post=14512"}],"curies":[{"name":"wp","href":"https:\/\/api.w.org\/{rel}","templated":true}]}}