{"id":14510,"date":"2026-03-06T22:05:05","date_gmt":"2026-03-07T01:05:05","guid":{"rendered":"https:\/\/fmgente.com.ar\/web\/israel-anuncio-ataques-a-gran-escala-contra-objetivos-en-teheran\/"},"modified":"2026-03-06T22:05:05","modified_gmt":"2026-03-07T01:05:05","slug":"israel-anuncio-ataques-a-gran-escala-contra-objetivos-en-teheran","status":"publish","type":"post","link":"https:\/\/fmgente.com.ar\/web\/israel-anuncio-ataques-a-gran-escala-contra-objetivos-en-teheran\/","title":{"rendered":"Israel anunci\u00f3 ataques \u201ca gran escala\u201d contra objetivos en Teher\u00e1n"},"content":{"rendered":"<p>Buenos Aires, 6 marzo (NA) \u2013 Israel inform\u00f3 que lanz\u00f3 ataques \u201ca gran escala\u201d contra objetivos en Teher\u00e1n, en una nueva escalada del conflicto con Ir\u00e1n. El anuncio se produjo despu\u00e9s de que medios estatales iran\u00edes reportaran una explosi\u00f3n en la zona oeste de la capital. <\/p>\n<p>Seg\u00fan indic\u00f3 el ej\u00e9rcito israel\u00ed y pudo reacopilar la Agencia Noticias Argentinas, las Fuerzas de Defensa de Israel (FDI) iniciaron una oleada de bombardeos contra objetivos gubernamentales en la ciudad, en el marco de la ofensiva militar que se desarrolla entre ambos pa\u00edses.<\/p>\n<p>Previamente, las FDI hab\u00edan detectado una nueva ronda de misiles iran\u00edes dirigidos hacia Israel, lo que deriv\u00f3 en alertas en distintas zonas del pa\u00eds. En Tel Aviv, principal centro econ\u00f3mico israel\u00ed, se escucharon varias explosiones tras los lanzamientos. <\/p>\n<p>Sin embargo, los servicios de emergencia Magen David Adom se\u00f1alaron que no se registraron v\u00edctimas, mientras que el ej\u00e9rcito comunic\u00f3 posteriormente que la poblaci\u00f3n pod\u00eda abandonar los refugios en todas las regiones del territorio.<\/p>\n<p>#AgenciaNA<\/p>\n","protected":false},"excerpt":{"rendered":"<p>Buenos Aires, 6 marzo (NA) \u2013 Israel inform\u00f3 que lanz\u00f3 ataques \u201ca gran escala\u201d contra<\/p>\n","protected":false},"author":0,"featured_media":14511,"comment_status":"","ping_status":"","sticky":false,"template":"","format":"standard","meta":{"footnotes":""},"categories":[11],"tags":[],"class_list":["post-14510","post","type-post","status-publish","format-standard","has-post-thumbnail","hentry","category-destacadas"],"yoast_head":"<!-- This site is optimized with the Yoast SEO plugin v27.4 - https:\/\/yoast.com\/product\/yoast-seo-wordpress\/ -->\n<title>Israel anunci\u00f3 ataques \u201ca gran escala\u201d contra objetivos en Teher\u00e1n - Fm Gente<\/title>\n<meta name=\"robots\" content=\"index, follow, max-snippet:-1, max-image-preview:large, max-video-preview:-1\" \/>\n<link rel=\"canonical\" href=\"https:\/\/fmgente.com.ar\/web\/israel-anuncio-ataques-a-gran-escala-contra-objetivos-en-teheran\/\" \/>\n<meta property=\"og:locale\" content=\"es_ES\" \/>\n<meta property=\"og:type\" content=\"article\" \/>\n<meta property=\"og:title\" content=\"Israel anunci\u00f3 ataques \u201ca gran escala\u201d contra objetivos en Teher\u00e1n - Fm Gente\" \/>\n<meta property=\"og:description\" content=\"Buenos Aires, 6 marzo (NA) \u2013 Israel inform\u00f3 que lanz\u00f3 ataques \u201ca gran escala\u201d contra\" \/>\n<meta property=\"og:url\" content=\"https:\/\/fmgente.com.ar\/web\/israel-anuncio-ataques-a-gran-escala-contra-objetivos-en-teheran\/\" \/>\n<meta property=\"og:site_name\" content=\"Fm Gente\" \/>\n<meta property=\"article:published_time\" content=\"2026-03-07T01:05:05+00:00\" \/>\n<meta name=\"twitter:card\" content=\"summary_large_image\" \/>\n<meta name=\"twitter:label1\" content=\"Tiempo de lectura\" \/>\n\t<meta name=\"twitter:data1\" content=\"1 minuto\" \/>\n<script type=\"application\/ld+json\" class=\"yoast-schema-graph\">{\"@context\":\"https:\\\/\\\/schema.org\",\"@graph\":[{\"@type\":\"Article\",\"@id\":\"https:\\\/\\\/fmgente.com.ar\\\/web\\\/israel-anuncio-ataques-a-gran-escala-contra-objetivos-en-teheran\\\/#article\",\"isPartOf\":{\"@id\":\"https:\\\/\\\/fmgente.com.ar\\\/web\\\/israel-anuncio-ataques-a-gran-escala-contra-objetivos-en-teheran\\\/\"},\"author\":{\"name\":\"\",\"@id\":\"\"},\"headline\":\"Israel anunci\u00f3 ataques \u201ca gran escala\u201d contra objetivos en Teher\u00e1n\",\"datePublished\":\"2026-03-07T01:05:05+00:00\",\"mainEntityOfPage\":{\"@id\":\"https:\\\/\\\/fmgente.com.ar\\\/web\\\/israel-anuncio-ataques-a-gran-escala-contra-objetivos-en-teheran\\\/\"},\"wordCount\":188,\"publisher\":{\"@id\":\"https:\\\/\\\/fmgente.com.ar\\\/web\\\/#organization\"},\"image\":{\"@id\":\"https:\\\/\\\/fmgente.com.ar\\\/web\\\/israel-anuncio-ataques-a-gran-escala-contra-objetivos-en-teheran\\\/#primaryimage\"},\"thumbnailUrl\":\"https:\\\/\\\/fmgente.com.ar\\\/web\\\/wp-content\\\/uploads\\\/2026\\\/03\\\/720-378.jpeg\",\"articleSection\":[\"DESTACADAS\"],\"inLanguage\":\"es\"},{\"@type\":\"WebPage\",\"@id\":\"https:\\\/\\\/fmgente.com.ar\\\/web\\\/israel-anuncio-ataques-a-gran-escala-contra-objetivos-en-teheran\\\/\",\"url\":\"https:\\\/\\\/fmgente.com.ar\\\/web\\\/israel-anuncio-ataques-a-gran-escala-contra-objetivos-en-teheran\\\/\",\"name\":\"Israel anunci\u00f3 ataques \u201ca gran escala\u201d contra objetivos en Teher\u00e1n - Fm Gente\",\"isPartOf\":{\"@id\":\"https:\\\/\\\/fmgente.com.ar\\\/web\\\/#website\"},\"primaryImageOfPage\":{\"@id\":\"https:\\\/\\\/fmgente.com.ar\\\/web\\\/israel-anuncio-ataques-a-gran-escala-contra-objetivos-en-teheran\\\/#primaryimage\"},\"image\":{\"@id\":\"https:\\\/\\\/fmgente.com.ar\\\/web\\\/israel-anuncio-ataques-a-gran-escala-contra-objetivos-en-teheran\\\/#primaryimage\"},\"thumbnailUrl\":\"https:\\\/\\\/fmgente.com.ar\\\/web\\\/wp-content\\\/uploads\\\/2026\\\/03\\\/720-378.jpeg\",\"datePublished\":\"2026-03-07T01:05:05+00:00\",\"inLanguage\":\"es\",\"potentialAction\":[{\"@type\":\"ReadAction\",\"target\":[\"https:\\\/\\\/fmgente.com.ar\\\/web\\\/israel-anuncio-ataques-a-gran-escala-contra-objetivos-en-teheran\\\/\"]}]},{\"@type\":\"ImageObject\",\"inLanguage\":\"es\",\"@id\":\"https:\\\/\\\/fmgente.com.ar\\\/web\\\/israel-anuncio-ataques-a-gran-escala-contra-objetivos-en-teheran\\\/#primaryimage\",\"url\":\"https:\\\/\\\/fmgente.com.ar\\\/web\\\/wp-content\\\/uploads\\\/2026\\\/03\\\/720-378.jpeg\",\"contentUrl\":\"https:\\\/\\\/fmgente.com.ar\\\/web\\\/wp-content\\\/uploads\\\/2026\\\/03\\\/720-378.jpeg\",\"width\":1080,\"height\":720},{\"@type\":\"WebSite\",\"@id\":\"https:\\\/\\\/fmgente.com.ar\\\/web\\\/#website\",\"url\":\"https:\\\/\\\/fmgente.com.ar\\\/web\\\/\",\"name\":\"Fm Gente\",\"description\":\"- Jes\u00fas Mar\u00eda\",\"publisher\":{\"@id\":\"https:\\\/\\\/fmgente.com.ar\\\/web\\\/#organization\"},\"potentialAction\":[{\"@type\":\"SearchAction\",\"target\":{\"@type\":\"EntryPoint\",\"urlTemplate\":\"https:\\\/\\\/fmgente.com.ar\\\/web\\\/?s={search_term_string}\"},\"query-input\":{\"@type\":\"PropertyValueSpecification\",\"valueRequired\":true,\"valueName\":\"search_term_string\"}}],\"inLanguage\":\"es\"},{\"@type\":\"Organization\",\"@id\":\"https:\\\/\\\/fmgente.com.ar\\\/web\\\/#organization\",\"name\":\"Fm Gente\",\"url\":\"https:\\\/\\\/fmgente.com.ar\\\/web\\\/\",\"logo\":{\"@type\":\"ImageObject\",\"inLanguage\":\"es\",\"@id\":\"https:\\\/\\\/fmgente.com.ar\\\/web\\\/#\\\/schema\\\/logo\\\/image\\\/\",\"url\":\"https:\\\/\\\/fmgente.com.ar\\\/web\\\/wp-content\\\/uploads\\\/2023\\\/07\\\/cropped-cropped-logo-sombra2.png\",\"contentUrl\":\"https:\\\/\\\/fmgente.com.ar\\\/web\\\/wp-content\\\/uploads\\\/2023\\\/07\\\/cropped-cropped-logo-sombra2.png\",\"width\":1782,\"height\":1782,\"caption\":\"Fm Gente\"},\"image\":{\"@id\":\"https:\\\/\\\/fmgente.com.ar\\\/web\\\/#\\\/schema\\\/logo\\\/image\\\/\"}}]}<\/script>\n<!-- \/ Yoast SEO plugin. -->","yoast_head_json":{"title":"Israel anunci\u00f3 ataques \u201ca gran escala\u201d contra objetivos en Teher\u00e1n - Fm Gente","robots":{"index":"index","follow":"follow","max-snippet":"max-snippet:-1","max-image-preview":"max-image-preview:large","max-video-preview":"max-video-preview:-1"},"canonical":"https:\/\/fmgente.com.ar\/web\/israel-anuncio-ataques-a-gran-escala-contra-objetivos-en-teheran\/","og_locale":"es_ES","og_type":"article","og_title":"Israel anunci\u00f3 ataques \u201ca gran escala\u201d contra objetivos en Teher\u00e1n - Fm Gente","og_description":"Buenos Aires, 6 marzo (NA) \u2013 Israel inform\u00f3 que lanz\u00f3 ataques \u201ca gran escala\u201d contra","og_url":"https:\/\/fmgente.com.ar\/web\/israel-anuncio-ataques-a-gran-escala-contra-objetivos-en-teheran\/","og_site_name":"Fm Gente","article_published_time":"2026-03-07T01:05:05+00:00","twitter_card":"summary_large_image","twitter_misc":{"Tiempo de lectura":"1 minuto"},"schema":{"@context":"https:\/\/schema.org","@graph":[{"@type":"Article","@id":"https:\/\/fmgente.com.ar\/web\/israel-anuncio-ataques-a-gran-escala-contra-objetivos-en-teheran\/#article","isPartOf":{"@id":"https:\/\/fmgente.com.ar\/web\/israel-anuncio-ataques-a-gran-escala-contra-objetivos-en-teheran\/"},"author":{"name":"","@id":""},"headline":"Israel anunci\u00f3 ataques \u201ca gran escala\u201d contra objetivos en Teher\u00e1n","datePublished":"2026-03-07T01:05:05+00:00","mainEntityOfPage":{"@id":"https:\/\/fmgente.com.ar\/web\/israel-anuncio-ataques-a-gran-escala-contra-objetivos-en-teheran\/"},"wordCount":188,"publisher":{"@id":"https:\/\/fmgente.com.ar\/web\/#organization"},"image":{"@id":"https:\/\/fmgente.com.ar\/web\/israel-anuncio-ataques-a-gran-escala-contra-objetivos-en-teheran\/#primaryimage"},"thumbnailUrl":"https:\/\/fmgente.com.ar\/web\/wp-content\/uploads\/2026\/03\/720-378.jpeg","articleSection":["DESTACADAS"],"inLanguage":"es"},{"@type":"WebPage","@id":"https:\/\/fmgente.com.ar\/web\/israel-anuncio-ataques-a-gran-escala-contra-objetivos-en-teheran\/","url":"https:\/\/fmgente.com.ar\/web\/israel-anuncio-ataques-a-gran-escala-contra-objetivos-en-teheran\/","name":"Israel anunci\u00f3 ataques \u201ca gran escala\u201d contra objetivos en Teher\u00e1n - Fm Gente","isPartOf":{"@id":"https:\/\/fmgente.com.ar\/web\/#website"},"primaryImageOfPage":{"@id":"https:\/\/fmgente.com.ar\/web\/israel-anuncio-ataques-a-gran-escala-contra-objetivos-en-teheran\/#primaryimage"},"image":{"@id":"https:\/\/fmgente.com.ar\/web\/israel-anuncio-ataques-a-gran-escala-contra-objetivos-en-teheran\/#primaryimage"},"thumbnailUrl":"https:\/\/fmgente.com.ar\/web\/wp-content\/uploads\/2026\/03\/720-378.jpeg","datePublished":"2026-03-07T01:05:05+00:00","inLanguage":"es","potentialAction":[{"@type":"ReadAction","target":["https:\/\/fmgente.com.ar\/web\/israel-anuncio-ataques-a-gran-escala-contra-objetivos-en-teheran\/"]}]},{"@type":"ImageObject","inLanguage":"es","@id":"https:\/\/fmgente.com.ar\/web\/israel-anuncio-ataques-a-gran-escala-contra-objetivos-en-teheran\/#primaryimage","url":"https:\/\/fmgente.com.ar\/web\/wp-content\/uploads\/2026\/03\/720-378.jpeg","contentUrl":"https:\/\/fmgente.com.ar\/web\/wp-content\/uploads\/2026\/03\/720-378.jpeg","width":1080,"height":720},{"@type":"WebSite","@id":"https:\/\/fmgente.com.ar\/web\/#website","url":"https:\/\/fmgente.com.ar\/web\/","name":"Fm Gente","description":"- Jes\u00fas Mar\u00eda","publisher":{"@id":"https:\/\/fmgente.com.ar\/web\/#organization"},"potentialAction":[{"@type":"SearchAction","target":{"@type":"EntryPoint","urlTemplate":"https:\/\/fmgente.com.ar\/web\/?s={search_term_string}"},"query-input":{"@type":"PropertyValueSpecification","valueRequired":true,"valueName":"search_term_string"}}],"inLanguage":"es"},{"@type":"Organization","@id":"https:\/\/fmgente.com.ar\/web\/#organization","name":"Fm Gente","url":"https:\/\/fmgente.com.ar\/web\/","logo":{"@type":"ImageObject","inLanguage":"es","@id":"https:\/\/fmgente.com.ar\/web\/#\/schema\/logo\/image\/","url":"https:\/\/fmgente.com.ar\/web\/wp-content\/uploads\/2023\/07\/cropped-cropped-logo-sombra2.png","contentUrl":"https:\/\/fmgente.com.ar\/web\/wp-content\/uploads\/2023\/07\/cropped-cropped-logo-sombra2.png","width":1782,"height":1782,"caption":"Fm Gente"},"image":{"@id":"https:\/\/fmgente.com.ar\/web\/#\/schema\/logo\/image\/"}}]}},"_links":{"self":[{"href":"https:\/\/fmgente.com.ar\/web\/wp-json\/wp\/v2\/posts\/14510","targetHints":{"allow":["GET"]}}],"collection":[{"href":"https:\/\/fmgente.com.ar\/web\/wp-json\/wp\/v2\/posts"}],"about":[{"href":"https:\/\/fmgente.com.ar\/web\/wp-json\/wp\/v2\/types\/post"}],"replies":[{"embeddable":true,"href":"https:\/\/fmgente.com.ar\/web\/wp-json\/wp\/v2\/comments?post=14510"}],"version-history":[{"count":0,"href":"https:\/\/fmgente.com.ar\/web\/wp-json\/wp\/v2\/posts\/14510\/revisions"}],"wp:featuredmedia":[{"embeddable":true,"href":"https:\/\/fmgente.com.ar\/web\/wp-json\/wp\/v2\/media\/14511"}],"wp:attachment":[{"href":"https:\/\/fmgente.com.ar\/web\/wp-json\/wp\/v2\/media?parent=14510"}],"wp:term":[{"taxonomy":"category","embeddable":true,"href":"https:\/\/fmgente.com.ar\/web\/wp-json\/wp\/v2\/categories?post=14510"},{"taxonomy":"post_tag","embeddable":true,"href":"https:\/\/fmgente.com.ar\/web\/wp-json\/wp\/v2\/tags?post=14510"}],"curies":[{"name":"wp","href":"https:\/\/api.w.org\/{rel}","templated":true}]}}