{"id":14506,"date":"2026-03-06T22:05:03","date_gmt":"2026-03-07T01:05:03","guid":{"rendered":"https:\/\/fmgente.com.ar\/web\/promulgada-la-reforma-laboral-advertencia-gremial-de-que-en-anses-se-vienen-2-500-cesantias\/"},"modified":"2026-03-06T22:05:03","modified_gmt":"2026-03-07T01:05:03","slug":"promulgada-la-reforma-laboral-advertencia-gremial-de-que-en-anses-se-vienen-2-500-cesantias","status":"publish","type":"post","link":"https:\/\/fmgente.com.ar\/web\/promulgada-la-reforma-laboral-advertencia-gremial-de-que-en-anses-se-vienen-2-500-cesantias\/","title":{"rendered":"Promulgada la reforma laboral, advertencia gremial de que en ANSES se vienen 2.500 cesant\u00edas"},"content":{"rendered":"<p>Buenos Aires, 6 marzo (NA) \u2013 Ni bien termin\u00f3 de promulgarse la Ley de Modernizaci\u00f3n Laboral, comenzaron a circular dentro de ANSES supuestos planes de achicamiento de personal, que fuentes gremiales redondean en 2.500 bajas.<\/p>\n<p>El trascendido difundido en la noche del jueves hablaba de 2.400 cesant\u00edas y 1.000 jubilaciones anticipadas, m\u00e1s 400 empleados que est\u00e1n de licencia m\u00e9dica, seg\u00fan recab\u00f3 la Agencia Noticias Argentinas.<\/p>\n<p>Se menciona que, en los pr\u00f3ximos d\u00edas, ser\u00eda ofrecida una f\u00f3rmula de retiro voluntario hasta 62 a\u00f1os, con 25 de tope de antig\u00fcedad, al 90 % del sueldo bruto sin ganancias y en 1 cuota.<\/p>\n<p>\u201cVamos a ver si con estas medidas tambi\u00e9n obligan a jubilarse a los directores que ya recontra pasaron los requisitos y nunca se van\u201d, se esperanza el personal que se siente amenazado por la racionalizaci\u00f3n en ciernes.   <\/p>\n<p>A\u00fan no est\u00e1 claro c\u00f3mo se cubrir\u00e1 la contingencia de gente desocupada que no tiene la edad jubilatoria pero cuenta con aportes. <\/p>\n<p>LA PUAM EN OBSERVACI\u00d3N<\/p>\n<p>La Pensi\u00f3n Universal para el Adulto Mayor (PUAM) alcanza a mayores de 65 a\u00f1os que no cuentan con ninguna jubilaci\u00f3n ni pensi\u00f3n, y le representa el 80% de una m\u00ednima, que se actualiza por movilidad. <\/p>\n<p>Cuenta con cobertura de salud y servicios de PAMI y pueden acceder al cobro de asignaciones familiares.<\/p>\n<p>La objeci\u00f3n que se le hace es que da igual trato al que tiene aportes incompletos con el que no tiene ninguno, por ejemplo, un extranjero. <\/p>\n<p>En las redes sociales, dirigentes del Sindicato de trabajadores de la ANSES (SECASFPI) desplegaron este viernes los n\u00fameros que tomaron estado p\u00fablico, aunque sin confirmaci\u00f3n, y denunciaron un proceso de \u00abdesgaste institucional\u00bb.<\/p>\n<p>Cuestionaron, asimismo la reforma laboral, que abre las puertas a esas cesant\u00edas y advirtieron sobre una p\u00e9rdida de derechos para los trabajadores.<\/p>\n<p>El secretario gremial Carlos Ortega detall\u00f3: \u00abSoy un sobreviviente de los noventa, y se est\u00e1 gestando un proceso similar: primero desgastan el organismo desde la burocracia, donde nos dicen \u2018sacamos esta oficina, ya no hacemos esto, ya no hacemos lo otro\u2019 y con eso lo van limando\u00bb.<\/p>\n<p>LAS UDAI, DESIERTAS<\/p>\n<p>En ese sentido, las oficinas exteriores donde funcionaban las Unidades de Atenci\u00f3n Integral (UDAI), que canalizaban los tr\u00e1mites presenciales, quedaron vac\u00edas a partir de que se dejaron de gestionar jubilaciones por la ley de moratoria no prorrogada, y casi como que no tienen trabajo.<\/p>\n<p>En t\u00e9rminos generales, si bien no s\u00e9 renovaron muchos contratos, en ANSES sigue siendo importante la cantidad de gente que contin\u00faa bajo ese tipo de relaci\u00f3n laboral.<\/p>\n<p>En el interior de los edificios, arreciaron hoy las versiones y sembraron inquietud en la gente, que buscaba alguna informaci\u00f3n que manejaran los delegados gremiales. \u201cAlgo se viene\u201d, obten\u00edan como respuesta.<\/p>\n<p>\u201cC\u00f3mo nos regimos por la Ley de Contrato de Trabajo era obvio que primero hab\u00eda que esperar la reforma laboral para despedir\u201d, reflexionaban.<\/p>\n<p>EL RUNR\u00daN \u00cdNTIMO<\/p>\n<p>Se da por segura la existencia de un decreto que est\u00e1 a la firma en la Jefatura de Gabinete, por el cual los cambiar\u00edan al r\u00e9gimen de los ministerios, que como la mayor\u00eda del sector p\u00fablico se acoge al Sistema Nacional de Empleo P\u00fablico (SINEP) y no a la Ley de Contrato de Trabajo, como encuadra ANSES.<\/p>\n<p>La secuencia parece marcar un camino que empieza con una redefinici\u00f3n legal del organismo, si sale de la \u00f3rbita actual donde se lo tiene como contrato por tiempo indeterminado, aplic\u00e1ndose esta norma junto con el Convenio Colectivo de Trabajo, y se lo somete a la ley de ministerios.<\/p>\n<p>La dimensi\u00f3n del achicamiento estar\u00e1 dada por el alcance que tendr\u00e1 la reforma previsional que se viene en la estructura del organismo, de cu\u00e1ntas tareas retendr\u00e1 y cu\u00e1ntas ser\u00e1n transferidas a la \u00f3rbita privada.<\/p>\n<p>Actualmente, dentro del sistema que administra hay poco m\u00e1s de 6,03 millones de jubilados y pensionados, seg\u00fan datos del bolet\u00edn estad\u00edstico de la Subsecretar\u00eda de Seguridad Social.<\/p>\n<p>Inclusive se especula con que en lo que quede de ANSES sea incorporado personal nuevo para completar la grilla.<\/p>\n<p>El achicamiento neto seguramente ser\u00e1 coordinado con la reforma previsional resultante, el retorno al sistema privado de retiros, cambios en el sistema PUAM y la extensi\u00f3n de la edad jubilatoria.<\/p>\n<p>#AgenciaNA<\/p>\n","protected":false},"excerpt":{"rendered":"<p>Buenos Aires, 6 marzo (NA) \u2013 Ni bien termin\u00f3 de promulgarse la Ley de Modernizaci\u00f3n<\/p>\n","protected":false},"author":0,"featured_media":14507,"comment_status":"","ping_status":"","sticky":false,"template":"","format":"standard","meta":{"footnotes":""},"categories":[11],"tags":[],"class_list":["post-14506","post","type-post","status-publish","format-standard","has-post-thumbnail","hentry","category-destacadas"],"yoast_head":"<!-- This site is optimized with the Yoast SEO plugin v27.4 - https:\/\/yoast.com\/product\/yoast-seo-wordpress\/ -->\n<title>Promulgada la reforma laboral, advertencia gremial de que en ANSES se vienen 2.500 cesant\u00edas - Fm Gente<\/title>\n<meta name=\"robots\" content=\"index, follow, max-snippet:-1, max-image-preview:large, max-video-preview:-1\" \/>\n<link rel=\"canonical\" href=\"https:\/\/fmgente.com.ar\/web\/promulgada-la-reforma-laboral-advertencia-gremial-de-que-en-anses-se-vienen-2-500-cesantias\/\" \/>\n<meta property=\"og:locale\" content=\"es_ES\" \/>\n<meta property=\"og:type\" content=\"article\" \/>\n<meta property=\"og:title\" content=\"Promulgada la reforma laboral, advertencia gremial de que en ANSES se vienen 2.500 cesant\u00edas - Fm Gente\" \/>\n<meta property=\"og:description\" content=\"Buenos Aires, 6 marzo (NA) \u2013 Ni bien termin\u00f3 de promulgarse la Ley de Modernizaci\u00f3n\" \/>\n<meta property=\"og:url\" content=\"https:\/\/fmgente.com.ar\/web\/promulgada-la-reforma-laboral-advertencia-gremial-de-que-en-anses-se-vienen-2-500-cesantias\/\" \/>\n<meta property=\"og:site_name\" content=\"Fm Gente\" \/>\n<meta property=\"article:published_time\" content=\"2026-03-07T01:05:03+00:00\" \/>\n<meta name=\"twitter:card\" content=\"summary_large_image\" \/>\n<meta name=\"twitter:label1\" content=\"Tiempo de lectura\" \/>\n\t<meta name=\"twitter:data1\" content=\"4 minutos\" \/>\n<script type=\"application\/ld+json\" class=\"yoast-schema-graph\">{\"@context\":\"https:\\\/\\\/schema.org\",\"@graph\":[{\"@type\":\"Article\",\"@id\":\"https:\\\/\\\/fmgente.com.ar\\\/web\\\/promulgada-la-reforma-laboral-advertencia-gremial-de-que-en-anses-se-vienen-2-500-cesantias\\\/#article\",\"isPartOf\":{\"@id\":\"https:\\\/\\\/fmgente.com.ar\\\/web\\\/promulgada-la-reforma-laboral-advertencia-gremial-de-que-en-anses-se-vienen-2-500-cesantias\\\/\"},\"author\":{\"name\":\"\",\"@id\":\"\"},\"headline\":\"Promulgada la reforma laboral, advertencia gremial de que en ANSES se vienen 2.500 cesant\u00edas\",\"datePublished\":\"2026-03-07T01:05:03+00:00\",\"mainEntityOfPage\":{\"@id\":\"https:\\\/\\\/fmgente.com.ar\\\/web\\\/promulgada-la-reforma-laboral-advertencia-gremial-de-que-en-anses-se-vienen-2-500-cesantias\\\/\"},\"wordCount\":745,\"publisher\":{\"@id\":\"https:\\\/\\\/fmgente.com.ar\\\/web\\\/#organization\"},\"image\":{\"@id\":\"https:\\\/\\\/fmgente.com.ar\\\/web\\\/promulgada-la-reforma-laboral-advertencia-gremial-de-que-en-anses-se-vienen-2-500-cesantias\\\/#primaryimage\"},\"thumbnailUrl\":\"https:\\\/\\\/fmgente.com.ar\\\/web\\\/wp-content\\\/uploads\\\/2026\\\/03\\\/720-376.jpeg\",\"articleSection\":[\"DESTACADAS\"],\"inLanguage\":\"es\"},{\"@type\":\"WebPage\",\"@id\":\"https:\\\/\\\/fmgente.com.ar\\\/web\\\/promulgada-la-reforma-laboral-advertencia-gremial-de-que-en-anses-se-vienen-2-500-cesantias\\\/\",\"url\":\"https:\\\/\\\/fmgente.com.ar\\\/web\\\/promulgada-la-reforma-laboral-advertencia-gremial-de-que-en-anses-se-vienen-2-500-cesantias\\\/\",\"name\":\"Promulgada la reforma laboral, advertencia gremial de que en ANSES se vienen 2.500 cesant\u00edas - Fm Gente\",\"isPartOf\":{\"@id\":\"https:\\\/\\\/fmgente.com.ar\\\/web\\\/#website\"},\"primaryImageOfPage\":{\"@id\":\"https:\\\/\\\/fmgente.com.ar\\\/web\\\/promulgada-la-reforma-laboral-advertencia-gremial-de-que-en-anses-se-vienen-2-500-cesantias\\\/#primaryimage\"},\"image\":{\"@id\":\"https:\\\/\\\/fmgente.com.ar\\\/web\\\/promulgada-la-reforma-laboral-advertencia-gremial-de-que-en-anses-se-vienen-2-500-cesantias\\\/#primaryimage\"},\"thumbnailUrl\":\"https:\\\/\\\/fmgente.com.ar\\\/web\\\/wp-content\\\/uploads\\\/2026\\\/03\\\/720-376.jpeg\",\"datePublished\":\"2026-03-07T01:05:03+00:00\",\"inLanguage\":\"es\",\"potentialAction\":[{\"@type\":\"ReadAction\",\"target\":[\"https:\\\/\\\/fmgente.com.ar\\\/web\\\/promulgada-la-reforma-laboral-advertencia-gremial-de-que-en-anses-se-vienen-2-500-cesantias\\\/\"]}]},{\"@type\":\"ImageObject\",\"inLanguage\":\"es\",\"@id\":\"https:\\\/\\\/fmgente.com.ar\\\/web\\\/promulgada-la-reforma-laboral-advertencia-gremial-de-que-en-anses-se-vienen-2-500-cesantias\\\/#primaryimage\",\"url\":\"https:\\\/\\\/fmgente.com.ar\\\/web\\\/wp-content\\\/uploads\\\/2026\\\/03\\\/720-376.jpeg\",\"contentUrl\":\"https:\\\/\\\/fmgente.com.ar\\\/web\\\/wp-content\\\/uploads\\\/2026\\\/03\\\/720-376.jpeg\",\"width\":1080,\"height\":720},{\"@type\":\"WebSite\",\"@id\":\"https:\\\/\\\/fmgente.com.ar\\\/web\\\/#website\",\"url\":\"https:\\\/\\\/fmgente.com.ar\\\/web\\\/\",\"name\":\"Fm Gente\",\"description\":\"- Jes\u00fas Mar\u00eda\",\"publisher\":{\"@id\":\"https:\\\/\\\/fmgente.com.ar\\\/web\\\/#organization\"},\"potentialAction\":[{\"@type\":\"SearchAction\",\"target\":{\"@type\":\"EntryPoint\",\"urlTemplate\":\"https:\\\/\\\/fmgente.com.ar\\\/web\\\/?s={search_term_string}\"},\"query-input\":{\"@type\":\"PropertyValueSpecification\",\"valueRequired\":true,\"valueName\":\"search_term_string\"}}],\"inLanguage\":\"es\"},{\"@type\":\"Organization\",\"@id\":\"https:\\\/\\\/fmgente.com.ar\\\/web\\\/#organization\",\"name\":\"Fm Gente\",\"url\":\"https:\\\/\\\/fmgente.com.ar\\\/web\\\/\",\"logo\":{\"@type\":\"ImageObject\",\"inLanguage\":\"es\",\"@id\":\"https:\\\/\\\/fmgente.com.ar\\\/web\\\/#\\\/schema\\\/logo\\\/image\\\/\",\"url\":\"https:\\\/\\\/fmgente.com.ar\\\/web\\\/wp-content\\\/uploads\\\/2023\\\/07\\\/cropped-cropped-logo-sombra2.png\",\"contentUrl\":\"https:\\\/\\\/fmgente.com.ar\\\/web\\\/wp-content\\\/uploads\\\/2023\\\/07\\\/cropped-cropped-logo-sombra2.png\",\"width\":1782,\"height\":1782,\"caption\":\"Fm Gente\"},\"image\":{\"@id\":\"https:\\\/\\\/fmgente.com.ar\\\/web\\\/#\\\/schema\\\/logo\\\/image\\\/\"}}]}<\/script>\n<!-- \/ Yoast SEO plugin. -->","yoast_head_json":{"title":"Promulgada la reforma laboral, advertencia gremial de que en ANSES se vienen 2.500 cesant\u00edas - Fm Gente","robots":{"index":"index","follow":"follow","max-snippet":"max-snippet:-1","max-image-preview":"max-image-preview:large","max-video-preview":"max-video-preview:-1"},"canonical":"https:\/\/fmgente.com.ar\/web\/promulgada-la-reforma-laboral-advertencia-gremial-de-que-en-anses-se-vienen-2-500-cesantias\/","og_locale":"es_ES","og_type":"article","og_title":"Promulgada la reforma laboral, advertencia gremial de que en ANSES se vienen 2.500 cesant\u00edas - Fm Gente","og_description":"Buenos Aires, 6 marzo (NA) \u2013 Ni bien termin\u00f3 de promulgarse la Ley de Modernizaci\u00f3n","og_url":"https:\/\/fmgente.com.ar\/web\/promulgada-la-reforma-laboral-advertencia-gremial-de-que-en-anses-se-vienen-2-500-cesantias\/","og_site_name":"Fm Gente","article_published_time":"2026-03-07T01:05:03+00:00","twitter_card":"summary_large_image","twitter_misc":{"Tiempo de lectura":"4 minutos"},"schema":{"@context":"https:\/\/schema.org","@graph":[{"@type":"Article","@id":"https:\/\/fmgente.com.ar\/web\/promulgada-la-reforma-laboral-advertencia-gremial-de-que-en-anses-se-vienen-2-500-cesantias\/#article","isPartOf":{"@id":"https:\/\/fmgente.com.ar\/web\/promulgada-la-reforma-laboral-advertencia-gremial-de-que-en-anses-se-vienen-2-500-cesantias\/"},"author":{"name":"","@id":""},"headline":"Promulgada la reforma laboral, advertencia gremial de que en ANSES se vienen 2.500 cesant\u00edas","datePublished":"2026-03-07T01:05:03+00:00","mainEntityOfPage":{"@id":"https:\/\/fmgente.com.ar\/web\/promulgada-la-reforma-laboral-advertencia-gremial-de-que-en-anses-se-vienen-2-500-cesantias\/"},"wordCount":745,"publisher":{"@id":"https:\/\/fmgente.com.ar\/web\/#organization"},"image":{"@id":"https:\/\/fmgente.com.ar\/web\/promulgada-la-reforma-laboral-advertencia-gremial-de-que-en-anses-se-vienen-2-500-cesantias\/#primaryimage"},"thumbnailUrl":"https:\/\/fmgente.com.ar\/web\/wp-content\/uploads\/2026\/03\/720-376.jpeg","articleSection":["DESTACADAS"],"inLanguage":"es"},{"@type":"WebPage","@id":"https:\/\/fmgente.com.ar\/web\/promulgada-la-reforma-laboral-advertencia-gremial-de-que-en-anses-se-vienen-2-500-cesantias\/","url":"https:\/\/fmgente.com.ar\/web\/promulgada-la-reforma-laboral-advertencia-gremial-de-que-en-anses-se-vienen-2-500-cesantias\/","name":"Promulgada la reforma laboral, advertencia gremial de que en ANSES se vienen 2.500 cesant\u00edas - Fm Gente","isPartOf":{"@id":"https:\/\/fmgente.com.ar\/web\/#website"},"primaryImageOfPage":{"@id":"https:\/\/fmgente.com.ar\/web\/promulgada-la-reforma-laboral-advertencia-gremial-de-que-en-anses-se-vienen-2-500-cesantias\/#primaryimage"},"image":{"@id":"https:\/\/fmgente.com.ar\/web\/promulgada-la-reforma-laboral-advertencia-gremial-de-que-en-anses-se-vienen-2-500-cesantias\/#primaryimage"},"thumbnailUrl":"https:\/\/fmgente.com.ar\/web\/wp-content\/uploads\/2026\/03\/720-376.jpeg","datePublished":"2026-03-07T01:05:03+00:00","inLanguage":"es","potentialAction":[{"@type":"ReadAction","target":["https:\/\/fmgente.com.ar\/web\/promulgada-la-reforma-laboral-advertencia-gremial-de-que-en-anses-se-vienen-2-500-cesantias\/"]}]},{"@type":"ImageObject","inLanguage":"es","@id":"https:\/\/fmgente.com.ar\/web\/promulgada-la-reforma-laboral-advertencia-gremial-de-que-en-anses-se-vienen-2-500-cesantias\/#primaryimage","url":"https:\/\/fmgente.com.ar\/web\/wp-content\/uploads\/2026\/03\/720-376.jpeg","contentUrl":"https:\/\/fmgente.com.ar\/web\/wp-content\/uploads\/2026\/03\/720-376.jpeg","width":1080,"height":720},{"@type":"WebSite","@id":"https:\/\/fmgente.com.ar\/web\/#website","url":"https:\/\/fmgente.com.ar\/web\/","name":"Fm Gente","description":"- Jes\u00fas Mar\u00eda","publisher":{"@id":"https:\/\/fmgente.com.ar\/web\/#organization"},"potentialAction":[{"@type":"SearchAction","target":{"@type":"EntryPoint","urlTemplate":"https:\/\/fmgente.com.ar\/web\/?s={search_term_string}"},"query-input":{"@type":"PropertyValueSpecification","valueRequired":true,"valueName":"search_term_string"}}],"inLanguage":"es"},{"@type":"Organization","@id":"https:\/\/fmgente.com.ar\/web\/#organization","name":"Fm Gente","url":"https:\/\/fmgente.com.ar\/web\/","logo":{"@type":"ImageObject","inLanguage":"es","@id":"https:\/\/fmgente.com.ar\/web\/#\/schema\/logo\/image\/","url":"https:\/\/fmgente.com.ar\/web\/wp-content\/uploads\/2023\/07\/cropped-cropped-logo-sombra2.png","contentUrl":"https:\/\/fmgente.com.ar\/web\/wp-content\/uploads\/2023\/07\/cropped-cropped-logo-sombra2.png","width":1782,"height":1782,"caption":"Fm Gente"},"image":{"@id":"https:\/\/fmgente.com.ar\/web\/#\/schema\/logo\/image\/"}}]}},"_links":{"self":[{"href":"https:\/\/fmgente.com.ar\/web\/wp-json\/wp\/v2\/posts\/14506","targetHints":{"allow":["GET"]}}],"collection":[{"href":"https:\/\/fmgente.com.ar\/web\/wp-json\/wp\/v2\/posts"}],"about":[{"href":"https:\/\/fmgente.com.ar\/web\/wp-json\/wp\/v2\/types\/post"}],"replies":[{"embeddable":true,"href":"https:\/\/fmgente.com.ar\/web\/wp-json\/wp\/v2\/comments?post=14506"}],"version-history":[{"count":0,"href":"https:\/\/fmgente.com.ar\/web\/wp-json\/wp\/v2\/posts\/14506\/revisions"}],"wp:featuredmedia":[{"embeddable":true,"href":"https:\/\/fmgente.com.ar\/web\/wp-json\/wp\/v2\/media\/14507"}],"wp:attachment":[{"href":"https:\/\/fmgente.com.ar\/web\/wp-json\/wp\/v2\/media?parent=14506"}],"wp:term":[{"taxonomy":"category","embeddable":true,"href":"https:\/\/fmgente.com.ar\/web\/wp-json\/wp\/v2\/categories?post=14506"},{"taxonomy":"post_tag","embeddable":true,"href":"https:\/\/fmgente.com.ar\/web\/wp-json\/wp\/v2\/tags?post=14506"}],"curies":[{"name":"wp","href":"https:\/\/api.w.org\/{rel}","templated":true}]}}