{"id":14500,"date":"2026-03-06T18:04:58","date_gmt":"2026-03-06T21:04:58","guid":{"rendered":"https:\/\/fmgente.com.ar\/web\/cerca-de-24-000-ciudadanos-de-ee-uu-regresaron-a-su-pais-desde-medio-oriente-tras-el-inicio-del-conflicto\/"},"modified":"2026-03-06T18:04:58","modified_gmt":"2026-03-06T21:04:58","slug":"cerca-de-24-000-ciudadanos-de-ee-uu-regresaron-a-su-pais-desde-medio-oriente-tras-el-inicio-del-conflicto","status":"publish","type":"post","link":"https:\/\/fmgente.com.ar\/web\/cerca-de-24-000-ciudadanos-de-ee-uu-regresaron-a-su-pais-desde-medio-oriente-tras-el-inicio-del-conflicto\/","title":{"rendered":"Cerca de 24.000 ciudadanos de EE. UU. regresaron a su pa\u00eds desde Medio Oriente tras el inicio del conflicto"},"content":{"rendered":"<p>Buenos Aires, 6 marzo (NA) \u2013 El Departamento de Estado de los Estados Unidos asegur\u00f3 que cerca de 24.000 ciudadanos estadounidenses regresaron al pa\u00eds desde Medio Oriente desde que iniciaron los ataques militares contra Ir\u00e1n el 28 de febrero pasado.<\/p>\n<p>La cifra no incluye a muchos ciudadanos estadounidenses que se han reubicado en otros pa\u00edses ni a quienes salieron de Medio Oriente, pero siguen en tr\u00e1nsito de regreso a Estados Unidos, dijo en departamento en una declaraci\u00f3n.<\/p>\n<p>Varios vuelos han regresado a cientos de ciudadanos estadounidenses a Estados Unidos y para los pr\u00f3ximos d\u00edas se han programado vuelos adicionales dependiendo de las condiciones de seguridad, indic\u00f3 la declaraci\u00f3n, seg\u00fan supo la Agencia Noticias Argentinas.<\/p>\n<p>La mayor\u00eda de los 24.000 estadounidenses pudieron regresar por sus propios medios utilizando transporte comercial, informaron medios.<\/p>\n<p>La administraci\u00f3n Trump fue criticada por no organizar oportunamente la evacuaci\u00f3n de los ciudadanos estadounidenses en medio de la intensificaci\u00f3n del conflicto.<\/p>\n<p>En redes sociales, muchos ciudadanos estadounidenses varados indicaron que se han encontrado con aeropuertos cerrados, vuelos cancelados y lo que describieron como una orientaci\u00f3n preocupante y poco clara por parte del Gobierno de Estados Unidos, al momento de tratar de encontrar medios para abandonar la regi\u00f3n. #AgenciaNA<\/p>\n","protected":false},"excerpt":{"rendered":"<p>Buenos Aires, 6 marzo (NA) \u2013 El Departamento de Estado de los Estados Unidos asegur\u00f3<\/p>\n","protected":false},"author":0,"featured_media":14501,"comment_status":"","ping_status":"","sticky":false,"template":"","format":"standard","meta":{"footnotes":""},"categories":[11],"tags":[],"class_list":["post-14500","post","type-post","status-publish","format-standard","has-post-thumbnail","hentry","category-destacadas"],"yoast_head":"<!-- This site is optimized with the Yoast SEO plugin v27.4 - https:\/\/yoast.com\/product\/yoast-seo-wordpress\/ -->\n<title>Cerca de 24.000 ciudadanos de EE. UU. regresaron a su pa\u00eds desde Medio Oriente tras el inicio del conflicto - Fm Gente<\/title>\n<meta name=\"robots\" content=\"index, follow, max-snippet:-1, max-image-preview:large, max-video-preview:-1\" \/>\n<link rel=\"canonical\" href=\"https:\/\/fmgente.com.ar\/web\/cerca-de-24-000-ciudadanos-de-ee-uu-regresaron-a-su-pais-desde-medio-oriente-tras-el-inicio-del-conflicto\/\" \/>\n<meta property=\"og:locale\" content=\"es_ES\" \/>\n<meta property=\"og:type\" content=\"article\" \/>\n<meta property=\"og:title\" content=\"Cerca de 24.000 ciudadanos de EE. UU. regresaron a su pa\u00eds desde Medio Oriente tras el inicio del conflicto - Fm Gente\" \/>\n<meta property=\"og:description\" content=\"Buenos Aires, 6 marzo (NA) \u2013 El Departamento de Estado de los Estados Unidos asegur\u00f3\" \/>\n<meta property=\"og:url\" content=\"https:\/\/fmgente.com.ar\/web\/cerca-de-24-000-ciudadanos-de-ee-uu-regresaron-a-su-pais-desde-medio-oriente-tras-el-inicio-del-conflicto\/\" \/>\n<meta property=\"og:site_name\" content=\"Fm Gente\" \/>\n<meta property=\"article:published_time\" content=\"2026-03-06T21:04:58+00:00\" \/>\n<meta name=\"twitter:card\" content=\"summary_large_image\" \/>\n<meta name=\"twitter:label1\" content=\"Tiempo de lectura\" \/>\n\t<meta name=\"twitter:data1\" content=\"1 minuto\" \/>\n<script type=\"application\/ld+json\" class=\"yoast-schema-graph\">{\"@context\":\"https:\\\/\\\/schema.org\",\"@graph\":[{\"@type\":\"Article\",\"@id\":\"https:\\\/\\\/fmgente.com.ar\\\/web\\\/cerca-de-24-000-ciudadanos-de-ee-uu-regresaron-a-su-pais-desde-medio-oriente-tras-el-inicio-del-conflicto\\\/#article\",\"isPartOf\":{\"@id\":\"https:\\\/\\\/fmgente.com.ar\\\/web\\\/cerca-de-24-000-ciudadanos-de-ee-uu-regresaron-a-su-pais-desde-medio-oriente-tras-el-inicio-del-conflicto\\\/\"},\"author\":{\"name\":\"\",\"@id\":\"\"},\"headline\":\"Cerca de 24.000 ciudadanos de EE. UU. regresaron a su pa\u00eds desde Medio Oriente tras el inicio del conflicto\",\"datePublished\":\"2026-03-06T21:04:58+00:00\",\"mainEntityOfPage\":{\"@id\":\"https:\\\/\\\/fmgente.com.ar\\\/web\\\/cerca-de-24-000-ciudadanos-de-ee-uu-regresaron-a-su-pais-desde-medio-oriente-tras-el-inicio-del-conflicto\\\/\"},\"wordCount\":229,\"publisher\":{\"@id\":\"https:\\\/\\\/fmgente.com.ar\\\/web\\\/#organization\"},\"image\":{\"@id\":\"https:\\\/\\\/fmgente.com.ar\\\/web\\\/cerca-de-24-000-ciudadanos-de-ee-uu-regresaron-a-su-pais-desde-medio-oriente-tras-el-inicio-del-conflicto\\\/#primaryimage\"},\"thumbnailUrl\":\"https:\\\/\\\/fmgente.com.ar\\\/web\\\/wp-content\\\/uploads\\\/2026\\\/03\\\/720-374.jpeg\",\"articleSection\":[\"DESTACADAS\"],\"inLanguage\":\"es\"},{\"@type\":\"WebPage\",\"@id\":\"https:\\\/\\\/fmgente.com.ar\\\/web\\\/cerca-de-24-000-ciudadanos-de-ee-uu-regresaron-a-su-pais-desde-medio-oriente-tras-el-inicio-del-conflicto\\\/\",\"url\":\"https:\\\/\\\/fmgente.com.ar\\\/web\\\/cerca-de-24-000-ciudadanos-de-ee-uu-regresaron-a-su-pais-desde-medio-oriente-tras-el-inicio-del-conflicto\\\/\",\"name\":\"Cerca de 24.000 ciudadanos de EE. UU. regresaron a su pa\u00eds desde Medio Oriente tras el inicio del conflicto - Fm Gente\",\"isPartOf\":{\"@id\":\"https:\\\/\\\/fmgente.com.ar\\\/web\\\/#website\"},\"primaryImageOfPage\":{\"@id\":\"https:\\\/\\\/fmgente.com.ar\\\/web\\\/cerca-de-24-000-ciudadanos-de-ee-uu-regresaron-a-su-pais-desde-medio-oriente-tras-el-inicio-del-conflicto\\\/#primaryimage\"},\"image\":{\"@id\":\"https:\\\/\\\/fmgente.com.ar\\\/web\\\/cerca-de-24-000-ciudadanos-de-ee-uu-regresaron-a-su-pais-desde-medio-oriente-tras-el-inicio-del-conflicto\\\/#primaryimage\"},\"thumbnailUrl\":\"https:\\\/\\\/fmgente.com.ar\\\/web\\\/wp-content\\\/uploads\\\/2026\\\/03\\\/720-374.jpeg\",\"datePublished\":\"2026-03-06T21:04:58+00:00\",\"inLanguage\":\"es\",\"potentialAction\":[{\"@type\":\"ReadAction\",\"target\":[\"https:\\\/\\\/fmgente.com.ar\\\/web\\\/cerca-de-24-000-ciudadanos-de-ee-uu-regresaron-a-su-pais-desde-medio-oriente-tras-el-inicio-del-conflicto\\\/\"]}]},{\"@type\":\"ImageObject\",\"inLanguage\":\"es\",\"@id\":\"https:\\\/\\\/fmgente.com.ar\\\/web\\\/cerca-de-24-000-ciudadanos-de-ee-uu-regresaron-a-su-pais-desde-medio-oriente-tras-el-inicio-del-conflicto\\\/#primaryimage\",\"url\":\"https:\\\/\\\/fmgente.com.ar\\\/web\\\/wp-content\\\/uploads\\\/2026\\\/03\\\/720-374.jpeg\",\"contentUrl\":\"https:\\\/\\\/fmgente.com.ar\\\/web\\\/wp-content\\\/uploads\\\/2026\\\/03\\\/720-374.jpeg\",\"width\":1081,\"height\":720},{\"@type\":\"WebSite\",\"@id\":\"https:\\\/\\\/fmgente.com.ar\\\/web\\\/#website\",\"url\":\"https:\\\/\\\/fmgente.com.ar\\\/web\\\/\",\"name\":\"Fm Gente\",\"description\":\"- Jes\u00fas Mar\u00eda\",\"publisher\":{\"@id\":\"https:\\\/\\\/fmgente.com.ar\\\/web\\\/#organization\"},\"potentialAction\":[{\"@type\":\"SearchAction\",\"target\":{\"@type\":\"EntryPoint\",\"urlTemplate\":\"https:\\\/\\\/fmgente.com.ar\\\/web\\\/?s={search_term_string}\"},\"query-input\":{\"@type\":\"PropertyValueSpecification\",\"valueRequired\":true,\"valueName\":\"search_term_string\"}}],\"inLanguage\":\"es\"},{\"@type\":\"Organization\",\"@id\":\"https:\\\/\\\/fmgente.com.ar\\\/web\\\/#organization\",\"name\":\"Fm Gente\",\"url\":\"https:\\\/\\\/fmgente.com.ar\\\/web\\\/\",\"logo\":{\"@type\":\"ImageObject\",\"inLanguage\":\"es\",\"@id\":\"https:\\\/\\\/fmgente.com.ar\\\/web\\\/#\\\/schema\\\/logo\\\/image\\\/\",\"url\":\"https:\\\/\\\/fmgente.com.ar\\\/web\\\/wp-content\\\/uploads\\\/2023\\\/07\\\/cropped-cropped-logo-sombra2.png\",\"contentUrl\":\"https:\\\/\\\/fmgente.com.ar\\\/web\\\/wp-content\\\/uploads\\\/2023\\\/07\\\/cropped-cropped-logo-sombra2.png\",\"width\":1782,\"height\":1782,\"caption\":\"Fm Gente\"},\"image\":{\"@id\":\"https:\\\/\\\/fmgente.com.ar\\\/web\\\/#\\\/schema\\\/logo\\\/image\\\/\"}}]}<\/script>\n<!-- \/ Yoast SEO plugin. -->","yoast_head_json":{"title":"Cerca de 24.000 ciudadanos de EE. UU. regresaron a su pa\u00eds desde Medio Oriente tras el inicio del conflicto - Fm Gente","robots":{"index":"index","follow":"follow","max-snippet":"max-snippet:-1","max-image-preview":"max-image-preview:large","max-video-preview":"max-video-preview:-1"},"canonical":"https:\/\/fmgente.com.ar\/web\/cerca-de-24-000-ciudadanos-de-ee-uu-regresaron-a-su-pais-desde-medio-oriente-tras-el-inicio-del-conflicto\/","og_locale":"es_ES","og_type":"article","og_title":"Cerca de 24.000 ciudadanos de EE. UU. regresaron a su pa\u00eds desde Medio Oriente tras el inicio del conflicto - Fm Gente","og_description":"Buenos Aires, 6 marzo (NA) \u2013 El Departamento de Estado de los Estados Unidos asegur\u00f3","og_url":"https:\/\/fmgente.com.ar\/web\/cerca-de-24-000-ciudadanos-de-ee-uu-regresaron-a-su-pais-desde-medio-oriente-tras-el-inicio-del-conflicto\/","og_site_name":"Fm Gente","article_published_time":"2026-03-06T21:04:58+00:00","twitter_card":"summary_large_image","twitter_misc":{"Tiempo de lectura":"1 minuto"},"schema":{"@context":"https:\/\/schema.org","@graph":[{"@type":"Article","@id":"https:\/\/fmgente.com.ar\/web\/cerca-de-24-000-ciudadanos-de-ee-uu-regresaron-a-su-pais-desde-medio-oriente-tras-el-inicio-del-conflicto\/#article","isPartOf":{"@id":"https:\/\/fmgente.com.ar\/web\/cerca-de-24-000-ciudadanos-de-ee-uu-regresaron-a-su-pais-desde-medio-oriente-tras-el-inicio-del-conflicto\/"},"author":{"name":"","@id":""},"headline":"Cerca de 24.000 ciudadanos de EE. UU. regresaron a su pa\u00eds desde Medio Oriente tras el inicio del conflicto","datePublished":"2026-03-06T21:04:58+00:00","mainEntityOfPage":{"@id":"https:\/\/fmgente.com.ar\/web\/cerca-de-24-000-ciudadanos-de-ee-uu-regresaron-a-su-pais-desde-medio-oriente-tras-el-inicio-del-conflicto\/"},"wordCount":229,"publisher":{"@id":"https:\/\/fmgente.com.ar\/web\/#organization"},"image":{"@id":"https:\/\/fmgente.com.ar\/web\/cerca-de-24-000-ciudadanos-de-ee-uu-regresaron-a-su-pais-desde-medio-oriente-tras-el-inicio-del-conflicto\/#primaryimage"},"thumbnailUrl":"https:\/\/fmgente.com.ar\/web\/wp-content\/uploads\/2026\/03\/720-374.jpeg","articleSection":["DESTACADAS"],"inLanguage":"es"},{"@type":"WebPage","@id":"https:\/\/fmgente.com.ar\/web\/cerca-de-24-000-ciudadanos-de-ee-uu-regresaron-a-su-pais-desde-medio-oriente-tras-el-inicio-del-conflicto\/","url":"https:\/\/fmgente.com.ar\/web\/cerca-de-24-000-ciudadanos-de-ee-uu-regresaron-a-su-pais-desde-medio-oriente-tras-el-inicio-del-conflicto\/","name":"Cerca de 24.000 ciudadanos de EE. UU. regresaron a su pa\u00eds desde Medio Oriente tras el inicio del conflicto - Fm Gente","isPartOf":{"@id":"https:\/\/fmgente.com.ar\/web\/#website"},"primaryImageOfPage":{"@id":"https:\/\/fmgente.com.ar\/web\/cerca-de-24-000-ciudadanos-de-ee-uu-regresaron-a-su-pais-desde-medio-oriente-tras-el-inicio-del-conflicto\/#primaryimage"},"image":{"@id":"https:\/\/fmgente.com.ar\/web\/cerca-de-24-000-ciudadanos-de-ee-uu-regresaron-a-su-pais-desde-medio-oriente-tras-el-inicio-del-conflicto\/#primaryimage"},"thumbnailUrl":"https:\/\/fmgente.com.ar\/web\/wp-content\/uploads\/2026\/03\/720-374.jpeg","datePublished":"2026-03-06T21:04:58+00:00","inLanguage":"es","potentialAction":[{"@type":"ReadAction","target":["https:\/\/fmgente.com.ar\/web\/cerca-de-24-000-ciudadanos-de-ee-uu-regresaron-a-su-pais-desde-medio-oriente-tras-el-inicio-del-conflicto\/"]}]},{"@type":"ImageObject","inLanguage":"es","@id":"https:\/\/fmgente.com.ar\/web\/cerca-de-24-000-ciudadanos-de-ee-uu-regresaron-a-su-pais-desde-medio-oriente-tras-el-inicio-del-conflicto\/#primaryimage","url":"https:\/\/fmgente.com.ar\/web\/wp-content\/uploads\/2026\/03\/720-374.jpeg","contentUrl":"https:\/\/fmgente.com.ar\/web\/wp-content\/uploads\/2026\/03\/720-374.jpeg","width":1081,"height":720},{"@type":"WebSite","@id":"https:\/\/fmgente.com.ar\/web\/#website","url":"https:\/\/fmgente.com.ar\/web\/","name":"Fm Gente","description":"- Jes\u00fas Mar\u00eda","publisher":{"@id":"https:\/\/fmgente.com.ar\/web\/#organization"},"potentialAction":[{"@type":"SearchAction","target":{"@type":"EntryPoint","urlTemplate":"https:\/\/fmgente.com.ar\/web\/?s={search_term_string}"},"query-input":{"@type":"PropertyValueSpecification","valueRequired":true,"valueName":"search_term_string"}}],"inLanguage":"es"},{"@type":"Organization","@id":"https:\/\/fmgente.com.ar\/web\/#organization","name":"Fm Gente","url":"https:\/\/fmgente.com.ar\/web\/","logo":{"@type":"ImageObject","inLanguage":"es","@id":"https:\/\/fmgente.com.ar\/web\/#\/schema\/logo\/image\/","url":"https:\/\/fmgente.com.ar\/web\/wp-content\/uploads\/2023\/07\/cropped-cropped-logo-sombra2.png","contentUrl":"https:\/\/fmgente.com.ar\/web\/wp-content\/uploads\/2023\/07\/cropped-cropped-logo-sombra2.png","width":1782,"height":1782,"caption":"Fm Gente"},"image":{"@id":"https:\/\/fmgente.com.ar\/web\/#\/schema\/logo\/image\/"}}]}},"_links":{"self":[{"href":"https:\/\/fmgente.com.ar\/web\/wp-json\/wp\/v2\/posts\/14500","targetHints":{"allow":["GET"]}}],"collection":[{"href":"https:\/\/fmgente.com.ar\/web\/wp-json\/wp\/v2\/posts"}],"about":[{"href":"https:\/\/fmgente.com.ar\/web\/wp-json\/wp\/v2\/types\/post"}],"replies":[{"embeddable":true,"href":"https:\/\/fmgente.com.ar\/web\/wp-json\/wp\/v2\/comments?post=14500"}],"version-history":[{"count":0,"href":"https:\/\/fmgente.com.ar\/web\/wp-json\/wp\/v2\/posts\/14500\/revisions"}],"wp:featuredmedia":[{"embeddable":true,"href":"https:\/\/fmgente.com.ar\/web\/wp-json\/wp\/v2\/media\/14501"}],"wp:attachment":[{"href":"https:\/\/fmgente.com.ar\/web\/wp-json\/wp\/v2\/media?parent=14500"}],"wp:term":[{"taxonomy":"category","embeddable":true,"href":"https:\/\/fmgente.com.ar\/web\/wp-json\/wp\/v2\/categories?post=14500"},{"taxonomy":"post_tag","embeddable":true,"href":"https:\/\/fmgente.com.ar\/web\/wp-json\/wp\/v2\/tags?post=14500"}],"curies":[{"name":"wp","href":"https:\/\/api.w.org\/{rel}","templated":true}]}}