{"id":14464,"date":"2026-03-06T15:06:01","date_gmt":"2026-03-06T18:06:01","guid":{"rendered":"https:\/\/fmgente.com.ar\/web\/lucas-torreira-reafirmo-su-sueno-quiero-jugar-en-boca\/"},"modified":"2026-03-06T15:06:01","modified_gmt":"2026-03-06T18:06:01","slug":"lucas-torreira-reafirmo-su-sueno-quiero-jugar-en-boca","status":"publish","type":"post","link":"https:\/\/fmgente.com.ar\/web\/lucas-torreira-reafirmo-su-sueno-quiero-jugar-en-boca\/","title":{"rendered":"Lucas Torreira reafirm\u00f3 su sue\u00f1o: &quot;Quiero jugar en Boca&quot;"},"content":{"rendered":"<p>Buenos Aires, 6 marzo (NA) &#8212; El uruguayo Lucas Torreira volvi\u00f3 a expresar su deseo de jugar en Boca, aunque reconoci\u00f3 que nunca existieron contactos con el club y que su llegada depende de una decisi\u00f3n del \u00abXeneize\u00bb.<\/p>\n<p>El mediocampista uruguayo del Galatasaray, de 30 a\u00f1os, insisti\u00f3 en que vestir esa camiseta es \u201csu deseo m\u00e1s grande\u201d, pero admiti\u00f3 que la posibilidad hoy no forma parte de su horizonte cercano.<\/p>\n<p>Desde Turqu\u00eda, donde acaba de debutar como capit\u00e1n con gol y asistencia en el triunfo de Galatasaray ante Alanyaspor, Torreira habl\u00f3 sobre su anhelo de pasar por La Ribera.<\/p>\n<p>Seg\u00fan supo la Agencia Noticias Argentinas, a trav\u00e9s del di\u00e1logo con Las Voces del F\u00fatbol, por El Espectador Deportes, dej\u00f3 en claro que su voluntad existe desde hace a\u00f1os, aunque tambi\u00e9n se\u00f1al\u00f3 que todo depende del inter\u00e9s del club argentino.<\/p>\n<p>\u201cYo siempre lo dije, el deseo m\u00e1s grande que tengo es poder ir a jugar a Boca. Pero yo no puedo seguir diciendo eso si nadie me quiere de Boca\u201d, afirm\u00f3.<\/p>\n<p>El volante ya hab\u00eda manifestado en varias oportunidades su simpat\u00eda por el club e incluso tiene fotos con la camiseta azul y oro junto a Juan Rom\u00e1n Riquelme, actual presidente.<\/p>\n<p>Sin embargo, hasta ahora no hubo ning\u00fan acercamiento formal ni informal para analizar su situaci\u00f3n y Torreira tambi\u00e9n dej\u00f3 entrever cierto cansancio por repetir p\u00fablicamente ese deseo sin recibir se\u00f1ales desde la dirigencia.<\/p>\n<p>\u201cTodos saben el deseo que yo tengo de Boca, ya lo he dicho 200 millones de veces, hasta que me cans\u00e9 de decirlo. Nunca nadie se comunic\u00f3 conmigo\u201d, se\u00f1al\u00f3, y a\u00f1adi\u00f3: \u201cJuego realmente donde me quieren\u201d.<\/p>\n<p>Con contrato en Galatasaray hasta mediados de 2028 y tras una extensa carrera en Europa que incluye pasos por Pescara, Sampdoria, Arsenal, Atl\u00e9tico de Madrid y Fiorentina, el uruguayo proyecta regresar a su pa\u00eds para cerrar su trayectoria profesional.<\/p>\n<p>Aun as\u00ed, mantiene intacta la ilusi\u00f3n de pasar por Boca antes del final: \u201cM\u00e1s all\u00e1 del deseo que yo tenga, si nadie me quiere no va a pasar nada. S\u00ed me voy a sentir mal el d\u00eda que termine mi carrera por no haber jugado\u201d, concluy\u00f3.<\/p>\n<p>#AgenciaNA<\/p>\n","protected":false},"excerpt":{"rendered":"<p>Buenos Aires, 6 marzo (NA) &#8212; El uruguayo Lucas Torreira volvi\u00f3 a expresar su deseo<\/p>\n","protected":false},"author":0,"featured_media":14465,"comment_status":"","ping_status":"","sticky":false,"template":"","format":"standard","meta":{"footnotes":""},"categories":[11],"tags":[],"class_list":["post-14464","post","type-post","status-publish","format-standard","has-post-thumbnail","hentry","category-destacadas"],"yoast_head":"<!-- This site is optimized with the Yoast SEO plugin v27.4 - https:\/\/yoast.com\/product\/yoast-seo-wordpress\/ -->\n<title>Lucas Torreira reafirm\u00f3 su sue\u00f1o: &quot;Quiero jugar en Boca&quot; - Fm Gente<\/title>\n<meta name=\"robots\" content=\"index, follow, max-snippet:-1, max-image-preview:large, max-video-preview:-1\" \/>\n<link rel=\"canonical\" href=\"https:\/\/fmgente.com.ar\/web\/lucas-torreira-reafirmo-su-sueno-quiero-jugar-en-boca\/\" \/>\n<meta property=\"og:locale\" content=\"es_ES\" \/>\n<meta property=\"og:type\" content=\"article\" \/>\n<meta property=\"og:title\" content=\"Lucas Torreira reafirm\u00f3 su sue\u00f1o: &quot;Quiero jugar en Boca&quot; - Fm Gente\" \/>\n<meta property=\"og:description\" content=\"Buenos Aires, 6 marzo (NA) &#8212; El uruguayo Lucas Torreira volvi\u00f3 a expresar su deseo\" \/>\n<meta property=\"og:url\" content=\"https:\/\/fmgente.com.ar\/web\/lucas-torreira-reafirmo-su-sueno-quiero-jugar-en-boca\/\" \/>\n<meta property=\"og:site_name\" content=\"Fm Gente\" \/>\n<meta property=\"article:published_time\" content=\"2026-03-06T18:06:01+00:00\" \/>\n<meta name=\"twitter:card\" content=\"summary_large_image\" \/>\n<meta name=\"twitter:label1\" content=\"Tiempo de lectura\" \/>\n\t<meta name=\"twitter:data1\" content=\"2 minutos\" \/>\n<script type=\"application\/ld+json\" class=\"yoast-schema-graph\">{\"@context\":\"https:\\\/\\\/schema.org\",\"@graph\":[{\"@type\":\"Article\",\"@id\":\"https:\\\/\\\/fmgente.com.ar\\\/web\\\/lucas-torreira-reafirmo-su-sueno-quiero-jugar-en-boca\\\/#article\",\"isPartOf\":{\"@id\":\"https:\\\/\\\/fmgente.com.ar\\\/web\\\/lucas-torreira-reafirmo-su-sueno-quiero-jugar-en-boca\\\/\"},\"author\":{\"name\":\"\",\"@id\":\"\"},\"headline\":\"Lucas Torreira reafirm\u00f3 su sue\u00f1o: &quot;Quiero jugar en Boca&quot;\",\"datePublished\":\"2026-03-06T18:06:01+00:00\",\"mainEntityOfPage\":{\"@id\":\"https:\\\/\\\/fmgente.com.ar\\\/web\\\/lucas-torreira-reafirmo-su-sueno-quiero-jugar-en-boca\\\/\"},\"wordCount\":392,\"publisher\":{\"@id\":\"https:\\\/\\\/fmgente.com.ar\\\/web\\\/#organization\"},\"image\":{\"@id\":\"https:\\\/\\\/fmgente.com.ar\\\/web\\\/lucas-torreira-reafirmo-su-sueno-quiero-jugar-en-boca\\\/#primaryimage\"},\"thumbnailUrl\":\"https:\\\/\\\/fmgente.com.ar\\\/web\\\/wp-content\\\/uploads\\\/2026\\\/03\\\/720-357.jpeg\",\"articleSection\":[\"DESTACADAS\"],\"inLanguage\":\"es\"},{\"@type\":\"WebPage\",\"@id\":\"https:\\\/\\\/fmgente.com.ar\\\/web\\\/lucas-torreira-reafirmo-su-sueno-quiero-jugar-en-boca\\\/\",\"url\":\"https:\\\/\\\/fmgente.com.ar\\\/web\\\/lucas-torreira-reafirmo-su-sueno-quiero-jugar-en-boca\\\/\",\"name\":\"Lucas Torreira reafirm\u00f3 su sue\u00f1o: &quot;Quiero jugar en Boca&quot; - Fm Gente\",\"isPartOf\":{\"@id\":\"https:\\\/\\\/fmgente.com.ar\\\/web\\\/#website\"},\"primaryImageOfPage\":{\"@id\":\"https:\\\/\\\/fmgente.com.ar\\\/web\\\/lucas-torreira-reafirmo-su-sueno-quiero-jugar-en-boca\\\/#primaryimage\"},\"image\":{\"@id\":\"https:\\\/\\\/fmgente.com.ar\\\/web\\\/lucas-torreira-reafirmo-su-sueno-quiero-jugar-en-boca\\\/#primaryimage\"},\"thumbnailUrl\":\"https:\\\/\\\/fmgente.com.ar\\\/web\\\/wp-content\\\/uploads\\\/2026\\\/03\\\/720-357.jpeg\",\"datePublished\":\"2026-03-06T18:06:01+00:00\",\"inLanguage\":\"es\",\"potentialAction\":[{\"@type\":\"ReadAction\",\"target\":[\"https:\\\/\\\/fmgente.com.ar\\\/web\\\/lucas-torreira-reafirmo-su-sueno-quiero-jugar-en-boca\\\/\"]}]},{\"@type\":\"ImageObject\",\"inLanguage\":\"es\",\"@id\":\"https:\\\/\\\/fmgente.com.ar\\\/web\\\/lucas-torreira-reafirmo-su-sueno-quiero-jugar-en-boca\\\/#primaryimage\",\"url\":\"https:\\\/\\\/fmgente.com.ar\\\/web\\\/wp-content\\\/uploads\\\/2026\\\/03\\\/720-357.jpeg\",\"contentUrl\":\"https:\\\/\\\/fmgente.com.ar\\\/web\\\/wp-content\\\/uploads\\\/2026\\\/03\\\/720-357.jpeg\",\"width\":1280,\"height\":715},{\"@type\":\"WebSite\",\"@id\":\"https:\\\/\\\/fmgente.com.ar\\\/web\\\/#website\",\"url\":\"https:\\\/\\\/fmgente.com.ar\\\/web\\\/\",\"name\":\"Fm Gente\",\"description\":\"- Jes\u00fas Mar\u00eda\",\"publisher\":{\"@id\":\"https:\\\/\\\/fmgente.com.ar\\\/web\\\/#organization\"},\"potentialAction\":[{\"@type\":\"SearchAction\",\"target\":{\"@type\":\"EntryPoint\",\"urlTemplate\":\"https:\\\/\\\/fmgente.com.ar\\\/web\\\/?s={search_term_string}\"},\"query-input\":{\"@type\":\"PropertyValueSpecification\",\"valueRequired\":true,\"valueName\":\"search_term_string\"}}],\"inLanguage\":\"es\"},{\"@type\":\"Organization\",\"@id\":\"https:\\\/\\\/fmgente.com.ar\\\/web\\\/#organization\",\"name\":\"Fm Gente\",\"url\":\"https:\\\/\\\/fmgente.com.ar\\\/web\\\/\",\"logo\":{\"@type\":\"ImageObject\",\"inLanguage\":\"es\",\"@id\":\"https:\\\/\\\/fmgente.com.ar\\\/web\\\/#\\\/schema\\\/logo\\\/image\\\/\",\"url\":\"https:\\\/\\\/fmgente.com.ar\\\/web\\\/wp-content\\\/uploads\\\/2023\\\/07\\\/cropped-cropped-logo-sombra2.png\",\"contentUrl\":\"https:\\\/\\\/fmgente.com.ar\\\/web\\\/wp-content\\\/uploads\\\/2023\\\/07\\\/cropped-cropped-logo-sombra2.png\",\"width\":1782,\"height\":1782,\"caption\":\"Fm Gente\"},\"image\":{\"@id\":\"https:\\\/\\\/fmgente.com.ar\\\/web\\\/#\\\/schema\\\/logo\\\/image\\\/\"}}]}<\/script>\n<!-- \/ Yoast SEO plugin. -->","yoast_head_json":{"title":"Lucas Torreira reafirm\u00f3 su sue\u00f1o: &quot;Quiero jugar en Boca&quot; - Fm Gente","robots":{"index":"index","follow":"follow","max-snippet":"max-snippet:-1","max-image-preview":"max-image-preview:large","max-video-preview":"max-video-preview:-1"},"canonical":"https:\/\/fmgente.com.ar\/web\/lucas-torreira-reafirmo-su-sueno-quiero-jugar-en-boca\/","og_locale":"es_ES","og_type":"article","og_title":"Lucas Torreira reafirm\u00f3 su sue\u00f1o: &quot;Quiero jugar en Boca&quot; - Fm Gente","og_description":"Buenos Aires, 6 marzo (NA) &#8212; El uruguayo Lucas Torreira volvi\u00f3 a expresar su deseo","og_url":"https:\/\/fmgente.com.ar\/web\/lucas-torreira-reafirmo-su-sueno-quiero-jugar-en-boca\/","og_site_name":"Fm Gente","article_published_time":"2026-03-06T18:06:01+00:00","twitter_card":"summary_large_image","twitter_misc":{"Tiempo de lectura":"2 minutos"},"schema":{"@context":"https:\/\/schema.org","@graph":[{"@type":"Article","@id":"https:\/\/fmgente.com.ar\/web\/lucas-torreira-reafirmo-su-sueno-quiero-jugar-en-boca\/#article","isPartOf":{"@id":"https:\/\/fmgente.com.ar\/web\/lucas-torreira-reafirmo-su-sueno-quiero-jugar-en-boca\/"},"author":{"name":"","@id":""},"headline":"Lucas Torreira reafirm\u00f3 su sue\u00f1o: &quot;Quiero jugar en Boca&quot;","datePublished":"2026-03-06T18:06:01+00:00","mainEntityOfPage":{"@id":"https:\/\/fmgente.com.ar\/web\/lucas-torreira-reafirmo-su-sueno-quiero-jugar-en-boca\/"},"wordCount":392,"publisher":{"@id":"https:\/\/fmgente.com.ar\/web\/#organization"},"image":{"@id":"https:\/\/fmgente.com.ar\/web\/lucas-torreira-reafirmo-su-sueno-quiero-jugar-en-boca\/#primaryimage"},"thumbnailUrl":"https:\/\/fmgente.com.ar\/web\/wp-content\/uploads\/2026\/03\/720-357.jpeg","articleSection":["DESTACADAS"],"inLanguage":"es"},{"@type":"WebPage","@id":"https:\/\/fmgente.com.ar\/web\/lucas-torreira-reafirmo-su-sueno-quiero-jugar-en-boca\/","url":"https:\/\/fmgente.com.ar\/web\/lucas-torreira-reafirmo-su-sueno-quiero-jugar-en-boca\/","name":"Lucas Torreira reafirm\u00f3 su sue\u00f1o: &quot;Quiero jugar en Boca&quot; - Fm Gente","isPartOf":{"@id":"https:\/\/fmgente.com.ar\/web\/#website"},"primaryImageOfPage":{"@id":"https:\/\/fmgente.com.ar\/web\/lucas-torreira-reafirmo-su-sueno-quiero-jugar-en-boca\/#primaryimage"},"image":{"@id":"https:\/\/fmgente.com.ar\/web\/lucas-torreira-reafirmo-su-sueno-quiero-jugar-en-boca\/#primaryimage"},"thumbnailUrl":"https:\/\/fmgente.com.ar\/web\/wp-content\/uploads\/2026\/03\/720-357.jpeg","datePublished":"2026-03-06T18:06:01+00:00","inLanguage":"es","potentialAction":[{"@type":"ReadAction","target":["https:\/\/fmgente.com.ar\/web\/lucas-torreira-reafirmo-su-sueno-quiero-jugar-en-boca\/"]}]},{"@type":"ImageObject","inLanguage":"es","@id":"https:\/\/fmgente.com.ar\/web\/lucas-torreira-reafirmo-su-sueno-quiero-jugar-en-boca\/#primaryimage","url":"https:\/\/fmgente.com.ar\/web\/wp-content\/uploads\/2026\/03\/720-357.jpeg","contentUrl":"https:\/\/fmgente.com.ar\/web\/wp-content\/uploads\/2026\/03\/720-357.jpeg","width":1280,"height":715},{"@type":"WebSite","@id":"https:\/\/fmgente.com.ar\/web\/#website","url":"https:\/\/fmgente.com.ar\/web\/","name":"Fm Gente","description":"- Jes\u00fas Mar\u00eda","publisher":{"@id":"https:\/\/fmgente.com.ar\/web\/#organization"},"potentialAction":[{"@type":"SearchAction","target":{"@type":"EntryPoint","urlTemplate":"https:\/\/fmgente.com.ar\/web\/?s={search_term_string}"},"query-input":{"@type":"PropertyValueSpecification","valueRequired":true,"valueName":"search_term_string"}}],"inLanguage":"es"},{"@type":"Organization","@id":"https:\/\/fmgente.com.ar\/web\/#organization","name":"Fm Gente","url":"https:\/\/fmgente.com.ar\/web\/","logo":{"@type":"ImageObject","inLanguage":"es","@id":"https:\/\/fmgente.com.ar\/web\/#\/schema\/logo\/image\/","url":"https:\/\/fmgente.com.ar\/web\/wp-content\/uploads\/2023\/07\/cropped-cropped-logo-sombra2.png","contentUrl":"https:\/\/fmgente.com.ar\/web\/wp-content\/uploads\/2023\/07\/cropped-cropped-logo-sombra2.png","width":1782,"height":1782,"caption":"Fm Gente"},"image":{"@id":"https:\/\/fmgente.com.ar\/web\/#\/schema\/logo\/image\/"}}]}},"_links":{"self":[{"href":"https:\/\/fmgente.com.ar\/web\/wp-json\/wp\/v2\/posts\/14464","targetHints":{"allow":["GET"]}}],"collection":[{"href":"https:\/\/fmgente.com.ar\/web\/wp-json\/wp\/v2\/posts"}],"about":[{"href":"https:\/\/fmgente.com.ar\/web\/wp-json\/wp\/v2\/types\/post"}],"replies":[{"embeddable":true,"href":"https:\/\/fmgente.com.ar\/web\/wp-json\/wp\/v2\/comments?post=14464"}],"version-history":[{"count":0,"href":"https:\/\/fmgente.com.ar\/web\/wp-json\/wp\/v2\/posts\/14464\/revisions"}],"wp:featuredmedia":[{"embeddable":true,"href":"https:\/\/fmgente.com.ar\/web\/wp-json\/wp\/v2\/media\/14465"}],"wp:attachment":[{"href":"https:\/\/fmgente.com.ar\/web\/wp-json\/wp\/v2\/media?parent=14464"}],"wp:term":[{"taxonomy":"category","embeddable":true,"href":"https:\/\/fmgente.com.ar\/web\/wp-json\/wp\/v2\/categories?post=14464"},{"taxonomy":"post_tag","embeddable":true,"href":"https:\/\/fmgente.com.ar\/web\/wp-json\/wp\/v2\/tags?post=14464"}],"curies":[{"name":"wp","href":"https:\/\/api.w.org\/{rel}","templated":true}]}}