{"id":14462,"date":"2026-03-06T15:06:00","date_gmt":"2026-03-06T18:06:00","guid":{"rendered":"https:\/\/fmgente.com.ar\/web\/lali-esposito-respondio-a-las-criticas-sobre-su-musica-quiero-verlo-con-un-body-de-brillos\/"},"modified":"2026-03-06T15:06:00","modified_gmt":"2026-03-06T18:06:00","slug":"lali-esposito-respondio-a-las-criticas-sobre-su-musica-quiero-verlo-con-un-body-de-brillos","status":"publish","type":"post","link":"https:\/\/fmgente.com.ar\/web\/lali-esposito-respondio-a-las-criticas-sobre-su-musica-quiero-verlo-con-un-body-de-brillos\/","title":{"rendered":"Lali Esp\u00f3sito respondi\u00f3 a las cr\u00edticas sobre su m\u00fasica: \u201cQuiero verlo con un body de brillos\u201d"},"content":{"rendered":"<p>Buenos Aires, 6 marzo (NA) \u2013 La cantante Lali Esp\u00f3sito volvi\u00f3 a quedar en el centro de la escena luego de brindar una entrevista en la que habl\u00f3 de su relaci\u00f3n con Pedro Rosemblat, su futuro casamiento y las pol\u00e9micas que protagoniza con frecuencia en redes y medios.<\/p>\n<p>Seg\u00fan supo la Agencia Noticias Argentinas, en di\u00e1logo con el programa Puro Show, la artista evit\u00f3 dar detalles sobre la propuesta de matrimonio que recibi\u00f3 de su pareja: \u201cNo lo voy a contar de ninguna manera\u201d, respondi\u00f3 cuando le preguntaron c\u00f3mo fue el momento del pedido.<\/p>\n<p>Sin embargo, s\u00ed dej\u00f3 entrever que la celebraci\u00f3n ya est\u00e1 en marcha: \u201cVamos a hacer una fiesta a nuestro estilo y ya tenemos fecha. Tal vez se enteren o tal vez no\u201d, coment\u00f3.<\/p>\n<p>Durante la entrevista, tambi\u00e9n se refiri\u00f3 a las cr\u00edticas que surgieron en torno a su v\u00ednculo medi\u00e1tico con el presidente Javier Milei. Algunos sectores la acusaron de mencionar al mandatario para generar repercusi\u00f3n y promocionar su m\u00fasica.<\/p>\n<p>Lejos de esquivar el tema, Lali respondi\u00f3 con iron\u00eda: \u201cA los 10 a\u00f1os, cuando empec\u00e9 a trabajar, ya usaba al presidente. Lo que pasa es que todav\u00eda no formaba parte del sistema\u201d.<\/p>\n<p>La artista tambi\u00e9n destac\u00f3 su trayectoria dentro de la industria musical: \u201cSoy una trabajadora de muchos a\u00f1os. Me fui transformando y tengo seis discos\u201d.<\/p>\n<p>Otro de los temas que surgi\u00f3 en la charla fue un comentario del periodista Luis Majul, quien hab\u00eda asegurado que \u00e9l entona mejor que la cantante. Frente a eso, Lali respondi\u00f3 con humor y lo desafi\u00f3 p\u00fablicamente: \u201cLo quiero ver con body de brillos y bailando\u201d, y lo invit\u00f3 a presenciar uno de sus ensayos.<\/p>\n<p>Tambi\u00e9n habl\u00f3 sobre algunas cr\u00edticas que recibi\u00f3 tras un show que realiz\u00f3 en La Rioja, seg\u00fan explic\u00f3, considera que ciertos cuestionamientos son parciales: \u201cEs un poco selectivo lo que dicen\u201d.<\/p>\n<p>En el tramo final de la entrevista, Lali reflexion\u00f3 sobre su forma de expresarse p\u00fablicamente y dej\u00f3 en claro que no se arrepiente de sus opiniones.<\/p>\n<p>\u201cEn mis accionares se ve todo. Cuando digo algo es porque lo pienso, porque tengo ganas y porque me siento en el contexto\u201d, asegur\u00f3.<\/p>\n<p>A pesar de las pol\u00e9micas, sostuvo que su manera de responder frente a los cuestionamientos sigue siendo su trabajo art\u00edstico: \u201cNo soy una persona irrespetuosa y respondo con mi m\u00fasica\u201d. #AgenciaNA<\/p>\n","protected":false},"excerpt":{"rendered":"<p>Buenos Aires, 6 marzo (NA) \u2013 La cantante Lali Esp\u00f3sito volvi\u00f3 a quedar en el<\/p>\n","protected":false},"author":0,"featured_media":14463,"comment_status":"","ping_status":"","sticky":false,"template":"","format":"standard","meta":{"footnotes":""},"categories":[11],"tags":[],"class_list":["post-14462","post","type-post","status-publish","format-standard","has-post-thumbnail","hentry","category-destacadas"],"yoast_head":"<!-- This site is optimized with the Yoast SEO plugin v27.4 - https:\/\/yoast.com\/product\/yoast-seo-wordpress\/ -->\n<title>Lali Esp\u00f3sito respondi\u00f3 a las cr\u00edticas sobre su m\u00fasica: \u201cQuiero verlo con un body de brillos\u201d - Fm Gente<\/title>\n<meta name=\"robots\" content=\"index, follow, max-snippet:-1, max-image-preview:large, max-video-preview:-1\" \/>\n<link rel=\"canonical\" href=\"https:\/\/fmgente.com.ar\/web\/lali-esposito-respondio-a-las-criticas-sobre-su-musica-quiero-verlo-con-un-body-de-brillos\/\" \/>\n<meta property=\"og:locale\" content=\"es_ES\" \/>\n<meta property=\"og:type\" content=\"article\" \/>\n<meta property=\"og:title\" content=\"Lali Esp\u00f3sito respondi\u00f3 a las cr\u00edticas sobre su m\u00fasica: \u201cQuiero verlo con un body de brillos\u201d - Fm Gente\" \/>\n<meta property=\"og:description\" content=\"Buenos Aires, 6 marzo (NA) \u2013 La cantante Lali Esp\u00f3sito volvi\u00f3 a quedar en el\" \/>\n<meta property=\"og:url\" content=\"https:\/\/fmgente.com.ar\/web\/lali-esposito-respondio-a-las-criticas-sobre-su-musica-quiero-verlo-con-un-body-de-brillos\/\" \/>\n<meta property=\"og:site_name\" content=\"Fm Gente\" \/>\n<meta property=\"article:published_time\" content=\"2026-03-06T18:06:00+00:00\" \/>\n<meta name=\"twitter:card\" content=\"summary_large_image\" \/>\n<meta name=\"twitter:label1\" content=\"Tiempo de lectura\" \/>\n\t<meta name=\"twitter:data1\" content=\"2 minutos\" \/>\n<script type=\"application\/ld+json\" class=\"yoast-schema-graph\">{\"@context\":\"https:\\\/\\\/schema.org\",\"@graph\":[{\"@type\":\"Article\",\"@id\":\"https:\\\/\\\/fmgente.com.ar\\\/web\\\/lali-esposito-respondio-a-las-criticas-sobre-su-musica-quiero-verlo-con-un-body-de-brillos\\\/#article\",\"isPartOf\":{\"@id\":\"https:\\\/\\\/fmgente.com.ar\\\/web\\\/lali-esposito-respondio-a-las-criticas-sobre-su-musica-quiero-verlo-con-un-body-de-brillos\\\/\"},\"author\":{\"name\":\"\",\"@id\":\"\"},\"headline\":\"Lali Esp\u00f3sito respondi\u00f3 a las cr\u00edticas sobre su m\u00fasica: \u201cQuiero verlo con un body de brillos\u201d\",\"datePublished\":\"2026-03-06T18:06:00+00:00\",\"mainEntityOfPage\":{\"@id\":\"https:\\\/\\\/fmgente.com.ar\\\/web\\\/lali-esposito-respondio-a-las-criticas-sobre-su-musica-quiero-verlo-con-un-body-de-brillos\\\/\"},\"wordCount\":429,\"publisher\":{\"@id\":\"https:\\\/\\\/fmgente.com.ar\\\/web\\\/#organization\"},\"image\":{\"@id\":\"https:\\\/\\\/fmgente.com.ar\\\/web\\\/lali-esposito-respondio-a-las-criticas-sobre-su-musica-quiero-verlo-con-un-body-de-brillos\\\/#primaryimage\"},\"thumbnailUrl\":\"https:\\\/\\\/fmgente.com.ar\\\/web\\\/wp-content\\\/uploads\\\/2026\\\/03\\\/720-356.jpeg\",\"articleSection\":[\"DESTACADAS\"],\"inLanguage\":\"es\"},{\"@type\":\"WebPage\",\"@id\":\"https:\\\/\\\/fmgente.com.ar\\\/web\\\/lali-esposito-respondio-a-las-criticas-sobre-su-musica-quiero-verlo-con-un-body-de-brillos\\\/\",\"url\":\"https:\\\/\\\/fmgente.com.ar\\\/web\\\/lali-esposito-respondio-a-las-criticas-sobre-su-musica-quiero-verlo-con-un-body-de-brillos\\\/\",\"name\":\"Lali Esp\u00f3sito respondi\u00f3 a las cr\u00edticas sobre su m\u00fasica: \u201cQuiero verlo con un body de brillos\u201d - Fm Gente\",\"isPartOf\":{\"@id\":\"https:\\\/\\\/fmgente.com.ar\\\/web\\\/#website\"},\"primaryImageOfPage\":{\"@id\":\"https:\\\/\\\/fmgente.com.ar\\\/web\\\/lali-esposito-respondio-a-las-criticas-sobre-su-musica-quiero-verlo-con-un-body-de-brillos\\\/#primaryimage\"},\"image\":{\"@id\":\"https:\\\/\\\/fmgente.com.ar\\\/web\\\/lali-esposito-respondio-a-las-criticas-sobre-su-musica-quiero-verlo-con-un-body-de-brillos\\\/#primaryimage\"},\"thumbnailUrl\":\"https:\\\/\\\/fmgente.com.ar\\\/web\\\/wp-content\\\/uploads\\\/2026\\\/03\\\/720-356.jpeg\",\"datePublished\":\"2026-03-06T18:06:00+00:00\",\"inLanguage\":\"es\",\"potentialAction\":[{\"@type\":\"ReadAction\",\"target\":[\"https:\\\/\\\/fmgente.com.ar\\\/web\\\/lali-esposito-respondio-a-las-criticas-sobre-su-musica-quiero-verlo-con-un-body-de-brillos\\\/\"]}]},{\"@type\":\"ImageObject\",\"inLanguage\":\"es\",\"@id\":\"https:\\\/\\\/fmgente.com.ar\\\/web\\\/lali-esposito-respondio-a-las-criticas-sobre-su-musica-quiero-verlo-con-un-body-de-brillos\\\/#primaryimage\",\"url\":\"https:\\\/\\\/fmgente.com.ar\\\/web\\\/wp-content\\\/uploads\\\/2026\\\/03\\\/720-356.jpeg\",\"contentUrl\":\"https:\\\/\\\/fmgente.com.ar\\\/web\\\/wp-content\\\/uploads\\\/2026\\\/03\\\/720-356.jpeg\",\"width\":981,\"height\":720},{\"@type\":\"WebSite\",\"@id\":\"https:\\\/\\\/fmgente.com.ar\\\/web\\\/#website\",\"url\":\"https:\\\/\\\/fmgente.com.ar\\\/web\\\/\",\"name\":\"Fm Gente\",\"description\":\"- Jes\u00fas Mar\u00eda\",\"publisher\":{\"@id\":\"https:\\\/\\\/fmgente.com.ar\\\/web\\\/#organization\"},\"potentialAction\":[{\"@type\":\"SearchAction\",\"target\":{\"@type\":\"EntryPoint\",\"urlTemplate\":\"https:\\\/\\\/fmgente.com.ar\\\/web\\\/?s={search_term_string}\"},\"query-input\":{\"@type\":\"PropertyValueSpecification\",\"valueRequired\":true,\"valueName\":\"search_term_string\"}}],\"inLanguage\":\"es\"},{\"@type\":\"Organization\",\"@id\":\"https:\\\/\\\/fmgente.com.ar\\\/web\\\/#organization\",\"name\":\"Fm Gente\",\"url\":\"https:\\\/\\\/fmgente.com.ar\\\/web\\\/\",\"logo\":{\"@type\":\"ImageObject\",\"inLanguage\":\"es\",\"@id\":\"https:\\\/\\\/fmgente.com.ar\\\/web\\\/#\\\/schema\\\/logo\\\/image\\\/\",\"url\":\"https:\\\/\\\/fmgente.com.ar\\\/web\\\/wp-content\\\/uploads\\\/2023\\\/07\\\/cropped-cropped-logo-sombra2.png\",\"contentUrl\":\"https:\\\/\\\/fmgente.com.ar\\\/web\\\/wp-content\\\/uploads\\\/2023\\\/07\\\/cropped-cropped-logo-sombra2.png\",\"width\":1782,\"height\":1782,\"caption\":\"Fm Gente\"},\"image\":{\"@id\":\"https:\\\/\\\/fmgente.com.ar\\\/web\\\/#\\\/schema\\\/logo\\\/image\\\/\"}}]}<\/script>\n<!-- \/ Yoast SEO plugin. -->","yoast_head_json":{"title":"Lali Esp\u00f3sito respondi\u00f3 a las cr\u00edticas sobre su m\u00fasica: \u201cQuiero verlo con un body de brillos\u201d - Fm Gente","robots":{"index":"index","follow":"follow","max-snippet":"max-snippet:-1","max-image-preview":"max-image-preview:large","max-video-preview":"max-video-preview:-1"},"canonical":"https:\/\/fmgente.com.ar\/web\/lali-esposito-respondio-a-las-criticas-sobre-su-musica-quiero-verlo-con-un-body-de-brillos\/","og_locale":"es_ES","og_type":"article","og_title":"Lali Esp\u00f3sito respondi\u00f3 a las cr\u00edticas sobre su m\u00fasica: \u201cQuiero verlo con un body de brillos\u201d - Fm Gente","og_description":"Buenos Aires, 6 marzo (NA) \u2013 La cantante Lali Esp\u00f3sito volvi\u00f3 a quedar en el","og_url":"https:\/\/fmgente.com.ar\/web\/lali-esposito-respondio-a-las-criticas-sobre-su-musica-quiero-verlo-con-un-body-de-brillos\/","og_site_name":"Fm Gente","article_published_time":"2026-03-06T18:06:00+00:00","twitter_card":"summary_large_image","twitter_misc":{"Tiempo de lectura":"2 minutos"},"schema":{"@context":"https:\/\/schema.org","@graph":[{"@type":"Article","@id":"https:\/\/fmgente.com.ar\/web\/lali-esposito-respondio-a-las-criticas-sobre-su-musica-quiero-verlo-con-un-body-de-brillos\/#article","isPartOf":{"@id":"https:\/\/fmgente.com.ar\/web\/lali-esposito-respondio-a-las-criticas-sobre-su-musica-quiero-verlo-con-un-body-de-brillos\/"},"author":{"name":"","@id":""},"headline":"Lali Esp\u00f3sito respondi\u00f3 a las cr\u00edticas sobre su m\u00fasica: \u201cQuiero verlo con un body de brillos\u201d","datePublished":"2026-03-06T18:06:00+00:00","mainEntityOfPage":{"@id":"https:\/\/fmgente.com.ar\/web\/lali-esposito-respondio-a-las-criticas-sobre-su-musica-quiero-verlo-con-un-body-de-brillos\/"},"wordCount":429,"publisher":{"@id":"https:\/\/fmgente.com.ar\/web\/#organization"},"image":{"@id":"https:\/\/fmgente.com.ar\/web\/lali-esposito-respondio-a-las-criticas-sobre-su-musica-quiero-verlo-con-un-body-de-brillos\/#primaryimage"},"thumbnailUrl":"https:\/\/fmgente.com.ar\/web\/wp-content\/uploads\/2026\/03\/720-356.jpeg","articleSection":["DESTACADAS"],"inLanguage":"es"},{"@type":"WebPage","@id":"https:\/\/fmgente.com.ar\/web\/lali-esposito-respondio-a-las-criticas-sobre-su-musica-quiero-verlo-con-un-body-de-brillos\/","url":"https:\/\/fmgente.com.ar\/web\/lali-esposito-respondio-a-las-criticas-sobre-su-musica-quiero-verlo-con-un-body-de-brillos\/","name":"Lali Esp\u00f3sito respondi\u00f3 a las cr\u00edticas sobre su m\u00fasica: \u201cQuiero verlo con un body de brillos\u201d - Fm Gente","isPartOf":{"@id":"https:\/\/fmgente.com.ar\/web\/#website"},"primaryImageOfPage":{"@id":"https:\/\/fmgente.com.ar\/web\/lali-esposito-respondio-a-las-criticas-sobre-su-musica-quiero-verlo-con-un-body-de-brillos\/#primaryimage"},"image":{"@id":"https:\/\/fmgente.com.ar\/web\/lali-esposito-respondio-a-las-criticas-sobre-su-musica-quiero-verlo-con-un-body-de-brillos\/#primaryimage"},"thumbnailUrl":"https:\/\/fmgente.com.ar\/web\/wp-content\/uploads\/2026\/03\/720-356.jpeg","datePublished":"2026-03-06T18:06:00+00:00","inLanguage":"es","potentialAction":[{"@type":"ReadAction","target":["https:\/\/fmgente.com.ar\/web\/lali-esposito-respondio-a-las-criticas-sobre-su-musica-quiero-verlo-con-un-body-de-brillos\/"]}]},{"@type":"ImageObject","inLanguage":"es","@id":"https:\/\/fmgente.com.ar\/web\/lali-esposito-respondio-a-las-criticas-sobre-su-musica-quiero-verlo-con-un-body-de-brillos\/#primaryimage","url":"https:\/\/fmgente.com.ar\/web\/wp-content\/uploads\/2026\/03\/720-356.jpeg","contentUrl":"https:\/\/fmgente.com.ar\/web\/wp-content\/uploads\/2026\/03\/720-356.jpeg","width":981,"height":720},{"@type":"WebSite","@id":"https:\/\/fmgente.com.ar\/web\/#website","url":"https:\/\/fmgente.com.ar\/web\/","name":"Fm Gente","description":"- Jes\u00fas Mar\u00eda","publisher":{"@id":"https:\/\/fmgente.com.ar\/web\/#organization"},"potentialAction":[{"@type":"SearchAction","target":{"@type":"EntryPoint","urlTemplate":"https:\/\/fmgente.com.ar\/web\/?s={search_term_string}"},"query-input":{"@type":"PropertyValueSpecification","valueRequired":true,"valueName":"search_term_string"}}],"inLanguage":"es"},{"@type":"Organization","@id":"https:\/\/fmgente.com.ar\/web\/#organization","name":"Fm Gente","url":"https:\/\/fmgente.com.ar\/web\/","logo":{"@type":"ImageObject","inLanguage":"es","@id":"https:\/\/fmgente.com.ar\/web\/#\/schema\/logo\/image\/","url":"https:\/\/fmgente.com.ar\/web\/wp-content\/uploads\/2023\/07\/cropped-cropped-logo-sombra2.png","contentUrl":"https:\/\/fmgente.com.ar\/web\/wp-content\/uploads\/2023\/07\/cropped-cropped-logo-sombra2.png","width":1782,"height":1782,"caption":"Fm Gente"},"image":{"@id":"https:\/\/fmgente.com.ar\/web\/#\/schema\/logo\/image\/"}}]}},"_links":{"self":[{"href":"https:\/\/fmgente.com.ar\/web\/wp-json\/wp\/v2\/posts\/14462","targetHints":{"allow":["GET"]}}],"collection":[{"href":"https:\/\/fmgente.com.ar\/web\/wp-json\/wp\/v2\/posts"}],"about":[{"href":"https:\/\/fmgente.com.ar\/web\/wp-json\/wp\/v2\/types\/post"}],"replies":[{"embeddable":true,"href":"https:\/\/fmgente.com.ar\/web\/wp-json\/wp\/v2\/comments?post=14462"}],"version-history":[{"count":0,"href":"https:\/\/fmgente.com.ar\/web\/wp-json\/wp\/v2\/posts\/14462\/revisions"}],"wp:featuredmedia":[{"embeddable":true,"href":"https:\/\/fmgente.com.ar\/web\/wp-json\/wp\/v2\/media\/14463"}],"wp:attachment":[{"href":"https:\/\/fmgente.com.ar\/web\/wp-json\/wp\/v2\/media?parent=14462"}],"wp:term":[{"taxonomy":"category","embeddable":true,"href":"https:\/\/fmgente.com.ar\/web\/wp-json\/wp\/v2\/categories?post=14462"},{"taxonomy":"post_tag","embeddable":true,"href":"https:\/\/fmgente.com.ar\/web\/wp-json\/wp\/v2\/tags?post=14462"}],"curies":[{"name":"wp","href":"https:\/\/api.w.org\/{rel}","templated":true}]}}