{"id":14278,"date":"2026-03-05T17:06:42","date_gmt":"2026-03-05T20:06:42","guid":{"rendered":"https:\/\/fmgente.com.ar\/web\/caso-loan-pidieron-que-el-juicio-inicie-el-dia-de-su-cumpleanos-pero-el-tribunal-lo-rechazo\/"},"modified":"2026-03-05T17:06:42","modified_gmt":"2026-03-05T20:06:42","slug":"caso-loan-pidieron-que-el-juicio-inicie-el-dia-de-su-cumpleanos-pero-el-tribunal-lo-rechazo","status":"publish","type":"post","link":"https:\/\/fmgente.com.ar\/web\/caso-loan-pidieron-que-el-juicio-inicie-el-dia-de-su-cumpleanos-pero-el-tribunal-lo-rechazo\/","title":{"rendered":"Caso Loan: pidieron que el juicio inicie el d\u00eda de su cumplea\u00f1os, pero el tribunal lo rechaz\u00f3"},"content":{"rendered":"<p>Buenos Aires, 5 marzo (NA) \u2013 La querella en el caso por la desaparici\u00f3n de Loan Pe\u00f1a le solicit\u00f3 al Tribunal Oral en lo Criminal Federal de Corrientes que el juicio contra los 17 acusados inicie el 8 de mayo, d\u00eda en el que el menor cumple a\u00f1os, pero recibi\u00f3 una respuesta negativa luego de que los jueces lo hayan rechazado por \u201cimpertinente\u201d.<\/p>\n<p>En el escrito al que accedi\u00f3 la Agencia Noticias Argentinas se destaca el pedido de que se fije fecha para que el debate oral y p\u00fablico comience el pr\u00f3ximo viernes 8 de mayo \u201cen atenci\u00f3n a la singularidad del caso, a la persistencia de la situaci\u00f3n de incertidumbre que rodea a la v\u00edctima y al deber reforzado de protecci\u00f3n que pesa sobre el Estado cuando se encuentran comprometidos derechos de un ni\u00f1o\u201d.<\/p>\n<p>Asimismo, se a\u00f1ade que se disponga un cronograma de al menos cuarenta jornadas consecutivas e ininterrumpidas de audiencia, estableciendo la continuidad efectiva del debate hasta su finalizaci\u00f3n, con las jornadas adicionales que resulten necesarias seg\u00fan el desarrollo de la prueba, incluso mediante la habilitaci\u00f3n de d\u00edas y horas inh\u00e1biles o del per\u00edodo de feria judicial, si ello fuere menester.<\/p>\n<p>Los abogados resaltan que la solicitud de dicho cronograma es \u201ca fin de asegurar el cumplimiento del est\u00e1ndar constitucional y convencional de plazo razonable y la tutela judicial efectiva tanto de la v\u00edctima como de los imputados\u201d.<\/p>\n<p>El Tribunal recibi\u00f3 la petici\u00f3n, pero en la corta respuesta inform\u00f3 que la fecha fue rechazada \u201cpor impertinente\u201d y que la fijaci\u00f3n de las diligencias \u201cqueda supeditada estrictamente a la agenda jurisdiccional de esta judicatura y de los jueces de otros Tribunales que integran la presente\u201d.<\/p>\n<p>En este caso, ante la falta de magistrados, el Tribunal est\u00e1 integrado por los jueces Ferm\u00edn Amado Ceroleni, Eduardo Ariel Belforte y Sim\u00f3n Pedro Bracco. El primero de ellos es el \u00fanico de Corrientes, mientras que Belforte es de Formosa y Bracco de R\u00edo Negro.<\/p>\n<p>La solicitud se hizo luego de la audiencia preliminar en la que Ceroleni inform\u00f3 que el juicio iniciar\u00eda el 7 de octubre, lo que provoc\u00f3 enojo en la querella, la fiscal\u00eda y parte de los defensores de los acusados. Ante la apelaci\u00f3n, el Tribunal decidi\u00f3 rever el calendario. #AgenciaNA<\/p>\n","protected":false},"excerpt":{"rendered":"<p>Buenos Aires, 5 marzo (NA) \u2013 La querella en el caso por la desaparici\u00f3n de<\/p>\n","protected":false},"author":0,"featured_media":14279,"comment_status":"","ping_status":"","sticky":false,"template":"","format":"standard","meta":{"footnotes":""},"categories":[11],"tags":[],"class_list":["post-14278","post","type-post","status-publish","format-standard","has-post-thumbnail","hentry","category-destacadas"],"yoast_head":"<!-- This site is optimized with the Yoast SEO plugin v27.4 - https:\/\/yoast.com\/product\/yoast-seo-wordpress\/ -->\n<title>Caso Loan: pidieron que el juicio inicie el d\u00eda de su cumplea\u00f1os, pero el tribunal lo rechaz\u00f3 - Fm Gente<\/title>\n<meta name=\"robots\" content=\"index, follow, max-snippet:-1, max-image-preview:large, max-video-preview:-1\" \/>\n<link rel=\"canonical\" href=\"https:\/\/fmgente.com.ar\/web\/caso-loan-pidieron-que-el-juicio-inicie-el-dia-de-su-cumpleanos-pero-el-tribunal-lo-rechazo\/\" \/>\n<meta property=\"og:locale\" content=\"es_ES\" \/>\n<meta property=\"og:type\" content=\"article\" \/>\n<meta property=\"og:title\" content=\"Caso Loan: pidieron que el juicio inicie el d\u00eda de su cumplea\u00f1os, pero el tribunal lo rechaz\u00f3 - Fm Gente\" \/>\n<meta property=\"og:description\" content=\"Buenos Aires, 5 marzo (NA) \u2013 La querella en el caso por la desaparici\u00f3n de\" \/>\n<meta property=\"og:url\" content=\"https:\/\/fmgente.com.ar\/web\/caso-loan-pidieron-que-el-juicio-inicie-el-dia-de-su-cumpleanos-pero-el-tribunal-lo-rechazo\/\" \/>\n<meta property=\"og:site_name\" content=\"Fm Gente\" \/>\n<meta property=\"article:published_time\" content=\"2026-03-05T20:06:42+00:00\" \/>\n<meta name=\"twitter:card\" content=\"summary_large_image\" \/>\n<meta name=\"twitter:label1\" content=\"Tiempo de lectura\" \/>\n\t<meta name=\"twitter:data1\" content=\"2 minutos\" \/>\n<script type=\"application\/ld+json\" class=\"yoast-schema-graph\">{\"@context\":\"https:\\\/\\\/schema.org\",\"@graph\":[{\"@type\":\"Article\",\"@id\":\"https:\\\/\\\/fmgente.com.ar\\\/web\\\/caso-loan-pidieron-que-el-juicio-inicie-el-dia-de-su-cumpleanos-pero-el-tribunal-lo-rechazo\\\/#article\",\"isPartOf\":{\"@id\":\"https:\\\/\\\/fmgente.com.ar\\\/web\\\/caso-loan-pidieron-que-el-juicio-inicie-el-dia-de-su-cumpleanos-pero-el-tribunal-lo-rechazo\\\/\"},\"author\":{\"name\":\"\",\"@id\":\"\"},\"headline\":\"Caso Loan: pidieron que el juicio inicie el d\u00eda de su cumplea\u00f1os, pero el tribunal lo rechaz\u00f3\",\"datePublished\":\"2026-03-05T20:06:42+00:00\",\"mainEntityOfPage\":{\"@id\":\"https:\\\/\\\/fmgente.com.ar\\\/web\\\/caso-loan-pidieron-que-el-juicio-inicie-el-dia-de-su-cumpleanos-pero-el-tribunal-lo-rechazo\\\/\"},\"wordCount\":412,\"publisher\":{\"@id\":\"https:\\\/\\\/fmgente.com.ar\\\/web\\\/#organization\"},\"image\":{\"@id\":\"https:\\\/\\\/fmgente.com.ar\\\/web\\\/caso-loan-pidieron-que-el-juicio-inicie-el-dia-de-su-cumpleanos-pero-el-tribunal-lo-rechazo\\\/#primaryimage\"},\"thumbnailUrl\":\"https:\\\/\\\/fmgente.com.ar\\\/web\\\/wp-content\\\/uploads\\\/2026\\\/03\\\/720-295.jpeg\",\"articleSection\":[\"DESTACADAS\"],\"inLanguage\":\"es\"},{\"@type\":\"WebPage\",\"@id\":\"https:\\\/\\\/fmgente.com.ar\\\/web\\\/caso-loan-pidieron-que-el-juicio-inicie-el-dia-de-su-cumpleanos-pero-el-tribunal-lo-rechazo\\\/\",\"url\":\"https:\\\/\\\/fmgente.com.ar\\\/web\\\/caso-loan-pidieron-que-el-juicio-inicie-el-dia-de-su-cumpleanos-pero-el-tribunal-lo-rechazo\\\/\",\"name\":\"Caso Loan: pidieron que el juicio inicie el d\u00eda de su cumplea\u00f1os, pero el tribunal lo rechaz\u00f3 - Fm Gente\",\"isPartOf\":{\"@id\":\"https:\\\/\\\/fmgente.com.ar\\\/web\\\/#website\"},\"primaryImageOfPage\":{\"@id\":\"https:\\\/\\\/fmgente.com.ar\\\/web\\\/caso-loan-pidieron-que-el-juicio-inicie-el-dia-de-su-cumpleanos-pero-el-tribunal-lo-rechazo\\\/#primaryimage\"},\"image\":{\"@id\":\"https:\\\/\\\/fmgente.com.ar\\\/web\\\/caso-loan-pidieron-que-el-juicio-inicie-el-dia-de-su-cumpleanos-pero-el-tribunal-lo-rechazo\\\/#primaryimage\"},\"thumbnailUrl\":\"https:\\\/\\\/fmgente.com.ar\\\/web\\\/wp-content\\\/uploads\\\/2026\\\/03\\\/720-295.jpeg\",\"datePublished\":\"2026-03-05T20:06:42+00:00\",\"inLanguage\":\"es\",\"potentialAction\":[{\"@type\":\"ReadAction\",\"target\":[\"https:\\\/\\\/fmgente.com.ar\\\/web\\\/caso-loan-pidieron-que-el-juicio-inicie-el-dia-de-su-cumpleanos-pero-el-tribunal-lo-rechazo\\\/\"]}]},{\"@type\":\"ImageObject\",\"inLanguage\":\"es\",\"@id\":\"https:\\\/\\\/fmgente.com.ar\\\/web\\\/caso-loan-pidieron-que-el-juicio-inicie-el-dia-de-su-cumpleanos-pero-el-tribunal-lo-rechazo\\\/#primaryimage\",\"url\":\"https:\\\/\\\/fmgente.com.ar\\\/web\\\/wp-content\\\/uploads\\\/2026\\\/03\\\/720-295.jpeg\",\"contentUrl\":\"https:\\\/\\\/fmgente.com.ar\\\/web\\\/wp-content\\\/uploads\\\/2026\\\/03\\\/720-295.jpeg\",\"width\":1080,\"height\":720},{\"@type\":\"WebSite\",\"@id\":\"https:\\\/\\\/fmgente.com.ar\\\/web\\\/#website\",\"url\":\"https:\\\/\\\/fmgente.com.ar\\\/web\\\/\",\"name\":\"Fm Gente\",\"description\":\"- Jes\u00fas Mar\u00eda\",\"publisher\":{\"@id\":\"https:\\\/\\\/fmgente.com.ar\\\/web\\\/#organization\"},\"potentialAction\":[{\"@type\":\"SearchAction\",\"target\":{\"@type\":\"EntryPoint\",\"urlTemplate\":\"https:\\\/\\\/fmgente.com.ar\\\/web\\\/?s={search_term_string}\"},\"query-input\":{\"@type\":\"PropertyValueSpecification\",\"valueRequired\":true,\"valueName\":\"search_term_string\"}}],\"inLanguage\":\"es\"},{\"@type\":\"Organization\",\"@id\":\"https:\\\/\\\/fmgente.com.ar\\\/web\\\/#organization\",\"name\":\"Fm Gente\",\"url\":\"https:\\\/\\\/fmgente.com.ar\\\/web\\\/\",\"logo\":{\"@type\":\"ImageObject\",\"inLanguage\":\"es\",\"@id\":\"https:\\\/\\\/fmgente.com.ar\\\/web\\\/#\\\/schema\\\/logo\\\/image\\\/\",\"url\":\"https:\\\/\\\/fmgente.com.ar\\\/web\\\/wp-content\\\/uploads\\\/2023\\\/07\\\/cropped-cropped-logo-sombra2.png\",\"contentUrl\":\"https:\\\/\\\/fmgente.com.ar\\\/web\\\/wp-content\\\/uploads\\\/2023\\\/07\\\/cropped-cropped-logo-sombra2.png\",\"width\":1782,\"height\":1782,\"caption\":\"Fm Gente\"},\"image\":{\"@id\":\"https:\\\/\\\/fmgente.com.ar\\\/web\\\/#\\\/schema\\\/logo\\\/image\\\/\"}}]}<\/script>\n<!-- \/ Yoast SEO plugin. -->","yoast_head_json":{"title":"Caso Loan: pidieron que el juicio inicie el d\u00eda de su cumplea\u00f1os, pero el tribunal lo rechaz\u00f3 - Fm Gente","robots":{"index":"index","follow":"follow","max-snippet":"max-snippet:-1","max-image-preview":"max-image-preview:large","max-video-preview":"max-video-preview:-1"},"canonical":"https:\/\/fmgente.com.ar\/web\/caso-loan-pidieron-que-el-juicio-inicie-el-dia-de-su-cumpleanos-pero-el-tribunal-lo-rechazo\/","og_locale":"es_ES","og_type":"article","og_title":"Caso Loan: pidieron que el juicio inicie el d\u00eda de su cumplea\u00f1os, pero el tribunal lo rechaz\u00f3 - Fm Gente","og_description":"Buenos Aires, 5 marzo (NA) \u2013 La querella en el caso por la desaparici\u00f3n de","og_url":"https:\/\/fmgente.com.ar\/web\/caso-loan-pidieron-que-el-juicio-inicie-el-dia-de-su-cumpleanos-pero-el-tribunal-lo-rechazo\/","og_site_name":"Fm Gente","article_published_time":"2026-03-05T20:06:42+00:00","twitter_card":"summary_large_image","twitter_misc":{"Tiempo de lectura":"2 minutos"},"schema":{"@context":"https:\/\/schema.org","@graph":[{"@type":"Article","@id":"https:\/\/fmgente.com.ar\/web\/caso-loan-pidieron-que-el-juicio-inicie-el-dia-de-su-cumpleanos-pero-el-tribunal-lo-rechazo\/#article","isPartOf":{"@id":"https:\/\/fmgente.com.ar\/web\/caso-loan-pidieron-que-el-juicio-inicie-el-dia-de-su-cumpleanos-pero-el-tribunal-lo-rechazo\/"},"author":{"name":"","@id":""},"headline":"Caso Loan: pidieron que el juicio inicie el d\u00eda de su cumplea\u00f1os, pero el tribunal lo rechaz\u00f3","datePublished":"2026-03-05T20:06:42+00:00","mainEntityOfPage":{"@id":"https:\/\/fmgente.com.ar\/web\/caso-loan-pidieron-que-el-juicio-inicie-el-dia-de-su-cumpleanos-pero-el-tribunal-lo-rechazo\/"},"wordCount":412,"publisher":{"@id":"https:\/\/fmgente.com.ar\/web\/#organization"},"image":{"@id":"https:\/\/fmgente.com.ar\/web\/caso-loan-pidieron-que-el-juicio-inicie-el-dia-de-su-cumpleanos-pero-el-tribunal-lo-rechazo\/#primaryimage"},"thumbnailUrl":"https:\/\/fmgente.com.ar\/web\/wp-content\/uploads\/2026\/03\/720-295.jpeg","articleSection":["DESTACADAS"],"inLanguage":"es"},{"@type":"WebPage","@id":"https:\/\/fmgente.com.ar\/web\/caso-loan-pidieron-que-el-juicio-inicie-el-dia-de-su-cumpleanos-pero-el-tribunal-lo-rechazo\/","url":"https:\/\/fmgente.com.ar\/web\/caso-loan-pidieron-que-el-juicio-inicie-el-dia-de-su-cumpleanos-pero-el-tribunal-lo-rechazo\/","name":"Caso Loan: pidieron que el juicio inicie el d\u00eda de su cumplea\u00f1os, pero el tribunal lo rechaz\u00f3 - Fm Gente","isPartOf":{"@id":"https:\/\/fmgente.com.ar\/web\/#website"},"primaryImageOfPage":{"@id":"https:\/\/fmgente.com.ar\/web\/caso-loan-pidieron-que-el-juicio-inicie-el-dia-de-su-cumpleanos-pero-el-tribunal-lo-rechazo\/#primaryimage"},"image":{"@id":"https:\/\/fmgente.com.ar\/web\/caso-loan-pidieron-que-el-juicio-inicie-el-dia-de-su-cumpleanos-pero-el-tribunal-lo-rechazo\/#primaryimage"},"thumbnailUrl":"https:\/\/fmgente.com.ar\/web\/wp-content\/uploads\/2026\/03\/720-295.jpeg","datePublished":"2026-03-05T20:06:42+00:00","inLanguage":"es","potentialAction":[{"@type":"ReadAction","target":["https:\/\/fmgente.com.ar\/web\/caso-loan-pidieron-que-el-juicio-inicie-el-dia-de-su-cumpleanos-pero-el-tribunal-lo-rechazo\/"]}]},{"@type":"ImageObject","inLanguage":"es","@id":"https:\/\/fmgente.com.ar\/web\/caso-loan-pidieron-que-el-juicio-inicie-el-dia-de-su-cumpleanos-pero-el-tribunal-lo-rechazo\/#primaryimage","url":"https:\/\/fmgente.com.ar\/web\/wp-content\/uploads\/2026\/03\/720-295.jpeg","contentUrl":"https:\/\/fmgente.com.ar\/web\/wp-content\/uploads\/2026\/03\/720-295.jpeg","width":1080,"height":720},{"@type":"WebSite","@id":"https:\/\/fmgente.com.ar\/web\/#website","url":"https:\/\/fmgente.com.ar\/web\/","name":"Fm Gente","description":"- Jes\u00fas Mar\u00eda","publisher":{"@id":"https:\/\/fmgente.com.ar\/web\/#organization"},"potentialAction":[{"@type":"SearchAction","target":{"@type":"EntryPoint","urlTemplate":"https:\/\/fmgente.com.ar\/web\/?s={search_term_string}"},"query-input":{"@type":"PropertyValueSpecification","valueRequired":true,"valueName":"search_term_string"}}],"inLanguage":"es"},{"@type":"Organization","@id":"https:\/\/fmgente.com.ar\/web\/#organization","name":"Fm Gente","url":"https:\/\/fmgente.com.ar\/web\/","logo":{"@type":"ImageObject","inLanguage":"es","@id":"https:\/\/fmgente.com.ar\/web\/#\/schema\/logo\/image\/","url":"https:\/\/fmgente.com.ar\/web\/wp-content\/uploads\/2023\/07\/cropped-cropped-logo-sombra2.png","contentUrl":"https:\/\/fmgente.com.ar\/web\/wp-content\/uploads\/2023\/07\/cropped-cropped-logo-sombra2.png","width":1782,"height":1782,"caption":"Fm Gente"},"image":{"@id":"https:\/\/fmgente.com.ar\/web\/#\/schema\/logo\/image\/"}}]}},"_links":{"self":[{"href":"https:\/\/fmgente.com.ar\/web\/wp-json\/wp\/v2\/posts\/14278","targetHints":{"allow":["GET"]}}],"collection":[{"href":"https:\/\/fmgente.com.ar\/web\/wp-json\/wp\/v2\/posts"}],"about":[{"href":"https:\/\/fmgente.com.ar\/web\/wp-json\/wp\/v2\/types\/post"}],"replies":[{"embeddable":true,"href":"https:\/\/fmgente.com.ar\/web\/wp-json\/wp\/v2\/comments?post=14278"}],"version-history":[{"count":0,"href":"https:\/\/fmgente.com.ar\/web\/wp-json\/wp\/v2\/posts\/14278\/revisions"}],"wp:featuredmedia":[{"embeddable":true,"href":"https:\/\/fmgente.com.ar\/web\/wp-json\/wp\/v2\/media\/14279"}],"wp:attachment":[{"href":"https:\/\/fmgente.com.ar\/web\/wp-json\/wp\/v2\/media?parent=14278"}],"wp:term":[{"taxonomy":"category","embeddable":true,"href":"https:\/\/fmgente.com.ar\/web\/wp-json\/wp\/v2\/categories?post=14278"},{"taxonomy":"post_tag","embeddable":true,"href":"https:\/\/fmgente.com.ar\/web\/wp-json\/wp\/v2\/tags?post=14278"}],"curies":[{"name":"wp","href":"https:\/\/api.w.org\/{rel}","templated":true}]}}