{"id":14049,"date":"2026-03-04T18:06:49","date_gmt":"2026-03-04T21:06:49","guid":{"rendered":"https:\/\/fmgente.com.ar\/web\/milei-cada-vez-que-bajamos-impuestos-y-desregulamos-estamos-devolviendo-la-propiedad-privada\/"},"modified":"2026-03-04T18:06:49","modified_gmt":"2026-03-04T21:06:49","slug":"milei-cada-vez-que-bajamos-impuestos-y-desregulamos-estamos-devolviendo-la-propiedad-privada","status":"publish","type":"post","link":"https:\/\/fmgente.com.ar\/web\/milei-cada-vez-que-bajamos-impuestos-y-desregulamos-estamos-devolviendo-la-propiedad-privada\/","title":{"rendered":"Milei: \u201cCada vez que bajamos impuestos y desregulamos estamos devolviendo la propiedad privada\u201d"},"content":{"rendered":"<p>Buenos Aires, 4 marzo (NA) \u2013 El presidente Javier Milei afirm\u00f3 este mi\u00e9rcoles que \u00abla inversi\u00f3n fomenta la competencia, resultando en mejores servicios y, en \u00faltima instancia, en beneficio para todos los consumidores\u00bb.<\/p>\n<p>\u201cEl sector privado, \u00fanico generador de riqueza, es el mayor proveedor de soluciones que elevan el bienestar de la poblaci\u00f3n. El capitlaismo de libre empresa ha sido el invento m\u00e1s revolucionario jam\u00e1s creado por el hombre\u201d, subray\u00f3.<\/p>\n<p>El Presidente destac\u00f3 que \u00abcada vez que bajamos impuestos y la inflaci\u00f3n, y desregulamos, estamos devolviendo la propiedad privada\u201d.<\/p>\n<p>El mandatario se expres\u00f3 en estos t\u00e9rminos al visitar el Centro de Monitoreo de VISA Argentina.<\/p>\n<p>Noticia en desarrollo\u2026 #AgenciaNA<\/p>\n","protected":false},"excerpt":{"rendered":"<p>Buenos Aires, 4 marzo (NA) \u2013 El presidente Javier Milei afirm\u00f3 este mi\u00e9rcoles que \u00abla<\/p>\n","protected":false},"author":0,"featured_media":14050,"comment_status":"","ping_status":"","sticky":false,"template":"","format":"standard","meta":{"footnotes":""},"categories":[11],"tags":[],"class_list":["post-14049","post","type-post","status-publish","format-standard","has-post-thumbnail","hentry","category-destacadas"],"yoast_head":"<!-- This site is optimized with the Yoast SEO plugin v27.4 - https:\/\/yoast.com\/product\/yoast-seo-wordpress\/ -->\n<title>Milei: \u201cCada vez que bajamos impuestos y desregulamos estamos devolviendo la propiedad privada\u201d - Fm Gente<\/title>\n<meta name=\"robots\" content=\"index, follow, max-snippet:-1, max-image-preview:large, max-video-preview:-1\" \/>\n<link rel=\"canonical\" href=\"https:\/\/fmgente.com.ar\/web\/milei-cada-vez-que-bajamos-impuestos-y-desregulamos-estamos-devolviendo-la-propiedad-privada\/\" \/>\n<meta property=\"og:locale\" content=\"es_ES\" \/>\n<meta property=\"og:type\" content=\"article\" \/>\n<meta property=\"og:title\" content=\"Milei: \u201cCada vez que bajamos impuestos y desregulamos estamos devolviendo la propiedad privada\u201d - Fm Gente\" \/>\n<meta property=\"og:description\" content=\"Buenos Aires, 4 marzo (NA) \u2013 El presidente Javier Milei afirm\u00f3 este mi\u00e9rcoles que \u00abla\" \/>\n<meta property=\"og:url\" content=\"https:\/\/fmgente.com.ar\/web\/milei-cada-vez-que-bajamos-impuestos-y-desregulamos-estamos-devolviendo-la-propiedad-privada\/\" \/>\n<meta property=\"og:site_name\" content=\"Fm Gente\" \/>\n<meta property=\"article:published_time\" content=\"2026-03-04T21:06:49+00:00\" \/>\n<meta name=\"twitter:card\" content=\"summary_large_image\" \/>\n<meta name=\"twitter:label1\" content=\"Tiempo de lectura\" \/>\n\t<meta name=\"twitter:data1\" content=\"1 minuto\" \/>\n<script type=\"application\/ld+json\" class=\"yoast-schema-graph\">{\"@context\":\"https:\\\/\\\/schema.org\",\"@graph\":[{\"@type\":\"Article\",\"@id\":\"https:\\\/\\\/fmgente.com.ar\\\/web\\\/milei-cada-vez-que-bajamos-impuestos-y-desregulamos-estamos-devolviendo-la-propiedad-privada\\\/#article\",\"isPartOf\":{\"@id\":\"https:\\\/\\\/fmgente.com.ar\\\/web\\\/milei-cada-vez-que-bajamos-impuestos-y-desregulamos-estamos-devolviendo-la-propiedad-privada\\\/\"},\"author\":{\"name\":\"\",\"@id\":\"\"},\"headline\":\"Milei: \u201cCada vez que bajamos impuestos y desregulamos estamos devolviendo la propiedad privada\u201d\",\"datePublished\":\"2026-03-04T21:06:49+00:00\",\"mainEntityOfPage\":{\"@id\":\"https:\\\/\\\/fmgente.com.ar\\\/web\\\/milei-cada-vez-que-bajamos-impuestos-y-desregulamos-estamos-devolviendo-la-propiedad-privada\\\/\"},\"wordCount\":127,\"publisher\":{\"@id\":\"https:\\\/\\\/fmgente.com.ar\\\/web\\\/#organization\"},\"image\":{\"@id\":\"https:\\\/\\\/fmgente.com.ar\\\/web\\\/milei-cada-vez-que-bajamos-impuestos-y-desregulamos-estamos-devolviendo-la-propiedad-privada\\\/#primaryimage\"},\"thumbnailUrl\":\"https:\\\/\\\/fmgente.com.ar\\\/web\\\/wp-content\\\/uploads\\\/2026\\\/03\\\/720-210.jpeg\",\"articleSection\":[\"DESTACADAS\"],\"inLanguage\":\"es\"},{\"@type\":\"WebPage\",\"@id\":\"https:\\\/\\\/fmgente.com.ar\\\/web\\\/milei-cada-vez-que-bajamos-impuestos-y-desregulamos-estamos-devolviendo-la-propiedad-privada\\\/\",\"url\":\"https:\\\/\\\/fmgente.com.ar\\\/web\\\/milei-cada-vez-que-bajamos-impuestos-y-desregulamos-estamos-devolviendo-la-propiedad-privada\\\/\",\"name\":\"Milei: \u201cCada vez que bajamos impuestos y desregulamos estamos devolviendo la propiedad privada\u201d - Fm Gente\",\"isPartOf\":{\"@id\":\"https:\\\/\\\/fmgente.com.ar\\\/web\\\/#website\"},\"primaryImageOfPage\":{\"@id\":\"https:\\\/\\\/fmgente.com.ar\\\/web\\\/milei-cada-vez-que-bajamos-impuestos-y-desregulamos-estamos-devolviendo-la-propiedad-privada\\\/#primaryimage\"},\"image\":{\"@id\":\"https:\\\/\\\/fmgente.com.ar\\\/web\\\/milei-cada-vez-que-bajamos-impuestos-y-desregulamos-estamos-devolviendo-la-propiedad-privada\\\/#primaryimage\"},\"thumbnailUrl\":\"https:\\\/\\\/fmgente.com.ar\\\/web\\\/wp-content\\\/uploads\\\/2026\\\/03\\\/720-210.jpeg\",\"datePublished\":\"2026-03-04T21:06:49+00:00\",\"inLanguage\":\"es\",\"potentialAction\":[{\"@type\":\"ReadAction\",\"target\":[\"https:\\\/\\\/fmgente.com.ar\\\/web\\\/milei-cada-vez-que-bajamos-impuestos-y-desregulamos-estamos-devolviendo-la-propiedad-privada\\\/\"]}]},{\"@type\":\"ImageObject\",\"inLanguage\":\"es\",\"@id\":\"https:\\\/\\\/fmgente.com.ar\\\/web\\\/milei-cada-vez-que-bajamos-impuestos-y-desregulamos-estamos-devolviendo-la-propiedad-privada\\\/#primaryimage\",\"url\":\"https:\\\/\\\/fmgente.com.ar\\\/web\\\/wp-content\\\/uploads\\\/2026\\\/03\\\/720-210.jpeg\",\"contentUrl\":\"https:\\\/\\\/fmgente.com.ar\\\/web\\\/wp-content\\\/uploads\\\/2026\\\/03\\\/720-210.jpeg\",\"width\":901,\"height\":720},{\"@type\":\"WebSite\",\"@id\":\"https:\\\/\\\/fmgente.com.ar\\\/web\\\/#website\",\"url\":\"https:\\\/\\\/fmgente.com.ar\\\/web\\\/\",\"name\":\"Fm Gente\",\"description\":\"- Jes\u00fas Mar\u00eda\",\"publisher\":{\"@id\":\"https:\\\/\\\/fmgente.com.ar\\\/web\\\/#organization\"},\"potentialAction\":[{\"@type\":\"SearchAction\",\"target\":{\"@type\":\"EntryPoint\",\"urlTemplate\":\"https:\\\/\\\/fmgente.com.ar\\\/web\\\/?s={search_term_string}\"},\"query-input\":{\"@type\":\"PropertyValueSpecification\",\"valueRequired\":true,\"valueName\":\"search_term_string\"}}],\"inLanguage\":\"es\"},{\"@type\":\"Organization\",\"@id\":\"https:\\\/\\\/fmgente.com.ar\\\/web\\\/#organization\",\"name\":\"Fm Gente\",\"url\":\"https:\\\/\\\/fmgente.com.ar\\\/web\\\/\",\"logo\":{\"@type\":\"ImageObject\",\"inLanguage\":\"es\",\"@id\":\"https:\\\/\\\/fmgente.com.ar\\\/web\\\/#\\\/schema\\\/logo\\\/image\\\/\",\"url\":\"https:\\\/\\\/fmgente.com.ar\\\/web\\\/wp-content\\\/uploads\\\/2023\\\/07\\\/cropped-cropped-logo-sombra2.png\",\"contentUrl\":\"https:\\\/\\\/fmgente.com.ar\\\/web\\\/wp-content\\\/uploads\\\/2023\\\/07\\\/cropped-cropped-logo-sombra2.png\",\"width\":1782,\"height\":1782,\"caption\":\"Fm Gente\"},\"image\":{\"@id\":\"https:\\\/\\\/fmgente.com.ar\\\/web\\\/#\\\/schema\\\/logo\\\/image\\\/\"}}]}<\/script>\n<!-- \/ Yoast SEO plugin. -->","yoast_head_json":{"title":"Milei: \u201cCada vez que bajamos impuestos y desregulamos estamos devolviendo la propiedad privada\u201d - Fm Gente","robots":{"index":"index","follow":"follow","max-snippet":"max-snippet:-1","max-image-preview":"max-image-preview:large","max-video-preview":"max-video-preview:-1"},"canonical":"https:\/\/fmgente.com.ar\/web\/milei-cada-vez-que-bajamos-impuestos-y-desregulamos-estamos-devolviendo-la-propiedad-privada\/","og_locale":"es_ES","og_type":"article","og_title":"Milei: \u201cCada vez que bajamos impuestos y desregulamos estamos devolviendo la propiedad privada\u201d - Fm Gente","og_description":"Buenos Aires, 4 marzo (NA) \u2013 El presidente Javier Milei afirm\u00f3 este mi\u00e9rcoles que \u00abla","og_url":"https:\/\/fmgente.com.ar\/web\/milei-cada-vez-que-bajamos-impuestos-y-desregulamos-estamos-devolviendo-la-propiedad-privada\/","og_site_name":"Fm Gente","article_published_time":"2026-03-04T21:06:49+00:00","twitter_card":"summary_large_image","twitter_misc":{"Tiempo de lectura":"1 minuto"},"schema":{"@context":"https:\/\/schema.org","@graph":[{"@type":"Article","@id":"https:\/\/fmgente.com.ar\/web\/milei-cada-vez-que-bajamos-impuestos-y-desregulamos-estamos-devolviendo-la-propiedad-privada\/#article","isPartOf":{"@id":"https:\/\/fmgente.com.ar\/web\/milei-cada-vez-que-bajamos-impuestos-y-desregulamos-estamos-devolviendo-la-propiedad-privada\/"},"author":{"name":"","@id":""},"headline":"Milei: \u201cCada vez que bajamos impuestos y desregulamos estamos devolviendo la propiedad privada\u201d","datePublished":"2026-03-04T21:06:49+00:00","mainEntityOfPage":{"@id":"https:\/\/fmgente.com.ar\/web\/milei-cada-vez-que-bajamos-impuestos-y-desregulamos-estamos-devolviendo-la-propiedad-privada\/"},"wordCount":127,"publisher":{"@id":"https:\/\/fmgente.com.ar\/web\/#organization"},"image":{"@id":"https:\/\/fmgente.com.ar\/web\/milei-cada-vez-que-bajamos-impuestos-y-desregulamos-estamos-devolviendo-la-propiedad-privada\/#primaryimage"},"thumbnailUrl":"https:\/\/fmgente.com.ar\/web\/wp-content\/uploads\/2026\/03\/720-210.jpeg","articleSection":["DESTACADAS"],"inLanguage":"es"},{"@type":"WebPage","@id":"https:\/\/fmgente.com.ar\/web\/milei-cada-vez-que-bajamos-impuestos-y-desregulamos-estamos-devolviendo-la-propiedad-privada\/","url":"https:\/\/fmgente.com.ar\/web\/milei-cada-vez-que-bajamos-impuestos-y-desregulamos-estamos-devolviendo-la-propiedad-privada\/","name":"Milei: \u201cCada vez que bajamos impuestos y desregulamos estamos devolviendo la propiedad privada\u201d - Fm Gente","isPartOf":{"@id":"https:\/\/fmgente.com.ar\/web\/#website"},"primaryImageOfPage":{"@id":"https:\/\/fmgente.com.ar\/web\/milei-cada-vez-que-bajamos-impuestos-y-desregulamos-estamos-devolviendo-la-propiedad-privada\/#primaryimage"},"image":{"@id":"https:\/\/fmgente.com.ar\/web\/milei-cada-vez-que-bajamos-impuestos-y-desregulamos-estamos-devolviendo-la-propiedad-privada\/#primaryimage"},"thumbnailUrl":"https:\/\/fmgente.com.ar\/web\/wp-content\/uploads\/2026\/03\/720-210.jpeg","datePublished":"2026-03-04T21:06:49+00:00","inLanguage":"es","potentialAction":[{"@type":"ReadAction","target":["https:\/\/fmgente.com.ar\/web\/milei-cada-vez-que-bajamos-impuestos-y-desregulamos-estamos-devolviendo-la-propiedad-privada\/"]}]},{"@type":"ImageObject","inLanguage":"es","@id":"https:\/\/fmgente.com.ar\/web\/milei-cada-vez-que-bajamos-impuestos-y-desregulamos-estamos-devolviendo-la-propiedad-privada\/#primaryimage","url":"https:\/\/fmgente.com.ar\/web\/wp-content\/uploads\/2026\/03\/720-210.jpeg","contentUrl":"https:\/\/fmgente.com.ar\/web\/wp-content\/uploads\/2026\/03\/720-210.jpeg","width":901,"height":720},{"@type":"WebSite","@id":"https:\/\/fmgente.com.ar\/web\/#website","url":"https:\/\/fmgente.com.ar\/web\/","name":"Fm Gente","description":"- Jes\u00fas Mar\u00eda","publisher":{"@id":"https:\/\/fmgente.com.ar\/web\/#organization"},"potentialAction":[{"@type":"SearchAction","target":{"@type":"EntryPoint","urlTemplate":"https:\/\/fmgente.com.ar\/web\/?s={search_term_string}"},"query-input":{"@type":"PropertyValueSpecification","valueRequired":true,"valueName":"search_term_string"}}],"inLanguage":"es"},{"@type":"Organization","@id":"https:\/\/fmgente.com.ar\/web\/#organization","name":"Fm Gente","url":"https:\/\/fmgente.com.ar\/web\/","logo":{"@type":"ImageObject","inLanguage":"es","@id":"https:\/\/fmgente.com.ar\/web\/#\/schema\/logo\/image\/","url":"https:\/\/fmgente.com.ar\/web\/wp-content\/uploads\/2023\/07\/cropped-cropped-logo-sombra2.png","contentUrl":"https:\/\/fmgente.com.ar\/web\/wp-content\/uploads\/2023\/07\/cropped-cropped-logo-sombra2.png","width":1782,"height":1782,"caption":"Fm Gente"},"image":{"@id":"https:\/\/fmgente.com.ar\/web\/#\/schema\/logo\/image\/"}}]}},"_links":{"self":[{"href":"https:\/\/fmgente.com.ar\/web\/wp-json\/wp\/v2\/posts\/14049","targetHints":{"allow":["GET"]}}],"collection":[{"href":"https:\/\/fmgente.com.ar\/web\/wp-json\/wp\/v2\/posts"}],"about":[{"href":"https:\/\/fmgente.com.ar\/web\/wp-json\/wp\/v2\/types\/post"}],"replies":[{"embeddable":true,"href":"https:\/\/fmgente.com.ar\/web\/wp-json\/wp\/v2\/comments?post=14049"}],"version-history":[{"count":0,"href":"https:\/\/fmgente.com.ar\/web\/wp-json\/wp\/v2\/posts\/14049\/revisions"}],"wp:featuredmedia":[{"embeddable":true,"href":"https:\/\/fmgente.com.ar\/web\/wp-json\/wp\/v2\/media\/14050"}],"wp:attachment":[{"href":"https:\/\/fmgente.com.ar\/web\/wp-json\/wp\/v2\/media?parent=14049"}],"wp:term":[{"taxonomy":"category","embeddable":true,"href":"https:\/\/fmgente.com.ar\/web\/wp-json\/wp\/v2\/categories?post=14049"},{"taxonomy":"post_tag","embeddable":true,"href":"https:\/\/fmgente.com.ar\/web\/wp-json\/wp\/v2\/tags?post=14049"}],"curies":[{"name":"wp","href":"https:\/\/api.w.org\/{rel}","templated":true}]}}