{"id":14047,"date":"2026-03-04T18:06:48","date_gmt":"2026-03-04T21:06:48","guid":{"rendered":"https:\/\/fmgente.com.ar\/web\/caso-facundo-castro-ratificaron-la-condena-del-instructor-canino-por-plantar-pruebas\/"},"modified":"2026-03-04T18:06:48","modified_gmt":"2026-03-04T21:06:48","slug":"caso-facundo-castro-ratificaron-la-condena-del-instructor-canino-por-plantar-pruebas","status":"publish","type":"post","link":"https:\/\/fmgente.com.ar\/web\/caso-facundo-castro-ratificaron-la-condena-del-instructor-canino-por-plantar-pruebas\/","title":{"rendered":"Caso Facundo Castro: ratificaron la condena del instructor canino por plantar pruebas"},"content":{"rendered":"<p>Buenos Aires, 4 marzo (NA) &#8212; El instructor canino Marcos Herrero, quien particip\u00f3 en el contexto de los rastrillajes en la investigaci\u00f3n por la muerte y desaparici\u00f3n de Facundo Astudillo Castro, continuar\u00e1 detenido tras la ratificaci\u00f3n de la pena de siete a\u00f1os de prisi\u00f3n, acusado de adulterar pruebas.<\/p>\n<p>Seg\u00fan supo la Agencia Noticias Argentinas y, tal como inform\u00f3 Fiscales.gob, la sala III de la C\u00e1mara Federal de Casaci\u00f3n Penal confirm\u00f3 la sentencia por haber plantado evidencia y cometido falso testimonio para perjudicar a polic\u00edas.<\/p>\n<p>Astudillo Castro hab\u00eda desaparecido en abril de 2020, cuando fue visto por \u00faltima vez en la localidad bonaerense de Pedro Luro, durante un control policial. Tres meses despu\u00e9s, su cad\u00e1ver fue encontrado en un sector de cangrejales, en la localidad de General Daniel Cerri, partido de Bah\u00eda Blanca.<\/p>\n<p>Los jueces Carlos Alberto Mahiques, Juan Carlos Gemignani y Diego Barroetave\u00f1a rechazaron, por mayor\u00eda, el recurso de casaci\u00f3n interpuesto por el abogado defensor de Herrero, que hab\u00eda se\u00f1alado que las declaraciones vertidas por su defendido no eran falsas, sino \u201cinterpretaciones t\u00e9cnicas basadas en su experiencia profesional\u201d.<\/p>\n<p>En ese sentido, la defensa expuso que el Tribunal Oral Federal (TOF) bahiense \u201cdesatendi\u00f3 tales planteos y fund\u00f3 su decisi\u00f3n en presunciones arbitrarias, violando principios esenciales del proceso penal acusatorio, a saber: principios de culpabilidad, legalidad y de derecho penal del acto\u201d.<\/p>\n<p>El juez conden\u00f3 al perito canino de 49 a\u00f1os, que es oriundo de Viedma, R\u00edo Negro, a la pena de 7 a\u00f1os de prisi\u00f3n por el delito de \u00abfalso testimonio reiterado agravado\u00bb por un total de siete hechos, as\u00ed como la inhabilitaci\u00f3n absoluta por el doble de tiempo de la condena.<\/p>\n<p>Tambi\u00e9n en la parte dispositiva del fallo, el magistrado orden\u00f3 que se unifique la presente condena con otra que hab\u00eda sido impuesta el 21 de marzo de 2023 por un Tribunal Penal N\u00b02 del Poder Judicial de Mendoza por el delito de \u00abencubrimiento simple\u00bb.<\/p>\n<p>Voceros judiciales indicaron que el juez del Tribunal Oral Federal impuso entonces que se aplique una pena \u00fanica de 7 a\u00f1os y 8 meses de prisi\u00f3n al perito canino, quien en la actualidad cumple en Viedma con arresto domiciliario. #AgenciaNA<\/p>\n","protected":false},"excerpt":{"rendered":"<p>Buenos Aires, 4 marzo (NA) &#8212; El instructor canino Marcos Herrero, quien particip\u00f3 en el<\/p>\n","protected":false},"author":0,"featured_media":14048,"comment_status":"","ping_status":"","sticky":false,"template":"","format":"standard","meta":{"footnotes":""},"categories":[11],"tags":[],"class_list":["post-14047","post","type-post","status-publish","format-standard","has-post-thumbnail","hentry","category-destacadas"],"yoast_head":"<!-- This site is optimized with the Yoast SEO plugin v27.4 - https:\/\/yoast.com\/product\/yoast-seo-wordpress\/ -->\n<title>Caso Facundo Castro: ratificaron la condena del instructor canino por plantar pruebas - Fm Gente<\/title>\n<meta name=\"robots\" content=\"index, follow, max-snippet:-1, max-image-preview:large, max-video-preview:-1\" \/>\n<link rel=\"canonical\" href=\"https:\/\/fmgente.com.ar\/web\/caso-facundo-castro-ratificaron-la-condena-del-instructor-canino-por-plantar-pruebas\/\" \/>\n<meta property=\"og:locale\" content=\"es_ES\" \/>\n<meta property=\"og:type\" content=\"article\" \/>\n<meta property=\"og:title\" content=\"Caso Facundo Castro: ratificaron la condena del instructor canino por plantar pruebas - Fm Gente\" \/>\n<meta property=\"og:description\" content=\"Buenos Aires, 4 marzo (NA) &#8212; El instructor canino Marcos Herrero, quien particip\u00f3 en el\" \/>\n<meta property=\"og:url\" content=\"https:\/\/fmgente.com.ar\/web\/caso-facundo-castro-ratificaron-la-condena-del-instructor-canino-por-plantar-pruebas\/\" \/>\n<meta property=\"og:site_name\" content=\"Fm Gente\" \/>\n<meta property=\"article:published_time\" content=\"2026-03-04T21:06:48+00:00\" \/>\n<meta name=\"twitter:card\" content=\"summary_large_image\" \/>\n<meta name=\"twitter:label1\" content=\"Tiempo de lectura\" \/>\n\t<meta name=\"twitter:data1\" content=\"2 minutos\" \/>\n<script type=\"application\/ld+json\" class=\"yoast-schema-graph\">{\"@context\":\"https:\\\/\\\/schema.org\",\"@graph\":[{\"@type\":\"Article\",\"@id\":\"https:\\\/\\\/fmgente.com.ar\\\/web\\\/caso-facundo-castro-ratificaron-la-condena-del-instructor-canino-por-plantar-pruebas\\\/#article\",\"isPartOf\":{\"@id\":\"https:\\\/\\\/fmgente.com.ar\\\/web\\\/caso-facundo-castro-ratificaron-la-condena-del-instructor-canino-por-plantar-pruebas\\\/\"},\"author\":{\"name\":\"\",\"@id\":\"\"},\"headline\":\"Caso Facundo Castro: ratificaron la condena del instructor canino por plantar pruebas\",\"datePublished\":\"2026-03-04T21:06:48+00:00\",\"mainEntityOfPage\":{\"@id\":\"https:\\\/\\\/fmgente.com.ar\\\/web\\\/caso-facundo-castro-ratificaron-la-condena-del-instructor-canino-por-plantar-pruebas\\\/\"},\"wordCount\":389,\"publisher\":{\"@id\":\"https:\\\/\\\/fmgente.com.ar\\\/web\\\/#organization\"},\"image\":{\"@id\":\"https:\\\/\\\/fmgente.com.ar\\\/web\\\/caso-facundo-castro-ratificaron-la-condena-del-instructor-canino-por-plantar-pruebas\\\/#primaryimage\"},\"thumbnailUrl\":\"https:\\\/\\\/fmgente.com.ar\\\/web\\\/wp-content\\\/uploads\\\/2026\\\/03\\\/720-209.jpeg\",\"articleSection\":[\"DESTACADAS\"],\"inLanguage\":\"es\"},{\"@type\":\"WebPage\",\"@id\":\"https:\\\/\\\/fmgente.com.ar\\\/web\\\/caso-facundo-castro-ratificaron-la-condena-del-instructor-canino-por-plantar-pruebas\\\/\",\"url\":\"https:\\\/\\\/fmgente.com.ar\\\/web\\\/caso-facundo-castro-ratificaron-la-condena-del-instructor-canino-por-plantar-pruebas\\\/\",\"name\":\"Caso Facundo Castro: ratificaron la condena del instructor canino por plantar pruebas - Fm Gente\",\"isPartOf\":{\"@id\":\"https:\\\/\\\/fmgente.com.ar\\\/web\\\/#website\"},\"primaryImageOfPage\":{\"@id\":\"https:\\\/\\\/fmgente.com.ar\\\/web\\\/caso-facundo-castro-ratificaron-la-condena-del-instructor-canino-por-plantar-pruebas\\\/#primaryimage\"},\"image\":{\"@id\":\"https:\\\/\\\/fmgente.com.ar\\\/web\\\/caso-facundo-castro-ratificaron-la-condena-del-instructor-canino-por-plantar-pruebas\\\/#primaryimage\"},\"thumbnailUrl\":\"https:\\\/\\\/fmgente.com.ar\\\/web\\\/wp-content\\\/uploads\\\/2026\\\/03\\\/720-209.jpeg\",\"datePublished\":\"2026-03-04T21:06:48+00:00\",\"inLanguage\":\"es\",\"potentialAction\":[{\"@type\":\"ReadAction\",\"target\":[\"https:\\\/\\\/fmgente.com.ar\\\/web\\\/caso-facundo-castro-ratificaron-la-condena-del-instructor-canino-por-plantar-pruebas\\\/\"]}]},{\"@type\":\"ImageObject\",\"inLanguage\":\"es\",\"@id\":\"https:\\\/\\\/fmgente.com.ar\\\/web\\\/caso-facundo-castro-ratificaron-la-condena-del-instructor-canino-por-plantar-pruebas\\\/#primaryimage\",\"url\":\"https:\\\/\\\/fmgente.com.ar\\\/web\\\/wp-content\\\/uploads\\\/2026\\\/03\\\/720-209.jpeg\",\"contentUrl\":\"https:\\\/\\\/fmgente.com.ar\\\/web\\\/wp-content\\\/uploads\\\/2026\\\/03\\\/720-209.jpeg\",\"width\":765,\"height\":720},{\"@type\":\"WebSite\",\"@id\":\"https:\\\/\\\/fmgente.com.ar\\\/web\\\/#website\",\"url\":\"https:\\\/\\\/fmgente.com.ar\\\/web\\\/\",\"name\":\"Fm Gente\",\"description\":\"- Jes\u00fas Mar\u00eda\",\"publisher\":{\"@id\":\"https:\\\/\\\/fmgente.com.ar\\\/web\\\/#organization\"},\"potentialAction\":[{\"@type\":\"SearchAction\",\"target\":{\"@type\":\"EntryPoint\",\"urlTemplate\":\"https:\\\/\\\/fmgente.com.ar\\\/web\\\/?s={search_term_string}\"},\"query-input\":{\"@type\":\"PropertyValueSpecification\",\"valueRequired\":true,\"valueName\":\"search_term_string\"}}],\"inLanguage\":\"es\"},{\"@type\":\"Organization\",\"@id\":\"https:\\\/\\\/fmgente.com.ar\\\/web\\\/#organization\",\"name\":\"Fm Gente\",\"url\":\"https:\\\/\\\/fmgente.com.ar\\\/web\\\/\",\"logo\":{\"@type\":\"ImageObject\",\"inLanguage\":\"es\",\"@id\":\"https:\\\/\\\/fmgente.com.ar\\\/web\\\/#\\\/schema\\\/logo\\\/image\\\/\",\"url\":\"https:\\\/\\\/fmgente.com.ar\\\/web\\\/wp-content\\\/uploads\\\/2023\\\/07\\\/cropped-cropped-logo-sombra2.png\",\"contentUrl\":\"https:\\\/\\\/fmgente.com.ar\\\/web\\\/wp-content\\\/uploads\\\/2023\\\/07\\\/cropped-cropped-logo-sombra2.png\",\"width\":1782,\"height\":1782,\"caption\":\"Fm Gente\"},\"image\":{\"@id\":\"https:\\\/\\\/fmgente.com.ar\\\/web\\\/#\\\/schema\\\/logo\\\/image\\\/\"}}]}<\/script>\n<!-- \/ Yoast SEO plugin. -->","yoast_head_json":{"title":"Caso Facundo Castro: ratificaron la condena del instructor canino por plantar pruebas - Fm Gente","robots":{"index":"index","follow":"follow","max-snippet":"max-snippet:-1","max-image-preview":"max-image-preview:large","max-video-preview":"max-video-preview:-1"},"canonical":"https:\/\/fmgente.com.ar\/web\/caso-facundo-castro-ratificaron-la-condena-del-instructor-canino-por-plantar-pruebas\/","og_locale":"es_ES","og_type":"article","og_title":"Caso Facundo Castro: ratificaron la condena del instructor canino por plantar pruebas - Fm Gente","og_description":"Buenos Aires, 4 marzo (NA) &#8212; El instructor canino Marcos Herrero, quien particip\u00f3 en el","og_url":"https:\/\/fmgente.com.ar\/web\/caso-facundo-castro-ratificaron-la-condena-del-instructor-canino-por-plantar-pruebas\/","og_site_name":"Fm Gente","article_published_time":"2026-03-04T21:06:48+00:00","twitter_card":"summary_large_image","twitter_misc":{"Tiempo de lectura":"2 minutos"},"schema":{"@context":"https:\/\/schema.org","@graph":[{"@type":"Article","@id":"https:\/\/fmgente.com.ar\/web\/caso-facundo-castro-ratificaron-la-condena-del-instructor-canino-por-plantar-pruebas\/#article","isPartOf":{"@id":"https:\/\/fmgente.com.ar\/web\/caso-facundo-castro-ratificaron-la-condena-del-instructor-canino-por-plantar-pruebas\/"},"author":{"name":"","@id":""},"headline":"Caso Facundo Castro: ratificaron la condena del instructor canino por plantar pruebas","datePublished":"2026-03-04T21:06:48+00:00","mainEntityOfPage":{"@id":"https:\/\/fmgente.com.ar\/web\/caso-facundo-castro-ratificaron-la-condena-del-instructor-canino-por-plantar-pruebas\/"},"wordCount":389,"publisher":{"@id":"https:\/\/fmgente.com.ar\/web\/#organization"},"image":{"@id":"https:\/\/fmgente.com.ar\/web\/caso-facundo-castro-ratificaron-la-condena-del-instructor-canino-por-plantar-pruebas\/#primaryimage"},"thumbnailUrl":"https:\/\/fmgente.com.ar\/web\/wp-content\/uploads\/2026\/03\/720-209.jpeg","articleSection":["DESTACADAS"],"inLanguage":"es"},{"@type":"WebPage","@id":"https:\/\/fmgente.com.ar\/web\/caso-facundo-castro-ratificaron-la-condena-del-instructor-canino-por-plantar-pruebas\/","url":"https:\/\/fmgente.com.ar\/web\/caso-facundo-castro-ratificaron-la-condena-del-instructor-canino-por-plantar-pruebas\/","name":"Caso Facundo Castro: ratificaron la condena del instructor canino por plantar pruebas - Fm Gente","isPartOf":{"@id":"https:\/\/fmgente.com.ar\/web\/#website"},"primaryImageOfPage":{"@id":"https:\/\/fmgente.com.ar\/web\/caso-facundo-castro-ratificaron-la-condena-del-instructor-canino-por-plantar-pruebas\/#primaryimage"},"image":{"@id":"https:\/\/fmgente.com.ar\/web\/caso-facundo-castro-ratificaron-la-condena-del-instructor-canino-por-plantar-pruebas\/#primaryimage"},"thumbnailUrl":"https:\/\/fmgente.com.ar\/web\/wp-content\/uploads\/2026\/03\/720-209.jpeg","datePublished":"2026-03-04T21:06:48+00:00","inLanguage":"es","potentialAction":[{"@type":"ReadAction","target":["https:\/\/fmgente.com.ar\/web\/caso-facundo-castro-ratificaron-la-condena-del-instructor-canino-por-plantar-pruebas\/"]}]},{"@type":"ImageObject","inLanguage":"es","@id":"https:\/\/fmgente.com.ar\/web\/caso-facundo-castro-ratificaron-la-condena-del-instructor-canino-por-plantar-pruebas\/#primaryimage","url":"https:\/\/fmgente.com.ar\/web\/wp-content\/uploads\/2026\/03\/720-209.jpeg","contentUrl":"https:\/\/fmgente.com.ar\/web\/wp-content\/uploads\/2026\/03\/720-209.jpeg","width":765,"height":720},{"@type":"WebSite","@id":"https:\/\/fmgente.com.ar\/web\/#website","url":"https:\/\/fmgente.com.ar\/web\/","name":"Fm Gente","description":"- Jes\u00fas Mar\u00eda","publisher":{"@id":"https:\/\/fmgente.com.ar\/web\/#organization"},"potentialAction":[{"@type":"SearchAction","target":{"@type":"EntryPoint","urlTemplate":"https:\/\/fmgente.com.ar\/web\/?s={search_term_string}"},"query-input":{"@type":"PropertyValueSpecification","valueRequired":true,"valueName":"search_term_string"}}],"inLanguage":"es"},{"@type":"Organization","@id":"https:\/\/fmgente.com.ar\/web\/#organization","name":"Fm Gente","url":"https:\/\/fmgente.com.ar\/web\/","logo":{"@type":"ImageObject","inLanguage":"es","@id":"https:\/\/fmgente.com.ar\/web\/#\/schema\/logo\/image\/","url":"https:\/\/fmgente.com.ar\/web\/wp-content\/uploads\/2023\/07\/cropped-cropped-logo-sombra2.png","contentUrl":"https:\/\/fmgente.com.ar\/web\/wp-content\/uploads\/2023\/07\/cropped-cropped-logo-sombra2.png","width":1782,"height":1782,"caption":"Fm Gente"},"image":{"@id":"https:\/\/fmgente.com.ar\/web\/#\/schema\/logo\/image\/"}}]}},"_links":{"self":[{"href":"https:\/\/fmgente.com.ar\/web\/wp-json\/wp\/v2\/posts\/14047","targetHints":{"allow":["GET"]}}],"collection":[{"href":"https:\/\/fmgente.com.ar\/web\/wp-json\/wp\/v2\/posts"}],"about":[{"href":"https:\/\/fmgente.com.ar\/web\/wp-json\/wp\/v2\/types\/post"}],"replies":[{"embeddable":true,"href":"https:\/\/fmgente.com.ar\/web\/wp-json\/wp\/v2\/comments?post=14047"}],"version-history":[{"count":0,"href":"https:\/\/fmgente.com.ar\/web\/wp-json\/wp\/v2\/posts\/14047\/revisions"}],"wp:featuredmedia":[{"embeddable":true,"href":"https:\/\/fmgente.com.ar\/web\/wp-json\/wp\/v2\/media\/14048"}],"wp:attachment":[{"href":"https:\/\/fmgente.com.ar\/web\/wp-json\/wp\/v2\/media?parent=14047"}],"wp:term":[{"taxonomy":"category","embeddable":true,"href":"https:\/\/fmgente.com.ar\/web\/wp-json\/wp\/v2\/categories?post=14047"},{"taxonomy":"post_tag","embeddable":true,"href":"https:\/\/fmgente.com.ar\/web\/wp-json\/wp\/v2\/tags?post=14047"}],"curies":[{"name":"wp","href":"https:\/\/api.w.org\/{rel}","templated":true}]}}