{"id":14045,"date":"2026-03-04T18:06:47","date_gmt":"2026-03-04T21:06:47","guid":{"rendered":"https:\/\/fmgente.com.ar\/web\/caso-loan-la-defensa-del-ex-comisario-no-apelo-la-fecha-del-inicio-del-juicio-para-octubre\/"},"modified":"2026-03-04T18:06:47","modified_gmt":"2026-03-04T21:06:47","slug":"caso-loan-la-defensa-del-ex-comisario-no-apelo-la-fecha-del-inicio-del-juicio-para-octubre","status":"publish","type":"post","link":"https:\/\/fmgente.com.ar\/web\/caso-loan-la-defensa-del-ex-comisario-no-apelo-la-fecha-del-inicio-del-juicio-para-octubre\/","title":{"rendered":"Caso Loan: la defensa del ex comisario no apel\u00f3 la fecha del inicio del juicio para octubre"},"content":{"rendered":"<p>Buenos Aires, 4 marzo (NA) \u2013 La defensa del ex comisario Walter Maciel, uno de los procesados en el caso Loan, confirm\u00f3 que no apel\u00f3 la fecha del inicio del juicio que hab\u00eda informado el tribunal durante la audiencia preliminar, al sostener que hay diversas agendas que se deben respetar y hasta destac\u00f3 que se sorprendi\u00f3 por la rapidez con la que se avanz\u00f3 con la causa, que tiene 90.000 fojas.<\/p>\n<p>Richard Vallejos, abogado de Maciel, habl\u00f3 con la Agencia Noticias Argentinas y expuso que en la audiencia desarrollada a fines de febrero se pretend\u00eda estipular algunas pautas sobre los testigos y pruebas, pero \u201cno se lleg\u00f3 a un acuerdo entre las partes\u201d.<\/p>\n<p>El abogado explic\u00f3 que el debate ocurri\u00f3 cuando la fiscal\u00eda pretendi\u00f3 incorporar por lectura la mayor\u00eda de los testigos: \u201cEso viola la garant\u00eda de defensa en juicio porque no tenemos la posibilidad de contraexaminar al testigo, es decir, de preguntar\u201d.<\/p>\n<p>Acerca de la fecha estipulada para el 7 de octubre y que ahora ser\u00e1 revisada tras un pedido de las partes, Vallejos se\u00f1al\u00f3: \u201cEn lo que respecta a mi defensa no me genera ning\u00fan tipo de relevancia. Entiendo que la preocupaci\u00f3n para la fiscal\u00eda o para la familia del ni\u00f1o desaparecido es urgente, pero tenemos que tener en cuenta tambi\u00e9n que hay una escasez de jueces, por lo que el tribunal est\u00e1 integrado por magistrado de otras provincias\u201d.<\/p>\n<p>\u201cEn lo particular, puede ser que la fecha se cambie, pero solo para unos d\u00edas antes. La querella hab\u00eda solicitado que sea el 8 de mayo, pero el tribunal ya lo rechaz\u00f3\u201d, destac\u00f3.<\/p>\n<p>Sobre su defendido, Maciel se encuentra alojado en el Complejo Penitenciario Federal de Marcos Paz, en la provincia de Buenos Aires, y deber\u00e1 viajar a Corrientes para afrontar el juicio: \u201cEl debate se va a hacer en uno de los salones de la Facultad de Derecho\u201d.<\/p>\n<p>\u201cMaciel se encuentra angustiado, pero a la vez tranquilo, porque \u00e9l sostiene, y yo tambi\u00e9n, que es inocente\u201d., expres\u00f3.<\/p>\n<p>REPERCUSI\u00d3N MEDI\u00c1TICA Y DESBORDE<\/p>\n<p>Para el abogado, la causa \u201ctom\u00f3 una dimensi\u00f3n muy grande en los medios de comunicaci\u00f3n que desde mi punto de vista no benefici\u00f3 a la investigaci\u00f3n\u201d, sumado a que tambi\u00e9n ese escenario provoc\u00f3 que \u201cdesborde a la actuaci\u00f3n de la Justicia de Corrientes y la Federal\u201d.<\/p>\n<p>\u201cTodo lo que pas\u00f3 hizo que de alg\u00fan modo se pierda tiempo. Dos a\u00f1os tardaron para vaciar lagunas y hacer alguno de los rastrillajes\u201d, manifest\u00f3.<\/p>\n<p>Por \u00faltimo, Vallejos remarc\u00f3 que espera que su cliente sea liberado tras el juicio y que \u201cla Justicia, por lo menos los que nos toca litigar ac\u00e1, es muy seria\u201d. #AgenciaNA<\/p>\n","protected":false},"excerpt":{"rendered":"<p>Buenos Aires, 4 marzo (NA) \u2013 La defensa del ex comisario Walter Maciel, uno de<\/p>\n","protected":false},"author":0,"featured_media":14046,"comment_status":"","ping_status":"","sticky":false,"template":"","format":"standard","meta":{"footnotes":""},"categories":[11],"tags":[],"class_list":["post-14045","post","type-post","status-publish","format-standard","has-post-thumbnail","hentry","category-destacadas"],"yoast_head":"<!-- This site is optimized with the Yoast SEO plugin v27.4 - https:\/\/yoast.com\/product\/yoast-seo-wordpress\/ -->\n<title>Caso Loan: la defensa del ex comisario no apel\u00f3 la fecha del inicio del juicio para octubre - Fm Gente<\/title>\n<meta name=\"robots\" content=\"index, follow, max-snippet:-1, max-image-preview:large, max-video-preview:-1\" \/>\n<link rel=\"canonical\" href=\"https:\/\/fmgente.com.ar\/web\/caso-loan-la-defensa-del-ex-comisario-no-apelo-la-fecha-del-inicio-del-juicio-para-octubre\/\" \/>\n<meta property=\"og:locale\" content=\"es_ES\" \/>\n<meta property=\"og:type\" content=\"article\" \/>\n<meta property=\"og:title\" content=\"Caso Loan: la defensa del ex comisario no apel\u00f3 la fecha del inicio del juicio para octubre - Fm Gente\" \/>\n<meta property=\"og:description\" content=\"Buenos Aires, 4 marzo (NA) \u2013 La defensa del ex comisario Walter Maciel, uno de\" \/>\n<meta property=\"og:url\" content=\"https:\/\/fmgente.com.ar\/web\/caso-loan-la-defensa-del-ex-comisario-no-apelo-la-fecha-del-inicio-del-juicio-para-octubre\/\" \/>\n<meta property=\"og:site_name\" content=\"Fm Gente\" \/>\n<meta property=\"article:published_time\" content=\"2026-03-04T21:06:47+00:00\" \/>\n<meta name=\"twitter:card\" content=\"summary_large_image\" \/>\n<meta name=\"twitter:label1\" content=\"Tiempo de lectura\" \/>\n\t<meta name=\"twitter:data1\" content=\"2 minutos\" \/>\n<script type=\"application\/ld+json\" class=\"yoast-schema-graph\">{\"@context\":\"https:\\\/\\\/schema.org\",\"@graph\":[{\"@type\":\"Article\",\"@id\":\"https:\\\/\\\/fmgente.com.ar\\\/web\\\/caso-loan-la-defensa-del-ex-comisario-no-apelo-la-fecha-del-inicio-del-juicio-para-octubre\\\/#article\",\"isPartOf\":{\"@id\":\"https:\\\/\\\/fmgente.com.ar\\\/web\\\/caso-loan-la-defensa-del-ex-comisario-no-apelo-la-fecha-del-inicio-del-juicio-para-octubre\\\/\"},\"author\":{\"name\":\"\",\"@id\":\"\"},\"headline\":\"Caso Loan: la defensa del ex comisario no apel\u00f3 la fecha del inicio del juicio para octubre\",\"datePublished\":\"2026-03-04T21:06:47+00:00\",\"mainEntityOfPage\":{\"@id\":\"https:\\\/\\\/fmgente.com.ar\\\/web\\\/caso-loan-la-defensa-del-ex-comisario-no-apelo-la-fecha-del-inicio-del-juicio-para-octubre\\\/\"},\"wordCount\":470,\"publisher\":{\"@id\":\"https:\\\/\\\/fmgente.com.ar\\\/web\\\/#organization\"},\"image\":{\"@id\":\"https:\\\/\\\/fmgente.com.ar\\\/web\\\/caso-loan-la-defensa-del-ex-comisario-no-apelo-la-fecha-del-inicio-del-juicio-para-octubre\\\/#primaryimage\"},\"thumbnailUrl\":\"https:\\\/\\\/fmgente.com.ar\\\/web\\\/wp-content\\\/uploads\\\/2026\\\/03\\\/720-208.jpeg\",\"articleSection\":[\"DESTACADAS\"],\"inLanguage\":\"es\"},{\"@type\":\"WebPage\",\"@id\":\"https:\\\/\\\/fmgente.com.ar\\\/web\\\/caso-loan-la-defensa-del-ex-comisario-no-apelo-la-fecha-del-inicio-del-juicio-para-octubre\\\/\",\"url\":\"https:\\\/\\\/fmgente.com.ar\\\/web\\\/caso-loan-la-defensa-del-ex-comisario-no-apelo-la-fecha-del-inicio-del-juicio-para-octubre\\\/\",\"name\":\"Caso Loan: la defensa del ex comisario no apel\u00f3 la fecha del inicio del juicio para octubre - Fm Gente\",\"isPartOf\":{\"@id\":\"https:\\\/\\\/fmgente.com.ar\\\/web\\\/#website\"},\"primaryImageOfPage\":{\"@id\":\"https:\\\/\\\/fmgente.com.ar\\\/web\\\/caso-loan-la-defensa-del-ex-comisario-no-apelo-la-fecha-del-inicio-del-juicio-para-octubre\\\/#primaryimage\"},\"image\":{\"@id\":\"https:\\\/\\\/fmgente.com.ar\\\/web\\\/caso-loan-la-defensa-del-ex-comisario-no-apelo-la-fecha-del-inicio-del-juicio-para-octubre\\\/#primaryimage\"},\"thumbnailUrl\":\"https:\\\/\\\/fmgente.com.ar\\\/web\\\/wp-content\\\/uploads\\\/2026\\\/03\\\/720-208.jpeg\",\"datePublished\":\"2026-03-04T21:06:47+00:00\",\"inLanguage\":\"es\",\"potentialAction\":[{\"@type\":\"ReadAction\",\"target\":[\"https:\\\/\\\/fmgente.com.ar\\\/web\\\/caso-loan-la-defensa-del-ex-comisario-no-apelo-la-fecha-del-inicio-del-juicio-para-octubre\\\/\"]}]},{\"@type\":\"ImageObject\",\"inLanguage\":\"es\",\"@id\":\"https:\\\/\\\/fmgente.com.ar\\\/web\\\/caso-loan-la-defensa-del-ex-comisario-no-apelo-la-fecha-del-inicio-del-juicio-para-octubre\\\/#primaryimage\",\"url\":\"https:\\\/\\\/fmgente.com.ar\\\/web\\\/wp-content\\\/uploads\\\/2026\\\/03\\\/720-208.jpeg\",\"contentUrl\":\"https:\\\/\\\/fmgente.com.ar\\\/web\\\/wp-content\\\/uploads\\\/2026\\\/03\\\/720-208.jpeg\",\"width\":1080,\"height\":720},{\"@type\":\"WebSite\",\"@id\":\"https:\\\/\\\/fmgente.com.ar\\\/web\\\/#website\",\"url\":\"https:\\\/\\\/fmgente.com.ar\\\/web\\\/\",\"name\":\"Fm Gente\",\"description\":\"- Jes\u00fas Mar\u00eda\",\"publisher\":{\"@id\":\"https:\\\/\\\/fmgente.com.ar\\\/web\\\/#organization\"},\"potentialAction\":[{\"@type\":\"SearchAction\",\"target\":{\"@type\":\"EntryPoint\",\"urlTemplate\":\"https:\\\/\\\/fmgente.com.ar\\\/web\\\/?s={search_term_string}\"},\"query-input\":{\"@type\":\"PropertyValueSpecification\",\"valueRequired\":true,\"valueName\":\"search_term_string\"}}],\"inLanguage\":\"es\"},{\"@type\":\"Organization\",\"@id\":\"https:\\\/\\\/fmgente.com.ar\\\/web\\\/#organization\",\"name\":\"Fm Gente\",\"url\":\"https:\\\/\\\/fmgente.com.ar\\\/web\\\/\",\"logo\":{\"@type\":\"ImageObject\",\"inLanguage\":\"es\",\"@id\":\"https:\\\/\\\/fmgente.com.ar\\\/web\\\/#\\\/schema\\\/logo\\\/image\\\/\",\"url\":\"https:\\\/\\\/fmgente.com.ar\\\/web\\\/wp-content\\\/uploads\\\/2023\\\/07\\\/cropped-cropped-logo-sombra2.png\",\"contentUrl\":\"https:\\\/\\\/fmgente.com.ar\\\/web\\\/wp-content\\\/uploads\\\/2023\\\/07\\\/cropped-cropped-logo-sombra2.png\",\"width\":1782,\"height\":1782,\"caption\":\"Fm Gente\"},\"image\":{\"@id\":\"https:\\\/\\\/fmgente.com.ar\\\/web\\\/#\\\/schema\\\/logo\\\/image\\\/\"}}]}<\/script>\n<!-- \/ Yoast SEO plugin. -->","yoast_head_json":{"title":"Caso Loan: la defensa del ex comisario no apel\u00f3 la fecha del inicio del juicio para octubre - Fm Gente","robots":{"index":"index","follow":"follow","max-snippet":"max-snippet:-1","max-image-preview":"max-image-preview:large","max-video-preview":"max-video-preview:-1"},"canonical":"https:\/\/fmgente.com.ar\/web\/caso-loan-la-defensa-del-ex-comisario-no-apelo-la-fecha-del-inicio-del-juicio-para-octubre\/","og_locale":"es_ES","og_type":"article","og_title":"Caso Loan: la defensa del ex comisario no apel\u00f3 la fecha del inicio del juicio para octubre - Fm Gente","og_description":"Buenos Aires, 4 marzo (NA) \u2013 La defensa del ex comisario Walter Maciel, uno de","og_url":"https:\/\/fmgente.com.ar\/web\/caso-loan-la-defensa-del-ex-comisario-no-apelo-la-fecha-del-inicio-del-juicio-para-octubre\/","og_site_name":"Fm Gente","article_published_time":"2026-03-04T21:06:47+00:00","twitter_card":"summary_large_image","twitter_misc":{"Tiempo de lectura":"2 minutos"},"schema":{"@context":"https:\/\/schema.org","@graph":[{"@type":"Article","@id":"https:\/\/fmgente.com.ar\/web\/caso-loan-la-defensa-del-ex-comisario-no-apelo-la-fecha-del-inicio-del-juicio-para-octubre\/#article","isPartOf":{"@id":"https:\/\/fmgente.com.ar\/web\/caso-loan-la-defensa-del-ex-comisario-no-apelo-la-fecha-del-inicio-del-juicio-para-octubre\/"},"author":{"name":"","@id":""},"headline":"Caso Loan: la defensa del ex comisario no apel\u00f3 la fecha del inicio del juicio para octubre","datePublished":"2026-03-04T21:06:47+00:00","mainEntityOfPage":{"@id":"https:\/\/fmgente.com.ar\/web\/caso-loan-la-defensa-del-ex-comisario-no-apelo-la-fecha-del-inicio-del-juicio-para-octubre\/"},"wordCount":470,"publisher":{"@id":"https:\/\/fmgente.com.ar\/web\/#organization"},"image":{"@id":"https:\/\/fmgente.com.ar\/web\/caso-loan-la-defensa-del-ex-comisario-no-apelo-la-fecha-del-inicio-del-juicio-para-octubre\/#primaryimage"},"thumbnailUrl":"https:\/\/fmgente.com.ar\/web\/wp-content\/uploads\/2026\/03\/720-208.jpeg","articleSection":["DESTACADAS"],"inLanguage":"es"},{"@type":"WebPage","@id":"https:\/\/fmgente.com.ar\/web\/caso-loan-la-defensa-del-ex-comisario-no-apelo-la-fecha-del-inicio-del-juicio-para-octubre\/","url":"https:\/\/fmgente.com.ar\/web\/caso-loan-la-defensa-del-ex-comisario-no-apelo-la-fecha-del-inicio-del-juicio-para-octubre\/","name":"Caso Loan: la defensa del ex comisario no apel\u00f3 la fecha del inicio del juicio para octubre - Fm Gente","isPartOf":{"@id":"https:\/\/fmgente.com.ar\/web\/#website"},"primaryImageOfPage":{"@id":"https:\/\/fmgente.com.ar\/web\/caso-loan-la-defensa-del-ex-comisario-no-apelo-la-fecha-del-inicio-del-juicio-para-octubre\/#primaryimage"},"image":{"@id":"https:\/\/fmgente.com.ar\/web\/caso-loan-la-defensa-del-ex-comisario-no-apelo-la-fecha-del-inicio-del-juicio-para-octubre\/#primaryimage"},"thumbnailUrl":"https:\/\/fmgente.com.ar\/web\/wp-content\/uploads\/2026\/03\/720-208.jpeg","datePublished":"2026-03-04T21:06:47+00:00","inLanguage":"es","potentialAction":[{"@type":"ReadAction","target":["https:\/\/fmgente.com.ar\/web\/caso-loan-la-defensa-del-ex-comisario-no-apelo-la-fecha-del-inicio-del-juicio-para-octubre\/"]}]},{"@type":"ImageObject","inLanguage":"es","@id":"https:\/\/fmgente.com.ar\/web\/caso-loan-la-defensa-del-ex-comisario-no-apelo-la-fecha-del-inicio-del-juicio-para-octubre\/#primaryimage","url":"https:\/\/fmgente.com.ar\/web\/wp-content\/uploads\/2026\/03\/720-208.jpeg","contentUrl":"https:\/\/fmgente.com.ar\/web\/wp-content\/uploads\/2026\/03\/720-208.jpeg","width":1080,"height":720},{"@type":"WebSite","@id":"https:\/\/fmgente.com.ar\/web\/#website","url":"https:\/\/fmgente.com.ar\/web\/","name":"Fm Gente","description":"- Jes\u00fas Mar\u00eda","publisher":{"@id":"https:\/\/fmgente.com.ar\/web\/#organization"},"potentialAction":[{"@type":"SearchAction","target":{"@type":"EntryPoint","urlTemplate":"https:\/\/fmgente.com.ar\/web\/?s={search_term_string}"},"query-input":{"@type":"PropertyValueSpecification","valueRequired":true,"valueName":"search_term_string"}}],"inLanguage":"es"},{"@type":"Organization","@id":"https:\/\/fmgente.com.ar\/web\/#organization","name":"Fm Gente","url":"https:\/\/fmgente.com.ar\/web\/","logo":{"@type":"ImageObject","inLanguage":"es","@id":"https:\/\/fmgente.com.ar\/web\/#\/schema\/logo\/image\/","url":"https:\/\/fmgente.com.ar\/web\/wp-content\/uploads\/2023\/07\/cropped-cropped-logo-sombra2.png","contentUrl":"https:\/\/fmgente.com.ar\/web\/wp-content\/uploads\/2023\/07\/cropped-cropped-logo-sombra2.png","width":1782,"height":1782,"caption":"Fm Gente"},"image":{"@id":"https:\/\/fmgente.com.ar\/web\/#\/schema\/logo\/image\/"}}]}},"_links":{"self":[{"href":"https:\/\/fmgente.com.ar\/web\/wp-json\/wp\/v2\/posts\/14045","targetHints":{"allow":["GET"]}}],"collection":[{"href":"https:\/\/fmgente.com.ar\/web\/wp-json\/wp\/v2\/posts"}],"about":[{"href":"https:\/\/fmgente.com.ar\/web\/wp-json\/wp\/v2\/types\/post"}],"replies":[{"embeddable":true,"href":"https:\/\/fmgente.com.ar\/web\/wp-json\/wp\/v2\/comments?post=14045"}],"version-history":[{"count":0,"href":"https:\/\/fmgente.com.ar\/web\/wp-json\/wp\/v2\/posts\/14045\/revisions"}],"wp:featuredmedia":[{"embeddable":true,"href":"https:\/\/fmgente.com.ar\/web\/wp-json\/wp\/v2\/media\/14046"}],"wp:attachment":[{"href":"https:\/\/fmgente.com.ar\/web\/wp-json\/wp\/v2\/media?parent=14045"}],"wp:term":[{"taxonomy":"category","embeddable":true,"href":"https:\/\/fmgente.com.ar\/web\/wp-json\/wp\/v2\/categories?post=14045"},{"taxonomy":"post_tag","embeddable":true,"href":"https:\/\/fmgente.com.ar\/web\/wp-json\/wp\/v2\/tags?post=14045"}],"curies":[{"name":"wp","href":"https:\/\/api.w.org\/{rel}","templated":true}]}}