{"id":138,"date":"2023-07-06T08:08:49","date_gmt":"2023-07-06T11:08:49","guid":{"rendered":"https:\/\/fmgente.com.ar\/?p=138"},"modified":"2023-07-06T08:08:49","modified_gmt":"2023-07-06T11:08:49","slug":"schiaretti-inauguro-obras-de-urbanizacion-en-barrio-el-trencito-y-los-40-guasos","status":"publish","type":"post","link":"https:\/\/fmgente.com.ar\/web\/schiaretti-inauguro-obras-de-urbanizacion-en-barrio-el-trencito-y-los-40-guasos\/","title":{"rendered":"Schiaretti inaugur\u00f3 obras de urbanizaci\u00f3n en barrio El Trencito y Los 40 guasos"},"content":{"rendered":"<article id=\"post-558869\" class=\"post-558869 post type-post status-publish format-standard has-post-thumbnail hentry category-gobierno category-informacion-general category-no-home ast-article-single\">\n<div class=\"ast-post-format- single-layout-1\">\n<div class=\"entry-content clear\">\n<p>El gobernador Juan Schiaretti, junto al viceintendente de la ciudad Daniel Passerini, inaugur\u00f3 hoy las obras de urbanizaci\u00f3n en barrio El Trencito y Los 40 guasos. Estas barriadas se encuentran ubicados al sureste de la ciudad de C\u00f3rdoba.<\/p>\n<p><em>\u201cEs una alegr\u00eda estar en las v\u00edsperas de los 450 a\u00f1os de esta querida ciudad de C\u00f3rdoba, celebrando que ustedes, el municipio y la Provincia transformamos este asentamiento en un barrio\u00bb<\/em>, ponder\u00f3 el gobernador al comienzo de su discurso.<\/p>\n<p>El proyecto de provisi\u00f3n de infraestructura se encuentra 100% finalizada y contempl\u00f3 la intervenci\u00f3n de 11.24 hect\u00e1reas, beneficia a 350 familias y signific\u00f3 una inversi\u00f3n de $942.910.029. Para la realizaci\u00f3n de la obra la Provincia financi\u00f3 el 70% de la inversi\u00f3n y el Municipio el 30%.<\/p>\n<figure class=\"wp-block-image aligncenter size-large is-resized\"><img loading=\"lazy\" decoding=\"async\" class=\"wp-image-558879\" src=\"https:\/\/prensa.cba.gov.ar\/wp-content\/uploads\/2023\/07\/1D7A3355.jpg\" alt=\"\" width=\"546\" height=\"364\" \/><\/figure>\n<p>En ese sentido, Schiaretti sostuvo que\u00a0<em>\u201cahora Villa los 40 guasos y El Trencito son barrios como Dios manda\u201d<\/em>. Adem\u00e1s, en su discurso, el mandatario se refiri\u00f3 a las obras de los Polideportivos Sociales en toda la provincia y anunci\u00f3 un espacio deportivo para el barrio.\u00a0<em>\u201cVamos por un polideportivo ac\u00e1 en este predio\u201d<\/em>, proclam\u00f3.<\/p>\n<p>A su vez, la ministra de H\u00e1bitat y Econom\u00eda Familiar, Laura Jure, se refiri\u00f3 sobre el objetivo de urbanizar el barrio.\u00a0<em>\u201cQueremos que las familias vivan mejor y para que vivan mejor necesit\u00e1bamos transformar el h\u00e1bitat, con acceso a los servicios b\u00e1sicos, mejorar las condiciones de salud y promover la integraci\u00f3n vecinal\u201d.<\/em><\/p>\n<p>A trav\u00e9s de este programa, el objetivo es contribuir a la mejora de la calidad de vida por medio de acciones que fortalezcan la cohesi\u00f3n comunitaria-social, la integraci\u00f3n urbana al resto de la ciudad y la inclusi\u00f3n social.<\/p>\n<p>Consisten en desag\u00fces cloacales, pluviales, red vial, el\u00e9ctrica, peatonal, alumbrado p\u00fablico, equipamiento urbano y espacios verdes.<\/p>\n<figure class=\"wp-block-gallery has-nested-images columns-default is-cropped has-lightbox wp-block-gallery-1 is-layout-flex lightbox-0 \">\n<figure class=\"wp-block-image size-large\"><img loading=\"lazy\" decoding=\"async\" class=\"wp-image-558880\" src=\"https:\/\/prensa.cba.gov.ar\/wp-content\/uploads\/2023\/07\/1D7A3431.jpg\" alt=\"\" width=\"1920\" height=\"1280\" data-id=\"558880\" \/><\/figure>\n<figure class=\"wp-block-image size-large\"><img loading=\"lazy\" decoding=\"async\" class=\"wp-image-558877\" src=\"https:\/\/prensa.cba.gov.ar\/wp-content\/uploads\/2023\/07\/1D7A3424.jpg\" alt=\"\" width=\"1920\" height=\"1280\" data-id=\"558877\" \/><\/figure>\n<\/figure>\n<p>A su turno, el viceintendente de la ciudad de C\u00f3rdoba, Daniel Passerini, habl\u00f3 sobre el cambio de los barrios de la Capital.\u00a0<em>\u00abPor eso trabajamos en conjunto<\/em>\u00a0con la Provincia, q<em>ueremos que los barrios progresen, tengan su identidad. Queremos mejorar la calidad de vida a la gente.\u00bb,\u00a0<\/em>enfatiz\u00f3.<\/p>\n<p>Estuvieron junto al gobernador la senadora nacional, Alejandra Vigo; la presidenta del Ente Intermunicipal de Gesti\u00f3n Metropolitana, Myriam Prunotto, y el presidente de la Agencia C\u00f3rdoba Deportes, H\u00e9ctor Campana .<\/p>\n<p>Tanto los terrenos emplazados en Los 40 Guasos como El Trencito forman parte del Registro Nacional de Barrios Populares (RENABAP).<\/p>\n<p>Esta obra forma parte de las 66 ya finalizadas en distintos barrios de la ciudad de C\u00f3rdoba y en localidades del interior como Sald\u00e1n, Colonia Caroya, Villa Carlos Paz, R\u00edo Cuarto, Monte Cristo, Villa del Totoral, Quilino, De\u00e1n Funes, Villa de Mar\u00eda de R\u00edo Seco, Alta Gracia, Cruz del Eje, Estaci\u00f3n Ju\u00e1rez Celman, Villa Cura Brochero, Unquillo y Salsipuedes.<\/p>\n<figure class=\"wp-block-image aligncenter size-large is-resized\"><img loading=\"lazy\" decoding=\"async\" class=\"wp-image-558873\" src=\"https:\/\/prensa.cba.gov.ar\/wp-content\/uploads\/2023\/07\/1D7A3560.jpg\" alt=\"\" width=\"616\" height=\"410\" \/><\/figure>\n<div class=\"wp-block-coblocks-accordion\">\n<div class=\"wp-block-coblocks-accordion-item\">\n<details>\n<summary class=\"wp-block-coblocks-accordion-item__title\"><strong>Obras espec\u00edficas<\/strong><\/summary>\n<\/details>\n<\/div>\n<\/div>\n<p><iframe loading=\"lazy\" title=\"YouTube video player\" src=\"https:\/\/www.youtube.com\/embed\/1s1Cz2lrgIo\" width=\"560\" height=\"315\" frameborder=\"0\" allowfullscreen=\"allowfullscreen\" data-mce-fragment=\"1\"><\/iframe><\/div>\n<\/div>\n<\/article>\n","protected":false},"excerpt":{"rendered":"<p>El gobernador Juan Schiaretti, junto al viceintendente de la ciudad Daniel Passerini, inaugur\u00f3 hoy las<\/p>\n","protected":false},"author":2,"featured_media":139,"comment_status":"closed","ping_status":"closed","sticky":false,"template":"","format":"standard","meta":{"footnotes":""},"categories":[11],"tags":[100,101,23,12,33,99,98,87],"class_list":["post-138","post","type-post","status-publish","format-standard","has-post-thumbnail","hentry","category-destacadas","tag-barrios","tag-capital","tag-cordoba","tag-gobierno","tag-inauguracion","tag-obras","tag-passerini","tag-scahiretti"],"yoast_head":"<!-- This site is optimized with the Yoast SEO plugin v27.4 - https:\/\/yoast.com\/product\/yoast-seo-wordpress\/ -->\n<title>Schiaretti inaugur\u00f3 obras de urbanizaci\u00f3n en barrio El Trencito y Los 40 guasos - Fm Gente<\/title>\n<meta name=\"robots\" content=\"index, follow, max-snippet:-1, max-image-preview:large, max-video-preview:-1\" \/>\n<link rel=\"canonical\" href=\"https:\/\/fmgente.com.ar\/web\/schiaretti-inauguro-obras-de-urbanizacion-en-barrio-el-trencito-y-los-40-guasos\/\" \/>\n<meta property=\"og:locale\" content=\"es_ES\" \/>\n<meta property=\"og:type\" content=\"article\" \/>\n<meta property=\"og:title\" content=\"Schiaretti inaugur\u00f3 obras de urbanizaci\u00f3n en barrio El Trencito y Los 40 guasos - Fm Gente\" \/>\n<meta property=\"og:description\" content=\"El gobernador Juan Schiaretti, junto al viceintendente de la ciudad Daniel Passerini, inaugur\u00f3 hoy las\" \/>\n<meta property=\"og:url\" content=\"https:\/\/fmgente.com.ar\/web\/schiaretti-inauguro-obras-de-urbanizacion-en-barrio-el-trencito-y-los-40-guasos\/\" \/>\n<meta property=\"og:site_name\" content=\"Fm Gente\" \/>\n<meta property=\"article:published_time\" content=\"2023-07-06T11:08:49+00:00\" \/>\n<meta property=\"og:image\" content=\"https:\/\/fmgente.com.ar\/web\/wp-content\/uploads\/2023\/07\/gober-ok.jpg\" \/>\n\t<meta property=\"og:image:width\" content=\"1548\" \/>\n\t<meta property=\"og:image:height\" content=\"1185\" \/>\n\t<meta property=\"og:image:type\" content=\"image\/jpeg\" \/>\n<meta name=\"author\" content=\"Adri\u00e1n Hern\u00e1ndez\" \/>\n<meta name=\"twitter:card\" content=\"summary_large_image\" \/>\n<meta name=\"twitter:label1\" content=\"Escrito por\" \/>\n\t<meta name=\"twitter:data1\" content=\"Adri\u00e1n Hern\u00e1ndez\" \/>\n\t<meta name=\"twitter:label2\" content=\"Tiempo de lectura\" \/>\n\t<meta name=\"twitter:data2\" content=\"3 minutos\" \/>\n<script type=\"application\/ld+json\" class=\"yoast-schema-graph\">{\"@context\":\"https:\\\/\\\/schema.org\",\"@graph\":[{\"@type\":\"Article\",\"@id\":\"https:\\\/\\\/fmgente.com.ar\\\/web\\\/schiaretti-inauguro-obras-de-urbanizacion-en-barrio-el-trencito-y-los-40-guasos\\\/#article\",\"isPartOf\":{\"@id\":\"https:\\\/\\\/fmgente.com.ar\\\/web\\\/schiaretti-inauguro-obras-de-urbanizacion-en-barrio-el-trencito-y-los-40-guasos\\\/\"},\"author\":{\"name\":\"Adri\u00e1n Hern\u00e1ndez\",\"@id\":\"https:\\\/\\\/fmgente.com.ar\\\/web\\\/#\\\/schema\\\/person\\\/ba03fa75c17effdaafbd6daa1d78c508\"},\"headline\":\"Schiaretti inaugur\u00f3 obras de urbanizaci\u00f3n en barrio El Trencito y Los 40 guasos\",\"datePublished\":\"2023-07-06T11:08:49+00:00\",\"mainEntityOfPage\":{\"@id\":\"https:\\\/\\\/fmgente.com.ar\\\/web\\\/schiaretti-inauguro-obras-de-urbanizacion-en-barrio-el-trencito-y-los-40-guasos\\\/\"},\"wordCount\":483,\"publisher\":{\"@id\":\"https:\\\/\\\/fmgente.com.ar\\\/web\\\/#organization\"},\"image\":{\"@id\":\"https:\\\/\\\/fmgente.com.ar\\\/web\\\/schiaretti-inauguro-obras-de-urbanizacion-en-barrio-el-trencito-y-los-40-guasos\\\/#primaryimage\"},\"thumbnailUrl\":\"https:\\\/\\\/fmgente.com.ar\\\/web\\\/wp-content\\\/uploads\\\/2023\\\/07\\\/gober-ok.jpg\",\"keywords\":[\"barrios\",\"capital\",\"C\u00f3rdoba\",\"gobierno\",\"inauguraci\u00f3n\",\"obras\",\"Passerini\",\"Scahiretti\"],\"articleSection\":[\"DESTACADAS\"],\"inLanguage\":\"es\"},{\"@type\":\"WebPage\",\"@id\":\"https:\\\/\\\/fmgente.com.ar\\\/web\\\/schiaretti-inauguro-obras-de-urbanizacion-en-barrio-el-trencito-y-los-40-guasos\\\/\",\"url\":\"https:\\\/\\\/fmgente.com.ar\\\/web\\\/schiaretti-inauguro-obras-de-urbanizacion-en-barrio-el-trencito-y-los-40-guasos\\\/\",\"name\":\"Schiaretti inaugur\u00f3 obras de urbanizaci\u00f3n en barrio El Trencito y Los 40 guasos - Fm Gente\",\"isPartOf\":{\"@id\":\"https:\\\/\\\/fmgente.com.ar\\\/web\\\/#website\"},\"primaryImageOfPage\":{\"@id\":\"https:\\\/\\\/fmgente.com.ar\\\/web\\\/schiaretti-inauguro-obras-de-urbanizacion-en-barrio-el-trencito-y-los-40-guasos\\\/#primaryimage\"},\"image\":{\"@id\":\"https:\\\/\\\/fmgente.com.ar\\\/web\\\/schiaretti-inauguro-obras-de-urbanizacion-en-barrio-el-trencito-y-los-40-guasos\\\/#primaryimage\"},\"thumbnailUrl\":\"https:\\\/\\\/fmgente.com.ar\\\/web\\\/wp-content\\\/uploads\\\/2023\\\/07\\\/gober-ok.jpg\",\"datePublished\":\"2023-07-06T11:08:49+00:00\",\"inLanguage\":\"es\",\"potentialAction\":[{\"@type\":\"ReadAction\",\"target\":[\"https:\\\/\\\/fmgente.com.ar\\\/web\\\/schiaretti-inauguro-obras-de-urbanizacion-en-barrio-el-trencito-y-los-40-guasos\\\/\"]}]},{\"@type\":\"ImageObject\",\"inLanguage\":\"es\",\"@id\":\"https:\\\/\\\/fmgente.com.ar\\\/web\\\/schiaretti-inauguro-obras-de-urbanizacion-en-barrio-el-trencito-y-los-40-guasos\\\/#primaryimage\",\"url\":\"https:\\\/\\\/fmgente.com.ar\\\/web\\\/wp-content\\\/uploads\\\/2023\\\/07\\\/gober-ok.jpg\",\"contentUrl\":\"https:\\\/\\\/fmgente.com.ar\\\/web\\\/wp-content\\\/uploads\\\/2023\\\/07\\\/gober-ok.jpg\",\"width\":1548,\"height\":1185},{\"@type\":\"WebSite\",\"@id\":\"https:\\\/\\\/fmgente.com.ar\\\/web\\\/#website\",\"url\":\"https:\\\/\\\/fmgente.com.ar\\\/web\\\/\",\"name\":\"Fm Gente\",\"description\":\"- Jes\u00fas Mar\u00eda\",\"publisher\":{\"@id\":\"https:\\\/\\\/fmgente.com.ar\\\/web\\\/#organization\"},\"potentialAction\":[{\"@type\":\"SearchAction\",\"target\":{\"@type\":\"EntryPoint\",\"urlTemplate\":\"https:\\\/\\\/fmgente.com.ar\\\/web\\\/?s={search_term_string}\"},\"query-input\":{\"@type\":\"PropertyValueSpecification\",\"valueRequired\":true,\"valueName\":\"search_term_string\"}}],\"inLanguage\":\"es\"},{\"@type\":\"Organization\",\"@id\":\"https:\\\/\\\/fmgente.com.ar\\\/web\\\/#organization\",\"name\":\"Fm Gente\",\"url\":\"https:\\\/\\\/fmgente.com.ar\\\/web\\\/\",\"logo\":{\"@type\":\"ImageObject\",\"inLanguage\":\"es\",\"@id\":\"https:\\\/\\\/fmgente.com.ar\\\/web\\\/#\\\/schema\\\/logo\\\/image\\\/\",\"url\":\"https:\\\/\\\/fmgente.com.ar\\\/web\\\/wp-content\\\/uploads\\\/2023\\\/07\\\/cropped-cropped-logo-sombra2.png\",\"contentUrl\":\"https:\\\/\\\/fmgente.com.ar\\\/web\\\/wp-content\\\/uploads\\\/2023\\\/07\\\/cropped-cropped-logo-sombra2.png\",\"width\":1782,\"height\":1782,\"caption\":\"Fm Gente\"},\"image\":{\"@id\":\"https:\\\/\\\/fmgente.com.ar\\\/web\\\/#\\\/schema\\\/logo\\\/image\\\/\"}},{\"@type\":\"Person\",\"@id\":\"https:\\\/\\\/fmgente.com.ar\\\/web\\\/#\\\/schema\\\/person\\\/ba03fa75c17effdaafbd6daa1d78c508\",\"name\":\"Adri\u00e1n Hern\u00e1ndez\",\"url\":\"https:\\\/\\\/fmgente.com.ar\\\/web\\\/author\\\/c1601891\\\/\"}]}<\/script>\n<!-- \/ Yoast SEO plugin. -->","yoast_head_json":{"title":"Schiaretti inaugur\u00f3 obras de urbanizaci\u00f3n en barrio El Trencito y Los 40 guasos - Fm Gente","robots":{"index":"index","follow":"follow","max-snippet":"max-snippet:-1","max-image-preview":"max-image-preview:large","max-video-preview":"max-video-preview:-1"},"canonical":"https:\/\/fmgente.com.ar\/web\/schiaretti-inauguro-obras-de-urbanizacion-en-barrio-el-trencito-y-los-40-guasos\/","og_locale":"es_ES","og_type":"article","og_title":"Schiaretti inaugur\u00f3 obras de urbanizaci\u00f3n en barrio El Trencito y Los 40 guasos - Fm Gente","og_description":"El gobernador Juan Schiaretti, junto al viceintendente de la ciudad Daniel Passerini, inaugur\u00f3 hoy las","og_url":"https:\/\/fmgente.com.ar\/web\/schiaretti-inauguro-obras-de-urbanizacion-en-barrio-el-trencito-y-los-40-guasos\/","og_site_name":"Fm Gente","article_published_time":"2023-07-06T11:08:49+00:00","og_image":[{"width":1548,"height":1185,"url":"https:\/\/fmgente.com.ar\/web\/wp-content\/uploads\/2023\/07\/gober-ok.jpg","type":"image\/jpeg"}],"author":"Adri\u00e1n Hern\u00e1ndez","twitter_card":"summary_large_image","twitter_misc":{"Escrito por":"Adri\u00e1n Hern\u00e1ndez","Tiempo de lectura":"3 minutos"},"schema":{"@context":"https:\/\/schema.org","@graph":[{"@type":"Article","@id":"https:\/\/fmgente.com.ar\/web\/schiaretti-inauguro-obras-de-urbanizacion-en-barrio-el-trencito-y-los-40-guasos\/#article","isPartOf":{"@id":"https:\/\/fmgente.com.ar\/web\/schiaretti-inauguro-obras-de-urbanizacion-en-barrio-el-trencito-y-los-40-guasos\/"},"author":{"name":"Adri\u00e1n Hern\u00e1ndez","@id":"https:\/\/fmgente.com.ar\/web\/#\/schema\/person\/ba03fa75c17effdaafbd6daa1d78c508"},"headline":"Schiaretti inaugur\u00f3 obras de urbanizaci\u00f3n en barrio El Trencito y Los 40 guasos","datePublished":"2023-07-06T11:08:49+00:00","mainEntityOfPage":{"@id":"https:\/\/fmgente.com.ar\/web\/schiaretti-inauguro-obras-de-urbanizacion-en-barrio-el-trencito-y-los-40-guasos\/"},"wordCount":483,"publisher":{"@id":"https:\/\/fmgente.com.ar\/web\/#organization"},"image":{"@id":"https:\/\/fmgente.com.ar\/web\/schiaretti-inauguro-obras-de-urbanizacion-en-barrio-el-trencito-y-los-40-guasos\/#primaryimage"},"thumbnailUrl":"https:\/\/fmgente.com.ar\/web\/wp-content\/uploads\/2023\/07\/gober-ok.jpg","keywords":["barrios","capital","C\u00f3rdoba","gobierno","inauguraci\u00f3n","obras","Passerini","Scahiretti"],"articleSection":["DESTACADAS"],"inLanguage":"es"},{"@type":"WebPage","@id":"https:\/\/fmgente.com.ar\/web\/schiaretti-inauguro-obras-de-urbanizacion-en-barrio-el-trencito-y-los-40-guasos\/","url":"https:\/\/fmgente.com.ar\/web\/schiaretti-inauguro-obras-de-urbanizacion-en-barrio-el-trencito-y-los-40-guasos\/","name":"Schiaretti inaugur\u00f3 obras de urbanizaci\u00f3n en barrio El Trencito y Los 40 guasos - Fm Gente","isPartOf":{"@id":"https:\/\/fmgente.com.ar\/web\/#website"},"primaryImageOfPage":{"@id":"https:\/\/fmgente.com.ar\/web\/schiaretti-inauguro-obras-de-urbanizacion-en-barrio-el-trencito-y-los-40-guasos\/#primaryimage"},"image":{"@id":"https:\/\/fmgente.com.ar\/web\/schiaretti-inauguro-obras-de-urbanizacion-en-barrio-el-trencito-y-los-40-guasos\/#primaryimage"},"thumbnailUrl":"https:\/\/fmgente.com.ar\/web\/wp-content\/uploads\/2023\/07\/gober-ok.jpg","datePublished":"2023-07-06T11:08:49+00:00","inLanguage":"es","potentialAction":[{"@type":"ReadAction","target":["https:\/\/fmgente.com.ar\/web\/schiaretti-inauguro-obras-de-urbanizacion-en-barrio-el-trencito-y-los-40-guasos\/"]}]},{"@type":"ImageObject","inLanguage":"es","@id":"https:\/\/fmgente.com.ar\/web\/schiaretti-inauguro-obras-de-urbanizacion-en-barrio-el-trencito-y-los-40-guasos\/#primaryimage","url":"https:\/\/fmgente.com.ar\/web\/wp-content\/uploads\/2023\/07\/gober-ok.jpg","contentUrl":"https:\/\/fmgente.com.ar\/web\/wp-content\/uploads\/2023\/07\/gober-ok.jpg","width":1548,"height":1185},{"@type":"WebSite","@id":"https:\/\/fmgente.com.ar\/web\/#website","url":"https:\/\/fmgente.com.ar\/web\/","name":"Fm Gente","description":"- Jes\u00fas Mar\u00eda","publisher":{"@id":"https:\/\/fmgente.com.ar\/web\/#organization"},"potentialAction":[{"@type":"SearchAction","target":{"@type":"EntryPoint","urlTemplate":"https:\/\/fmgente.com.ar\/web\/?s={search_term_string}"},"query-input":{"@type":"PropertyValueSpecification","valueRequired":true,"valueName":"search_term_string"}}],"inLanguage":"es"},{"@type":"Organization","@id":"https:\/\/fmgente.com.ar\/web\/#organization","name":"Fm Gente","url":"https:\/\/fmgente.com.ar\/web\/","logo":{"@type":"ImageObject","inLanguage":"es","@id":"https:\/\/fmgente.com.ar\/web\/#\/schema\/logo\/image\/","url":"https:\/\/fmgente.com.ar\/web\/wp-content\/uploads\/2023\/07\/cropped-cropped-logo-sombra2.png","contentUrl":"https:\/\/fmgente.com.ar\/web\/wp-content\/uploads\/2023\/07\/cropped-cropped-logo-sombra2.png","width":1782,"height":1782,"caption":"Fm Gente"},"image":{"@id":"https:\/\/fmgente.com.ar\/web\/#\/schema\/logo\/image\/"}},{"@type":"Person","@id":"https:\/\/fmgente.com.ar\/web\/#\/schema\/person\/ba03fa75c17effdaafbd6daa1d78c508","name":"Adri\u00e1n Hern\u00e1ndez","url":"https:\/\/fmgente.com.ar\/web\/author\/c1601891\/"}]}},"_links":{"self":[{"href":"https:\/\/fmgente.com.ar\/web\/wp-json\/wp\/v2\/posts\/138","targetHints":{"allow":["GET"]}}],"collection":[{"href":"https:\/\/fmgente.com.ar\/web\/wp-json\/wp\/v2\/posts"}],"about":[{"href":"https:\/\/fmgente.com.ar\/web\/wp-json\/wp\/v2\/types\/post"}],"author":[{"embeddable":true,"href":"https:\/\/fmgente.com.ar\/web\/wp-json\/wp\/v2\/users\/2"}],"replies":[{"embeddable":true,"href":"https:\/\/fmgente.com.ar\/web\/wp-json\/wp\/v2\/comments?post=138"}],"version-history":[{"count":1,"href":"https:\/\/fmgente.com.ar\/web\/wp-json\/wp\/v2\/posts\/138\/revisions"}],"predecessor-version":[{"id":140,"href":"https:\/\/fmgente.com.ar\/web\/wp-json\/wp\/v2\/posts\/138\/revisions\/140"}],"wp:featuredmedia":[{"embeddable":true,"href":"https:\/\/fmgente.com.ar\/web\/wp-json\/wp\/v2\/media\/139"}],"wp:attachment":[{"href":"https:\/\/fmgente.com.ar\/web\/wp-json\/wp\/v2\/media?parent=138"}],"wp:term":[{"taxonomy":"category","embeddable":true,"href":"https:\/\/fmgente.com.ar\/web\/wp-json\/wp\/v2\/categories?post=138"},{"taxonomy":"post_tag","embeddable":true,"href":"https:\/\/fmgente.com.ar\/web\/wp-json\/wp\/v2\/tags?post=138"}],"curies":[{"name":"wp","href":"https:\/\/api.w.org\/{rel}","templated":true}]}}