{"id":1346,"date":"2023-12-21T09:58:12","date_gmt":"2023-12-21T12:58:12","guid":{"rendered":"https:\/\/fmgente.com.ar\/?p=1346"},"modified":"2023-12-21T09:58:30","modified_gmt":"2023-12-21T12:58:30","slug":"villa-maria-el-centro-ambiental-se-convertira-en-un-parque-industrial-de-la-economia-circular","status":"publish","type":"post","link":"https:\/\/fmgente.com.ar\/web\/villa-maria-el-centro-ambiental-se-convertira-en-un-parque-industrial-de-la-economia-circular\/","title":{"rendered":"Villa Mar\u00eda: el Centro Ambiental se convertir\u00e1 en un Parque Industrial de la Econom\u00eda Circular"},"content":{"rendered":"<article id=\"post-580336\" class=\"post-580336 post type-post status-publish format-standard has-post-thumbnail hentry category-ambiente category-informacion-general ast-article-single\">\n<div class=\"ast-post-format- single-layout-1\">\n<div class=\"entry-content clear\">\n<p>La ministra de Ambiente y Econom\u00eda Circular, Victoria Flores, encabez\u00f3 la visita al Centro Ambiental Villa Mar\u00eda-Villa Nueva, con el objetivo de recorrer las instalaciones del lugar, que se inaugur\u00f3 en agosto de 2023 e incluy\u00f3 la cicatrizaci\u00f3n del antiguo basural a cielo abierto.<\/p>\n<p>El proyecto pudo concretarse gracias al trabajo conjunto entre los municipios, el gobierno provincial y nacional, y cont\u00f3 con el financiamiento del Banco Interamericano de Desarrollo (BID). Para su puesta en marcha, la obra demand\u00f3 una inversi\u00f3n total de 2.712 millones de pesos.<\/p>\n<p>La ministra recorri\u00f3 las instalaciones acompa\u00f1ada por el intendente Eduardo Accastello y anunci\u00f3 que el Centro Ambiental se convertir\u00e1 en un Parque Industrial de la Econom\u00eda Circular.<\/p>\n<figure class=\"wp-block-audio\"><audio src=\"https:\/\/prensa.cba.gov.ar\/wp-content\/uploads\/2023\/12\/Tori-Flores-Ambiente-Villa-Maria-20-12-23.mp3\" controls=\"controls\" data-mce-fragment=\"1\"><\/audio><figcaption class=\"wp-element-caption\"><strong><em>Audio:<\/em><\/strong>\u00a0Victoria Flores<\/figcaption><\/figure>\n<p>Del recorrido, particip\u00f3 el equipo t\u00e9cnico del Ministerio de Ambiente y Econom\u00eda Circular. La delegaci\u00f3n cont\u00f3 con la presencia de los secretarios de Econom\u00eda Circular (Nicol\u00e1s Vottero), Desarrollo Sostenible (Juan Scotto), Ambiente (Federico Garc\u00eda) y Cambio Clim\u00e1tico (Augusto Carreras).<\/p>\n<figure class=\"wp-block-audio\"><audio src=\"https:\/\/prensa.cba.gov.ar\/wp-content\/uploads\/2023\/12\/Eduardo-Accastello-Ambiente-Villa-Maria-20-12-23.mp3\" controls=\"controls\" data-mce-fragment=\"1\"><\/audio><figcaption class=\"wp-element-caption\"><strong>Audio:<\/strong>\u00a0Eduardo Accastello<\/figcaption><\/figure>\n<figure class=\"wp-block-image aligncenter size-large is-resized\"><img loading=\"lazy\" decoding=\"async\" class=\"wp-image-580338\" src=\"https:\/\/prensa.cba.gov.ar\/wp-content\/uploads\/2023\/12\/WhatsApp-Image-2023-12-20-at-16.48.26-1024x876.jpeg\" sizes=\"auto, (max-width: 1024px) 100vw, 1024px\" srcset=\"https:\/\/prensa.cba.gov.ar\/wp-content\/uploads\/2023\/12\/WhatsApp-Image-2023-12-20-at-16.48.26-1024x876.jpeg 1024w, https:\/\/prensa.cba.gov.ar\/wp-content\/uploads\/2023\/12\/WhatsApp-Image-2023-12-20-at-16.48.26-300x257.jpeg 300w, https:\/\/prensa.cba.gov.ar\/wp-content\/uploads\/2023\/12\/WhatsApp-Image-2023-12-20-at-16.48.26-768x657.jpeg 768w, https:\/\/prensa.cba.gov.ar\/wp-content\/uploads\/2023\/12\/WhatsApp-Image-2023-12-20-at-16.48.26-1536x1313.jpeg 1536w, https:\/\/prensa.cba.gov.ar\/wp-content\/uploads\/2023\/12\/WhatsApp-Image-2023-12-20-at-16.48.26.jpeg 1600w\" alt=\"\" width=\"1024\" height=\"876\" \/><\/figure>\n<p>La ministra Flores destac\u00f3 el trabajo realizado en el predio y su transformaci\u00f3n en un centro modelo de gesti\u00f3n integral de los residuos s\u00f3lidos urbanos, que promueve el reciclado, la econom\u00eda circular y la correcta disposici\u00f3n de los desechos.<\/p>\n<p>El Centro de Gesti\u00f3n Ambiental se organiza en cuatro plantas principales: el sector de clasificaci\u00f3n y separaci\u00f3n de residuos s\u00f3lidos urbanos, gestionada por trabajadoras y trabajadores de la Cooperativa 7 de Febrero; y el \u00e1rea de compostaje, a cargo de la Cooperativa de trabajo La Sustentable. Tambi\u00e9n cuenta con un espacio de acopio y corte de neum\u00e1ticos fuera de uso (NFU), los cuales son retirados por la empresa Geocycle; y la planta de voluminosos, donde se realiza la separaci\u00f3n y tratamiento de maderas, pallets y otros residuos.<\/p>\n<figure class=\"wp-block-gallery has-nested-images columns-default is-cropped wp-block-gallery-1 is-layout-flex wp-block-gallery-is-layout-flex\">\n<figure class=\"wp-block-image size-large\"><a href=\"https:\/\/prensa.cba.gov.ar\/wp-content\/uploads\/2023\/12\/WhatsApp-Image-2023-12-20-at-16.48.25.jpeg\"><img loading=\"lazy\" decoding=\"async\" class=\"wp-image-580340\" src=\"https:\/\/prensa.cba.gov.ar\/wp-content\/uploads\/2023\/12\/WhatsApp-Image-2023-12-20-at-16.48.25-1024x682.jpeg\" sizes=\"auto, (max-width: 1024px) 100vw, 1024px\" srcset=\"https:\/\/prensa.cba.gov.ar\/wp-content\/uploads\/2023\/12\/WhatsApp-Image-2023-12-20-at-16.48.25-1024x682.jpeg 1024w, https:\/\/prensa.cba.gov.ar\/wp-content\/uploads\/2023\/12\/WhatsApp-Image-2023-12-20-at-16.48.25-300x200.jpeg 300w, https:\/\/prensa.cba.gov.ar\/wp-content\/uploads\/2023\/12\/WhatsApp-Image-2023-12-20-at-16.48.25-768x512.jpeg 768w, https:\/\/prensa.cba.gov.ar\/wp-content\/uploads\/2023\/12\/WhatsApp-Image-2023-12-20-at-16.48.25-1536x1023.jpeg 1536w, https:\/\/prensa.cba.gov.ar\/wp-content\/uploads\/2023\/12\/WhatsApp-Image-2023-12-20-at-16.48.25.jpeg 1600w\" alt=\"\" width=\"1024\" height=\"682\" data-id=\"580340\" \/><\/a><\/figure>\n<figure class=\"wp-block-image size-large\"><a href=\"https:\/\/prensa.cba.gov.ar\/wp-content\/uploads\/2023\/12\/WhatsApp-Image-2023-12-20-at-16.48.25-1.jpeg\"><img loading=\"lazy\" decoding=\"async\" class=\"wp-image-580339\" src=\"https:\/\/prensa.cba.gov.ar\/wp-content\/uploads\/2023\/12\/WhatsApp-Image-2023-12-20-at-16.48.25-1-1024x682.jpeg\" sizes=\"auto, (max-width: 1024px) 100vw, 1024px\" srcset=\"https:\/\/prensa.cba.gov.ar\/wp-content\/uploads\/2023\/12\/WhatsApp-Image-2023-12-20-at-16.48.25-1-1024x682.jpeg 1024w, https:\/\/prensa.cba.gov.ar\/wp-content\/uploads\/2023\/12\/WhatsApp-Image-2023-12-20-at-16.48.25-1-300x200.jpeg 300w, https:\/\/prensa.cba.gov.ar\/wp-content\/uploads\/2023\/12\/WhatsApp-Image-2023-12-20-at-16.48.25-1-768x512.jpeg 768w, https:\/\/prensa.cba.gov.ar\/wp-content\/uploads\/2023\/12\/WhatsApp-Image-2023-12-20-at-16.48.25-1-1536x1023.jpeg 1536w, https:\/\/prensa.cba.gov.ar\/wp-content\/uploads\/2023\/12\/WhatsApp-Image-2023-12-20-at-16.48.25-1.jpeg 1600w\" alt=\"\" width=\"1024\" height=\"682\" data-id=\"580339\" \/><\/a><\/figure>\n<\/figure>\n<p>Desde su puesta en marcha, se han reincorporado al sistema de la econom\u00eda circular m\u00e1s de 525 mil kilos de residuos s\u00f3lidos y 60 metros c\u00fabicos de otros tipos de desechos.<\/p>\n<p>El megaproyecto impuls\u00f3 la generaci\u00f3n de empleo verde y el fortalecimiento de las condiciones de trabajo de recuperadores y recuperadoras urbanas. Dentro de sus instalaciones, el Centro tambi\u00e9n cuenta con oficinas administrativas y un espacio educativo para infancias, desde los 45 d\u00edas hasta los 4 a\u00f1os.<\/p>\n<figure class=\"wp-block-gallery has-nested-images columns-default is-cropped wp-block-gallery-2 is-layout-flex wp-block-gallery-is-layout-flex\">\n<figure class=\"wp-block-image size-large\"><img loading=\"lazy\" decoding=\"async\" class=\"wp-image-580343\" src=\"https:\/\/prensa.cba.gov.ar\/wp-content\/uploads\/2023\/12\/parque.jpg\" sizes=\"auto, (max-width: 900px) 100vw, 900px\" srcset=\"https:\/\/prensa.cba.gov.ar\/wp-content\/uploads\/2023\/12\/parque.jpg 900w, https:\/\/prensa.cba.gov.ar\/wp-content\/uploads\/2023\/12\/parque-300x225.jpg 300w, https:\/\/prensa.cba.gov.ar\/wp-content\/uploads\/2023\/12\/parque-768x576.jpg 768w\" alt=\"\" width=\"900\" height=\"675\" data-id=\"580343\" \/><\/figure>\n<figure class=\"wp-block-image size-large\"><img loading=\"lazy\" decoding=\"async\" class=\"wp-image-580341\" src=\"https:\/\/prensa.cba.gov.ar\/wp-content\/uploads\/2023\/12\/WhatsApp-Image-2023-12-20-at-16.48.22-2-1024x682.jpeg\" sizes=\"auto, (max-width: 1024px) 100vw, 1024px\" srcset=\"https:\/\/prensa.cba.gov.ar\/wp-content\/uploads\/2023\/12\/WhatsApp-Image-2023-12-20-at-16.48.22-2-1024x682.jpeg 1024w, https:\/\/prensa.cba.gov.ar\/wp-content\/uploads\/2023\/12\/WhatsApp-Image-2023-12-20-at-16.48.22-2-300x200.jpeg 300w, https:\/\/prensa.cba.gov.ar\/wp-content\/uploads\/2023\/12\/WhatsApp-Image-2023-12-20-at-16.48.22-2-768x512.jpeg 768w, https:\/\/prensa.cba.gov.ar\/wp-content\/uploads\/2023\/12\/WhatsApp-Image-2023-12-20-at-16.48.22-2-1536x1023.jpeg 1536w, https:\/\/prensa.cba.gov.ar\/wp-content\/uploads\/2023\/12\/WhatsApp-Image-2023-12-20-at-16.48.22-2.jpeg 1600w\" alt=\"\" width=\"1024\" height=\"682\" data-id=\"580341\" \/><\/figure>\n<\/figure>\n<\/div>\n<\/div>\n<\/article>\n<p><script async src=\"https:\/\/pagead2.googlesyndication.com\/pagead\/js\/adsbygoogle.js?client=ca-pub-6190387823963118\" crossorigin=\"anonymous\"><\/script><br \/>\n<!-- publi horizontal --><br \/>\n<ins class=\"adsbygoogle\" style=\"display: block;\" data-ad-client=\"ca-pub-6190387823963118\" data-ad-slot=\"1318105772\" data-ad-format=\"auto\" data-full-width-responsive=\"true\"><\/ins><br \/>\n<script>\n     (adsbygoogle = window.adsbygoogle || []).push({});\n<\/script><\/p>\n","protected":false},"excerpt":{"rendered":"<p>La ministra de Ambiente y Econom\u00eda Circular, Victoria Flores, encabez\u00f3 la visita al Centro Ambiental<\/p>\n","protected":false},"author":2,"featured_media":1347,"comment_status":"closed","ping_status":"closed","sticky":false,"template":"","format":"video","meta":{"footnotes":""},"categories":[11],"tags":[1228,565,1232,1138,1230,1229,1231,329],"class_list":["post-1346","post","type-post","status-publish","format-video","has-post-thumbnail","hentry","category-destacadas","tag-centro-ambiental","tag-economia-circular","tag-eduardo-acastello","tag-intendente","tag-ministra-de-ambiente","tag-parque-industrial","tag-victoria-flores","tag-villa-maria","post_format-post-format-video"],"yoast_head":"<!-- This site is optimized with the Yoast SEO plugin v27.4 - https:\/\/yoast.com\/product\/yoast-seo-wordpress\/ -->\n<title>Villa Mar\u00eda: el Centro Ambiental se convertir\u00e1 en un Parque Industrial de la Econom\u00eda Circular - Fm Gente<\/title>\n<meta name=\"robots\" content=\"index, follow, max-snippet:-1, max-image-preview:large, max-video-preview:-1\" \/>\n<link rel=\"canonical\" href=\"https:\/\/fmgente.com.ar\/web\/villa-maria-el-centro-ambiental-se-convertira-en-un-parque-industrial-de-la-economia-circular\/\" \/>\n<meta property=\"og:locale\" content=\"es_ES\" \/>\n<meta property=\"og:type\" content=\"article\" \/>\n<meta property=\"og:title\" content=\"Villa Mar\u00eda: el Centro Ambiental se convertir\u00e1 en un Parque Industrial de la Econom\u00eda Circular - Fm Gente\" \/>\n<meta property=\"og:description\" content=\"La ministra de Ambiente y Econom\u00eda Circular, Victoria Flores, encabez\u00f3 la visita al Centro Ambiental\" \/>\n<meta property=\"og:url\" content=\"https:\/\/fmgente.com.ar\/web\/villa-maria-el-centro-ambiental-se-convertira-en-un-parque-industrial-de-la-economia-circular\/\" \/>\n<meta property=\"og:site_name\" content=\"Fm Gente\" \/>\n<meta property=\"article:published_time\" content=\"2023-12-21T12:58:12+00:00\" \/>\n<meta property=\"article:modified_time\" content=\"2023-12-21T12:58:30+00:00\" \/>\n<meta property=\"og:image\" content=\"https:\/\/fmgente.com.ar\/web\/wp-content\/uploads\/2023\/12\/WhatsApp-Image-2023-12-20-at-16.48.22-1.jpeg\" \/>\n\t<meta property=\"og:image:width\" content=\"1600\" \/>\n\t<meta property=\"og:image:height\" content=\"1200\" \/>\n\t<meta property=\"og:image:type\" content=\"image\/jpeg\" \/>\n<meta name=\"author\" content=\"Adri\u00e1n Hern\u00e1ndez\" \/>\n<meta name=\"twitter:card\" content=\"summary_large_image\" \/>\n<meta name=\"twitter:label1\" content=\"Escrito por\" \/>\n\t<meta name=\"twitter:data1\" content=\"Adri\u00e1n Hern\u00e1ndez\" \/>\n\t<meta name=\"twitter:label2\" content=\"Tiempo de lectura\" \/>\n\t<meta name=\"twitter:data2\" content=\"3 minutos\" \/>\n<script type=\"application\/ld+json\" class=\"yoast-schema-graph\">{\"@context\":\"https:\\\/\\\/schema.org\",\"@graph\":[{\"@type\":\"Article\",\"@id\":\"https:\\\/\\\/fmgente.com.ar\\\/web\\\/villa-maria-el-centro-ambiental-se-convertira-en-un-parque-industrial-de-la-economia-circular\\\/#article\",\"isPartOf\":{\"@id\":\"https:\\\/\\\/fmgente.com.ar\\\/web\\\/villa-maria-el-centro-ambiental-se-convertira-en-un-parque-industrial-de-la-economia-circular\\\/\"},\"author\":{\"name\":\"Adri\u00e1n Hern\u00e1ndez\",\"@id\":\"https:\\\/\\\/fmgente.com.ar\\\/web\\\/#\\\/schema\\\/person\\\/ba03fa75c17effdaafbd6daa1d78c508\"},\"headline\":\"Villa Mar\u00eda: el Centro Ambiental se convertir\u00e1 en un Parque Industrial de la Econom\u00eda Circular\",\"datePublished\":\"2023-12-21T12:58:12+00:00\",\"dateModified\":\"2023-12-21T12:58:30+00:00\",\"mainEntityOfPage\":{\"@id\":\"https:\\\/\\\/fmgente.com.ar\\\/web\\\/villa-maria-el-centro-ambiental-se-convertira-en-un-parque-industrial-de-la-economia-circular\\\/\"},\"wordCount\":405,\"publisher\":{\"@id\":\"https:\\\/\\\/fmgente.com.ar\\\/web\\\/#organization\"},\"image\":{\"@id\":\"https:\\\/\\\/fmgente.com.ar\\\/web\\\/villa-maria-el-centro-ambiental-se-convertira-en-un-parque-industrial-de-la-economia-circular\\\/#primaryimage\"},\"thumbnailUrl\":\"https:\\\/\\\/fmgente.com.ar\\\/web\\\/wp-content\\\/uploads\\\/2023\\\/12\\\/WhatsApp-Image-2023-12-20-at-16.48.22-1.jpeg\",\"keywords\":[\"centro ambiental\",\"econom\u00eda circular\",\"Eduardo Acastello\",\"intendente\",\"ministra de ambiente\",\"Parque Industrial\",\"Victoria Flores\",\"Villa Mar\u00eda\"],\"articleSection\":[\"DESTACADAS\"],\"inLanguage\":\"es\"},{\"@type\":\"WebPage\",\"@id\":\"https:\\\/\\\/fmgente.com.ar\\\/web\\\/villa-maria-el-centro-ambiental-se-convertira-en-un-parque-industrial-de-la-economia-circular\\\/\",\"url\":\"https:\\\/\\\/fmgente.com.ar\\\/web\\\/villa-maria-el-centro-ambiental-se-convertira-en-un-parque-industrial-de-la-economia-circular\\\/\",\"name\":\"Villa Mar\u00eda: el Centro Ambiental se convertir\u00e1 en un Parque Industrial de la Econom\u00eda Circular - Fm Gente\",\"isPartOf\":{\"@id\":\"https:\\\/\\\/fmgente.com.ar\\\/web\\\/#website\"},\"primaryImageOfPage\":{\"@id\":\"https:\\\/\\\/fmgente.com.ar\\\/web\\\/villa-maria-el-centro-ambiental-se-convertira-en-un-parque-industrial-de-la-economia-circular\\\/#primaryimage\"},\"image\":{\"@id\":\"https:\\\/\\\/fmgente.com.ar\\\/web\\\/villa-maria-el-centro-ambiental-se-convertira-en-un-parque-industrial-de-la-economia-circular\\\/#primaryimage\"},\"thumbnailUrl\":\"https:\\\/\\\/fmgente.com.ar\\\/web\\\/wp-content\\\/uploads\\\/2023\\\/12\\\/WhatsApp-Image-2023-12-20-at-16.48.22-1.jpeg\",\"datePublished\":\"2023-12-21T12:58:12+00:00\",\"dateModified\":\"2023-12-21T12:58:30+00:00\",\"inLanguage\":\"es\",\"potentialAction\":[{\"@type\":\"ReadAction\",\"target\":[\"https:\\\/\\\/fmgente.com.ar\\\/web\\\/villa-maria-el-centro-ambiental-se-convertira-en-un-parque-industrial-de-la-economia-circular\\\/\"]}]},{\"@type\":\"ImageObject\",\"inLanguage\":\"es\",\"@id\":\"https:\\\/\\\/fmgente.com.ar\\\/web\\\/villa-maria-el-centro-ambiental-se-convertira-en-un-parque-industrial-de-la-economia-circular\\\/#primaryimage\",\"url\":\"https:\\\/\\\/fmgente.com.ar\\\/web\\\/wp-content\\\/uploads\\\/2023\\\/12\\\/WhatsApp-Image-2023-12-20-at-16.48.22-1.jpeg\",\"contentUrl\":\"https:\\\/\\\/fmgente.com.ar\\\/web\\\/wp-content\\\/uploads\\\/2023\\\/12\\\/WhatsApp-Image-2023-12-20-at-16.48.22-1.jpeg\",\"width\":1600,\"height\":1200},{\"@type\":\"WebSite\",\"@id\":\"https:\\\/\\\/fmgente.com.ar\\\/web\\\/#website\",\"url\":\"https:\\\/\\\/fmgente.com.ar\\\/web\\\/\",\"name\":\"Fm Gente\",\"description\":\"- Jes\u00fas Mar\u00eda\",\"publisher\":{\"@id\":\"https:\\\/\\\/fmgente.com.ar\\\/web\\\/#organization\"},\"potentialAction\":[{\"@type\":\"SearchAction\",\"target\":{\"@type\":\"EntryPoint\",\"urlTemplate\":\"https:\\\/\\\/fmgente.com.ar\\\/web\\\/?s={search_term_string}\"},\"query-input\":{\"@type\":\"PropertyValueSpecification\",\"valueRequired\":true,\"valueName\":\"search_term_string\"}}],\"inLanguage\":\"es\"},{\"@type\":\"Organization\",\"@id\":\"https:\\\/\\\/fmgente.com.ar\\\/web\\\/#organization\",\"name\":\"Fm Gente\",\"url\":\"https:\\\/\\\/fmgente.com.ar\\\/web\\\/\",\"logo\":{\"@type\":\"ImageObject\",\"inLanguage\":\"es\",\"@id\":\"https:\\\/\\\/fmgente.com.ar\\\/web\\\/#\\\/schema\\\/logo\\\/image\\\/\",\"url\":\"https:\\\/\\\/fmgente.com.ar\\\/web\\\/wp-content\\\/uploads\\\/2023\\\/07\\\/cropped-cropped-logo-sombra2.png\",\"contentUrl\":\"https:\\\/\\\/fmgente.com.ar\\\/web\\\/wp-content\\\/uploads\\\/2023\\\/07\\\/cropped-cropped-logo-sombra2.png\",\"width\":1782,\"height\":1782,\"caption\":\"Fm Gente\"},\"image\":{\"@id\":\"https:\\\/\\\/fmgente.com.ar\\\/web\\\/#\\\/schema\\\/logo\\\/image\\\/\"}},{\"@type\":\"Person\",\"@id\":\"https:\\\/\\\/fmgente.com.ar\\\/web\\\/#\\\/schema\\\/person\\\/ba03fa75c17effdaafbd6daa1d78c508\",\"name\":\"Adri\u00e1n Hern\u00e1ndez\",\"url\":\"https:\\\/\\\/fmgente.com.ar\\\/web\\\/author\\\/c1601891\\\/\"}]}<\/script>\n<!-- \/ Yoast SEO plugin. -->","yoast_head_json":{"title":"Villa Mar\u00eda: el Centro Ambiental se convertir\u00e1 en un Parque Industrial de la Econom\u00eda Circular - Fm Gente","robots":{"index":"index","follow":"follow","max-snippet":"max-snippet:-1","max-image-preview":"max-image-preview:large","max-video-preview":"max-video-preview:-1"},"canonical":"https:\/\/fmgente.com.ar\/web\/villa-maria-el-centro-ambiental-se-convertira-en-un-parque-industrial-de-la-economia-circular\/","og_locale":"es_ES","og_type":"article","og_title":"Villa Mar\u00eda: el Centro Ambiental se convertir\u00e1 en un Parque Industrial de la Econom\u00eda Circular - Fm Gente","og_description":"La ministra de Ambiente y Econom\u00eda Circular, Victoria Flores, encabez\u00f3 la visita al Centro Ambiental","og_url":"https:\/\/fmgente.com.ar\/web\/villa-maria-el-centro-ambiental-se-convertira-en-un-parque-industrial-de-la-economia-circular\/","og_site_name":"Fm Gente","article_published_time":"2023-12-21T12:58:12+00:00","article_modified_time":"2023-12-21T12:58:30+00:00","og_image":[{"width":1600,"height":1200,"url":"https:\/\/fmgente.com.ar\/web\/wp-content\/uploads\/2023\/12\/WhatsApp-Image-2023-12-20-at-16.48.22-1.jpeg","type":"image\/jpeg"}],"author":"Adri\u00e1n Hern\u00e1ndez","twitter_card":"summary_large_image","twitter_misc":{"Escrito por":"Adri\u00e1n Hern\u00e1ndez","Tiempo de lectura":"3 minutos"},"schema":{"@context":"https:\/\/schema.org","@graph":[{"@type":"Article","@id":"https:\/\/fmgente.com.ar\/web\/villa-maria-el-centro-ambiental-se-convertira-en-un-parque-industrial-de-la-economia-circular\/#article","isPartOf":{"@id":"https:\/\/fmgente.com.ar\/web\/villa-maria-el-centro-ambiental-se-convertira-en-un-parque-industrial-de-la-economia-circular\/"},"author":{"name":"Adri\u00e1n Hern\u00e1ndez","@id":"https:\/\/fmgente.com.ar\/web\/#\/schema\/person\/ba03fa75c17effdaafbd6daa1d78c508"},"headline":"Villa Mar\u00eda: el Centro Ambiental se convertir\u00e1 en un Parque Industrial de la Econom\u00eda Circular","datePublished":"2023-12-21T12:58:12+00:00","dateModified":"2023-12-21T12:58:30+00:00","mainEntityOfPage":{"@id":"https:\/\/fmgente.com.ar\/web\/villa-maria-el-centro-ambiental-se-convertira-en-un-parque-industrial-de-la-economia-circular\/"},"wordCount":405,"publisher":{"@id":"https:\/\/fmgente.com.ar\/web\/#organization"},"image":{"@id":"https:\/\/fmgente.com.ar\/web\/villa-maria-el-centro-ambiental-se-convertira-en-un-parque-industrial-de-la-economia-circular\/#primaryimage"},"thumbnailUrl":"https:\/\/fmgente.com.ar\/web\/wp-content\/uploads\/2023\/12\/WhatsApp-Image-2023-12-20-at-16.48.22-1.jpeg","keywords":["centro ambiental","econom\u00eda circular","Eduardo Acastello","intendente","ministra de ambiente","Parque Industrial","Victoria Flores","Villa Mar\u00eda"],"articleSection":["DESTACADAS"],"inLanguage":"es"},{"@type":"WebPage","@id":"https:\/\/fmgente.com.ar\/web\/villa-maria-el-centro-ambiental-se-convertira-en-un-parque-industrial-de-la-economia-circular\/","url":"https:\/\/fmgente.com.ar\/web\/villa-maria-el-centro-ambiental-se-convertira-en-un-parque-industrial-de-la-economia-circular\/","name":"Villa Mar\u00eda: el Centro Ambiental se convertir\u00e1 en un Parque Industrial de la Econom\u00eda Circular - Fm Gente","isPartOf":{"@id":"https:\/\/fmgente.com.ar\/web\/#website"},"primaryImageOfPage":{"@id":"https:\/\/fmgente.com.ar\/web\/villa-maria-el-centro-ambiental-se-convertira-en-un-parque-industrial-de-la-economia-circular\/#primaryimage"},"image":{"@id":"https:\/\/fmgente.com.ar\/web\/villa-maria-el-centro-ambiental-se-convertira-en-un-parque-industrial-de-la-economia-circular\/#primaryimage"},"thumbnailUrl":"https:\/\/fmgente.com.ar\/web\/wp-content\/uploads\/2023\/12\/WhatsApp-Image-2023-12-20-at-16.48.22-1.jpeg","datePublished":"2023-12-21T12:58:12+00:00","dateModified":"2023-12-21T12:58:30+00:00","inLanguage":"es","potentialAction":[{"@type":"ReadAction","target":["https:\/\/fmgente.com.ar\/web\/villa-maria-el-centro-ambiental-se-convertira-en-un-parque-industrial-de-la-economia-circular\/"]}]},{"@type":"ImageObject","inLanguage":"es","@id":"https:\/\/fmgente.com.ar\/web\/villa-maria-el-centro-ambiental-se-convertira-en-un-parque-industrial-de-la-economia-circular\/#primaryimage","url":"https:\/\/fmgente.com.ar\/web\/wp-content\/uploads\/2023\/12\/WhatsApp-Image-2023-12-20-at-16.48.22-1.jpeg","contentUrl":"https:\/\/fmgente.com.ar\/web\/wp-content\/uploads\/2023\/12\/WhatsApp-Image-2023-12-20-at-16.48.22-1.jpeg","width":1600,"height":1200},{"@type":"WebSite","@id":"https:\/\/fmgente.com.ar\/web\/#website","url":"https:\/\/fmgente.com.ar\/web\/","name":"Fm Gente","description":"- Jes\u00fas Mar\u00eda","publisher":{"@id":"https:\/\/fmgente.com.ar\/web\/#organization"},"potentialAction":[{"@type":"SearchAction","target":{"@type":"EntryPoint","urlTemplate":"https:\/\/fmgente.com.ar\/web\/?s={search_term_string}"},"query-input":{"@type":"PropertyValueSpecification","valueRequired":true,"valueName":"search_term_string"}}],"inLanguage":"es"},{"@type":"Organization","@id":"https:\/\/fmgente.com.ar\/web\/#organization","name":"Fm Gente","url":"https:\/\/fmgente.com.ar\/web\/","logo":{"@type":"ImageObject","inLanguage":"es","@id":"https:\/\/fmgente.com.ar\/web\/#\/schema\/logo\/image\/","url":"https:\/\/fmgente.com.ar\/web\/wp-content\/uploads\/2023\/07\/cropped-cropped-logo-sombra2.png","contentUrl":"https:\/\/fmgente.com.ar\/web\/wp-content\/uploads\/2023\/07\/cropped-cropped-logo-sombra2.png","width":1782,"height":1782,"caption":"Fm Gente"},"image":{"@id":"https:\/\/fmgente.com.ar\/web\/#\/schema\/logo\/image\/"}},{"@type":"Person","@id":"https:\/\/fmgente.com.ar\/web\/#\/schema\/person\/ba03fa75c17effdaafbd6daa1d78c508","name":"Adri\u00e1n Hern\u00e1ndez","url":"https:\/\/fmgente.com.ar\/web\/author\/c1601891\/"}]}},"_links":{"self":[{"href":"https:\/\/fmgente.com.ar\/web\/wp-json\/wp\/v2\/posts\/1346","targetHints":{"allow":["GET"]}}],"collection":[{"href":"https:\/\/fmgente.com.ar\/web\/wp-json\/wp\/v2\/posts"}],"about":[{"href":"https:\/\/fmgente.com.ar\/web\/wp-json\/wp\/v2\/types\/post"}],"author":[{"embeddable":true,"href":"https:\/\/fmgente.com.ar\/web\/wp-json\/wp\/v2\/users\/2"}],"replies":[{"embeddable":true,"href":"https:\/\/fmgente.com.ar\/web\/wp-json\/wp\/v2\/comments?post=1346"}],"version-history":[{"count":1,"href":"https:\/\/fmgente.com.ar\/web\/wp-json\/wp\/v2\/posts\/1346\/revisions"}],"predecessor-version":[{"id":1348,"href":"https:\/\/fmgente.com.ar\/web\/wp-json\/wp\/v2\/posts\/1346\/revisions\/1348"}],"wp:featuredmedia":[{"embeddable":true,"href":"https:\/\/fmgente.com.ar\/web\/wp-json\/wp\/v2\/media\/1347"}],"wp:attachment":[{"href":"https:\/\/fmgente.com.ar\/web\/wp-json\/wp\/v2\/media?parent=1346"}],"wp:term":[{"taxonomy":"category","embeddable":true,"href":"https:\/\/fmgente.com.ar\/web\/wp-json\/wp\/v2\/categories?post=1346"},{"taxonomy":"post_tag","embeddable":true,"href":"https:\/\/fmgente.com.ar\/web\/wp-json\/wp\/v2\/tags?post=1346"}],"curies":[{"name":"wp","href":"https:\/\/api.w.org\/{rel}","templated":true}]}}