{"id":1342,"date":"2023-12-21T09:53:26","date_gmt":"2023-12-21T12:53:26","guid":{"rendered":"https:\/\/fmgente.com.ar\/?p=1342"},"modified":"2023-12-21T09:53:47","modified_gmt":"2023-12-21T12:53:47","slug":"la-provincia-hara-un-aporte-extraordinario-para-evitar-el-paro-del-transporte-interurbano","status":"publish","type":"post","link":"https:\/\/fmgente.com.ar\/web\/la-provincia-hara-un-aporte-extraordinario-para-evitar-el-paro-del-transporte-interurbano\/","title":{"rendered":"La Provincia har\u00e1 un aporte extraordinario para evitar el paro del transporte interurbano"},"content":{"rendered":"<article id=\"post-580358\" class=\"post-580358 post type-post status-publish format-standard has-post-thumbnail hentry category-informacion-general ast-article-single\">\n<div class=\"ast-post-format- single-layout-1\">\n<div class=\"entry-content clear\">\n<p>El Gobierno de la Provincia de C\u00f3rdoba, a trav\u00e9s de la Secretar\u00eda de Transporte, realizar\u00e1 un aporte extraordinario por un monto aproximado de 700 millones de pesos para evitar el paro lanzado por el gremio Aoita.<\/p>\n<p>La medida de fuerza hab\u00eda sido anunciada como respuesta ante la imposibilidad de las empresas de afrontar el pago del medio aguinaldo, que debi\u00f3 efectivizarse este lunes.<\/p>\n<p><em>\u201cPor pedido expreso del gobernador Llaryora otorgamos este complemento presupuestario de emergencia para poder evitar el paro\u201d<\/em>, explic\u00f3 el secretario de Transporte, Marcelo Rodio.<\/p>\n<p><em>\u201cSabemos que el transporte p\u00fablico es un derecho social para todos los ciudadanos de nuestra provincia. Al mismo tiempo, es un servicio que sufre todos los aumentos de los principales \u00edtems de la minuta de costos, lo que hace imposible hacer una previsi\u00f3n a futuro \u00ab<\/em>, agreg\u00f3 el funcionario.<\/p>\n<p>Sobre el aporte de la Provincia, el funcionario explic\u00f3 que a futuro se determinar\u00e1 con los empresarios la devoluci\u00f3n durante el per\u00edodo 2024.<\/p>\n<figure class=\"wp-block-audio\"><audio src=\"https:\/\/prensa.cba.gov.ar\/wp-content\/uploads\/2023\/12\/Rodio.mp3\" controls=\"controls\" data-mce-fragment=\"1\"><\/audio><figcaption class=\"wp-element-caption\"><strong><em>Audio:<\/em><\/strong>\u00a0Marcelo Rodio<\/figcaption><\/figure>\n<\/div>\n<\/div>\n<\/article>\n<p><script async src=\"https:\/\/pagead2.googlesyndication.com\/pagead\/js\/adsbygoogle.js?client=ca-pub-6190387823963118\" crossorigin=\"anonymous\"><\/script><br \/>\n<!-- publi horizontal --><br \/>\n<ins class=\"adsbygoogle\" style=\"display: block;\" data-ad-client=\"ca-pub-6190387823963118\" data-ad-slot=\"1318105772\" data-ad-format=\"auto\" data-full-width-responsive=\"true\"><\/ins><br \/>\n<script>\n     (adsbygoogle = window.adsbygoogle || []).push({});\n<\/script><\/p>\n","protected":false},"excerpt":{"rendered":"<p>El Gobierno de la Provincia de C\u00f3rdoba, a trav\u00e9s de la Secretar\u00eda de Transporte, realizar\u00e1<\/p>\n","protected":false},"author":2,"featured_media":1343,"comment_status":"closed","ping_status":"closed","sticky":false,"template":"","format":"video","meta":{"footnotes":""},"categories":[11],"tags":[1226,1223,1227,1224,645,1155,1225],"class_list":["post-1342","post","type-post","status-publish","format-video","has-post-thumbnail","hentry","category-destacadas","tag-aoita","tag-aporte-extraordinario","tag-gremio","tag-paro","tag-provincia-de-cordoba","tag-secretaria-de-transporte","tag-transporte-interurbano","post_format-post-format-video"],"yoast_head":"<!-- This site is optimized with the Yoast SEO plugin v27.4 - https:\/\/yoast.com\/product\/yoast-seo-wordpress\/ -->\n<title>La Provincia har\u00e1 un aporte extraordinario para evitar el paro del transporte interurbano - Fm Gente<\/title>\n<meta name=\"robots\" content=\"index, follow, max-snippet:-1, max-image-preview:large, max-video-preview:-1\" \/>\n<link rel=\"canonical\" href=\"https:\/\/fmgente.com.ar\/web\/la-provincia-hara-un-aporte-extraordinario-para-evitar-el-paro-del-transporte-interurbano\/\" \/>\n<meta property=\"og:locale\" content=\"es_ES\" \/>\n<meta property=\"og:type\" content=\"article\" \/>\n<meta property=\"og:title\" content=\"La Provincia har\u00e1 un aporte extraordinario para evitar el paro del transporte interurbano - Fm Gente\" \/>\n<meta property=\"og:description\" content=\"El Gobierno de la Provincia de C\u00f3rdoba, a trav\u00e9s de la Secretar\u00eda de Transporte, realizar\u00e1\" \/>\n<meta property=\"og:url\" content=\"https:\/\/fmgente.com.ar\/web\/la-provincia-hara-un-aporte-extraordinario-para-evitar-el-paro-del-transporte-interurbano\/\" \/>\n<meta property=\"og:site_name\" content=\"Fm Gente\" \/>\n<meta property=\"article:published_time\" content=\"2023-12-21T12:53:26+00:00\" \/>\n<meta property=\"article:modified_time\" content=\"2023-12-21T12:53:47+00:00\" \/>\n<meta property=\"og:image\" content=\"https:\/\/fmgente.com.ar\/web\/wp-content\/uploads\/2023\/12\/WhatsApp-Image-2023-12-20-at-18.19.29.jpeg\" \/>\n\t<meta property=\"og:image:width\" content=\"745\" \/>\n\t<meta property=\"og:image:height\" content=\"513\" \/>\n\t<meta property=\"og:image:type\" content=\"image\/jpeg\" \/>\n<meta name=\"author\" content=\"Adri\u00e1n Hern\u00e1ndez\" \/>\n<meta name=\"twitter:card\" content=\"summary_large_image\" \/>\n<meta name=\"twitter:label1\" content=\"Escrito por\" \/>\n\t<meta name=\"twitter:data1\" content=\"Adri\u00e1n Hern\u00e1ndez\" \/>\n\t<meta name=\"twitter:label2\" content=\"Tiempo de lectura\" \/>\n\t<meta name=\"twitter:data2\" content=\"1 minuto\" \/>\n<script type=\"application\/ld+json\" class=\"yoast-schema-graph\">{\"@context\":\"https:\\\/\\\/schema.org\",\"@graph\":[{\"@type\":\"Article\",\"@id\":\"https:\\\/\\\/fmgente.com.ar\\\/web\\\/la-provincia-hara-un-aporte-extraordinario-para-evitar-el-paro-del-transporte-interurbano\\\/#article\",\"isPartOf\":{\"@id\":\"https:\\\/\\\/fmgente.com.ar\\\/web\\\/la-provincia-hara-un-aporte-extraordinario-para-evitar-el-paro-del-transporte-interurbano\\\/\"},\"author\":{\"name\":\"Adri\u00e1n Hern\u00e1ndez\",\"@id\":\"https:\\\/\\\/fmgente.com.ar\\\/web\\\/#\\\/schema\\\/person\\\/ba03fa75c17effdaafbd6daa1d78c508\"},\"headline\":\"La Provincia har\u00e1 un aporte extraordinario para evitar el paro del transporte interurbano\",\"datePublished\":\"2023-12-21T12:53:26+00:00\",\"dateModified\":\"2023-12-21T12:53:47+00:00\",\"mainEntityOfPage\":{\"@id\":\"https:\\\/\\\/fmgente.com.ar\\\/web\\\/la-provincia-hara-un-aporte-extraordinario-para-evitar-el-paro-del-transporte-interurbano\\\/\"},\"wordCount\":180,\"publisher\":{\"@id\":\"https:\\\/\\\/fmgente.com.ar\\\/web\\\/#organization\"},\"image\":{\"@id\":\"https:\\\/\\\/fmgente.com.ar\\\/web\\\/la-provincia-hara-un-aporte-extraordinario-para-evitar-el-paro-del-transporte-interurbano\\\/#primaryimage\"},\"thumbnailUrl\":\"https:\\\/\\\/fmgente.com.ar\\\/web\\\/wp-content\\\/uploads\\\/2023\\\/12\\\/WhatsApp-Image-2023-12-20-at-18.19.29.jpeg\",\"keywords\":[\"aoita\",\"aporte extraordinario\",\"gremio\",\"paro\",\"Provincia de C\u00f3rdoba\",\"secretaria de transporte\",\"transporte interurbano\"],\"articleSection\":[\"DESTACADAS\"],\"inLanguage\":\"es\"},{\"@type\":\"WebPage\",\"@id\":\"https:\\\/\\\/fmgente.com.ar\\\/web\\\/la-provincia-hara-un-aporte-extraordinario-para-evitar-el-paro-del-transporte-interurbano\\\/\",\"url\":\"https:\\\/\\\/fmgente.com.ar\\\/web\\\/la-provincia-hara-un-aporte-extraordinario-para-evitar-el-paro-del-transporte-interurbano\\\/\",\"name\":\"La Provincia har\u00e1 un aporte extraordinario para evitar el paro del transporte interurbano - Fm Gente\",\"isPartOf\":{\"@id\":\"https:\\\/\\\/fmgente.com.ar\\\/web\\\/#website\"},\"primaryImageOfPage\":{\"@id\":\"https:\\\/\\\/fmgente.com.ar\\\/web\\\/la-provincia-hara-un-aporte-extraordinario-para-evitar-el-paro-del-transporte-interurbano\\\/#primaryimage\"},\"image\":{\"@id\":\"https:\\\/\\\/fmgente.com.ar\\\/web\\\/la-provincia-hara-un-aporte-extraordinario-para-evitar-el-paro-del-transporte-interurbano\\\/#primaryimage\"},\"thumbnailUrl\":\"https:\\\/\\\/fmgente.com.ar\\\/web\\\/wp-content\\\/uploads\\\/2023\\\/12\\\/WhatsApp-Image-2023-12-20-at-18.19.29.jpeg\",\"datePublished\":\"2023-12-21T12:53:26+00:00\",\"dateModified\":\"2023-12-21T12:53:47+00:00\",\"inLanguage\":\"es\",\"potentialAction\":[{\"@type\":\"ReadAction\",\"target\":[\"https:\\\/\\\/fmgente.com.ar\\\/web\\\/la-provincia-hara-un-aporte-extraordinario-para-evitar-el-paro-del-transporte-interurbano\\\/\"]}]},{\"@type\":\"ImageObject\",\"inLanguage\":\"es\",\"@id\":\"https:\\\/\\\/fmgente.com.ar\\\/web\\\/la-provincia-hara-un-aporte-extraordinario-para-evitar-el-paro-del-transporte-interurbano\\\/#primaryimage\",\"url\":\"https:\\\/\\\/fmgente.com.ar\\\/web\\\/wp-content\\\/uploads\\\/2023\\\/12\\\/WhatsApp-Image-2023-12-20-at-18.19.29.jpeg\",\"contentUrl\":\"https:\\\/\\\/fmgente.com.ar\\\/web\\\/wp-content\\\/uploads\\\/2023\\\/12\\\/WhatsApp-Image-2023-12-20-at-18.19.29.jpeg\",\"width\":745,\"height\":513},{\"@type\":\"WebSite\",\"@id\":\"https:\\\/\\\/fmgente.com.ar\\\/web\\\/#website\",\"url\":\"https:\\\/\\\/fmgente.com.ar\\\/web\\\/\",\"name\":\"Fm Gente\",\"description\":\"- Jes\u00fas Mar\u00eda\",\"publisher\":{\"@id\":\"https:\\\/\\\/fmgente.com.ar\\\/web\\\/#organization\"},\"potentialAction\":[{\"@type\":\"SearchAction\",\"target\":{\"@type\":\"EntryPoint\",\"urlTemplate\":\"https:\\\/\\\/fmgente.com.ar\\\/web\\\/?s={search_term_string}\"},\"query-input\":{\"@type\":\"PropertyValueSpecification\",\"valueRequired\":true,\"valueName\":\"search_term_string\"}}],\"inLanguage\":\"es\"},{\"@type\":\"Organization\",\"@id\":\"https:\\\/\\\/fmgente.com.ar\\\/web\\\/#organization\",\"name\":\"Fm Gente\",\"url\":\"https:\\\/\\\/fmgente.com.ar\\\/web\\\/\",\"logo\":{\"@type\":\"ImageObject\",\"inLanguage\":\"es\",\"@id\":\"https:\\\/\\\/fmgente.com.ar\\\/web\\\/#\\\/schema\\\/logo\\\/image\\\/\",\"url\":\"https:\\\/\\\/fmgente.com.ar\\\/web\\\/wp-content\\\/uploads\\\/2023\\\/07\\\/cropped-cropped-logo-sombra2.png\",\"contentUrl\":\"https:\\\/\\\/fmgente.com.ar\\\/web\\\/wp-content\\\/uploads\\\/2023\\\/07\\\/cropped-cropped-logo-sombra2.png\",\"width\":1782,\"height\":1782,\"caption\":\"Fm Gente\"},\"image\":{\"@id\":\"https:\\\/\\\/fmgente.com.ar\\\/web\\\/#\\\/schema\\\/logo\\\/image\\\/\"}},{\"@type\":\"Person\",\"@id\":\"https:\\\/\\\/fmgente.com.ar\\\/web\\\/#\\\/schema\\\/person\\\/ba03fa75c17effdaafbd6daa1d78c508\",\"name\":\"Adri\u00e1n Hern\u00e1ndez\",\"url\":\"https:\\\/\\\/fmgente.com.ar\\\/web\\\/author\\\/c1601891\\\/\"}]}<\/script>\n<!-- \/ Yoast SEO plugin. -->","yoast_head_json":{"title":"La Provincia har\u00e1 un aporte extraordinario para evitar el paro del transporte interurbano - Fm Gente","robots":{"index":"index","follow":"follow","max-snippet":"max-snippet:-1","max-image-preview":"max-image-preview:large","max-video-preview":"max-video-preview:-1"},"canonical":"https:\/\/fmgente.com.ar\/web\/la-provincia-hara-un-aporte-extraordinario-para-evitar-el-paro-del-transporte-interurbano\/","og_locale":"es_ES","og_type":"article","og_title":"La Provincia har\u00e1 un aporte extraordinario para evitar el paro del transporte interurbano - Fm Gente","og_description":"El Gobierno de la Provincia de C\u00f3rdoba, a trav\u00e9s de la Secretar\u00eda de Transporte, realizar\u00e1","og_url":"https:\/\/fmgente.com.ar\/web\/la-provincia-hara-un-aporte-extraordinario-para-evitar-el-paro-del-transporte-interurbano\/","og_site_name":"Fm Gente","article_published_time":"2023-12-21T12:53:26+00:00","article_modified_time":"2023-12-21T12:53:47+00:00","og_image":[{"width":745,"height":513,"url":"https:\/\/fmgente.com.ar\/web\/wp-content\/uploads\/2023\/12\/WhatsApp-Image-2023-12-20-at-18.19.29.jpeg","type":"image\/jpeg"}],"author":"Adri\u00e1n Hern\u00e1ndez","twitter_card":"summary_large_image","twitter_misc":{"Escrito por":"Adri\u00e1n Hern\u00e1ndez","Tiempo de lectura":"1 minuto"},"schema":{"@context":"https:\/\/schema.org","@graph":[{"@type":"Article","@id":"https:\/\/fmgente.com.ar\/web\/la-provincia-hara-un-aporte-extraordinario-para-evitar-el-paro-del-transporte-interurbano\/#article","isPartOf":{"@id":"https:\/\/fmgente.com.ar\/web\/la-provincia-hara-un-aporte-extraordinario-para-evitar-el-paro-del-transporte-interurbano\/"},"author":{"name":"Adri\u00e1n Hern\u00e1ndez","@id":"https:\/\/fmgente.com.ar\/web\/#\/schema\/person\/ba03fa75c17effdaafbd6daa1d78c508"},"headline":"La Provincia har\u00e1 un aporte extraordinario para evitar el paro del transporte interurbano","datePublished":"2023-12-21T12:53:26+00:00","dateModified":"2023-12-21T12:53:47+00:00","mainEntityOfPage":{"@id":"https:\/\/fmgente.com.ar\/web\/la-provincia-hara-un-aporte-extraordinario-para-evitar-el-paro-del-transporte-interurbano\/"},"wordCount":180,"publisher":{"@id":"https:\/\/fmgente.com.ar\/web\/#organization"},"image":{"@id":"https:\/\/fmgente.com.ar\/web\/la-provincia-hara-un-aporte-extraordinario-para-evitar-el-paro-del-transporte-interurbano\/#primaryimage"},"thumbnailUrl":"https:\/\/fmgente.com.ar\/web\/wp-content\/uploads\/2023\/12\/WhatsApp-Image-2023-12-20-at-18.19.29.jpeg","keywords":["aoita","aporte extraordinario","gremio","paro","Provincia de C\u00f3rdoba","secretaria de transporte","transporte interurbano"],"articleSection":["DESTACADAS"],"inLanguage":"es"},{"@type":"WebPage","@id":"https:\/\/fmgente.com.ar\/web\/la-provincia-hara-un-aporte-extraordinario-para-evitar-el-paro-del-transporte-interurbano\/","url":"https:\/\/fmgente.com.ar\/web\/la-provincia-hara-un-aporte-extraordinario-para-evitar-el-paro-del-transporte-interurbano\/","name":"La Provincia har\u00e1 un aporte extraordinario para evitar el paro del transporte interurbano - Fm Gente","isPartOf":{"@id":"https:\/\/fmgente.com.ar\/web\/#website"},"primaryImageOfPage":{"@id":"https:\/\/fmgente.com.ar\/web\/la-provincia-hara-un-aporte-extraordinario-para-evitar-el-paro-del-transporte-interurbano\/#primaryimage"},"image":{"@id":"https:\/\/fmgente.com.ar\/web\/la-provincia-hara-un-aporte-extraordinario-para-evitar-el-paro-del-transporte-interurbano\/#primaryimage"},"thumbnailUrl":"https:\/\/fmgente.com.ar\/web\/wp-content\/uploads\/2023\/12\/WhatsApp-Image-2023-12-20-at-18.19.29.jpeg","datePublished":"2023-12-21T12:53:26+00:00","dateModified":"2023-12-21T12:53:47+00:00","inLanguage":"es","potentialAction":[{"@type":"ReadAction","target":["https:\/\/fmgente.com.ar\/web\/la-provincia-hara-un-aporte-extraordinario-para-evitar-el-paro-del-transporte-interurbano\/"]}]},{"@type":"ImageObject","inLanguage":"es","@id":"https:\/\/fmgente.com.ar\/web\/la-provincia-hara-un-aporte-extraordinario-para-evitar-el-paro-del-transporte-interurbano\/#primaryimage","url":"https:\/\/fmgente.com.ar\/web\/wp-content\/uploads\/2023\/12\/WhatsApp-Image-2023-12-20-at-18.19.29.jpeg","contentUrl":"https:\/\/fmgente.com.ar\/web\/wp-content\/uploads\/2023\/12\/WhatsApp-Image-2023-12-20-at-18.19.29.jpeg","width":745,"height":513},{"@type":"WebSite","@id":"https:\/\/fmgente.com.ar\/web\/#website","url":"https:\/\/fmgente.com.ar\/web\/","name":"Fm Gente","description":"- Jes\u00fas Mar\u00eda","publisher":{"@id":"https:\/\/fmgente.com.ar\/web\/#organization"},"potentialAction":[{"@type":"SearchAction","target":{"@type":"EntryPoint","urlTemplate":"https:\/\/fmgente.com.ar\/web\/?s={search_term_string}"},"query-input":{"@type":"PropertyValueSpecification","valueRequired":true,"valueName":"search_term_string"}}],"inLanguage":"es"},{"@type":"Organization","@id":"https:\/\/fmgente.com.ar\/web\/#organization","name":"Fm Gente","url":"https:\/\/fmgente.com.ar\/web\/","logo":{"@type":"ImageObject","inLanguage":"es","@id":"https:\/\/fmgente.com.ar\/web\/#\/schema\/logo\/image\/","url":"https:\/\/fmgente.com.ar\/web\/wp-content\/uploads\/2023\/07\/cropped-cropped-logo-sombra2.png","contentUrl":"https:\/\/fmgente.com.ar\/web\/wp-content\/uploads\/2023\/07\/cropped-cropped-logo-sombra2.png","width":1782,"height":1782,"caption":"Fm Gente"},"image":{"@id":"https:\/\/fmgente.com.ar\/web\/#\/schema\/logo\/image\/"}},{"@type":"Person","@id":"https:\/\/fmgente.com.ar\/web\/#\/schema\/person\/ba03fa75c17effdaafbd6daa1d78c508","name":"Adri\u00e1n Hern\u00e1ndez","url":"https:\/\/fmgente.com.ar\/web\/author\/c1601891\/"}]}},"_links":{"self":[{"href":"https:\/\/fmgente.com.ar\/web\/wp-json\/wp\/v2\/posts\/1342","targetHints":{"allow":["GET"]}}],"collection":[{"href":"https:\/\/fmgente.com.ar\/web\/wp-json\/wp\/v2\/posts"}],"about":[{"href":"https:\/\/fmgente.com.ar\/web\/wp-json\/wp\/v2\/types\/post"}],"author":[{"embeddable":true,"href":"https:\/\/fmgente.com.ar\/web\/wp-json\/wp\/v2\/users\/2"}],"replies":[{"embeddable":true,"href":"https:\/\/fmgente.com.ar\/web\/wp-json\/wp\/v2\/comments?post=1342"}],"version-history":[{"count":2,"href":"https:\/\/fmgente.com.ar\/web\/wp-json\/wp\/v2\/posts\/1342\/revisions"}],"predecessor-version":[{"id":1345,"href":"https:\/\/fmgente.com.ar\/web\/wp-json\/wp\/v2\/posts\/1342\/revisions\/1345"}],"wp:featuredmedia":[{"embeddable":true,"href":"https:\/\/fmgente.com.ar\/web\/wp-json\/wp\/v2\/media\/1343"}],"wp:attachment":[{"href":"https:\/\/fmgente.com.ar\/web\/wp-json\/wp\/v2\/media?parent=1342"}],"wp:term":[{"taxonomy":"category","embeddable":true,"href":"https:\/\/fmgente.com.ar\/web\/wp-json\/wp\/v2\/categories?post=1342"},{"taxonomy":"post_tag","embeddable":true,"href":"https:\/\/fmgente.com.ar\/web\/wp-json\/wp\/v2\/tags?post=1342"}],"curies":[{"name":"wp","href":"https:\/\/api.w.org\/{rel}","templated":true}]}}