{"id":1339,"date":"2023-12-21T09:50:20","date_gmt":"2023-12-21T12:50:20","guid":{"rendered":"https:\/\/fmgente.com.ar\/?p=1339"},"modified":"2023-12-21T09:50:20","modified_gmt":"2023-12-21T12:50:20","slug":"el-presidente-anuncio-el-dnu-para-desregular-la-economia","status":"publish","type":"post","link":"https:\/\/fmgente.com.ar\/web\/el-presidente-anuncio-el-dnu-para-desregular-la-economia\/","title":{"rendered":"El Presidente anunci\u00f3 el DNU para desregular la econom\u00eda."},"content":{"rendered":"<p>Tras firmar el Decreto de Necesidad de Urgencia para entre otras cosas, desregular la econom\u00eda Argentina, el Presidente Javier Milei, anunci\u00f3 las primeras treinta medidas que tomaron junto a su gabinete. Las medidas incluyen la derogaci\u00f3n de la Ley de Alquileres, desregulaci\u00f3n de las obras sociales y la habilitaci\u00f3n de las privatizaciones.<\/p>\n<p>&nbsp;<\/p>\n<p><iframe loading=\"lazy\" title=\"YouTube video player\" src=\"https:\/\/www.youtube.com\/embed\/9c_p3XvIylA?si=9xHXpz2pHCNotjva\" width=\"560\" height=\"315\" frameborder=\"0\" allowfullscreen=\"allowfullscreen\" data-mce-fragment=\"1\"><\/iframe><\/p>\n<p>&nbsp;<\/p>\n<p><strong>Las Medidas:\u00a0<\/strong><\/p>\n<ol>\n<li><b>Derogaci\u00f3n de la Ley de Alquileres.\u00a0<\/b><\/li>\n<li><b>Derogaci\u00f3n de la Ley de Abastecimiento.\u00a0<\/b>.<\/li>\n<li><b>Derogaci\u00f3n de la Ley de G\u00f3ndolas.<\/b><\/li>\n<li><b>Derogaci\u00f3n de la Ley del Compre Nacional.<\/b><\/li>\n<li><b>Derogaci\u00f3n del Observatorio de Precios del Ministerio de Econom\u00eda.<\/b><\/li>\n<li><b>Derogaci\u00f3n de la Ley de Promoci\u00f3n Industrial.<\/b><\/li>\n<li><b>Derogaci\u00f3n de la Ley de Promoci\u00f3n Comercial.<\/b><\/li>\n<li><b>Derogaci\u00f3n de la normativa que impide la privatizaci\u00f3n de las empresas p\u00fablicas<\/b><\/li>\n<li><b>Derogaci\u00f3n del r\u00e9gimen de sociedades del Estado.<\/b><\/li>\n<li><b>Transformaci\u00f3n de todas las empresas del Estado en sociedades an\u00f3nimas para su posterior privatizaci\u00f3n.<\/b><\/li>\n<li><b>Modernizaci\u00f3n del r\u00e9gimen laboral. Eufemismo para realizar una Rerforma laboral por decreto.<\/b><\/li>\n<li><b>Reforma del C\u00f3digo Aduanero.<\/b><\/li>\n<li><b>Derogaci\u00f3n de la Ley de Tierras.<\/b><\/li>\n<li><b>Modificaci\u00f3n de la Ley de Manejo del Fuego.<\/b><\/li>\n<li><b>Derogaci\u00f3n de las obligaciones que los ingenios azucareros<\/b>\u00a0<b>tienen en materia reproducci\u00f3n azucarera.<\/b><\/li>\n<li><b>Liberaci\u00f3n del r\u00e9gimen jur\u00eddico aplicable al sector vitivin\u00edcola.<\/b><\/li>\n<li><b>Derogaci\u00f3n del sistema nacional del comercio minero y del Banco de Informaci\u00f3n Minera.<\/b><\/li>\n<li><b>Autorizaci\u00f3n para<\/b>\u00a0<b>la cesi\u00f3n del paquete accionario total o parcial de Aerol\u00edneas Argentinas.<\/b><\/li>\n<li><b>Implementaci\u00f3n de la pol\u00edtica de cielos abiertos.<\/b><\/li>\n<li><b>Modificaci\u00f3n del C\u00f3digo Civil y Comercial.<\/b><\/li>\n<li><b>Modificaci\u00f3n del C\u00f3digo Civil y Comercial para garantizar para permitir contratos en\u00a0moneda extranjera.<\/b><\/li>\n<li><b>Modificaci\u00f3n al marco regulatorio de la medicina prepaga y las obras sociales.<\/b><\/li>\n<li><b>Eliminaci\u00f3n de las restricciones de precios a la industria prepaga.<\/b><\/li>\n<li><b>Incorporaci\u00f3n de las empresas de medicina prepaga al r\u00e9gimen de obras sociales.<\/b><\/li>\n<li><b>Establecimiento de la receta electr\u00f3nica.<\/b><\/li>\n<li><b>Modificaciones al r\u00e9gimen de empresas farmac\u00e9uticas para fomentar la competencia y reducir costos.<\/b><\/li>\n<li><b>Modificaci\u00f3n de la Ley de Sociedades para que los clubes de f\u00fatbol puedan convertirse en sociedades an\u00f3nimas<\/b>.<\/li>\n<li><b>Desregulaci\u00f3n de los servicios de internet satelital.<\/b><\/li>\n<li><b>Desregulaci\u00f3n del sector tur\u00edstico, \u00abeliminando el monopolio de las agencias de turismo\u00bb.<\/b><\/li>\n<li><b>Incorporaci\u00f3n de herramientas digitales para tr\u00e1mites de los registros automotores.<\/b><\/li>\n<\/ol>\n<p><script async src=\"https:\/\/pagead2.googlesyndication.com\/pagead\/js\/adsbygoogle.js?client=ca-pub-6190387823963118\" crossorigin=\"anonymous\"><\/script><br \/>\n<!-- publi horizontal --><br \/>\n<ins class=\"adsbygoogle\" style=\"display: block;\" data-ad-client=\"ca-pub-6190387823963118\" data-ad-slot=\"1318105772\" data-ad-format=\"auto\" data-full-width-responsive=\"true\"><\/ins><br \/>\n<script>\n     (adsbygoogle = window.adsbygoogle || []).push({});\n<\/script><\/p>\n","protected":false},"excerpt":{"rendered":"<p>Tras firmar el Decreto de Necesidad de Urgencia para entre otras cosas, desregular la econom\u00eda<\/p>\n","protected":false},"author":2,"featured_media":1340,"comment_status":"closed","ping_status":"closed","sticky":false,"template":"","format":"video","meta":{"footnotes":""},"categories":[11],"tags":[1218,1220,1221,1219,1222,1094,1203],"class_list":["post-1339","post","type-post","status-publish","format-video","has-post-thumbnail","hentry","category-destacadas","tag-anuncio","tag-decreto-de-necesidad-de-urgencia","tag-desregulacion-de-la-economia","tag-dnu","tag-gabinete-nacional","tag-javier-milei","tag-presidente","post_format-post-format-video"],"yoast_head":"<!-- This site is optimized with the Yoast SEO plugin v27.4 - https:\/\/yoast.com\/product\/yoast-seo-wordpress\/ -->\n<title>El Presidente anunci\u00f3 el DNU para desregular la econom\u00eda. - Fm Gente<\/title>\n<meta name=\"robots\" content=\"index, follow, max-snippet:-1, max-image-preview:large, max-video-preview:-1\" \/>\n<link rel=\"canonical\" href=\"https:\/\/fmgente.com.ar\/web\/el-presidente-anuncio-el-dnu-para-desregular-la-economia\/\" \/>\n<meta property=\"og:locale\" content=\"es_ES\" \/>\n<meta property=\"og:type\" content=\"article\" \/>\n<meta property=\"og:title\" content=\"El Presidente anunci\u00f3 el DNU para desregular la econom\u00eda. - Fm Gente\" \/>\n<meta property=\"og:description\" content=\"Tras firmar el Decreto de Necesidad de Urgencia para entre otras cosas, desregular la econom\u00eda\" \/>\n<meta property=\"og:url\" content=\"https:\/\/fmgente.com.ar\/web\/el-presidente-anuncio-el-dnu-para-desregular-la-economia\/\" \/>\n<meta property=\"og:site_name\" content=\"Fm Gente\" \/>\n<meta property=\"article:published_time\" content=\"2023-12-21T12:50:20+00:00\" \/>\n<meta property=\"og:image\" content=\"https:\/\/fmgente.com.ar\/web\/wp-content\/uploads\/2023\/12\/mileipng.webp\" \/>\n\t<meta property=\"og:image:width\" content=\"1200\" \/>\n\t<meta property=\"og:image:height\" content=\"583\" \/>\n\t<meta property=\"og:image:type\" content=\"image\/webp\" \/>\n<meta name=\"author\" content=\"Adri\u00e1n Hern\u00e1ndez\" \/>\n<meta name=\"twitter:card\" content=\"summary_large_image\" \/>\n<meta name=\"twitter:label1\" content=\"Escrito por\" \/>\n\t<meta name=\"twitter:data1\" content=\"Adri\u00e1n Hern\u00e1ndez\" \/>\n\t<meta name=\"twitter:label2\" content=\"Tiempo de lectura\" \/>\n\t<meta name=\"twitter:data2\" content=\"2 minutos\" \/>\n<script type=\"application\/ld+json\" class=\"yoast-schema-graph\">{\"@context\":\"https:\\\/\\\/schema.org\",\"@graph\":[{\"@type\":\"Article\",\"@id\":\"https:\\\/\\\/fmgente.com.ar\\\/web\\\/el-presidente-anuncio-el-dnu-para-desregular-la-economia\\\/#article\",\"isPartOf\":{\"@id\":\"https:\\\/\\\/fmgente.com.ar\\\/web\\\/el-presidente-anuncio-el-dnu-para-desregular-la-economia\\\/\"},\"author\":{\"name\":\"Adri\u00e1n Hern\u00e1ndez\",\"@id\":\"https:\\\/\\\/fmgente.com.ar\\\/web\\\/#\\\/schema\\\/person\\\/ba03fa75c17effdaafbd6daa1d78c508\"},\"headline\":\"El Presidente anunci\u00f3 el DNU para desregular la econom\u00eda.\",\"datePublished\":\"2023-12-21T12:50:20+00:00\",\"mainEntityOfPage\":{\"@id\":\"https:\\\/\\\/fmgente.com.ar\\\/web\\\/el-presidente-anuncio-el-dnu-para-desregular-la-economia\\\/\"},\"wordCount\":409,\"publisher\":{\"@id\":\"https:\\\/\\\/fmgente.com.ar\\\/web\\\/#organization\"},\"image\":{\"@id\":\"https:\\\/\\\/fmgente.com.ar\\\/web\\\/el-presidente-anuncio-el-dnu-para-desregular-la-economia\\\/#primaryimage\"},\"thumbnailUrl\":\"https:\\\/\\\/fmgente.com.ar\\\/web\\\/wp-content\\\/uploads\\\/2023\\\/12\\\/mileipng.webp\",\"keywords\":[\"anuncio\",\"decreto de necesidad de urgencia\",\"desregulaci\u00f3n de la econom\u00eda\",\"DNU\",\"gabinete nacional\",\"Javier Milei\",\"Presidente\"],\"articleSection\":[\"DESTACADAS\"],\"inLanguage\":\"es\"},{\"@type\":\"WebPage\",\"@id\":\"https:\\\/\\\/fmgente.com.ar\\\/web\\\/el-presidente-anuncio-el-dnu-para-desregular-la-economia\\\/\",\"url\":\"https:\\\/\\\/fmgente.com.ar\\\/web\\\/el-presidente-anuncio-el-dnu-para-desregular-la-economia\\\/\",\"name\":\"El Presidente anunci\u00f3 el DNU para desregular la econom\u00eda. - Fm Gente\",\"isPartOf\":{\"@id\":\"https:\\\/\\\/fmgente.com.ar\\\/web\\\/#website\"},\"primaryImageOfPage\":{\"@id\":\"https:\\\/\\\/fmgente.com.ar\\\/web\\\/el-presidente-anuncio-el-dnu-para-desregular-la-economia\\\/#primaryimage\"},\"image\":{\"@id\":\"https:\\\/\\\/fmgente.com.ar\\\/web\\\/el-presidente-anuncio-el-dnu-para-desregular-la-economia\\\/#primaryimage\"},\"thumbnailUrl\":\"https:\\\/\\\/fmgente.com.ar\\\/web\\\/wp-content\\\/uploads\\\/2023\\\/12\\\/mileipng.webp\",\"datePublished\":\"2023-12-21T12:50:20+00:00\",\"inLanguage\":\"es\",\"potentialAction\":[{\"@type\":\"ReadAction\",\"target\":[\"https:\\\/\\\/fmgente.com.ar\\\/web\\\/el-presidente-anuncio-el-dnu-para-desregular-la-economia\\\/\"]}]},{\"@type\":\"ImageObject\",\"inLanguage\":\"es\",\"@id\":\"https:\\\/\\\/fmgente.com.ar\\\/web\\\/el-presidente-anuncio-el-dnu-para-desregular-la-economia\\\/#primaryimage\",\"url\":\"https:\\\/\\\/fmgente.com.ar\\\/web\\\/wp-content\\\/uploads\\\/2023\\\/12\\\/mileipng.webp\",\"contentUrl\":\"https:\\\/\\\/fmgente.com.ar\\\/web\\\/wp-content\\\/uploads\\\/2023\\\/12\\\/mileipng.webp\",\"width\":1200,\"height\":583},{\"@type\":\"WebSite\",\"@id\":\"https:\\\/\\\/fmgente.com.ar\\\/web\\\/#website\",\"url\":\"https:\\\/\\\/fmgente.com.ar\\\/web\\\/\",\"name\":\"Fm Gente\",\"description\":\"- Jes\u00fas Mar\u00eda\",\"publisher\":{\"@id\":\"https:\\\/\\\/fmgente.com.ar\\\/web\\\/#organization\"},\"potentialAction\":[{\"@type\":\"SearchAction\",\"target\":{\"@type\":\"EntryPoint\",\"urlTemplate\":\"https:\\\/\\\/fmgente.com.ar\\\/web\\\/?s={search_term_string}\"},\"query-input\":{\"@type\":\"PropertyValueSpecification\",\"valueRequired\":true,\"valueName\":\"search_term_string\"}}],\"inLanguage\":\"es\"},{\"@type\":\"Organization\",\"@id\":\"https:\\\/\\\/fmgente.com.ar\\\/web\\\/#organization\",\"name\":\"Fm Gente\",\"url\":\"https:\\\/\\\/fmgente.com.ar\\\/web\\\/\",\"logo\":{\"@type\":\"ImageObject\",\"inLanguage\":\"es\",\"@id\":\"https:\\\/\\\/fmgente.com.ar\\\/web\\\/#\\\/schema\\\/logo\\\/image\\\/\",\"url\":\"https:\\\/\\\/fmgente.com.ar\\\/web\\\/wp-content\\\/uploads\\\/2023\\\/07\\\/cropped-cropped-logo-sombra2.png\",\"contentUrl\":\"https:\\\/\\\/fmgente.com.ar\\\/web\\\/wp-content\\\/uploads\\\/2023\\\/07\\\/cropped-cropped-logo-sombra2.png\",\"width\":1782,\"height\":1782,\"caption\":\"Fm Gente\"},\"image\":{\"@id\":\"https:\\\/\\\/fmgente.com.ar\\\/web\\\/#\\\/schema\\\/logo\\\/image\\\/\"}},{\"@type\":\"Person\",\"@id\":\"https:\\\/\\\/fmgente.com.ar\\\/web\\\/#\\\/schema\\\/person\\\/ba03fa75c17effdaafbd6daa1d78c508\",\"name\":\"Adri\u00e1n Hern\u00e1ndez\",\"url\":\"https:\\\/\\\/fmgente.com.ar\\\/web\\\/author\\\/c1601891\\\/\"}]}<\/script>\n<!-- \/ Yoast SEO plugin. -->","yoast_head_json":{"title":"El Presidente anunci\u00f3 el DNU para desregular la econom\u00eda. - Fm Gente","robots":{"index":"index","follow":"follow","max-snippet":"max-snippet:-1","max-image-preview":"max-image-preview:large","max-video-preview":"max-video-preview:-1"},"canonical":"https:\/\/fmgente.com.ar\/web\/el-presidente-anuncio-el-dnu-para-desregular-la-economia\/","og_locale":"es_ES","og_type":"article","og_title":"El Presidente anunci\u00f3 el DNU para desregular la econom\u00eda. - Fm Gente","og_description":"Tras firmar el Decreto de Necesidad de Urgencia para entre otras cosas, desregular la econom\u00eda","og_url":"https:\/\/fmgente.com.ar\/web\/el-presidente-anuncio-el-dnu-para-desregular-la-economia\/","og_site_name":"Fm Gente","article_published_time":"2023-12-21T12:50:20+00:00","og_image":[{"width":1200,"height":583,"url":"https:\/\/fmgente.com.ar\/web\/wp-content\/uploads\/2023\/12\/mileipng.webp","type":"image\/webp"}],"author":"Adri\u00e1n Hern\u00e1ndez","twitter_card":"summary_large_image","twitter_misc":{"Escrito por":"Adri\u00e1n Hern\u00e1ndez","Tiempo de lectura":"2 minutos"},"schema":{"@context":"https:\/\/schema.org","@graph":[{"@type":"Article","@id":"https:\/\/fmgente.com.ar\/web\/el-presidente-anuncio-el-dnu-para-desregular-la-economia\/#article","isPartOf":{"@id":"https:\/\/fmgente.com.ar\/web\/el-presidente-anuncio-el-dnu-para-desregular-la-economia\/"},"author":{"name":"Adri\u00e1n Hern\u00e1ndez","@id":"https:\/\/fmgente.com.ar\/web\/#\/schema\/person\/ba03fa75c17effdaafbd6daa1d78c508"},"headline":"El Presidente anunci\u00f3 el DNU para desregular la econom\u00eda.","datePublished":"2023-12-21T12:50:20+00:00","mainEntityOfPage":{"@id":"https:\/\/fmgente.com.ar\/web\/el-presidente-anuncio-el-dnu-para-desregular-la-economia\/"},"wordCount":409,"publisher":{"@id":"https:\/\/fmgente.com.ar\/web\/#organization"},"image":{"@id":"https:\/\/fmgente.com.ar\/web\/el-presidente-anuncio-el-dnu-para-desregular-la-economia\/#primaryimage"},"thumbnailUrl":"https:\/\/fmgente.com.ar\/web\/wp-content\/uploads\/2023\/12\/mileipng.webp","keywords":["anuncio","decreto de necesidad de urgencia","desregulaci\u00f3n de la econom\u00eda","DNU","gabinete nacional","Javier Milei","Presidente"],"articleSection":["DESTACADAS"],"inLanguage":"es"},{"@type":"WebPage","@id":"https:\/\/fmgente.com.ar\/web\/el-presidente-anuncio-el-dnu-para-desregular-la-economia\/","url":"https:\/\/fmgente.com.ar\/web\/el-presidente-anuncio-el-dnu-para-desregular-la-economia\/","name":"El Presidente anunci\u00f3 el DNU para desregular la econom\u00eda. - Fm Gente","isPartOf":{"@id":"https:\/\/fmgente.com.ar\/web\/#website"},"primaryImageOfPage":{"@id":"https:\/\/fmgente.com.ar\/web\/el-presidente-anuncio-el-dnu-para-desregular-la-economia\/#primaryimage"},"image":{"@id":"https:\/\/fmgente.com.ar\/web\/el-presidente-anuncio-el-dnu-para-desregular-la-economia\/#primaryimage"},"thumbnailUrl":"https:\/\/fmgente.com.ar\/web\/wp-content\/uploads\/2023\/12\/mileipng.webp","datePublished":"2023-12-21T12:50:20+00:00","inLanguage":"es","potentialAction":[{"@type":"ReadAction","target":["https:\/\/fmgente.com.ar\/web\/el-presidente-anuncio-el-dnu-para-desregular-la-economia\/"]}]},{"@type":"ImageObject","inLanguage":"es","@id":"https:\/\/fmgente.com.ar\/web\/el-presidente-anuncio-el-dnu-para-desregular-la-economia\/#primaryimage","url":"https:\/\/fmgente.com.ar\/web\/wp-content\/uploads\/2023\/12\/mileipng.webp","contentUrl":"https:\/\/fmgente.com.ar\/web\/wp-content\/uploads\/2023\/12\/mileipng.webp","width":1200,"height":583},{"@type":"WebSite","@id":"https:\/\/fmgente.com.ar\/web\/#website","url":"https:\/\/fmgente.com.ar\/web\/","name":"Fm Gente","description":"- Jes\u00fas Mar\u00eda","publisher":{"@id":"https:\/\/fmgente.com.ar\/web\/#organization"},"potentialAction":[{"@type":"SearchAction","target":{"@type":"EntryPoint","urlTemplate":"https:\/\/fmgente.com.ar\/web\/?s={search_term_string}"},"query-input":{"@type":"PropertyValueSpecification","valueRequired":true,"valueName":"search_term_string"}}],"inLanguage":"es"},{"@type":"Organization","@id":"https:\/\/fmgente.com.ar\/web\/#organization","name":"Fm Gente","url":"https:\/\/fmgente.com.ar\/web\/","logo":{"@type":"ImageObject","inLanguage":"es","@id":"https:\/\/fmgente.com.ar\/web\/#\/schema\/logo\/image\/","url":"https:\/\/fmgente.com.ar\/web\/wp-content\/uploads\/2023\/07\/cropped-cropped-logo-sombra2.png","contentUrl":"https:\/\/fmgente.com.ar\/web\/wp-content\/uploads\/2023\/07\/cropped-cropped-logo-sombra2.png","width":1782,"height":1782,"caption":"Fm Gente"},"image":{"@id":"https:\/\/fmgente.com.ar\/web\/#\/schema\/logo\/image\/"}},{"@type":"Person","@id":"https:\/\/fmgente.com.ar\/web\/#\/schema\/person\/ba03fa75c17effdaafbd6daa1d78c508","name":"Adri\u00e1n Hern\u00e1ndez","url":"https:\/\/fmgente.com.ar\/web\/author\/c1601891\/"}]}},"_links":{"self":[{"href":"https:\/\/fmgente.com.ar\/web\/wp-json\/wp\/v2\/posts\/1339","targetHints":{"allow":["GET"]}}],"collection":[{"href":"https:\/\/fmgente.com.ar\/web\/wp-json\/wp\/v2\/posts"}],"about":[{"href":"https:\/\/fmgente.com.ar\/web\/wp-json\/wp\/v2\/types\/post"}],"author":[{"embeddable":true,"href":"https:\/\/fmgente.com.ar\/web\/wp-json\/wp\/v2\/users\/2"}],"replies":[{"embeddable":true,"href":"https:\/\/fmgente.com.ar\/web\/wp-json\/wp\/v2\/comments?post=1339"}],"version-history":[{"count":1,"href":"https:\/\/fmgente.com.ar\/web\/wp-json\/wp\/v2\/posts\/1339\/revisions"}],"predecessor-version":[{"id":1341,"href":"https:\/\/fmgente.com.ar\/web\/wp-json\/wp\/v2\/posts\/1339\/revisions\/1341"}],"wp:featuredmedia":[{"embeddable":true,"href":"https:\/\/fmgente.com.ar\/web\/wp-json\/wp\/v2\/media\/1340"}],"wp:attachment":[{"href":"https:\/\/fmgente.com.ar\/web\/wp-json\/wp\/v2\/media?parent=1339"}],"wp:term":[{"taxonomy":"category","embeddable":true,"href":"https:\/\/fmgente.com.ar\/web\/wp-json\/wp\/v2\/categories?post=1339"},{"taxonomy":"post_tag","embeddable":true,"href":"https:\/\/fmgente.com.ar\/web\/wp-json\/wp\/v2\/tags?post=1339"}],"curies":[{"name":"wp","href":"https:\/\/api.w.org\/{rel}","templated":true}]}}