{"id":13146,"date":"2026-02-26T18:17:23","date_gmt":"2026-02-26T21:17:23","guid":{"rendered":"https:\/\/fmgente.com.ar\/web\/la-corte-suprema-dejo-firme-la-condena-a-un-abogado-de-azul-por-abuso-sexual\/"},"modified":"2026-02-26T18:17:23","modified_gmt":"2026-02-26T21:17:23","slug":"la-corte-suprema-dejo-firme-la-condena-a-un-abogado-de-azul-por-abuso-sexual","status":"publish","type":"post","link":"https:\/\/fmgente.com.ar\/web\/la-corte-suprema-dejo-firme-la-condena-a-un-abogado-de-azul-por-abuso-sexual\/","title":{"rendered":"La Corte Suprema dej\u00f3 firme la condena a un abogado de Azul por abuso sexual"},"content":{"rendered":"<p>Buenos Aires, 26 febrero (NA) \u2013 La Corte Suprema de Justicia de la Naci\u00f3n dej\u00f3 firme la condena contra el abogado Claudio Casta\u00f1o por abuso sexual con acceso carnal a un joven que padece esquizofrenia, al rechazar una presentaci\u00f3n de la defensa que buscaba revertir la sentencia.<\/p>\n<p>Los hechos ocurrieron en 2016, cuando la v\u00edctima relat\u00f3 que fue llevada enga\u00f1ada a la casa del letrado y all\u00ed fue forzada sexualmente. Seg\u00fan su testimonio, no pudo defenderse ante las amenazas del abogado y por el temor que le generaba saber que en la vivienda hab\u00eda armas.<\/p>\n<p>Casta\u00f1o, conocido en la localidad bonaerense de Azul, neg\u00f3 las acusaciones y afirm\u00f3 que las relaciones existieron pero fueron consentidas.<\/p>\n<p>En 2022, el Tribunal Oral en lo Criminal N.\u00ba 1 de Azul lo conden\u00f3 a 10 a\u00f1os y diez meses de prisi\u00f3n. Esa pena fue confirmada en 2023 por el Tribunal de Casaci\u00f3n bonaerense. En septiembre de 2024, la Suprema Corte de Justicia de la Provincia de Buenos Aires rechaz\u00f3 la queja interpuesta por la defensa.<\/p>\n<p>Seg\u00fan la resoluci\u00f3n a la que accedi\u00f3 la Agencia Noticias Argentinas, la decisi\u00f3n de la Corte Suprema de la Naci\u00f3n dej\u00f3 firme la condena tambi\u00e9n por incumplimiento de la acordada que regula las presentaciones ante ese tribunal, por lo que ya no quedan v\u00edas extraordinarias procesales disponibles para la defensa.<\/p>\n","protected":false},"excerpt":{"rendered":"<p>Buenos Aires, 26 febrero (NA) \u2013 La Corte Suprema de Justicia de la Naci\u00f3n dej\u00f3<\/p>\n","protected":false},"author":0,"featured_media":13147,"comment_status":"","ping_status":"","sticky":false,"template":"","format":"standard","meta":{"footnotes":""},"categories":[11],"tags":[],"class_list":["post-13146","post","type-post","status-publish","format-standard","has-post-thumbnail","hentry","category-destacadas"],"yoast_head":"<!-- This site is optimized with the Yoast SEO plugin v27.4 - https:\/\/yoast.com\/product\/yoast-seo-wordpress\/ -->\n<title>La Corte Suprema dej\u00f3 firme la condena a un abogado de Azul por abuso sexual - Fm Gente<\/title>\n<meta name=\"robots\" content=\"index, follow, max-snippet:-1, max-image-preview:large, max-video-preview:-1\" \/>\n<link rel=\"canonical\" href=\"https:\/\/fmgente.com.ar\/web\/la-corte-suprema-dejo-firme-la-condena-a-un-abogado-de-azul-por-abuso-sexual\/\" \/>\n<meta property=\"og:locale\" content=\"es_ES\" \/>\n<meta property=\"og:type\" content=\"article\" \/>\n<meta property=\"og:title\" content=\"La Corte Suprema dej\u00f3 firme la condena a un abogado de Azul por abuso sexual - Fm Gente\" \/>\n<meta property=\"og:description\" content=\"Buenos Aires, 26 febrero (NA) \u2013 La Corte Suprema de Justicia de la Naci\u00f3n dej\u00f3\" \/>\n<meta property=\"og:url\" content=\"https:\/\/fmgente.com.ar\/web\/la-corte-suprema-dejo-firme-la-condena-a-un-abogado-de-azul-por-abuso-sexual\/\" \/>\n<meta property=\"og:site_name\" content=\"Fm Gente\" \/>\n<meta property=\"article:published_time\" content=\"2026-02-26T21:17:23+00:00\" \/>\n<meta name=\"twitter:card\" content=\"summary_large_image\" \/>\n<meta name=\"twitter:label1\" content=\"Tiempo de lectura\" \/>\n\t<meta name=\"twitter:data1\" content=\"1 minuto\" \/>\n<script type=\"application\/ld+json\" class=\"yoast-schema-graph\">{\"@context\":\"https:\\\/\\\/schema.org\",\"@graph\":[{\"@type\":\"Article\",\"@id\":\"https:\\\/\\\/fmgente.com.ar\\\/web\\\/la-corte-suprema-dejo-firme-la-condena-a-un-abogado-de-azul-por-abuso-sexual\\\/#article\",\"isPartOf\":{\"@id\":\"https:\\\/\\\/fmgente.com.ar\\\/web\\\/la-corte-suprema-dejo-firme-la-condena-a-un-abogado-de-azul-por-abuso-sexual\\\/\"},\"author\":{\"name\":\"\",\"@id\":\"\"},\"headline\":\"La Corte Suprema dej\u00f3 firme la condena a un abogado de Azul por abuso sexual\",\"datePublished\":\"2026-02-26T21:17:23+00:00\",\"mainEntityOfPage\":{\"@id\":\"https:\\\/\\\/fmgente.com.ar\\\/web\\\/la-corte-suprema-dejo-firme-la-condena-a-un-abogado-de-azul-por-abuso-sexual\\\/\"},\"wordCount\":245,\"publisher\":{\"@id\":\"https:\\\/\\\/fmgente.com.ar\\\/web\\\/#organization\"},\"image\":{\"@id\":\"https:\\\/\\\/fmgente.com.ar\\\/web\\\/la-corte-suprema-dejo-firme-la-condena-a-un-abogado-de-azul-por-abuso-sexual\\\/#primaryimage\"},\"thumbnailUrl\":\"https:\\\/\\\/fmgente.com.ar\\\/web\\\/wp-content\\\/uploads\\\/2026\\\/02\\\/720-117.jpeg\",\"articleSection\":[\"DESTACADAS\"],\"inLanguage\":\"es\"},{\"@type\":\"WebPage\",\"@id\":\"https:\\\/\\\/fmgente.com.ar\\\/web\\\/la-corte-suprema-dejo-firme-la-condena-a-un-abogado-de-azul-por-abuso-sexual\\\/\",\"url\":\"https:\\\/\\\/fmgente.com.ar\\\/web\\\/la-corte-suprema-dejo-firme-la-condena-a-un-abogado-de-azul-por-abuso-sexual\\\/\",\"name\":\"La Corte Suprema dej\u00f3 firme la condena a un abogado de Azul por abuso sexual - Fm Gente\",\"isPartOf\":{\"@id\":\"https:\\\/\\\/fmgente.com.ar\\\/web\\\/#website\"},\"primaryImageOfPage\":{\"@id\":\"https:\\\/\\\/fmgente.com.ar\\\/web\\\/la-corte-suprema-dejo-firme-la-condena-a-un-abogado-de-azul-por-abuso-sexual\\\/#primaryimage\"},\"image\":{\"@id\":\"https:\\\/\\\/fmgente.com.ar\\\/web\\\/la-corte-suprema-dejo-firme-la-condena-a-un-abogado-de-azul-por-abuso-sexual\\\/#primaryimage\"},\"thumbnailUrl\":\"https:\\\/\\\/fmgente.com.ar\\\/web\\\/wp-content\\\/uploads\\\/2026\\\/02\\\/720-117.jpeg\",\"datePublished\":\"2026-02-26T21:17:23+00:00\",\"inLanguage\":\"es\",\"potentialAction\":[{\"@type\":\"ReadAction\",\"target\":[\"https:\\\/\\\/fmgente.com.ar\\\/web\\\/la-corte-suprema-dejo-firme-la-condena-a-un-abogado-de-azul-por-abuso-sexual\\\/\"]}]},{\"@type\":\"ImageObject\",\"inLanguage\":\"es\",\"@id\":\"https:\\\/\\\/fmgente.com.ar\\\/web\\\/la-corte-suprema-dejo-firme-la-condena-a-un-abogado-de-azul-por-abuso-sexual\\\/#primaryimage\",\"url\":\"https:\\\/\\\/fmgente.com.ar\\\/web\\\/wp-content\\\/uploads\\\/2026\\\/02\\\/720-117.jpeg\",\"contentUrl\":\"https:\\\/\\\/fmgente.com.ar\\\/web\\\/wp-content\\\/uploads\\\/2026\\\/02\\\/720-117.jpeg\",\"width\":1280,\"height\":720},{\"@type\":\"WebSite\",\"@id\":\"https:\\\/\\\/fmgente.com.ar\\\/web\\\/#website\",\"url\":\"https:\\\/\\\/fmgente.com.ar\\\/web\\\/\",\"name\":\"Fm Gente\",\"description\":\"- Jes\u00fas Mar\u00eda\",\"publisher\":{\"@id\":\"https:\\\/\\\/fmgente.com.ar\\\/web\\\/#organization\"},\"potentialAction\":[{\"@type\":\"SearchAction\",\"target\":{\"@type\":\"EntryPoint\",\"urlTemplate\":\"https:\\\/\\\/fmgente.com.ar\\\/web\\\/?s={search_term_string}\"},\"query-input\":{\"@type\":\"PropertyValueSpecification\",\"valueRequired\":true,\"valueName\":\"search_term_string\"}}],\"inLanguage\":\"es\"},{\"@type\":\"Organization\",\"@id\":\"https:\\\/\\\/fmgente.com.ar\\\/web\\\/#organization\",\"name\":\"Fm Gente\",\"url\":\"https:\\\/\\\/fmgente.com.ar\\\/web\\\/\",\"logo\":{\"@type\":\"ImageObject\",\"inLanguage\":\"es\",\"@id\":\"https:\\\/\\\/fmgente.com.ar\\\/web\\\/#\\\/schema\\\/logo\\\/image\\\/\",\"url\":\"https:\\\/\\\/fmgente.com.ar\\\/web\\\/wp-content\\\/uploads\\\/2023\\\/07\\\/cropped-cropped-logo-sombra2.png\",\"contentUrl\":\"https:\\\/\\\/fmgente.com.ar\\\/web\\\/wp-content\\\/uploads\\\/2023\\\/07\\\/cropped-cropped-logo-sombra2.png\",\"width\":1782,\"height\":1782,\"caption\":\"Fm Gente\"},\"image\":{\"@id\":\"https:\\\/\\\/fmgente.com.ar\\\/web\\\/#\\\/schema\\\/logo\\\/image\\\/\"}}]}<\/script>\n<!-- \/ Yoast SEO plugin. -->","yoast_head_json":{"title":"La Corte Suprema dej\u00f3 firme la condena a un abogado de Azul por abuso sexual - Fm Gente","robots":{"index":"index","follow":"follow","max-snippet":"max-snippet:-1","max-image-preview":"max-image-preview:large","max-video-preview":"max-video-preview:-1"},"canonical":"https:\/\/fmgente.com.ar\/web\/la-corte-suprema-dejo-firme-la-condena-a-un-abogado-de-azul-por-abuso-sexual\/","og_locale":"es_ES","og_type":"article","og_title":"La Corte Suprema dej\u00f3 firme la condena a un abogado de Azul por abuso sexual - Fm Gente","og_description":"Buenos Aires, 26 febrero (NA) \u2013 La Corte Suprema de Justicia de la Naci\u00f3n dej\u00f3","og_url":"https:\/\/fmgente.com.ar\/web\/la-corte-suprema-dejo-firme-la-condena-a-un-abogado-de-azul-por-abuso-sexual\/","og_site_name":"Fm Gente","article_published_time":"2026-02-26T21:17:23+00:00","twitter_card":"summary_large_image","twitter_misc":{"Tiempo de lectura":"1 minuto"},"schema":{"@context":"https:\/\/schema.org","@graph":[{"@type":"Article","@id":"https:\/\/fmgente.com.ar\/web\/la-corte-suprema-dejo-firme-la-condena-a-un-abogado-de-azul-por-abuso-sexual\/#article","isPartOf":{"@id":"https:\/\/fmgente.com.ar\/web\/la-corte-suprema-dejo-firme-la-condena-a-un-abogado-de-azul-por-abuso-sexual\/"},"author":{"name":"","@id":""},"headline":"La Corte Suprema dej\u00f3 firme la condena a un abogado de Azul por abuso sexual","datePublished":"2026-02-26T21:17:23+00:00","mainEntityOfPage":{"@id":"https:\/\/fmgente.com.ar\/web\/la-corte-suprema-dejo-firme-la-condena-a-un-abogado-de-azul-por-abuso-sexual\/"},"wordCount":245,"publisher":{"@id":"https:\/\/fmgente.com.ar\/web\/#organization"},"image":{"@id":"https:\/\/fmgente.com.ar\/web\/la-corte-suprema-dejo-firme-la-condena-a-un-abogado-de-azul-por-abuso-sexual\/#primaryimage"},"thumbnailUrl":"https:\/\/fmgente.com.ar\/web\/wp-content\/uploads\/2026\/02\/720-117.jpeg","articleSection":["DESTACADAS"],"inLanguage":"es"},{"@type":"WebPage","@id":"https:\/\/fmgente.com.ar\/web\/la-corte-suprema-dejo-firme-la-condena-a-un-abogado-de-azul-por-abuso-sexual\/","url":"https:\/\/fmgente.com.ar\/web\/la-corte-suprema-dejo-firme-la-condena-a-un-abogado-de-azul-por-abuso-sexual\/","name":"La Corte Suprema dej\u00f3 firme la condena a un abogado de Azul por abuso sexual - Fm Gente","isPartOf":{"@id":"https:\/\/fmgente.com.ar\/web\/#website"},"primaryImageOfPage":{"@id":"https:\/\/fmgente.com.ar\/web\/la-corte-suprema-dejo-firme-la-condena-a-un-abogado-de-azul-por-abuso-sexual\/#primaryimage"},"image":{"@id":"https:\/\/fmgente.com.ar\/web\/la-corte-suprema-dejo-firme-la-condena-a-un-abogado-de-azul-por-abuso-sexual\/#primaryimage"},"thumbnailUrl":"https:\/\/fmgente.com.ar\/web\/wp-content\/uploads\/2026\/02\/720-117.jpeg","datePublished":"2026-02-26T21:17:23+00:00","inLanguage":"es","potentialAction":[{"@type":"ReadAction","target":["https:\/\/fmgente.com.ar\/web\/la-corte-suprema-dejo-firme-la-condena-a-un-abogado-de-azul-por-abuso-sexual\/"]}]},{"@type":"ImageObject","inLanguage":"es","@id":"https:\/\/fmgente.com.ar\/web\/la-corte-suprema-dejo-firme-la-condena-a-un-abogado-de-azul-por-abuso-sexual\/#primaryimage","url":"https:\/\/fmgente.com.ar\/web\/wp-content\/uploads\/2026\/02\/720-117.jpeg","contentUrl":"https:\/\/fmgente.com.ar\/web\/wp-content\/uploads\/2026\/02\/720-117.jpeg","width":1280,"height":720},{"@type":"WebSite","@id":"https:\/\/fmgente.com.ar\/web\/#website","url":"https:\/\/fmgente.com.ar\/web\/","name":"Fm Gente","description":"- Jes\u00fas Mar\u00eda","publisher":{"@id":"https:\/\/fmgente.com.ar\/web\/#organization"},"potentialAction":[{"@type":"SearchAction","target":{"@type":"EntryPoint","urlTemplate":"https:\/\/fmgente.com.ar\/web\/?s={search_term_string}"},"query-input":{"@type":"PropertyValueSpecification","valueRequired":true,"valueName":"search_term_string"}}],"inLanguage":"es"},{"@type":"Organization","@id":"https:\/\/fmgente.com.ar\/web\/#organization","name":"Fm Gente","url":"https:\/\/fmgente.com.ar\/web\/","logo":{"@type":"ImageObject","inLanguage":"es","@id":"https:\/\/fmgente.com.ar\/web\/#\/schema\/logo\/image\/","url":"https:\/\/fmgente.com.ar\/web\/wp-content\/uploads\/2023\/07\/cropped-cropped-logo-sombra2.png","contentUrl":"https:\/\/fmgente.com.ar\/web\/wp-content\/uploads\/2023\/07\/cropped-cropped-logo-sombra2.png","width":1782,"height":1782,"caption":"Fm Gente"},"image":{"@id":"https:\/\/fmgente.com.ar\/web\/#\/schema\/logo\/image\/"}}]}},"_links":{"self":[{"href":"https:\/\/fmgente.com.ar\/web\/wp-json\/wp\/v2\/posts\/13146","targetHints":{"allow":["GET"]}}],"collection":[{"href":"https:\/\/fmgente.com.ar\/web\/wp-json\/wp\/v2\/posts"}],"about":[{"href":"https:\/\/fmgente.com.ar\/web\/wp-json\/wp\/v2\/types\/post"}],"replies":[{"embeddable":true,"href":"https:\/\/fmgente.com.ar\/web\/wp-json\/wp\/v2\/comments?post=13146"}],"version-history":[{"count":0,"href":"https:\/\/fmgente.com.ar\/web\/wp-json\/wp\/v2\/posts\/13146\/revisions"}],"wp:featuredmedia":[{"embeddable":true,"href":"https:\/\/fmgente.com.ar\/web\/wp-json\/wp\/v2\/media\/13147"}],"wp:attachment":[{"href":"https:\/\/fmgente.com.ar\/web\/wp-json\/wp\/v2\/media?parent=13146"}],"wp:term":[{"taxonomy":"category","embeddable":true,"href":"https:\/\/fmgente.com.ar\/web\/wp-json\/wp\/v2\/categories?post=13146"},{"taxonomy":"post_tag","embeddable":true,"href":"https:\/\/fmgente.com.ar\/web\/wp-json\/wp\/v2\/tags?post=13146"}],"curies":[{"name":"wp","href":"https:\/\/api.w.org\/{rel}","templated":true}]}}