{"id":13145,"date":"2026-02-26T17:15:48","date_gmt":"2026-02-26T20:15:48","guid":{"rendered":"https:\/\/fmgente.com.ar\/web\/escala-el-conflicto-en-bioceres-disputa-accionaria-frente-judicial-abierto-y-tension-por-el-control\/"},"modified":"2026-02-26T17:15:48","modified_gmt":"2026-02-26T20:15:48","slug":"escala-el-conflicto-en-bioceres-disputa-accionaria-frente-judicial-abierto-y-tension-por-el-control","status":"publish","type":"post","link":"https:\/\/fmgente.com.ar\/web\/escala-el-conflicto-en-bioceres-disputa-accionaria-frente-judicial-abierto-y-tension-por-el-control\/","title":{"rendered":"Escala el conflicto en Bioceres: disputa accionaria, frente judicial abierto y tensi\u00f3n por el control"},"content":{"rendered":"<p><a href=\"https:\/\/www.cronista.com\/tema\/bioceres\/\" target=\"_blank\" rel=\"\" title=\"https:\/\/www.cronista.com\/tema\/bioceres\/\">Bioceres<\/a> suma un nuevo cap\u00edtulo. A la reconfiguraci\u00f3n accionaria tras la entrada de <b>Moolec Science <\/b>como controlante, se suman tensiones financieras y un <b>enfrentamiento abierto por el control estrat\u00e9gico del grupo<\/b>, que ya escal\u00f3 al plano judicial y expone una fractura interna impensada para una de las compa\u00f1\u00edas m\u00e1s emblem\u00e1ticas del agro argentino.<\/p>\n<p>En medio de esta trama se encuentran <b>Juan Sartori<\/b>, principal accionista de Moolec y fundador de Union Group -una de las compa\u00f1\u00edas que se integr\u00f3 al conglomerado de esta \u00faltima-; y <b>Federico Trucco<\/b>, CEO de Bioceres y uno de sus fundadores. <\/p>\n<p>Es que fuentes cercanas a Bioceres S.A. denuncian <b>\u201cuna jugada extorsiva\u201d<\/b> por parte de Sartori, quien<b> buscar\u00eda hacerse con otros activos<\/b>: puntualmente, quedarse con <b>Bioceres Crop Solutions (BIOX)<\/b>, la firma argentina que naci\u00f3 como una escisi\u00f3n de su compa\u00f1\u00eda fundadora, Bioceres S.A., y que hoy cotiza en la Bolsa de Nueva York. <\/p>\n<p>La cronolog\u00eda comenz\u00f3 el 15 de diciembre, cuando en una asamblea accionaria Moolec impuls\u00f3 una <b>\u201cacci\u00f3n social de responsabilidad\u201d<\/b> contra Trucco y Manuel Alberto Sobrado, exdirector de la sociedad. Se trata de un mecanismo legal que habilita a la empresa a demandar a sus propios directores si considera que sus decisiones le provocaron un perjuicio econ\u00f3mico, pudiendo incluso reclamar con su patrimonio personal.<\/p>\n<p>Al d\u00eda siguiente, <b>Moolec avanz\u00f3 adem\u00e1s con la solicitud de quiebra de Bioceres S.A.<\/b>, que acumula un pasivo que supera los<b> u$s 39 millones<\/b>. Para el entorno de Trucco,<b> estas medidas tendr\u00edan como objetivo debilitar la estructura financiera del grupo<\/b> y generar presi\u00f3n sobre activos vinculados, entre ellos BIOX y Rizobacter, con vistas a una eventual toma de control en condiciones m\u00e1s favorables.<\/p>\n<p><img loading=\"lazy\" decoding=\"async\" src=\"https:\/\/www.cronista.com\/resizer\/v2\/LHMUUV4C5JG3DBLMIP7CWUGTVM.png?auth=be3984b0644dda5c347a4a64b41613224b566884eae4cb1458bbb399ea4ba8ac&amp;smart=true&amp;width=630&amp;height=437\" alt=\"Federico Trucco, CEO de Bioceres\" height=\"437\" width=\"630\" \/><\/p>\n<p>\u201cLos fundadores de Bioceres no participan de esta decisi\u00f3n ni la convalidan. Las medidas adoptadas apuntan directamente contra quienes impulsaron un proceso serio de reestructuraci\u00f3n financiera para preservar la continuidad operativa\u201d, se\u00f1alaron las fuentes.<\/p>\n<p>Frente a este escenario, Trucco recurri\u00f3 a la Justicia y obtuvo una medida cautelar que suspendi\u00f3 las resoluciones adoptadas en la asamblea. Ahora, <b>ejecutivos y fundadores de Bioceres S.A. eval\u00faan avanzar con acciones penales en su contra<\/b>.<\/p>\n<h2>Reestructuraci\u00f3n societaria<\/h2>\n<p>A mediados del a\u00f1o pasado, el holding Bioceres Group Limited notific\u00f3 un cambio sustancial en su estructura societaria: <u>Moolec Science SA pasaba a convertirse en la nueva controlante del grupo<\/u>.<\/p>\n<p>Mediante esta operaci\u00f3n, accionistas relevantes, entre ellos <u>Bioceres Group Limited, Nordelis Ventures Corp, Nutrecon LLC y Union Group Ventures Ltd, transfirieron sus participaciones a Moolec<\/u>. A cambio, recibieron una combinaci\u00f3n de acciones de la compa\u00f1\u00eda con sede en las<b> Islas Caim\u00e1n<\/b>.<\/p>\n<p><img loading=\"lazy\" decoding=\"async\" src=\"https:\/\/www.cronista.com\/resizer\/v2\/K644VM27FVBXXBAQ2GGREBKC4U.jpg?auth=e091642ca1755071e00df8a46c51a7e2d8726487ada0fe87c5e54fa3b4f305ec&amp;smart=true&amp;width=400&amp;height=400\" alt=\"Juan Sartori\" height=\"400\" width=\"400\" \/><\/p>\n<p>De esta manera, la estructura de control qued\u00f3 reorganizada bajo Moolec, que pas\u00f3 a ocupar el rol de empresa madre, mientras que los antiguos accionistas del holding se transformaron en accionistas de la nueva controlante.<\/p>\n<p>Como parte de este movimiento, <b>Bioceres S.A. comenz\u00f3 a funcionar como una sociedad residual y qued\u00f3 al margen de la estructura de BIOX<\/b>. Mientras esta \u00faltima cotizaba en bolsa, la primera ca\u00eda en default por no poder cumplir en los plazos previstos con el pago de pagar\u00e9s burs\u00e1tiles por m\u00e1s de<b> u$s 5 millones<\/b>.<\/p>\n<p>En enero de este a\u00f1o, se present\u00f3 en convocatoria de acreedores por una deuda de m\u00e1s de <b>u$s 39 millones<\/b>.<\/p>\n<p>BIOX no se queda afuera. A comienzos de este a\u00f1o, <a href=\"https:\/\/www.cronista.com\/negocios\/bioceres-abandona-la-produccion-de-semillas-y-acuerda-con-dos-empresas-argentinas-para-su-comercializacion\/\" target=\"_blank\" rel=\"\" title=\"https:\/\/www.cronista.com\/negocios\/bioceres-abandona-la-produccion-de-semillas-y-acuerda-con-dos-empresas-argentinas-para-su-comercializacion\/\">la firma se desprendi\u00f3 de su negocio de semillas y abandon\u00f3 la producci\u00f3n local<\/a> que la dej\u00f3 a manos de dos empresas del agro: <b>Horus Agro<\/b> y <b>Natal Seeds<\/b>.<\/p>\n<p>El 2 de febrero, <b>sus acciones en Wall Street cotizaron por debajo de u$s 1 <\/b>(lleg\u00f3 a valer u$s 6,55 por acci\u00f3n a comienzos de febrero de 2025, una ca\u00edda de casi el 90 por ciento), lo que la convierte en una penny stock -empresas que cotizan por debajo de u$s 1-.<\/p>\n<p>A esto, se le sum\u00f3 que el control de <b>ProFarm Group<\/b>, una de las compa\u00f1\u00edas del grupo, pas\u00f3 a manos de un conglomerado de acreedores tras la ejecuci\u00f3n de garant\u00edas por u$s 55 millones.<\/p>\n<p>La \u00faltima noticia fue por <b>Rizobacter<\/b>. <a href=\"https:\/\/www.cronista.com\/negocios\/otra-empresa-del-campo-busca-reestructurar-su-deuda-financiera\/\" target=\"_blank\" rel=\"\" title=\"https:\/\/www.cronista.com\/negocios\/otra-empresa-del-campo-busca-reestructurar-su-deuda-financiera\/\">La compa\u00f1\u00eda controlada por BIOX busca reestructurar su deuda<\/a>. La empresa inform\u00f3 a la Comisi\u00f3n Nacional de Valores (CNV) que se encuentra \u201cen conversaciones con los tenedores\u201d de sus obligaciones negociables (ON), para extender los plazos de pago, ya vencidos, por un monto de <b>u$s 3,8 millones<\/b>. Adem\u00e1s, en junio de este a\u00f1o, deber\u00e1 afrontar vencimientos por <b>u$s 16,7 millones<\/b>.<\/p>\n<h2>Qui\u00e9n es Juan Sartori<\/h2>\n<p>Uruguayo y exsenador, Sartori se define como empresario y pol\u00edtico. Actualmente es presidente y fundador de <b>Union Group International Holdings<\/b>, una firma privada de inversi\u00f3n y capital privado que tuvo un rol clave en la estructura que permiti\u00f3 la salida a bolsa de BIOX, y es el principal accionista de Moolec Science.<\/p>\n<p>Desde el a\u00f1o pasado, integra el directorio de <b>Adecoagro<\/b>, uno de los principales grupos agroindustriales de la regi\u00f3n y que es controlada por el gigante cripto <b>Tether<\/b>. Tambi\u00e9n es copropietario del club de f\u00fatbol ingl\u00e9s <b>Sunderland A.F.C.<\/b> y cofundador y presidente de <b>Union Acquisition Corp<\/b>.<\/p>\n","protected":false},"excerpt":{"rendered":"<p>Bioceres suma un nuevo cap\u00edtulo. A la reconfiguraci\u00f3n accionaria tras la entrada de Moolec Science<\/p>\n","protected":false},"author":0,"featured_media":0,"comment_status":"","ping_status":"","sticky":false,"template":"","format":"standard","meta":{"footnotes":""},"categories":[11],"tags":[],"class_list":["post-13145","post","type-post","status-publish","format-standard","hentry","category-destacadas"],"yoast_head":"<!-- This site is optimized with the Yoast SEO plugin v27.4 - https:\/\/yoast.com\/product\/yoast-seo-wordpress\/ -->\n<title>Escala el conflicto en Bioceres: disputa accionaria, frente judicial abierto y tensi\u00f3n por el control - Fm Gente<\/title>\n<meta name=\"robots\" content=\"index, follow, max-snippet:-1, max-image-preview:large, max-video-preview:-1\" \/>\n<link rel=\"canonical\" href=\"https:\/\/fmgente.com.ar\/web\/escala-el-conflicto-en-bioceres-disputa-accionaria-frente-judicial-abierto-y-tension-por-el-control\/\" \/>\n<meta property=\"og:locale\" content=\"es_ES\" \/>\n<meta property=\"og:type\" content=\"article\" \/>\n<meta property=\"og:title\" content=\"Escala el conflicto en Bioceres: disputa accionaria, frente judicial abierto y tensi\u00f3n por el control - Fm Gente\" \/>\n<meta property=\"og:description\" content=\"Bioceres suma un nuevo cap\u00edtulo. A la reconfiguraci\u00f3n accionaria tras la entrada de Moolec Science\" \/>\n<meta property=\"og:url\" content=\"https:\/\/fmgente.com.ar\/web\/escala-el-conflicto-en-bioceres-disputa-accionaria-frente-judicial-abierto-y-tension-por-el-control\/\" \/>\n<meta property=\"og:site_name\" content=\"Fm Gente\" \/>\n<meta property=\"article:published_time\" content=\"2026-02-26T20:15:48+00:00\" \/>\n<meta property=\"og:image\" content=\"https:\/\/www.cronista.com\/resizer\/v2\/LHMUUV4C5JG3DBLMIP7CWUGTVM.png?auth=be3984b0644dda5c347a4a64b41613224b566884eae4cb1458bbb399ea4ba8ac&amp;smart=true&amp;width=630&amp;height=437\" \/>\n<meta name=\"twitter:card\" content=\"summary_large_image\" \/>\n<meta name=\"twitter:label1\" content=\"Tiempo de lectura\" \/>\n\t<meta name=\"twitter:data1\" content=\"4 minutos\" \/>\n<script type=\"application\/ld+json\" class=\"yoast-schema-graph\">{\"@context\":\"https:\\\/\\\/schema.org\",\"@graph\":[{\"@type\":\"Article\",\"@id\":\"https:\\\/\\\/fmgente.com.ar\\\/web\\\/escala-el-conflicto-en-bioceres-disputa-accionaria-frente-judicial-abierto-y-tension-por-el-control\\\/#article\",\"isPartOf\":{\"@id\":\"https:\\\/\\\/fmgente.com.ar\\\/web\\\/escala-el-conflicto-en-bioceres-disputa-accionaria-frente-judicial-abierto-y-tension-por-el-control\\\/\"},\"author\":{\"name\":\"\",\"@id\":\"\"},\"headline\":\"Escala el conflicto en Bioceres: disputa accionaria, frente judicial abierto y tensi\u00f3n por el control\",\"datePublished\":\"2026-02-26T20:15:48+00:00\",\"mainEntityOfPage\":{\"@id\":\"https:\\\/\\\/fmgente.com.ar\\\/web\\\/escala-el-conflicto-en-bioceres-disputa-accionaria-frente-judicial-abierto-y-tension-por-el-control\\\/\"},\"wordCount\":890,\"publisher\":{\"@id\":\"https:\\\/\\\/fmgente.com.ar\\\/web\\\/#organization\"},\"image\":{\"@id\":\"https:\\\/\\\/fmgente.com.ar\\\/web\\\/escala-el-conflicto-en-bioceres-disputa-accionaria-frente-judicial-abierto-y-tension-por-el-control\\\/#primaryimage\"},\"thumbnailUrl\":\"https:\\\/\\\/www.cronista.com\\\/resizer\\\/v2\\\/LHMUUV4C5JG3DBLMIP7CWUGTVM.png?auth=be3984b0644dda5c347a4a64b41613224b566884eae4cb1458bbb399ea4ba8ac&amp;smart=true&amp;width=630&amp;height=437\",\"articleSection\":[\"DESTACADAS\"],\"inLanguage\":\"es\"},{\"@type\":\"WebPage\",\"@id\":\"https:\\\/\\\/fmgente.com.ar\\\/web\\\/escala-el-conflicto-en-bioceres-disputa-accionaria-frente-judicial-abierto-y-tension-por-el-control\\\/\",\"url\":\"https:\\\/\\\/fmgente.com.ar\\\/web\\\/escala-el-conflicto-en-bioceres-disputa-accionaria-frente-judicial-abierto-y-tension-por-el-control\\\/\",\"name\":\"Escala el conflicto en Bioceres: disputa accionaria, frente judicial abierto y tensi\u00f3n por el control - Fm Gente\",\"isPartOf\":{\"@id\":\"https:\\\/\\\/fmgente.com.ar\\\/web\\\/#website\"},\"primaryImageOfPage\":{\"@id\":\"https:\\\/\\\/fmgente.com.ar\\\/web\\\/escala-el-conflicto-en-bioceres-disputa-accionaria-frente-judicial-abierto-y-tension-por-el-control\\\/#primaryimage\"},\"image\":{\"@id\":\"https:\\\/\\\/fmgente.com.ar\\\/web\\\/escala-el-conflicto-en-bioceres-disputa-accionaria-frente-judicial-abierto-y-tension-por-el-control\\\/#primaryimage\"},\"thumbnailUrl\":\"https:\\\/\\\/www.cronista.com\\\/resizer\\\/v2\\\/LHMUUV4C5JG3DBLMIP7CWUGTVM.png?auth=be3984b0644dda5c347a4a64b41613224b566884eae4cb1458bbb399ea4ba8ac&amp;smart=true&amp;width=630&amp;height=437\",\"datePublished\":\"2026-02-26T20:15:48+00:00\",\"inLanguage\":\"es\",\"potentialAction\":[{\"@type\":\"ReadAction\",\"target\":[\"https:\\\/\\\/fmgente.com.ar\\\/web\\\/escala-el-conflicto-en-bioceres-disputa-accionaria-frente-judicial-abierto-y-tension-por-el-control\\\/\"]}]},{\"@type\":\"ImageObject\",\"inLanguage\":\"es\",\"@id\":\"https:\\\/\\\/fmgente.com.ar\\\/web\\\/escala-el-conflicto-en-bioceres-disputa-accionaria-frente-judicial-abierto-y-tension-por-el-control\\\/#primaryimage\",\"url\":\"https:\\\/\\\/www.cronista.com\\\/resizer\\\/v2\\\/LHMUUV4C5JG3DBLMIP7CWUGTVM.png?auth=be3984b0644dda5c347a4a64b41613224b566884eae4cb1458bbb399ea4ba8ac&amp;smart=true&amp;width=630&amp;height=437\",\"contentUrl\":\"https:\\\/\\\/www.cronista.com\\\/resizer\\\/v2\\\/LHMUUV4C5JG3DBLMIP7CWUGTVM.png?auth=be3984b0644dda5c347a4a64b41613224b566884eae4cb1458bbb399ea4ba8ac&amp;smart=true&amp;width=630&amp;height=437\"},{\"@type\":\"WebSite\",\"@id\":\"https:\\\/\\\/fmgente.com.ar\\\/web\\\/#website\",\"url\":\"https:\\\/\\\/fmgente.com.ar\\\/web\\\/\",\"name\":\"Fm Gente\",\"description\":\"- Jes\u00fas Mar\u00eda\",\"publisher\":{\"@id\":\"https:\\\/\\\/fmgente.com.ar\\\/web\\\/#organization\"},\"potentialAction\":[{\"@type\":\"SearchAction\",\"target\":{\"@type\":\"EntryPoint\",\"urlTemplate\":\"https:\\\/\\\/fmgente.com.ar\\\/web\\\/?s={search_term_string}\"},\"query-input\":{\"@type\":\"PropertyValueSpecification\",\"valueRequired\":true,\"valueName\":\"search_term_string\"}}],\"inLanguage\":\"es\"},{\"@type\":\"Organization\",\"@id\":\"https:\\\/\\\/fmgente.com.ar\\\/web\\\/#organization\",\"name\":\"Fm Gente\",\"url\":\"https:\\\/\\\/fmgente.com.ar\\\/web\\\/\",\"logo\":{\"@type\":\"ImageObject\",\"inLanguage\":\"es\",\"@id\":\"https:\\\/\\\/fmgente.com.ar\\\/web\\\/#\\\/schema\\\/logo\\\/image\\\/\",\"url\":\"https:\\\/\\\/fmgente.com.ar\\\/web\\\/wp-content\\\/uploads\\\/2023\\\/07\\\/cropped-cropped-logo-sombra2.png\",\"contentUrl\":\"https:\\\/\\\/fmgente.com.ar\\\/web\\\/wp-content\\\/uploads\\\/2023\\\/07\\\/cropped-cropped-logo-sombra2.png\",\"width\":1782,\"height\":1782,\"caption\":\"Fm Gente\"},\"image\":{\"@id\":\"https:\\\/\\\/fmgente.com.ar\\\/web\\\/#\\\/schema\\\/logo\\\/image\\\/\"}}]}<\/script>\n<!-- \/ Yoast SEO plugin. -->","yoast_head_json":{"title":"Escala el conflicto en Bioceres: disputa accionaria, frente judicial abierto y tensi\u00f3n por el control - Fm Gente","robots":{"index":"index","follow":"follow","max-snippet":"max-snippet:-1","max-image-preview":"max-image-preview:large","max-video-preview":"max-video-preview:-1"},"canonical":"https:\/\/fmgente.com.ar\/web\/escala-el-conflicto-en-bioceres-disputa-accionaria-frente-judicial-abierto-y-tension-por-el-control\/","og_locale":"es_ES","og_type":"article","og_title":"Escala el conflicto en Bioceres: disputa accionaria, frente judicial abierto y tensi\u00f3n por el control - Fm Gente","og_description":"Bioceres suma un nuevo cap\u00edtulo. A la reconfiguraci\u00f3n accionaria tras la entrada de Moolec Science","og_url":"https:\/\/fmgente.com.ar\/web\/escala-el-conflicto-en-bioceres-disputa-accionaria-frente-judicial-abierto-y-tension-por-el-control\/","og_site_name":"Fm Gente","article_published_time":"2026-02-26T20:15:48+00:00","og_image":[{"url":"https:\/\/www.cronista.com\/resizer\/v2\/LHMUUV4C5JG3DBLMIP7CWUGTVM.png?auth=be3984b0644dda5c347a4a64b41613224b566884eae4cb1458bbb399ea4ba8ac&amp;smart=true&amp;width=630&amp;height=437","type":"","width":"","height":""}],"twitter_card":"summary_large_image","twitter_misc":{"Tiempo de lectura":"4 minutos"},"schema":{"@context":"https:\/\/schema.org","@graph":[{"@type":"Article","@id":"https:\/\/fmgente.com.ar\/web\/escala-el-conflicto-en-bioceres-disputa-accionaria-frente-judicial-abierto-y-tension-por-el-control\/#article","isPartOf":{"@id":"https:\/\/fmgente.com.ar\/web\/escala-el-conflicto-en-bioceres-disputa-accionaria-frente-judicial-abierto-y-tension-por-el-control\/"},"author":{"name":"","@id":""},"headline":"Escala el conflicto en Bioceres: disputa accionaria, frente judicial abierto y tensi\u00f3n por el control","datePublished":"2026-02-26T20:15:48+00:00","mainEntityOfPage":{"@id":"https:\/\/fmgente.com.ar\/web\/escala-el-conflicto-en-bioceres-disputa-accionaria-frente-judicial-abierto-y-tension-por-el-control\/"},"wordCount":890,"publisher":{"@id":"https:\/\/fmgente.com.ar\/web\/#organization"},"image":{"@id":"https:\/\/fmgente.com.ar\/web\/escala-el-conflicto-en-bioceres-disputa-accionaria-frente-judicial-abierto-y-tension-por-el-control\/#primaryimage"},"thumbnailUrl":"https:\/\/www.cronista.com\/resizer\/v2\/LHMUUV4C5JG3DBLMIP7CWUGTVM.png?auth=be3984b0644dda5c347a4a64b41613224b566884eae4cb1458bbb399ea4ba8ac&amp;smart=true&amp;width=630&amp;height=437","articleSection":["DESTACADAS"],"inLanguage":"es"},{"@type":"WebPage","@id":"https:\/\/fmgente.com.ar\/web\/escala-el-conflicto-en-bioceres-disputa-accionaria-frente-judicial-abierto-y-tension-por-el-control\/","url":"https:\/\/fmgente.com.ar\/web\/escala-el-conflicto-en-bioceres-disputa-accionaria-frente-judicial-abierto-y-tension-por-el-control\/","name":"Escala el conflicto en Bioceres: disputa accionaria, frente judicial abierto y tensi\u00f3n por el control - Fm Gente","isPartOf":{"@id":"https:\/\/fmgente.com.ar\/web\/#website"},"primaryImageOfPage":{"@id":"https:\/\/fmgente.com.ar\/web\/escala-el-conflicto-en-bioceres-disputa-accionaria-frente-judicial-abierto-y-tension-por-el-control\/#primaryimage"},"image":{"@id":"https:\/\/fmgente.com.ar\/web\/escala-el-conflicto-en-bioceres-disputa-accionaria-frente-judicial-abierto-y-tension-por-el-control\/#primaryimage"},"thumbnailUrl":"https:\/\/www.cronista.com\/resizer\/v2\/LHMUUV4C5JG3DBLMIP7CWUGTVM.png?auth=be3984b0644dda5c347a4a64b41613224b566884eae4cb1458bbb399ea4ba8ac&amp;smart=true&amp;width=630&amp;height=437","datePublished":"2026-02-26T20:15:48+00:00","inLanguage":"es","potentialAction":[{"@type":"ReadAction","target":["https:\/\/fmgente.com.ar\/web\/escala-el-conflicto-en-bioceres-disputa-accionaria-frente-judicial-abierto-y-tension-por-el-control\/"]}]},{"@type":"ImageObject","inLanguage":"es","@id":"https:\/\/fmgente.com.ar\/web\/escala-el-conflicto-en-bioceres-disputa-accionaria-frente-judicial-abierto-y-tension-por-el-control\/#primaryimage","url":"https:\/\/www.cronista.com\/resizer\/v2\/LHMUUV4C5JG3DBLMIP7CWUGTVM.png?auth=be3984b0644dda5c347a4a64b41613224b566884eae4cb1458bbb399ea4ba8ac&amp;smart=true&amp;width=630&amp;height=437","contentUrl":"https:\/\/www.cronista.com\/resizer\/v2\/LHMUUV4C5JG3DBLMIP7CWUGTVM.png?auth=be3984b0644dda5c347a4a64b41613224b566884eae4cb1458bbb399ea4ba8ac&amp;smart=true&amp;width=630&amp;height=437"},{"@type":"WebSite","@id":"https:\/\/fmgente.com.ar\/web\/#website","url":"https:\/\/fmgente.com.ar\/web\/","name":"Fm Gente","description":"- Jes\u00fas Mar\u00eda","publisher":{"@id":"https:\/\/fmgente.com.ar\/web\/#organization"},"potentialAction":[{"@type":"SearchAction","target":{"@type":"EntryPoint","urlTemplate":"https:\/\/fmgente.com.ar\/web\/?s={search_term_string}"},"query-input":{"@type":"PropertyValueSpecification","valueRequired":true,"valueName":"search_term_string"}}],"inLanguage":"es"},{"@type":"Organization","@id":"https:\/\/fmgente.com.ar\/web\/#organization","name":"Fm Gente","url":"https:\/\/fmgente.com.ar\/web\/","logo":{"@type":"ImageObject","inLanguage":"es","@id":"https:\/\/fmgente.com.ar\/web\/#\/schema\/logo\/image\/","url":"https:\/\/fmgente.com.ar\/web\/wp-content\/uploads\/2023\/07\/cropped-cropped-logo-sombra2.png","contentUrl":"https:\/\/fmgente.com.ar\/web\/wp-content\/uploads\/2023\/07\/cropped-cropped-logo-sombra2.png","width":1782,"height":1782,"caption":"Fm Gente"},"image":{"@id":"https:\/\/fmgente.com.ar\/web\/#\/schema\/logo\/image\/"}}]}},"_links":{"self":[{"href":"https:\/\/fmgente.com.ar\/web\/wp-json\/wp\/v2\/posts\/13145","targetHints":{"allow":["GET"]}}],"collection":[{"href":"https:\/\/fmgente.com.ar\/web\/wp-json\/wp\/v2\/posts"}],"about":[{"href":"https:\/\/fmgente.com.ar\/web\/wp-json\/wp\/v2\/types\/post"}],"replies":[{"embeddable":true,"href":"https:\/\/fmgente.com.ar\/web\/wp-json\/wp\/v2\/comments?post=13145"}],"version-history":[{"count":0,"href":"https:\/\/fmgente.com.ar\/web\/wp-json\/wp\/v2\/posts\/13145\/revisions"}],"wp:attachment":[{"href":"https:\/\/fmgente.com.ar\/web\/wp-json\/wp\/v2\/media?parent=13145"}],"wp:term":[{"taxonomy":"category","embeddable":true,"href":"https:\/\/fmgente.com.ar\/web\/wp-json\/wp\/v2\/categories?post=13145"},{"taxonomy":"post_tag","embeddable":true,"href":"https:\/\/fmgente.com.ar\/web\/wp-json\/wp\/v2\/tags?post=13145"}],"curies":[{"name":"wp","href":"https:\/\/api.w.org\/{rel}","templated":true}]}}