{"id":13144,"date":"2026-02-26T17:15:48","date_gmt":"2026-02-26T20:15:48","guid":{"rendered":"https:\/\/fmgente.com.ar\/web\/blanqueo-laboral-condonacion-de-multas-y-planes-de-pago-para-empleados-no-registrados\/"},"modified":"2026-02-26T17:15:48","modified_gmt":"2026-02-26T20:15:48","slug":"blanqueo-laboral-condonacion-de-multas-y-planes-de-pago-para-empleados-no-registrados","status":"publish","type":"post","link":"https:\/\/fmgente.com.ar\/web\/blanqueo-laboral-condonacion-de-multas-y-planes-de-pago-para-empleados-no-registrados\/","title":{"rendered":"Blanqueo laboral: condonaci\u00f3n de multas y planes de pago para empleados no registrados"},"content":{"rendered":"<p>La Argentina tiene aproximadamente la mitad de su fuerza laboral en la informalidad. Es un dato que se repite hace d\u00e9cadas y que ning\u00fan gobierno logr\u00f3 revertir de manera sostenida. La <a href=\"https:\/\/www.cronista.com\/economia-politica\/reforma-laboral-que-sindicatos-y-gremios-paran-cuales-se-movilizan-al-congreso-y-todo-lo-que-hay-que-saber\/\" target=\"_blank\" rel=\"noreferrer\" title=\"https:\/\/www.cronista.com\/economia-politica\/reforma-laboral-que-sindicatos-y-gremios-paran-cuales-se-movilizan-al-congreso-y-todo-lo-que-hay-que-saber\/\">reforma laboral<\/a> que obtuvo media sanci\u00f3n en Diputados \u2014impulsada por el gobierno de <a href=\"https:\/\/www.cronista.com\/economia-politica\/el-nuevo-dardo-de-milei-contra-paolo-rocca-y-los-industriales-delincuentes\/\" target=\"_blank\" rel=\"noreferrer\" title=\"https:\/\/www.cronista.com\/economia-politica\/el-nuevo-dardo-de-milei-contra-paolo-rocca-y-los-industriales-delincuentes\/\"><b>Javier Milei<\/b><\/a> y cuya pieza central es la modificaci\u00f3n de la Ley de Contrato de Trabajo\u2014 contiene, entre sus cap\u00edtulos, un nuevo r\u00e9gimen de blanqueo laboral.<\/p>\n<p>Se trata de <b>un mecanismo que ofrece a los empleadores del sector privado la posibilidad de regularizar a sus trabajadores no registrados o subregistrados<\/b> a cambio de una condonaci\u00f3n parcial de las deudas acumuladas con la seguridad social y la extinci\u00f3n de multas e infracciones.<\/p>\n<p>No es la primera vez que se intenta. La <a href=\"https:\/\/www.cronista.com\/economia-politica\/ley-bases-el-gobierno-reglamento-la-primera-parte-y-ya-son-oficiales-las-privatizaciones\/\" target=\"_blank\" rel=\"noreferrer\" title=\"https:\/\/www.cronista.com\/economia-politica\/ley-bases-el-gobierno-reglamento-la-primera-parte-y-ya-son-oficiales-las-privatizaciones\/\">Ley Bases de 2024<\/a> ya incluy\u00f3 un esquema similar, con resultados que los propios funcionarios no pueden calificar de exitosos. Eso le da al nuevo blanqueo un contexto ineludible: <b>es una segunda oportunidad para una apuesta que, en su primera versi\u00f3n, no funcion\u00f3<\/b>.<\/p>\n<h2>Qu\u00e9 es el blanqueo laboral y a qui\u00e9nes alcanza<\/h2>\n<p>El blanqueo laboral \u2014t\u00e9cnicamente denominado <b>R\u00e9gimen de Promoci\u00f3n del Empleo Registrado<\/b> (<a href=\"https:\/\/www.cronista.com\/economia-politica\/definiciones-criticas-de-arca-el-plan-colchon-ganancias-y-la-reforma-tributaria-disruptiva\/\" target=\"_blank\" rel=\"noreferrer\" title=\"https:\/\/www.cronista.com\/economia-politica\/definiciones-criticas-de-arca-el-plan-colchon-ganancias-y-la-reforma-tributaria-disruptiva\/\"><b>PER<\/b><\/a>)\u2014 es un programa de regularizaci\u00f3n dirigido a empleadores del sector privado que tengan trabajadores no declarados ante ARCA o que hayan declarado datos incorrectos, como una fecha de inicio del v\u00ednculo posterior a la real o una remuneraci\u00f3n inferior a la efectivamente abonada.<\/p>\n<p>La idea es simple: <u>el Estado ofrece un perd\u00f3n parcial de lo adeudado a cambio de que el empleador ponga en regla la situaci\u00f3n de sus dependientes<\/u>, con el objetivo de ampliar la base de trabajadores formales, mejorar la cobertura previsional y reducir la litigiosidad laboral. Quedan excluidos del r\u00e9gimen el personal de casas particulares, que cuenta con un marco normativo propio, y los empleados del sector p\u00fablico.<\/p>\n<h2>Cu\u00e1nto se condona y c\u00f3mo var\u00eda seg\u00fan el tama\u00f1o de la empresa<\/h2>\n<p>El porcentaje de condonaci\u00f3n no es uniforme: el proyecto establece una escala que premia a las empresas m\u00e1s chicas y castiga proporcionalmente a las m\u00e1s grandes. Las micro y peque\u00f1as empresas (MiPyMEs) y las entidades sin fines de lucro acceden a la quita m\u00e1s generosa: <b>el 90% de la deuda acumulada por falta de aportes y contribuciones a la seguridad social queda condonada<\/b>.<\/p>\n<p><img loading=\"lazy\" decoding=\"async\" src=\"https:\/\/www.cronista.com\/resizer\/v2\/73Q55XMFKFGBDAA2IUKFEFMIAI.jpg?auth=e3976fd683fa0b623cf77bced6d4f56d114e1fd7a9ade9445999b0826956b8bb&amp;smart=true&amp;width=1920&amp;height=1080\" alt=\"\" height=\"1080\" width=\"1920\" \/><\/p>\n<p>Las medianas empresas obtienen un perd\u00f3n del 80%, mientras que las grandes compa\u00f1\u00edas tienen derecho a una reducci\u00f3n del 70%. La deuda que no queda condonada debe cancelarse, y para ello el r\u00e9gimen ofrece dos v\u00edas: el pago al contado, que habilita un descuento adicional del 50% sobre el saldo restante, o un plan de facilidades en cuotas, con tasas de inter\u00e9s vinculadas a las operaciones comerciales del Banco Naci\u00f3n y condiciones diferenciadas seg\u00fan la categor\u00eda del empleador.<\/p>\n<h2>Qu\u00e9 deudas se perdonan y cu\u00e1les no<\/h2>\n<p>La condonaci\u00f3n abarca las deudas de capital e intereses por la falta de pago de aportes y contribuciones a los principales subsistemas de la seguridad social: el Sistema Integrado Previsional Argentino (SIPA), el PAMI, el R\u00e9gimen Nacional de Obras Sociales, el Fondo Nacional de Empleo y el R\u00e9gimen de Asignaciones Familiares. <b>Tambi\u00e9n se condona la deuda correspondiente al Seguro Nacional de Salud<\/b>, incluyendo el Fondo Solidario de Redistribuci\u00f3n, y las contribuciones previstas en la Ley de Riesgos del Trabajo.<\/p>\n<p>Adem\u00e1s, el r\u00e9gimen prev\u00e9 la extinci\u00f3n de infracciones y multas vinculadas a la falta de registraci\u00f3n y la eliminaci\u00f3n del padr\u00f3n de incumplidores (<b>REPSAL<\/b>) para quienes regularicen la totalidad de su situaci\u00f3n. Por el contrario, no entran en el perd\u00f3n las deudas provenientes de al\u00edcuotas especiales en reg\u00edmenes previsionales diferenciales ni las que surgieron de procedimientos preventivos de crisis donde se detectaron irregularidades.<\/p>\n<p><img loading=\"lazy\" decoding=\"async\" src=\"https:\/\/www.cronista.com\/resizer\/v2\/EZANQDWOGFERNJXPUJMP3UW4HU.png?auth=70999c424a4e9ea50f3bc18f3c7ac48addb3358c1694803025e9f858826767ee&amp;smart=true&amp;width=1920&amp;height=1080\" alt=\"\" height=\"1080\" width=\"1920\" \/><\/p>\n<p>Adem\u00e1s del evidente beneficio de pasar a la formalidad \u2014con acceso a obra social, ART, aportes jubilatorios y cobro de asignaciones familiares\u2014, <b>el proyecto contempla que los trabajadores regularizados puedan computar hasta 60 meses (cinco a\u00f1os) de aportes al sistema jubilatorio<\/b>, correspondientes al per\u00edodo en que estuvieron en negro.<\/p>\n<p>Este punto fue uno de los m\u00e1s debatidos en la primera versi\u00f3n del mecanismo: varios especialistas y organizaciones de trabajadores se\u00f1alaron que cinco a\u00f1os resultan insuficientes para quienes llevan una d\u00e9cada o m\u00e1s trabajando en la informalidad, ya que el blanqueo solo reconoce una parte de su historia laboral real.<\/p>\n<h2><b>C\u00f3mo se hace el tr\u00e1mite<\/b><\/h2>\n<ul>\n<li>El proceso de adhesi\u00f3n se realiza de manera online a trav\u00e9s del sistema Simplificaci\u00f3n Registral de ARCA, ingresando con clave fiscal.<\/li>\n<li>El empleador debe dar de alta a los trabajadores no registrados o corregir los datos de los v\u00ednculos existentes, y luego presentar las declaraciones juradas correspondientes mediante los sistemas Declaraci\u00f3n en L\u00ednea o SICOSS.<\/li>\n<li>Para facilitar el proceso, ARCA pone a disposici\u00f3n actualizaciones de su sistema aplicativo que automatizan el c\u00e1lculo del porcentaje de condonaci\u00f3n seg\u00fan la categor\u00eda del empleador.<\/li>\n<\/ul>\n","protected":false},"excerpt":{"rendered":"<p>La Argentina tiene aproximadamente la mitad de su fuerza laboral en la informalidad. Es un<\/p>\n","protected":false},"author":0,"featured_media":0,"comment_status":"","ping_status":"","sticky":false,"template":"","format":"standard","meta":{"footnotes":""},"categories":[11],"tags":[],"class_list":["post-13144","post","type-post","status-publish","format-standard","hentry","category-destacadas"],"yoast_head":"<!-- This site is optimized with the Yoast SEO plugin v27.4 - https:\/\/yoast.com\/product\/yoast-seo-wordpress\/ -->\n<title>Blanqueo laboral: condonaci\u00f3n de multas y planes de pago para empleados no registrados - Fm Gente<\/title>\n<meta name=\"robots\" content=\"index, follow, max-snippet:-1, max-image-preview:large, max-video-preview:-1\" \/>\n<link rel=\"canonical\" href=\"https:\/\/fmgente.com.ar\/web\/blanqueo-laboral-condonacion-de-multas-y-planes-de-pago-para-empleados-no-registrados\/\" \/>\n<meta property=\"og:locale\" content=\"es_ES\" \/>\n<meta property=\"og:type\" content=\"article\" \/>\n<meta property=\"og:title\" content=\"Blanqueo laboral: condonaci\u00f3n de multas y planes de pago para empleados no registrados - Fm Gente\" \/>\n<meta property=\"og:description\" content=\"La Argentina tiene aproximadamente la mitad de su fuerza laboral en la informalidad. Es un\" \/>\n<meta property=\"og:url\" content=\"https:\/\/fmgente.com.ar\/web\/blanqueo-laboral-condonacion-de-multas-y-planes-de-pago-para-empleados-no-registrados\/\" \/>\n<meta property=\"og:site_name\" content=\"Fm Gente\" \/>\n<meta property=\"article:published_time\" content=\"2026-02-26T20:15:48+00:00\" \/>\n<meta property=\"og:image\" content=\"https:\/\/www.cronista.com\/resizer\/v2\/73Q55XMFKFGBDAA2IUKFEFMIAI.jpg?auth=e3976fd683fa0b623cf77bced6d4f56d114e1fd7a9ade9445999b0826956b8bb&amp;smart=true&amp;width=1920&amp;height=1080\" \/>\n<meta name=\"twitter:card\" content=\"summary_large_image\" \/>\n<meta name=\"twitter:label1\" content=\"Tiempo de lectura\" \/>\n\t<meta name=\"twitter:data1\" content=\"4 minutos\" \/>\n<script type=\"application\/ld+json\" class=\"yoast-schema-graph\">{\"@context\":\"https:\\\/\\\/schema.org\",\"@graph\":[{\"@type\":\"Article\",\"@id\":\"https:\\\/\\\/fmgente.com.ar\\\/web\\\/blanqueo-laboral-condonacion-de-multas-y-planes-de-pago-para-empleados-no-registrados\\\/#article\",\"isPartOf\":{\"@id\":\"https:\\\/\\\/fmgente.com.ar\\\/web\\\/blanqueo-laboral-condonacion-de-multas-y-planes-de-pago-para-empleados-no-registrados\\\/\"},\"author\":{\"name\":\"\",\"@id\":\"\"},\"headline\":\"Blanqueo laboral: condonaci\u00f3n de multas y planes de pago para empleados no registrados\",\"datePublished\":\"2026-02-26T20:15:48+00:00\",\"mainEntityOfPage\":{\"@id\":\"https:\\\/\\\/fmgente.com.ar\\\/web\\\/blanqueo-laboral-condonacion-de-multas-y-planes-de-pago-para-empleados-no-registrados\\\/\"},\"wordCount\":871,\"publisher\":{\"@id\":\"https:\\\/\\\/fmgente.com.ar\\\/web\\\/#organization\"},\"image\":{\"@id\":\"https:\\\/\\\/fmgente.com.ar\\\/web\\\/blanqueo-laboral-condonacion-de-multas-y-planes-de-pago-para-empleados-no-registrados\\\/#primaryimage\"},\"thumbnailUrl\":\"https:\\\/\\\/www.cronista.com\\\/resizer\\\/v2\\\/73Q55XMFKFGBDAA2IUKFEFMIAI.jpg?auth=e3976fd683fa0b623cf77bced6d4f56d114e1fd7a9ade9445999b0826956b8bb&amp;smart=true&amp;width=1920&amp;height=1080\",\"articleSection\":[\"DESTACADAS\"],\"inLanguage\":\"es\"},{\"@type\":\"WebPage\",\"@id\":\"https:\\\/\\\/fmgente.com.ar\\\/web\\\/blanqueo-laboral-condonacion-de-multas-y-planes-de-pago-para-empleados-no-registrados\\\/\",\"url\":\"https:\\\/\\\/fmgente.com.ar\\\/web\\\/blanqueo-laboral-condonacion-de-multas-y-planes-de-pago-para-empleados-no-registrados\\\/\",\"name\":\"Blanqueo laboral: condonaci\u00f3n de multas y planes de pago para empleados no registrados - Fm Gente\",\"isPartOf\":{\"@id\":\"https:\\\/\\\/fmgente.com.ar\\\/web\\\/#website\"},\"primaryImageOfPage\":{\"@id\":\"https:\\\/\\\/fmgente.com.ar\\\/web\\\/blanqueo-laboral-condonacion-de-multas-y-planes-de-pago-para-empleados-no-registrados\\\/#primaryimage\"},\"image\":{\"@id\":\"https:\\\/\\\/fmgente.com.ar\\\/web\\\/blanqueo-laboral-condonacion-de-multas-y-planes-de-pago-para-empleados-no-registrados\\\/#primaryimage\"},\"thumbnailUrl\":\"https:\\\/\\\/www.cronista.com\\\/resizer\\\/v2\\\/73Q55XMFKFGBDAA2IUKFEFMIAI.jpg?auth=e3976fd683fa0b623cf77bced6d4f56d114e1fd7a9ade9445999b0826956b8bb&amp;smart=true&amp;width=1920&amp;height=1080\",\"datePublished\":\"2026-02-26T20:15:48+00:00\",\"inLanguage\":\"es\",\"potentialAction\":[{\"@type\":\"ReadAction\",\"target\":[\"https:\\\/\\\/fmgente.com.ar\\\/web\\\/blanqueo-laboral-condonacion-de-multas-y-planes-de-pago-para-empleados-no-registrados\\\/\"]}]},{\"@type\":\"ImageObject\",\"inLanguage\":\"es\",\"@id\":\"https:\\\/\\\/fmgente.com.ar\\\/web\\\/blanqueo-laboral-condonacion-de-multas-y-planes-de-pago-para-empleados-no-registrados\\\/#primaryimage\",\"url\":\"https:\\\/\\\/www.cronista.com\\\/resizer\\\/v2\\\/73Q55XMFKFGBDAA2IUKFEFMIAI.jpg?auth=e3976fd683fa0b623cf77bced6d4f56d114e1fd7a9ade9445999b0826956b8bb&amp;smart=true&amp;width=1920&amp;height=1080\",\"contentUrl\":\"https:\\\/\\\/www.cronista.com\\\/resizer\\\/v2\\\/73Q55XMFKFGBDAA2IUKFEFMIAI.jpg?auth=e3976fd683fa0b623cf77bced6d4f56d114e1fd7a9ade9445999b0826956b8bb&amp;smart=true&amp;width=1920&amp;height=1080\"},{\"@type\":\"WebSite\",\"@id\":\"https:\\\/\\\/fmgente.com.ar\\\/web\\\/#website\",\"url\":\"https:\\\/\\\/fmgente.com.ar\\\/web\\\/\",\"name\":\"Fm Gente\",\"description\":\"- Jes\u00fas Mar\u00eda\",\"publisher\":{\"@id\":\"https:\\\/\\\/fmgente.com.ar\\\/web\\\/#organization\"},\"potentialAction\":[{\"@type\":\"SearchAction\",\"target\":{\"@type\":\"EntryPoint\",\"urlTemplate\":\"https:\\\/\\\/fmgente.com.ar\\\/web\\\/?s={search_term_string}\"},\"query-input\":{\"@type\":\"PropertyValueSpecification\",\"valueRequired\":true,\"valueName\":\"search_term_string\"}}],\"inLanguage\":\"es\"},{\"@type\":\"Organization\",\"@id\":\"https:\\\/\\\/fmgente.com.ar\\\/web\\\/#organization\",\"name\":\"Fm Gente\",\"url\":\"https:\\\/\\\/fmgente.com.ar\\\/web\\\/\",\"logo\":{\"@type\":\"ImageObject\",\"inLanguage\":\"es\",\"@id\":\"https:\\\/\\\/fmgente.com.ar\\\/web\\\/#\\\/schema\\\/logo\\\/image\\\/\",\"url\":\"https:\\\/\\\/fmgente.com.ar\\\/web\\\/wp-content\\\/uploads\\\/2023\\\/07\\\/cropped-cropped-logo-sombra2.png\",\"contentUrl\":\"https:\\\/\\\/fmgente.com.ar\\\/web\\\/wp-content\\\/uploads\\\/2023\\\/07\\\/cropped-cropped-logo-sombra2.png\",\"width\":1782,\"height\":1782,\"caption\":\"Fm Gente\"},\"image\":{\"@id\":\"https:\\\/\\\/fmgente.com.ar\\\/web\\\/#\\\/schema\\\/logo\\\/image\\\/\"}}]}<\/script>\n<!-- \/ Yoast SEO plugin. -->","yoast_head_json":{"title":"Blanqueo laboral: condonaci\u00f3n de multas y planes de pago para empleados no registrados - Fm Gente","robots":{"index":"index","follow":"follow","max-snippet":"max-snippet:-1","max-image-preview":"max-image-preview:large","max-video-preview":"max-video-preview:-1"},"canonical":"https:\/\/fmgente.com.ar\/web\/blanqueo-laboral-condonacion-de-multas-y-planes-de-pago-para-empleados-no-registrados\/","og_locale":"es_ES","og_type":"article","og_title":"Blanqueo laboral: condonaci\u00f3n de multas y planes de pago para empleados no registrados - Fm Gente","og_description":"La Argentina tiene aproximadamente la mitad de su fuerza laboral en la informalidad. Es un","og_url":"https:\/\/fmgente.com.ar\/web\/blanqueo-laboral-condonacion-de-multas-y-planes-de-pago-para-empleados-no-registrados\/","og_site_name":"Fm Gente","article_published_time":"2026-02-26T20:15:48+00:00","og_image":[{"url":"https:\/\/www.cronista.com\/resizer\/v2\/73Q55XMFKFGBDAA2IUKFEFMIAI.jpg?auth=e3976fd683fa0b623cf77bced6d4f56d114e1fd7a9ade9445999b0826956b8bb&amp;smart=true&amp;width=1920&amp;height=1080","type":"","width":"","height":""}],"twitter_card":"summary_large_image","twitter_misc":{"Tiempo de lectura":"4 minutos"},"schema":{"@context":"https:\/\/schema.org","@graph":[{"@type":"Article","@id":"https:\/\/fmgente.com.ar\/web\/blanqueo-laboral-condonacion-de-multas-y-planes-de-pago-para-empleados-no-registrados\/#article","isPartOf":{"@id":"https:\/\/fmgente.com.ar\/web\/blanqueo-laboral-condonacion-de-multas-y-planes-de-pago-para-empleados-no-registrados\/"},"author":{"name":"","@id":""},"headline":"Blanqueo laboral: condonaci\u00f3n de multas y planes de pago para empleados no registrados","datePublished":"2026-02-26T20:15:48+00:00","mainEntityOfPage":{"@id":"https:\/\/fmgente.com.ar\/web\/blanqueo-laboral-condonacion-de-multas-y-planes-de-pago-para-empleados-no-registrados\/"},"wordCount":871,"publisher":{"@id":"https:\/\/fmgente.com.ar\/web\/#organization"},"image":{"@id":"https:\/\/fmgente.com.ar\/web\/blanqueo-laboral-condonacion-de-multas-y-planes-de-pago-para-empleados-no-registrados\/#primaryimage"},"thumbnailUrl":"https:\/\/www.cronista.com\/resizer\/v2\/73Q55XMFKFGBDAA2IUKFEFMIAI.jpg?auth=e3976fd683fa0b623cf77bced6d4f56d114e1fd7a9ade9445999b0826956b8bb&amp;smart=true&amp;width=1920&amp;height=1080","articleSection":["DESTACADAS"],"inLanguage":"es"},{"@type":"WebPage","@id":"https:\/\/fmgente.com.ar\/web\/blanqueo-laboral-condonacion-de-multas-y-planes-de-pago-para-empleados-no-registrados\/","url":"https:\/\/fmgente.com.ar\/web\/blanqueo-laboral-condonacion-de-multas-y-planes-de-pago-para-empleados-no-registrados\/","name":"Blanqueo laboral: condonaci\u00f3n de multas y planes de pago para empleados no registrados - Fm Gente","isPartOf":{"@id":"https:\/\/fmgente.com.ar\/web\/#website"},"primaryImageOfPage":{"@id":"https:\/\/fmgente.com.ar\/web\/blanqueo-laboral-condonacion-de-multas-y-planes-de-pago-para-empleados-no-registrados\/#primaryimage"},"image":{"@id":"https:\/\/fmgente.com.ar\/web\/blanqueo-laboral-condonacion-de-multas-y-planes-de-pago-para-empleados-no-registrados\/#primaryimage"},"thumbnailUrl":"https:\/\/www.cronista.com\/resizer\/v2\/73Q55XMFKFGBDAA2IUKFEFMIAI.jpg?auth=e3976fd683fa0b623cf77bced6d4f56d114e1fd7a9ade9445999b0826956b8bb&amp;smart=true&amp;width=1920&amp;height=1080","datePublished":"2026-02-26T20:15:48+00:00","inLanguage":"es","potentialAction":[{"@type":"ReadAction","target":["https:\/\/fmgente.com.ar\/web\/blanqueo-laboral-condonacion-de-multas-y-planes-de-pago-para-empleados-no-registrados\/"]}]},{"@type":"ImageObject","inLanguage":"es","@id":"https:\/\/fmgente.com.ar\/web\/blanqueo-laboral-condonacion-de-multas-y-planes-de-pago-para-empleados-no-registrados\/#primaryimage","url":"https:\/\/www.cronista.com\/resizer\/v2\/73Q55XMFKFGBDAA2IUKFEFMIAI.jpg?auth=e3976fd683fa0b623cf77bced6d4f56d114e1fd7a9ade9445999b0826956b8bb&amp;smart=true&amp;width=1920&amp;height=1080","contentUrl":"https:\/\/www.cronista.com\/resizer\/v2\/73Q55XMFKFGBDAA2IUKFEFMIAI.jpg?auth=e3976fd683fa0b623cf77bced6d4f56d114e1fd7a9ade9445999b0826956b8bb&amp;smart=true&amp;width=1920&amp;height=1080"},{"@type":"WebSite","@id":"https:\/\/fmgente.com.ar\/web\/#website","url":"https:\/\/fmgente.com.ar\/web\/","name":"Fm Gente","description":"- Jes\u00fas Mar\u00eda","publisher":{"@id":"https:\/\/fmgente.com.ar\/web\/#organization"},"potentialAction":[{"@type":"SearchAction","target":{"@type":"EntryPoint","urlTemplate":"https:\/\/fmgente.com.ar\/web\/?s={search_term_string}"},"query-input":{"@type":"PropertyValueSpecification","valueRequired":true,"valueName":"search_term_string"}}],"inLanguage":"es"},{"@type":"Organization","@id":"https:\/\/fmgente.com.ar\/web\/#organization","name":"Fm Gente","url":"https:\/\/fmgente.com.ar\/web\/","logo":{"@type":"ImageObject","inLanguage":"es","@id":"https:\/\/fmgente.com.ar\/web\/#\/schema\/logo\/image\/","url":"https:\/\/fmgente.com.ar\/web\/wp-content\/uploads\/2023\/07\/cropped-cropped-logo-sombra2.png","contentUrl":"https:\/\/fmgente.com.ar\/web\/wp-content\/uploads\/2023\/07\/cropped-cropped-logo-sombra2.png","width":1782,"height":1782,"caption":"Fm Gente"},"image":{"@id":"https:\/\/fmgente.com.ar\/web\/#\/schema\/logo\/image\/"}}]}},"_links":{"self":[{"href":"https:\/\/fmgente.com.ar\/web\/wp-json\/wp\/v2\/posts\/13144","targetHints":{"allow":["GET"]}}],"collection":[{"href":"https:\/\/fmgente.com.ar\/web\/wp-json\/wp\/v2\/posts"}],"about":[{"href":"https:\/\/fmgente.com.ar\/web\/wp-json\/wp\/v2\/types\/post"}],"replies":[{"embeddable":true,"href":"https:\/\/fmgente.com.ar\/web\/wp-json\/wp\/v2\/comments?post=13144"}],"version-history":[{"count":0,"href":"https:\/\/fmgente.com.ar\/web\/wp-json\/wp\/v2\/posts\/13144\/revisions"}],"wp:attachment":[{"href":"https:\/\/fmgente.com.ar\/web\/wp-json\/wp\/v2\/media?parent=13144"}],"wp:term":[{"taxonomy":"category","embeddable":true,"href":"https:\/\/fmgente.com.ar\/web\/wp-json\/wp\/v2\/categories?post=13144"},{"taxonomy":"post_tag","embeddable":true,"href":"https:\/\/fmgente.com.ar\/web\/wp-json\/wp\/v2\/tags?post=13144"}],"curies":[{"name":"wp","href":"https:\/\/api.w.org\/{rel}","templated":true}]}}