{"id":13143,"date":"2026-02-26T17:15:48","date_gmt":"2026-02-26T20:15:48","guid":{"rendered":"https:\/\/fmgente.com.ar\/web\/baja-de-la-edad-de-imputabilidad-las-7-claves-del-proyecto-que-se-trata-en-el-senado\/"},"modified":"2026-02-26T17:15:48","modified_gmt":"2026-02-26T20:15:48","slug":"baja-de-la-edad-de-imputabilidad-las-7-claves-del-proyecto-que-se-trata-en-el-senado","status":"publish","type":"post","link":"https:\/\/fmgente.com.ar\/web\/baja-de-la-edad-de-imputabilidad-las-7-claves-del-proyecto-que-se-trata-en-el-senado\/","title":{"rendered":"Baja de la edad de imputabilidad: las 7 claves del proyecto que se trata en el Senado"},"content":{"rendered":"<p>El Senado de la Naci\u00f3n tiene en agenda uno de los debates m\u00e1s esperados y controvertidos del a\u00f1o, despu\u00e9s de la<a href=\"https:\/\/www.cronista.com\/economia-politica\/los-9-puntos-centrales-de-la-reforma-laboral-como-quedaria-la-ley-con-la-sancion-del-senado\/\" target=\"_blank\" rel=\"\" title=\"https:\/\/www.cronista.com\/economia-politica\/los-9-puntos-centrales-de-la-reforma-laboral-como-quedaria-la-ley-con-la-sancion-del-senado\/\"> Reforma laboral<\/a> y la <a href=\"https:\/\/www.cronista.com\/economia-politica\/ley-de-glaciares-que-dice-la-norma-original-y-los-cambios-que-propone-milei\/\" target=\"_blank\" rel=\"\" title=\"https:\/\/www.cronista.com\/economia-politica\/ley-de-glaciares-que-dice-la-norma-original-y-los-cambios-que-propone-milei\/\">Ley de Glaciares<\/a>. Se trata de la aprobaci\u00f3n del <a href=\"https:\/\/www.cronista.com\/economia-politica\/regimen-penal-juvenil-el-oficialismo-consiguio-dictamen-de-mayoria-tras-acuerdo-por-nueva-edad-de-imputabilidad\/\" target=\"_blank\" rel=\"noreferrer\" title=\"https:\/\/www.cronista.com\/economia-politica\/regimen-penal-juvenil-el-oficialismo-consiguio-dictamen-de-mayoria-tras-acuerdo-por-nueva-edad-de-imputabilidad\/\"><b>nuevo R\u00e9gimen Penal Juvenil<\/b><\/a>, cuya pieza central es la reducci\u00f3n de la edad de <b>imputabilidad de 16 a 14 a\u00f1os.<\/b><\/p>\n<p>La iniciativa, impulsada por el Poder Ejecutivo y motorizada por la senadora <b>Patricia Bullrich<\/b> cuando era ministra de Seguridad <u>obtuvo media sanci\u00f3n en la <\/u><a href=\"https:\/\/www.cronista.com\/economia-politica\/baja-de-la-edad-de-imputabilidad-las-9-claves-del-proyecto-que-aprobo-diputados-y-ahora-pasa-al-senado\/\" target=\"_blank\" rel=\"noreferrer\" title=\"https:\/\/www.cronista.com\/economia-politica\/baja-de-la-edad-de-imputabilidad-las-9-claves-del-proyecto-que-aprobo-diputados-y-ahora-pasa-al-senado\/\"><u>C\u00e1mara de Diputados<\/u><\/a><u> el 12 de febrero pasado con 149 votos afirmativos y 100 negativos<\/u>. La votaci\u00f3n en la C\u00e1mara Alta promete ser igualmente intensa.<\/p>\n<h2>R\u00e9gimen Penal Juvenil: cu\u00e1les son las 7 claves para entender el proyecto que impulsa el Gobierno<\/h2>\n<h3>1. \u00bfCu\u00e1l es el origen de la iniciativa y por qu\u00e9 se aceler\u00f3 su tratamiento?<\/h3>\n<p>El gobierno de <b>Javier Milei<\/b> incluy\u00f3 la reforma del R\u00e9gimen Penal Juvenil en el temario de sesiones extraordinarias luego del <a href=\"https:\/\/www.cronista.com\/informacion-gral\/crimen-de-jeremias-monzon-el-estremecedor-video-y-la-trama-oculta-del-brutal-homicidio\/\" target=\"_blank\" rel=\"noreferrer\" title=\"https:\/\/www.cronista.com\/informacion-gral\/crimen-de-jeremias-monzon-el-estremecedor-video-y-la-trama-oculta-del-brutal-homicidio\/\">asesinato de <b>Jerem\u00edas Monz\u00f3n<\/b><\/a>, un adolescente apu\u00f1alado por tres menores en Santa Fe.<\/p>\n<p><img loading=\"lazy\" decoding=\"async\" src=\"https:\/\/www.cronista.com\/resizer\/v2\/AWMYEXDBRBFJ7IOB2DOEQVHAIY.jpg?auth=9f464145667119c50146e56729659ac8699ef2fb9731b9da18c3d49c01081207&amp;smart=true&amp;width=1265&amp;height=693\" alt=\"Jerem\u00edas Monz\u00f3n: el caso bisagra que reaviv\u00f3 el debate pol\u00edtico sobre la baja o no de la edad de imputabilidad en la Argentina (Fuente: Archivo).\" height=\"693\" width=\"1265\" \/><\/p>\n<p>El caso conmocion\u00f3 a la opini\u00f3n p\u00fablica y aceler\u00f3 un debate que llevaba casi un a\u00f1o frenado en el Congreso. <u>La norma vigente data de 1980, sancionada durante la \u00faltima dictadura c\u00edvico-militar<\/u>, y el oficialismo argumenta que resulta completamente desfasada respecto de la realidad actual.<\/p>\n<h3>2. El cambio principal: bajar la edad de 16 a 14 a\u00f1os<\/h3>\n<p><b>El n\u00facleo de la reforma es la reducci\u00f3n de la edad m\u00ednima de punibilidad de 16 a 14 a\u00f1os<\/b>. Bajo el esquema actual, un menor de 16 a\u00f1os que cometa cualquier delito no puede ser imputado penalmente.<\/p>\n<p>El nuevo r\u00e9gimen <u>establece que los j\u00f3venes de entre 14 y 18 a\u00f1os podr\u00e1n ser penalmente responsables<\/u>, aunque con escalas y condiciones espec\u00edficas seg\u00fan su edad. Los menores de 14 a\u00f1os quedan expresamente excluidos del sistema penal y deber\u00e1n ser derivados a los organismos de protecci\u00f3n integral de la ni\u00f1ez.<\/p>\n<h3>3. Un sistema progresivo de penas seg\u00fan la edad<\/h3>\n<p>El proyecto no trata a todos los menores de la misma manera: <b>introduce una escala de responsabilidad graduada<\/b>. Para los adolescentes de 14 a\u00f1os, la pena prevista para el delito se reduce a la mitad, tanto en su m\u00ednimo como en su m\u00e1ximo. Para los de 15 a\u00f1os, la reducci\u00f3n es de un tercio.<\/p>\n<p>Sin embargo, a partir de los 16 y 17 a\u00f1os, no rige ninguna reducci\u00f3n de escala, aunque se mantiene el l\u00edmite m\u00e1ximo establecido por el r\u00e9gimen especial, que proh\u00edbe las condenas a perpetua.<\/p>\n<h3>4. Penas m\u00e1ximas y delitos graves<\/h3>\n<p>La reforma fija un tope de 15 a\u00f1os de prisi\u00f3n para adolescentes condenados por los delitos m\u00e1s graves. Por este motivo, <b>la prisi\u00f3n efectiva solo podr\u00e1 aplicarse en casos donde la escala penal del delito supere los 10 a\u00f1os<\/b>.<\/p>\n<p>En tanto, para infracciones de menor gravedad, el proyecto contempla un abanico de sanciones alternativas: <b>servicios comunitarios, prohibici\u00f3n de acercamiento a la v\u00edctima, medidas de reparaci\u00f3n del da\u00f1o, entre otras<\/b>. El objetivo declarado es reservar la privaci\u00f3n de libertad para los casos m\u00e1s serios.<\/p>\n<h3>5. Garant\u00edas para los menores: centros separados y sin antecedentes al llegar a adultos<\/h3>\n<p>Uno de los puntos m\u00e1s enfatizados por los impulsores de la norma es que los menores no ser\u00e1n alojados junto a adultos. <b>El proyecto establece la creaci\u00f3n de institutos especializados y separados del sistema penitenciario com\u00fan<\/b>.<\/p>\n<p>Asimismo, <b>proh\u00edbe expresamente los castigos f\u00edsicos y el aislamiento<\/b>. Quiz\u00e1s el punto m\u00e1s relevante en t\u00e9rminos de reinserci\u00f3n es que, al cumplir la mayor\u00eda de edad, los antecedentes penales generados durante la minor\u00eda quedar\u00e1n eliminados, con el fin de no condicionar el futuro del joven una vez adulto.<\/p>\n<h3>6. La coalici\u00f3n que lo apoy\u00f3 en Diputados y el escenario en el Senado<\/h3>\n<p>En la C\u00e1mara baja, la iniciativa fue respaldada por La Libertad Avanza, el PRO, la Uni\u00f3n C\u00edvica Radical, Provincias Unidas, Innovaci\u00f3n Federal, Encuentro Federal y varios bloques provinciales. El peronismo kirchnerista y la izquierda votaron en bloque en contra. El Frente Renovador, que hist\u00f3ricamente hab\u00eda impulsado la baja de imputabilidad en 2015, termin\u00f3 rechazando el proyecto por diferencias de procedimiento.<\/p>\n<p><img loading=\"lazy\" decoding=\"async\" src=\"https:\/\/www.cronista.com\/resizer\/v2\/JLTIEFOQAVBXXCHZOGKPB3BJTM.jpeg?auth=24d33f67a77f188961602a1623e24d800a1c2fb2ae2a64b7ac12c5442002ed79&amp;smart=true&amp;width=2500&amp;height=1667\" alt=\"El rol de los sectores dialoguistas fue clave para la media sanci\u00f3n del proyecto de ley (Fuente: Archivo).\" height=\"1667\" width=\"2500\" \/><\/p>\n<p>En el Senado, el oficialismo apuesta a replicar esa mayor\u00eda, aunque los n\u00fameros son m\u00e1s ajustados en la C\u00e1mara alta.<\/p>\n<h3>7. El respaldo social y la voz de los cr\u00edticos<\/h3>\n<p>Las encuestas muestran un apoyo sostenido y creciente de la ciudadan\u00eda a la medida. Seg\u00fan un relevamiento de la consultora <b>Pulso Research<\/b> realizado en febrero de 2026, <b>el 72,1% de los consultados se manifest\u00f3 a favor de reducir la edad de imputabilidad<\/b>, el punto m\u00e1s alto desde que se comenz\u00f3 a medir la cuesti\u00f3n.<\/p>\n<p><div class=\"flourish-embed flourish-chart\" data-src=\"visualisation\/27815255?2933176\"><img decoding=\"async\" src=\"https:\/\/public.flourish.studio\/visualisation\/27815255\/thumbnail\" width=\"100%\" alt=\"visualization\" \/><\/div>\n<\/p>\n<p>Pese a ello, organismos de derechos de la ni\u00f1ez, juristas especializados y sectores de la oposici\u00f3n advierten que bajar la edad sin pol\u00edticas paralelas de prevenci\u00f3n, educaci\u00f3n y reinserci\u00f3n puede resultar contraproducente.<\/p>\n<p><b>\u201cEl derecho penal llega tarde; es el castigo, no la prevenci\u00f3n\u201d<\/b>, se\u00f1al\u00f3 en las comisiones del Senado el legislador radical Eduardo Vischi, quien aun as\u00ed respald\u00f3 el texto. Por su parte, el diputado Juan Grabois fue a\u00fan m\u00e1s all\u00e1 con una postura un tanto m\u00e1s tajante: \u201cLa edad la pueden bajar a los cero a\u00f1os. No es un problema de bajar o no bajar la edad\u201d, y reclam\u00f3 enfocarse en salud mental y consumos problem\u00e1ticos.<\/p>\n<p>El debate en el Senado promete ser otro cap\u00edtulo caliente del a\u00f1o legislativo. Si la C\u00e1mara Alta aprueba el texto sin modificaciones, el proyecto se convierte en ley. Si introduce cambios, deber\u00e1 volver a Diputados para una nueva votaci\u00f3n, tal como ocurri\u00f3 con la Reforma Laboral.<\/p>\n","protected":false},"excerpt":{"rendered":"<p>El Senado de la Naci\u00f3n tiene en agenda uno de los debates m\u00e1s esperados y<\/p>\n","protected":false},"author":0,"featured_media":0,"comment_status":"","ping_status":"","sticky":false,"template":"","format":"standard","meta":{"footnotes":""},"categories":[11],"tags":[],"class_list":["post-13143","post","type-post","status-publish","format-standard","hentry","category-destacadas"],"yoast_head":"<!-- This site is optimized with the Yoast SEO plugin v27.4 - https:\/\/yoast.com\/product\/yoast-seo-wordpress\/ -->\n<title>Baja de la edad de imputabilidad: las 7 claves del proyecto que se trata en el Senado - Fm Gente<\/title>\n<meta name=\"robots\" content=\"index, follow, max-snippet:-1, max-image-preview:large, max-video-preview:-1\" \/>\n<link rel=\"canonical\" href=\"https:\/\/fmgente.com.ar\/web\/baja-de-la-edad-de-imputabilidad-las-7-claves-del-proyecto-que-se-trata-en-el-senado\/\" \/>\n<meta property=\"og:locale\" content=\"es_ES\" \/>\n<meta property=\"og:type\" content=\"article\" \/>\n<meta property=\"og:title\" content=\"Baja de la edad de imputabilidad: las 7 claves del proyecto que se trata en el Senado - Fm Gente\" \/>\n<meta property=\"og:description\" content=\"El Senado de la Naci\u00f3n tiene en agenda uno de los debates m\u00e1s esperados y\" \/>\n<meta property=\"og:url\" content=\"https:\/\/fmgente.com.ar\/web\/baja-de-la-edad-de-imputabilidad-las-7-claves-del-proyecto-que-se-trata-en-el-senado\/\" \/>\n<meta property=\"og:site_name\" content=\"Fm Gente\" \/>\n<meta property=\"article:published_time\" content=\"2026-02-26T20:15:48+00:00\" \/>\n<meta property=\"og:image\" content=\"https:\/\/www.cronista.com\/resizer\/v2\/AWMYEXDBRBFJ7IOB2DOEQVHAIY.jpg?auth=9f464145667119c50146e56729659ac8699ef2fb9731b9da18c3d49c01081207&amp;smart=true&amp;width=1265&amp;height=693\" \/>\n<meta name=\"twitter:card\" content=\"summary_large_image\" \/>\n<meta name=\"twitter:label1\" content=\"Tiempo de lectura\" \/>\n\t<meta name=\"twitter:data1\" content=\"5 minutos\" \/>\n<script type=\"application\/ld+json\" class=\"yoast-schema-graph\">{\"@context\":\"https:\\\/\\\/schema.org\",\"@graph\":[{\"@type\":\"Article\",\"@id\":\"https:\\\/\\\/fmgente.com.ar\\\/web\\\/baja-de-la-edad-de-imputabilidad-las-7-claves-del-proyecto-que-se-trata-en-el-senado\\\/#article\",\"isPartOf\":{\"@id\":\"https:\\\/\\\/fmgente.com.ar\\\/web\\\/baja-de-la-edad-de-imputabilidad-las-7-claves-del-proyecto-que-se-trata-en-el-senado\\\/\"},\"author\":{\"name\":\"\",\"@id\":\"\"},\"headline\":\"Baja de la edad de imputabilidad: las 7 claves del proyecto que se trata en el Senado\",\"datePublished\":\"2026-02-26T20:15:48+00:00\",\"mainEntityOfPage\":{\"@id\":\"https:\\\/\\\/fmgente.com.ar\\\/web\\\/baja-de-la-edad-de-imputabilidad-las-7-claves-del-proyecto-que-se-trata-en-el-senado\\\/\"},\"wordCount\":1000,\"publisher\":{\"@id\":\"https:\\\/\\\/fmgente.com.ar\\\/web\\\/#organization\"},\"image\":{\"@id\":\"https:\\\/\\\/fmgente.com.ar\\\/web\\\/baja-de-la-edad-de-imputabilidad-las-7-claves-del-proyecto-que-se-trata-en-el-senado\\\/#primaryimage\"},\"thumbnailUrl\":\"https:\\\/\\\/www.cronista.com\\\/resizer\\\/v2\\\/AWMYEXDBRBFJ7IOB2DOEQVHAIY.jpg?auth=9f464145667119c50146e56729659ac8699ef2fb9731b9da18c3d49c01081207&amp;smart=true&amp;width=1265&amp;height=693\",\"articleSection\":[\"DESTACADAS\"],\"inLanguage\":\"es\"},{\"@type\":\"WebPage\",\"@id\":\"https:\\\/\\\/fmgente.com.ar\\\/web\\\/baja-de-la-edad-de-imputabilidad-las-7-claves-del-proyecto-que-se-trata-en-el-senado\\\/\",\"url\":\"https:\\\/\\\/fmgente.com.ar\\\/web\\\/baja-de-la-edad-de-imputabilidad-las-7-claves-del-proyecto-que-se-trata-en-el-senado\\\/\",\"name\":\"Baja de la edad de imputabilidad: las 7 claves del proyecto que se trata en el Senado - Fm Gente\",\"isPartOf\":{\"@id\":\"https:\\\/\\\/fmgente.com.ar\\\/web\\\/#website\"},\"primaryImageOfPage\":{\"@id\":\"https:\\\/\\\/fmgente.com.ar\\\/web\\\/baja-de-la-edad-de-imputabilidad-las-7-claves-del-proyecto-que-se-trata-en-el-senado\\\/#primaryimage\"},\"image\":{\"@id\":\"https:\\\/\\\/fmgente.com.ar\\\/web\\\/baja-de-la-edad-de-imputabilidad-las-7-claves-del-proyecto-que-se-trata-en-el-senado\\\/#primaryimage\"},\"thumbnailUrl\":\"https:\\\/\\\/www.cronista.com\\\/resizer\\\/v2\\\/AWMYEXDBRBFJ7IOB2DOEQVHAIY.jpg?auth=9f464145667119c50146e56729659ac8699ef2fb9731b9da18c3d49c01081207&amp;smart=true&amp;width=1265&amp;height=693\",\"datePublished\":\"2026-02-26T20:15:48+00:00\",\"inLanguage\":\"es\",\"potentialAction\":[{\"@type\":\"ReadAction\",\"target\":[\"https:\\\/\\\/fmgente.com.ar\\\/web\\\/baja-de-la-edad-de-imputabilidad-las-7-claves-del-proyecto-que-se-trata-en-el-senado\\\/\"]}]},{\"@type\":\"ImageObject\",\"inLanguage\":\"es\",\"@id\":\"https:\\\/\\\/fmgente.com.ar\\\/web\\\/baja-de-la-edad-de-imputabilidad-las-7-claves-del-proyecto-que-se-trata-en-el-senado\\\/#primaryimage\",\"url\":\"https:\\\/\\\/www.cronista.com\\\/resizer\\\/v2\\\/AWMYEXDBRBFJ7IOB2DOEQVHAIY.jpg?auth=9f464145667119c50146e56729659ac8699ef2fb9731b9da18c3d49c01081207&amp;smart=true&amp;width=1265&amp;height=693\",\"contentUrl\":\"https:\\\/\\\/www.cronista.com\\\/resizer\\\/v2\\\/AWMYEXDBRBFJ7IOB2DOEQVHAIY.jpg?auth=9f464145667119c50146e56729659ac8699ef2fb9731b9da18c3d49c01081207&amp;smart=true&amp;width=1265&amp;height=693\"},{\"@type\":\"WebSite\",\"@id\":\"https:\\\/\\\/fmgente.com.ar\\\/web\\\/#website\",\"url\":\"https:\\\/\\\/fmgente.com.ar\\\/web\\\/\",\"name\":\"Fm Gente\",\"description\":\"- Jes\u00fas Mar\u00eda\",\"publisher\":{\"@id\":\"https:\\\/\\\/fmgente.com.ar\\\/web\\\/#organization\"},\"potentialAction\":[{\"@type\":\"SearchAction\",\"target\":{\"@type\":\"EntryPoint\",\"urlTemplate\":\"https:\\\/\\\/fmgente.com.ar\\\/web\\\/?s={search_term_string}\"},\"query-input\":{\"@type\":\"PropertyValueSpecification\",\"valueRequired\":true,\"valueName\":\"search_term_string\"}}],\"inLanguage\":\"es\"},{\"@type\":\"Organization\",\"@id\":\"https:\\\/\\\/fmgente.com.ar\\\/web\\\/#organization\",\"name\":\"Fm Gente\",\"url\":\"https:\\\/\\\/fmgente.com.ar\\\/web\\\/\",\"logo\":{\"@type\":\"ImageObject\",\"inLanguage\":\"es\",\"@id\":\"https:\\\/\\\/fmgente.com.ar\\\/web\\\/#\\\/schema\\\/logo\\\/image\\\/\",\"url\":\"https:\\\/\\\/fmgente.com.ar\\\/web\\\/wp-content\\\/uploads\\\/2023\\\/07\\\/cropped-cropped-logo-sombra2.png\",\"contentUrl\":\"https:\\\/\\\/fmgente.com.ar\\\/web\\\/wp-content\\\/uploads\\\/2023\\\/07\\\/cropped-cropped-logo-sombra2.png\",\"width\":1782,\"height\":1782,\"caption\":\"Fm Gente\"},\"image\":{\"@id\":\"https:\\\/\\\/fmgente.com.ar\\\/web\\\/#\\\/schema\\\/logo\\\/image\\\/\"}}]}<\/script>\n<!-- \/ Yoast SEO plugin. -->","yoast_head_json":{"title":"Baja de la edad de imputabilidad: las 7 claves del proyecto que se trata en el Senado - Fm Gente","robots":{"index":"index","follow":"follow","max-snippet":"max-snippet:-1","max-image-preview":"max-image-preview:large","max-video-preview":"max-video-preview:-1"},"canonical":"https:\/\/fmgente.com.ar\/web\/baja-de-la-edad-de-imputabilidad-las-7-claves-del-proyecto-que-se-trata-en-el-senado\/","og_locale":"es_ES","og_type":"article","og_title":"Baja de la edad de imputabilidad: las 7 claves del proyecto que se trata en el Senado - Fm Gente","og_description":"El Senado de la Naci\u00f3n tiene en agenda uno de los debates m\u00e1s esperados y","og_url":"https:\/\/fmgente.com.ar\/web\/baja-de-la-edad-de-imputabilidad-las-7-claves-del-proyecto-que-se-trata-en-el-senado\/","og_site_name":"Fm Gente","article_published_time":"2026-02-26T20:15:48+00:00","og_image":[{"url":"https:\/\/www.cronista.com\/resizer\/v2\/AWMYEXDBRBFJ7IOB2DOEQVHAIY.jpg?auth=9f464145667119c50146e56729659ac8699ef2fb9731b9da18c3d49c01081207&amp;smart=true&amp;width=1265&amp;height=693","type":"","width":"","height":""}],"twitter_card":"summary_large_image","twitter_misc":{"Tiempo de lectura":"5 minutos"},"schema":{"@context":"https:\/\/schema.org","@graph":[{"@type":"Article","@id":"https:\/\/fmgente.com.ar\/web\/baja-de-la-edad-de-imputabilidad-las-7-claves-del-proyecto-que-se-trata-en-el-senado\/#article","isPartOf":{"@id":"https:\/\/fmgente.com.ar\/web\/baja-de-la-edad-de-imputabilidad-las-7-claves-del-proyecto-que-se-trata-en-el-senado\/"},"author":{"name":"","@id":""},"headline":"Baja de la edad de imputabilidad: las 7 claves del proyecto que se trata en el Senado","datePublished":"2026-02-26T20:15:48+00:00","mainEntityOfPage":{"@id":"https:\/\/fmgente.com.ar\/web\/baja-de-la-edad-de-imputabilidad-las-7-claves-del-proyecto-que-se-trata-en-el-senado\/"},"wordCount":1000,"publisher":{"@id":"https:\/\/fmgente.com.ar\/web\/#organization"},"image":{"@id":"https:\/\/fmgente.com.ar\/web\/baja-de-la-edad-de-imputabilidad-las-7-claves-del-proyecto-que-se-trata-en-el-senado\/#primaryimage"},"thumbnailUrl":"https:\/\/www.cronista.com\/resizer\/v2\/AWMYEXDBRBFJ7IOB2DOEQVHAIY.jpg?auth=9f464145667119c50146e56729659ac8699ef2fb9731b9da18c3d49c01081207&amp;smart=true&amp;width=1265&amp;height=693","articleSection":["DESTACADAS"],"inLanguage":"es"},{"@type":"WebPage","@id":"https:\/\/fmgente.com.ar\/web\/baja-de-la-edad-de-imputabilidad-las-7-claves-del-proyecto-que-se-trata-en-el-senado\/","url":"https:\/\/fmgente.com.ar\/web\/baja-de-la-edad-de-imputabilidad-las-7-claves-del-proyecto-que-se-trata-en-el-senado\/","name":"Baja de la edad de imputabilidad: las 7 claves del proyecto que se trata en el Senado - Fm Gente","isPartOf":{"@id":"https:\/\/fmgente.com.ar\/web\/#website"},"primaryImageOfPage":{"@id":"https:\/\/fmgente.com.ar\/web\/baja-de-la-edad-de-imputabilidad-las-7-claves-del-proyecto-que-se-trata-en-el-senado\/#primaryimage"},"image":{"@id":"https:\/\/fmgente.com.ar\/web\/baja-de-la-edad-de-imputabilidad-las-7-claves-del-proyecto-que-se-trata-en-el-senado\/#primaryimage"},"thumbnailUrl":"https:\/\/www.cronista.com\/resizer\/v2\/AWMYEXDBRBFJ7IOB2DOEQVHAIY.jpg?auth=9f464145667119c50146e56729659ac8699ef2fb9731b9da18c3d49c01081207&amp;smart=true&amp;width=1265&amp;height=693","datePublished":"2026-02-26T20:15:48+00:00","inLanguage":"es","potentialAction":[{"@type":"ReadAction","target":["https:\/\/fmgente.com.ar\/web\/baja-de-la-edad-de-imputabilidad-las-7-claves-del-proyecto-que-se-trata-en-el-senado\/"]}]},{"@type":"ImageObject","inLanguage":"es","@id":"https:\/\/fmgente.com.ar\/web\/baja-de-la-edad-de-imputabilidad-las-7-claves-del-proyecto-que-se-trata-en-el-senado\/#primaryimage","url":"https:\/\/www.cronista.com\/resizer\/v2\/AWMYEXDBRBFJ7IOB2DOEQVHAIY.jpg?auth=9f464145667119c50146e56729659ac8699ef2fb9731b9da18c3d49c01081207&amp;smart=true&amp;width=1265&amp;height=693","contentUrl":"https:\/\/www.cronista.com\/resizer\/v2\/AWMYEXDBRBFJ7IOB2DOEQVHAIY.jpg?auth=9f464145667119c50146e56729659ac8699ef2fb9731b9da18c3d49c01081207&amp;smart=true&amp;width=1265&amp;height=693"},{"@type":"WebSite","@id":"https:\/\/fmgente.com.ar\/web\/#website","url":"https:\/\/fmgente.com.ar\/web\/","name":"Fm Gente","description":"- Jes\u00fas Mar\u00eda","publisher":{"@id":"https:\/\/fmgente.com.ar\/web\/#organization"},"potentialAction":[{"@type":"SearchAction","target":{"@type":"EntryPoint","urlTemplate":"https:\/\/fmgente.com.ar\/web\/?s={search_term_string}"},"query-input":{"@type":"PropertyValueSpecification","valueRequired":true,"valueName":"search_term_string"}}],"inLanguage":"es"},{"@type":"Organization","@id":"https:\/\/fmgente.com.ar\/web\/#organization","name":"Fm Gente","url":"https:\/\/fmgente.com.ar\/web\/","logo":{"@type":"ImageObject","inLanguage":"es","@id":"https:\/\/fmgente.com.ar\/web\/#\/schema\/logo\/image\/","url":"https:\/\/fmgente.com.ar\/web\/wp-content\/uploads\/2023\/07\/cropped-cropped-logo-sombra2.png","contentUrl":"https:\/\/fmgente.com.ar\/web\/wp-content\/uploads\/2023\/07\/cropped-cropped-logo-sombra2.png","width":1782,"height":1782,"caption":"Fm Gente"},"image":{"@id":"https:\/\/fmgente.com.ar\/web\/#\/schema\/logo\/image\/"}}]}},"_links":{"self":[{"href":"https:\/\/fmgente.com.ar\/web\/wp-json\/wp\/v2\/posts\/13143","targetHints":{"allow":["GET"]}}],"collection":[{"href":"https:\/\/fmgente.com.ar\/web\/wp-json\/wp\/v2\/posts"}],"about":[{"href":"https:\/\/fmgente.com.ar\/web\/wp-json\/wp\/v2\/types\/post"}],"replies":[{"embeddable":true,"href":"https:\/\/fmgente.com.ar\/web\/wp-json\/wp\/v2\/comments?post=13143"}],"version-history":[{"count":0,"href":"https:\/\/fmgente.com.ar\/web\/wp-json\/wp\/v2\/posts\/13143\/revisions"}],"wp:attachment":[{"href":"https:\/\/fmgente.com.ar\/web\/wp-json\/wp\/v2\/media?parent=13143"}],"wp:term":[{"taxonomy":"category","embeddable":true,"href":"https:\/\/fmgente.com.ar\/web\/wp-json\/wp\/v2\/categories?post=13143"},{"taxonomy":"post_tag","embeddable":true,"href":"https:\/\/fmgente.com.ar\/web\/wp-json\/wp\/v2\/tags?post=13143"}],"curies":[{"name":"wp","href":"https:\/\/api.w.org\/{rel}","templated":true}]}}