{"id":13139,"date":"2026-02-26T17:15:44","date_gmt":"2026-02-26T20:15:44","guid":{"rendered":"https:\/\/fmgente.com.ar\/web\/la-justicia-ordeno-a-los-medios-abstenerse-de-difundir-datos-personales-de-pampita\/"},"modified":"2026-02-26T17:15:44","modified_gmt":"2026-02-26T20:15:44","slug":"la-justicia-ordeno-a-los-medios-abstenerse-de-difundir-datos-personales-de-pampita","status":"publish","type":"post","link":"https:\/\/fmgente.com.ar\/web\/la-justicia-ordeno-a-los-medios-abstenerse-de-difundir-datos-personales-de-pampita\/","title":{"rendered":"La Justicia orden\u00f3 a los medios abstenerse de difundir datos personales de Pampita"},"content":{"rendered":"<p>Buenos Aires, 26 febrero (NA) \u2013 El Juzgado Nacional de Primera Instancia en lo Civil N\u00b023 dict\u00f3 una medida cautelar mediante la cual le ordena a distintos medios de comunicaci\u00f3n abstenerse de difundir informaci\u00f3n vinculada al domicilio actual o futuro de Ana Carolina Ardohain, conocida p\u00fablicamente como Pampita.<\/p>\n<p>Seg\u00fan accedi\u00f3 la Agencia Noticias Argentinas al documento legal, la resoluci\u00f3n dispone hacer saber a Am\u00e9rica TV y a los dem\u00e1s medios televisivos y\/o gr\u00e1ficos que deber\u00e1n \u201cabstenerse, en forma inmediata y por el plazo de 20 d\u00edas\u201d, de realizar cualquier tipo de manifestaci\u00f3n p\u00fablica, publicaci\u00f3n y\/o comunicaci\u00f3n por cualquier medio destinada a divulgar el domicilio de la modelo, ya sea por s\u00ed o por interpuesta persona.<\/p>\n<p>La medida alcanza a cualquier tipo de difusi\u00f3n, tanto directa como a trav\u00e9s de terceros, y establece que los medios involucrados deber\u00e1n mantener la debida reserva sobre esos datos personales. El oficio fue librado en el expediente \u201cArdohain, Ana Carolina s\/ medidas precautorias\u201d, que tramita ante el mencionado tribunal.<\/p>\n<p>La resoluci\u00f3n judicial tiene como objetivo resguardar la privacidad y la seguridad de la conductora durante el plazo fijado por el tribunal, en un contexto de alta exposici\u00f3n medi\u00e1tica.<\/p>\n<p>Hasta el momento, Pampita no se pronunci\u00f3 p\u00fablicamente sobre esta decisi\u00f3n judicial, mientras rige la orden de no divulgar informaci\u00f3n relacionada con su domicilio. #AgenciaNA<\/p>\n","protected":false},"excerpt":{"rendered":"<p>Buenos Aires, 26 febrero (NA) \u2013 El Juzgado Nacional de Primera Instancia en lo Civil<\/p>\n","protected":false},"author":0,"featured_media":13140,"comment_status":"","ping_status":"","sticky":false,"template":"","format":"standard","meta":{"footnotes":""},"categories":[11],"tags":[],"class_list":["post-13139","post","type-post","status-publish","format-standard","has-post-thumbnail","hentry","category-destacadas"],"yoast_head":"<!-- This site is optimized with the Yoast SEO plugin v27.4 - https:\/\/yoast.com\/product\/yoast-seo-wordpress\/ -->\n<title>La Justicia orden\u00f3 a los medios abstenerse de difundir datos personales de Pampita - Fm Gente<\/title>\n<meta name=\"robots\" content=\"index, follow, max-snippet:-1, max-image-preview:large, max-video-preview:-1\" \/>\n<link rel=\"canonical\" href=\"https:\/\/fmgente.com.ar\/web\/la-justicia-ordeno-a-los-medios-abstenerse-de-difundir-datos-personales-de-pampita\/\" \/>\n<meta property=\"og:locale\" content=\"es_ES\" \/>\n<meta property=\"og:type\" content=\"article\" \/>\n<meta property=\"og:title\" content=\"La Justicia orden\u00f3 a los medios abstenerse de difundir datos personales de Pampita - Fm Gente\" \/>\n<meta property=\"og:description\" content=\"Buenos Aires, 26 febrero (NA) \u2013 El Juzgado Nacional de Primera Instancia en lo Civil\" \/>\n<meta property=\"og:url\" content=\"https:\/\/fmgente.com.ar\/web\/la-justicia-ordeno-a-los-medios-abstenerse-de-difundir-datos-personales-de-pampita\/\" \/>\n<meta property=\"og:site_name\" content=\"Fm Gente\" \/>\n<meta property=\"article:published_time\" content=\"2026-02-26T20:15:44+00:00\" \/>\n<meta name=\"twitter:card\" content=\"summary_large_image\" \/>\n<meta name=\"twitter:label1\" content=\"Tiempo de lectura\" \/>\n\t<meta name=\"twitter:data1\" content=\"1 minuto\" \/>\n<script type=\"application\/ld+json\" class=\"yoast-schema-graph\">{\"@context\":\"https:\\\/\\\/schema.org\",\"@graph\":[{\"@type\":\"Article\",\"@id\":\"https:\\\/\\\/fmgente.com.ar\\\/web\\\/la-justicia-ordeno-a-los-medios-abstenerse-de-difundir-datos-personales-de-pampita\\\/#article\",\"isPartOf\":{\"@id\":\"https:\\\/\\\/fmgente.com.ar\\\/web\\\/la-justicia-ordeno-a-los-medios-abstenerse-de-difundir-datos-personales-de-pampita\\\/\"},\"author\":{\"name\":\"\",\"@id\":\"\"},\"headline\":\"La Justicia orden\u00f3 a los medios abstenerse de difundir datos personales de Pampita\",\"datePublished\":\"2026-02-26T20:15:44+00:00\",\"mainEntityOfPage\":{\"@id\":\"https:\\\/\\\/fmgente.com.ar\\\/web\\\/la-justicia-ordeno-a-los-medios-abstenerse-de-difundir-datos-personales-de-pampita\\\/\"},\"wordCount\":253,\"publisher\":{\"@id\":\"https:\\\/\\\/fmgente.com.ar\\\/web\\\/#organization\"},\"image\":{\"@id\":\"https:\\\/\\\/fmgente.com.ar\\\/web\\\/la-justicia-ordeno-a-los-medios-abstenerse-de-difundir-datos-personales-de-pampita\\\/#primaryimage\"},\"thumbnailUrl\":\"https:\\\/\\\/fmgente.com.ar\\\/web\\\/wp-content\\\/uploads\\\/2026\\\/02\\\/720-115.jpeg\",\"articleSection\":[\"DESTACADAS\"],\"inLanguage\":\"es\"},{\"@type\":\"WebPage\",\"@id\":\"https:\\\/\\\/fmgente.com.ar\\\/web\\\/la-justicia-ordeno-a-los-medios-abstenerse-de-difundir-datos-personales-de-pampita\\\/\",\"url\":\"https:\\\/\\\/fmgente.com.ar\\\/web\\\/la-justicia-ordeno-a-los-medios-abstenerse-de-difundir-datos-personales-de-pampita\\\/\",\"name\":\"La Justicia orden\u00f3 a los medios abstenerse de difundir datos personales de Pampita - Fm Gente\",\"isPartOf\":{\"@id\":\"https:\\\/\\\/fmgente.com.ar\\\/web\\\/#website\"},\"primaryImageOfPage\":{\"@id\":\"https:\\\/\\\/fmgente.com.ar\\\/web\\\/la-justicia-ordeno-a-los-medios-abstenerse-de-difundir-datos-personales-de-pampita\\\/#primaryimage\"},\"image\":{\"@id\":\"https:\\\/\\\/fmgente.com.ar\\\/web\\\/la-justicia-ordeno-a-los-medios-abstenerse-de-difundir-datos-personales-de-pampita\\\/#primaryimage\"},\"thumbnailUrl\":\"https:\\\/\\\/fmgente.com.ar\\\/web\\\/wp-content\\\/uploads\\\/2026\\\/02\\\/720-115.jpeg\",\"datePublished\":\"2026-02-26T20:15:44+00:00\",\"inLanguage\":\"es\",\"potentialAction\":[{\"@type\":\"ReadAction\",\"target\":[\"https:\\\/\\\/fmgente.com.ar\\\/web\\\/la-justicia-ordeno-a-los-medios-abstenerse-de-difundir-datos-personales-de-pampita\\\/\"]}]},{\"@type\":\"ImageObject\",\"inLanguage\":\"es\",\"@id\":\"https:\\\/\\\/fmgente.com.ar\\\/web\\\/la-justicia-ordeno-a-los-medios-abstenerse-de-difundir-datos-personales-de-pampita\\\/#primaryimage\",\"url\":\"https:\\\/\\\/fmgente.com.ar\\\/web\\\/wp-content\\\/uploads\\\/2026\\\/02\\\/720-115.jpeg\",\"contentUrl\":\"https:\\\/\\\/fmgente.com.ar\\\/web\\\/wp-content\\\/uploads\\\/2026\\\/02\\\/720-115.jpeg\",\"width\":1043,\"height\":720},{\"@type\":\"WebSite\",\"@id\":\"https:\\\/\\\/fmgente.com.ar\\\/web\\\/#website\",\"url\":\"https:\\\/\\\/fmgente.com.ar\\\/web\\\/\",\"name\":\"Fm Gente\",\"description\":\"- Jes\u00fas Mar\u00eda\",\"publisher\":{\"@id\":\"https:\\\/\\\/fmgente.com.ar\\\/web\\\/#organization\"},\"potentialAction\":[{\"@type\":\"SearchAction\",\"target\":{\"@type\":\"EntryPoint\",\"urlTemplate\":\"https:\\\/\\\/fmgente.com.ar\\\/web\\\/?s={search_term_string}\"},\"query-input\":{\"@type\":\"PropertyValueSpecification\",\"valueRequired\":true,\"valueName\":\"search_term_string\"}}],\"inLanguage\":\"es\"},{\"@type\":\"Organization\",\"@id\":\"https:\\\/\\\/fmgente.com.ar\\\/web\\\/#organization\",\"name\":\"Fm Gente\",\"url\":\"https:\\\/\\\/fmgente.com.ar\\\/web\\\/\",\"logo\":{\"@type\":\"ImageObject\",\"inLanguage\":\"es\",\"@id\":\"https:\\\/\\\/fmgente.com.ar\\\/web\\\/#\\\/schema\\\/logo\\\/image\\\/\",\"url\":\"https:\\\/\\\/fmgente.com.ar\\\/web\\\/wp-content\\\/uploads\\\/2023\\\/07\\\/cropped-cropped-logo-sombra2.png\",\"contentUrl\":\"https:\\\/\\\/fmgente.com.ar\\\/web\\\/wp-content\\\/uploads\\\/2023\\\/07\\\/cropped-cropped-logo-sombra2.png\",\"width\":1782,\"height\":1782,\"caption\":\"Fm Gente\"},\"image\":{\"@id\":\"https:\\\/\\\/fmgente.com.ar\\\/web\\\/#\\\/schema\\\/logo\\\/image\\\/\"}}]}<\/script>\n<!-- \/ Yoast SEO plugin. -->","yoast_head_json":{"title":"La Justicia orden\u00f3 a los medios abstenerse de difundir datos personales de Pampita - Fm Gente","robots":{"index":"index","follow":"follow","max-snippet":"max-snippet:-1","max-image-preview":"max-image-preview:large","max-video-preview":"max-video-preview:-1"},"canonical":"https:\/\/fmgente.com.ar\/web\/la-justicia-ordeno-a-los-medios-abstenerse-de-difundir-datos-personales-de-pampita\/","og_locale":"es_ES","og_type":"article","og_title":"La Justicia orden\u00f3 a los medios abstenerse de difundir datos personales de Pampita - Fm Gente","og_description":"Buenos Aires, 26 febrero (NA) \u2013 El Juzgado Nacional de Primera Instancia en lo Civil","og_url":"https:\/\/fmgente.com.ar\/web\/la-justicia-ordeno-a-los-medios-abstenerse-de-difundir-datos-personales-de-pampita\/","og_site_name":"Fm Gente","article_published_time":"2026-02-26T20:15:44+00:00","twitter_card":"summary_large_image","twitter_misc":{"Tiempo de lectura":"1 minuto"},"schema":{"@context":"https:\/\/schema.org","@graph":[{"@type":"Article","@id":"https:\/\/fmgente.com.ar\/web\/la-justicia-ordeno-a-los-medios-abstenerse-de-difundir-datos-personales-de-pampita\/#article","isPartOf":{"@id":"https:\/\/fmgente.com.ar\/web\/la-justicia-ordeno-a-los-medios-abstenerse-de-difundir-datos-personales-de-pampita\/"},"author":{"name":"","@id":""},"headline":"La Justicia orden\u00f3 a los medios abstenerse de difundir datos personales de Pampita","datePublished":"2026-02-26T20:15:44+00:00","mainEntityOfPage":{"@id":"https:\/\/fmgente.com.ar\/web\/la-justicia-ordeno-a-los-medios-abstenerse-de-difundir-datos-personales-de-pampita\/"},"wordCount":253,"publisher":{"@id":"https:\/\/fmgente.com.ar\/web\/#organization"},"image":{"@id":"https:\/\/fmgente.com.ar\/web\/la-justicia-ordeno-a-los-medios-abstenerse-de-difundir-datos-personales-de-pampita\/#primaryimage"},"thumbnailUrl":"https:\/\/fmgente.com.ar\/web\/wp-content\/uploads\/2026\/02\/720-115.jpeg","articleSection":["DESTACADAS"],"inLanguage":"es"},{"@type":"WebPage","@id":"https:\/\/fmgente.com.ar\/web\/la-justicia-ordeno-a-los-medios-abstenerse-de-difundir-datos-personales-de-pampita\/","url":"https:\/\/fmgente.com.ar\/web\/la-justicia-ordeno-a-los-medios-abstenerse-de-difundir-datos-personales-de-pampita\/","name":"La Justicia orden\u00f3 a los medios abstenerse de difundir datos personales de Pampita - Fm Gente","isPartOf":{"@id":"https:\/\/fmgente.com.ar\/web\/#website"},"primaryImageOfPage":{"@id":"https:\/\/fmgente.com.ar\/web\/la-justicia-ordeno-a-los-medios-abstenerse-de-difundir-datos-personales-de-pampita\/#primaryimage"},"image":{"@id":"https:\/\/fmgente.com.ar\/web\/la-justicia-ordeno-a-los-medios-abstenerse-de-difundir-datos-personales-de-pampita\/#primaryimage"},"thumbnailUrl":"https:\/\/fmgente.com.ar\/web\/wp-content\/uploads\/2026\/02\/720-115.jpeg","datePublished":"2026-02-26T20:15:44+00:00","inLanguage":"es","potentialAction":[{"@type":"ReadAction","target":["https:\/\/fmgente.com.ar\/web\/la-justicia-ordeno-a-los-medios-abstenerse-de-difundir-datos-personales-de-pampita\/"]}]},{"@type":"ImageObject","inLanguage":"es","@id":"https:\/\/fmgente.com.ar\/web\/la-justicia-ordeno-a-los-medios-abstenerse-de-difundir-datos-personales-de-pampita\/#primaryimage","url":"https:\/\/fmgente.com.ar\/web\/wp-content\/uploads\/2026\/02\/720-115.jpeg","contentUrl":"https:\/\/fmgente.com.ar\/web\/wp-content\/uploads\/2026\/02\/720-115.jpeg","width":1043,"height":720},{"@type":"WebSite","@id":"https:\/\/fmgente.com.ar\/web\/#website","url":"https:\/\/fmgente.com.ar\/web\/","name":"Fm Gente","description":"- Jes\u00fas Mar\u00eda","publisher":{"@id":"https:\/\/fmgente.com.ar\/web\/#organization"},"potentialAction":[{"@type":"SearchAction","target":{"@type":"EntryPoint","urlTemplate":"https:\/\/fmgente.com.ar\/web\/?s={search_term_string}"},"query-input":{"@type":"PropertyValueSpecification","valueRequired":true,"valueName":"search_term_string"}}],"inLanguage":"es"},{"@type":"Organization","@id":"https:\/\/fmgente.com.ar\/web\/#organization","name":"Fm Gente","url":"https:\/\/fmgente.com.ar\/web\/","logo":{"@type":"ImageObject","inLanguage":"es","@id":"https:\/\/fmgente.com.ar\/web\/#\/schema\/logo\/image\/","url":"https:\/\/fmgente.com.ar\/web\/wp-content\/uploads\/2023\/07\/cropped-cropped-logo-sombra2.png","contentUrl":"https:\/\/fmgente.com.ar\/web\/wp-content\/uploads\/2023\/07\/cropped-cropped-logo-sombra2.png","width":1782,"height":1782,"caption":"Fm Gente"},"image":{"@id":"https:\/\/fmgente.com.ar\/web\/#\/schema\/logo\/image\/"}}]}},"_links":{"self":[{"href":"https:\/\/fmgente.com.ar\/web\/wp-json\/wp\/v2\/posts\/13139","targetHints":{"allow":["GET"]}}],"collection":[{"href":"https:\/\/fmgente.com.ar\/web\/wp-json\/wp\/v2\/posts"}],"about":[{"href":"https:\/\/fmgente.com.ar\/web\/wp-json\/wp\/v2\/types\/post"}],"replies":[{"embeddable":true,"href":"https:\/\/fmgente.com.ar\/web\/wp-json\/wp\/v2\/comments?post=13139"}],"version-history":[{"count":0,"href":"https:\/\/fmgente.com.ar\/web\/wp-json\/wp\/v2\/posts\/13139\/revisions"}],"wp:featuredmedia":[{"embeddable":true,"href":"https:\/\/fmgente.com.ar\/web\/wp-json\/wp\/v2\/media\/13140"}],"wp:attachment":[{"href":"https:\/\/fmgente.com.ar\/web\/wp-json\/wp\/v2\/media?parent=13139"}],"wp:term":[{"taxonomy":"category","embeddable":true,"href":"https:\/\/fmgente.com.ar\/web\/wp-json\/wp\/v2\/categories?post=13139"},{"taxonomy":"post_tag","embeddable":true,"href":"https:\/\/fmgente.com.ar\/web\/wp-json\/wp\/v2\/tags?post=13139"}],"curies":[{"name":"wp","href":"https:\/\/api.w.org\/{rel}","templated":true}]}}