{"id":13137,"date":"2026-02-26T17:15:43","date_gmt":"2026-02-26T20:15:43","guid":{"rendered":"https:\/\/fmgente.com.ar\/web\/detienen-a-un-subcomisario-de-san-vicente-por-presuntas-maniobras-en-el-deposito-judicial\/"},"modified":"2026-02-26T17:15:43","modified_gmt":"2026-02-26T20:15:43","slug":"detienen-a-un-subcomisario-de-san-vicente-por-presuntas-maniobras-en-el-deposito-judicial","status":"publish","type":"post","link":"https:\/\/fmgente.com.ar\/web\/detienen-a-un-subcomisario-de-san-vicente-por-presuntas-maniobras-en-el-deposito-judicial\/","title":{"rendered":"Detienen a un subcomisario de San Vicente por presuntas maniobras en el Dep\u00f3sito Judicial"},"content":{"rendered":"<p>Buenos Aires, 26 febrero (NA) &#8211; Un subcomisario de San Vicente fue detenido en las \u00faltimas horas en el marco de una investigaci\u00f3n por presuntas irregularidades vinculadas al Dep\u00f3sito Judicial de veh\u00edculos del distrito, donde se detectaron faltantes y cambios de autopartes en autos secuestrados.<\/p>\n<p>Seg\u00fan supo la Agencia Noticias Argentinas, la causa se origin\u00f3 por maniobras sospechosas que, seg\u00fan la pesquisa, inclu\u00edan decisiones operativas llamativas: se investiga si el funcionario habr\u00eda ordenado retirar la custodia policial del predio, dej\u00e1ndolo sin vigilancia en determinados momentos.<\/p>\n<p>En la investigaci\u00f3n tambi\u00e9n aparecen testimonios que describen una secuencia delicada: el subcomisario habr\u00eda anticipado que pasar\u00eda por el dep\u00f3sito a buscar autopartes \u201cpara su veh\u00edculo\u201d, mientras los peritos y la instrucci\u00f3n confirmaban faltantes y reemplazos de piezas en unidades bajo resguardo judicial.<\/p>\n<p>El operativo incluy\u00f3 un allanamiento y la intervenci\u00f3n de una fiscal\u00eda descentralizada, con participaci\u00f3n de Asuntos Internos, en una l\u00ednea de trabajo que apunta a reconstruir c\u00f3mo se administraba el dep\u00f3sito, qu\u00e9 controles exist\u00edan y si hubo m\u00e1s involucrados.<\/p>\n<p>El caso vuelve a poner la lupa sobre un punto ciego recurrente en los distritos: dep\u00f3sitos de secuestros que acumulan veh\u00edculos, repuestos y chatarra con alto valor de reventa, y donde cualquier relajamiento del control puede convertirse en una caja negra dif\u00edcil de auditar.<\/p>\n<p>#AgenciaNA<\/p>\n","protected":false},"excerpt":{"rendered":"<p>Buenos Aires, 26 febrero (NA) &#8211; Un subcomisario de San Vicente fue detenido en las<\/p>\n","protected":false},"author":0,"featured_media":13138,"comment_status":"","ping_status":"","sticky":false,"template":"","format":"standard","meta":{"footnotes":""},"categories":[11],"tags":[],"class_list":["post-13137","post","type-post","status-publish","format-standard","has-post-thumbnail","hentry","category-destacadas"],"yoast_head":"<!-- This site is optimized with the Yoast SEO plugin v27.4 - https:\/\/yoast.com\/product\/yoast-seo-wordpress\/ -->\n<title>Detienen a un subcomisario de San Vicente por presuntas maniobras en el Dep\u00f3sito Judicial - Fm Gente<\/title>\n<meta name=\"robots\" content=\"index, follow, max-snippet:-1, max-image-preview:large, max-video-preview:-1\" \/>\n<link rel=\"canonical\" href=\"https:\/\/fmgente.com.ar\/web\/detienen-a-un-subcomisario-de-san-vicente-por-presuntas-maniobras-en-el-deposito-judicial\/\" \/>\n<meta property=\"og:locale\" content=\"es_ES\" \/>\n<meta property=\"og:type\" content=\"article\" \/>\n<meta property=\"og:title\" content=\"Detienen a un subcomisario de San Vicente por presuntas maniobras en el Dep\u00f3sito Judicial - Fm Gente\" \/>\n<meta property=\"og:description\" content=\"Buenos Aires, 26 febrero (NA) &#8211; Un subcomisario de San Vicente fue detenido en las\" \/>\n<meta property=\"og:url\" content=\"https:\/\/fmgente.com.ar\/web\/detienen-a-un-subcomisario-de-san-vicente-por-presuntas-maniobras-en-el-deposito-judicial\/\" \/>\n<meta property=\"og:site_name\" content=\"Fm Gente\" \/>\n<meta property=\"article:published_time\" content=\"2026-02-26T20:15:43+00:00\" \/>\n<meta name=\"twitter:card\" content=\"summary_large_image\" \/>\n<meta name=\"twitter:label1\" content=\"Tiempo de lectura\" \/>\n\t<meta name=\"twitter:data1\" content=\"1 minuto\" \/>\n<script type=\"application\/ld+json\" class=\"yoast-schema-graph\">{\"@context\":\"https:\\\/\\\/schema.org\",\"@graph\":[{\"@type\":\"Article\",\"@id\":\"https:\\\/\\\/fmgente.com.ar\\\/web\\\/detienen-a-un-subcomisario-de-san-vicente-por-presuntas-maniobras-en-el-deposito-judicial\\\/#article\",\"isPartOf\":{\"@id\":\"https:\\\/\\\/fmgente.com.ar\\\/web\\\/detienen-a-un-subcomisario-de-san-vicente-por-presuntas-maniobras-en-el-deposito-judicial\\\/\"},\"author\":{\"name\":\"\",\"@id\":\"\"},\"headline\":\"Detienen a un subcomisario de San Vicente por presuntas maniobras en el Dep\u00f3sito Judicial\",\"datePublished\":\"2026-02-26T20:15:43+00:00\",\"mainEntityOfPage\":{\"@id\":\"https:\\\/\\\/fmgente.com.ar\\\/web\\\/detienen-a-un-subcomisario-de-san-vicente-por-presuntas-maniobras-en-el-deposito-judicial\\\/\"},\"wordCount\":252,\"publisher\":{\"@id\":\"https:\\\/\\\/fmgente.com.ar\\\/web\\\/#organization\"},\"image\":{\"@id\":\"https:\\\/\\\/fmgente.com.ar\\\/web\\\/detienen-a-un-subcomisario-de-san-vicente-por-presuntas-maniobras-en-el-deposito-judicial\\\/#primaryimage\"},\"thumbnailUrl\":\"https:\\\/\\\/fmgente.com.ar\\\/web\\\/wp-content\\\/uploads\\\/2026\\\/02\\\/720-114.jpeg\",\"articleSection\":[\"DESTACADAS\"],\"inLanguage\":\"es\"},{\"@type\":\"WebPage\",\"@id\":\"https:\\\/\\\/fmgente.com.ar\\\/web\\\/detienen-a-un-subcomisario-de-san-vicente-por-presuntas-maniobras-en-el-deposito-judicial\\\/\",\"url\":\"https:\\\/\\\/fmgente.com.ar\\\/web\\\/detienen-a-un-subcomisario-de-san-vicente-por-presuntas-maniobras-en-el-deposito-judicial\\\/\",\"name\":\"Detienen a un subcomisario de San Vicente por presuntas maniobras en el Dep\u00f3sito Judicial - Fm Gente\",\"isPartOf\":{\"@id\":\"https:\\\/\\\/fmgente.com.ar\\\/web\\\/#website\"},\"primaryImageOfPage\":{\"@id\":\"https:\\\/\\\/fmgente.com.ar\\\/web\\\/detienen-a-un-subcomisario-de-san-vicente-por-presuntas-maniobras-en-el-deposito-judicial\\\/#primaryimage\"},\"image\":{\"@id\":\"https:\\\/\\\/fmgente.com.ar\\\/web\\\/detienen-a-un-subcomisario-de-san-vicente-por-presuntas-maniobras-en-el-deposito-judicial\\\/#primaryimage\"},\"thumbnailUrl\":\"https:\\\/\\\/fmgente.com.ar\\\/web\\\/wp-content\\\/uploads\\\/2026\\\/02\\\/720-114.jpeg\",\"datePublished\":\"2026-02-26T20:15:43+00:00\",\"inLanguage\":\"es\",\"potentialAction\":[{\"@type\":\"ReadAction\",\"target\":[\"https:\\\/\\\/fmgente.com.ar\\\/web\\\/detienen-a-un-subcomisario-de-san-vicente-por-presuntas-maniobras-en-el-deposito-judicial\\\/\"]}]},{\"@type\":\"ImageObject\",\"inLanguage\":\"es\",\"@id\":\"https:\\\/\\\/fmgente.com.ar\\\/web\\\/detienen-a-un-subcomisario-de-san-vicente-por-presuntas-maniobras-en-el-deposito-judicial\\\/#primaryimage\",\"url\":\"https:\\\/\\\/fmgente.com.ar\\\/web\\\/wp-content\\\/uploads\\\/2026\\\/02\\\/720-114.jpeg\",\"contentUrl\":\"https:\\\/\\\/fmgente.com.ar\\\/web\\\/wp-content\\\/uploads\\\/2026\\\/02\\\/720-114.jpeg\",\"width\":1081,\"height\":720},{\"@type\":\"WebSite\",\"@id\":\"https:\\\/\\\/fmgente.com.ar\\\/web\\\/#website\",\"url\":\"https:\\\/\\\/fmgente.com.ar\\\/web\\\/\",\"name\":\"Fm Gente\",\"description\":\"- Jes\u00fas Mar\u00eda\",\"publisher\":{\"@id\":\"https:\\\/\\\/fmgente.com.ar\\\/web\\\/#organization\"},\"potentialAction\":[{\"@type\":\"SearchAction\",\"target\":{\"@type\":\"EntryPoint\",\"urlTemplate\":\"https:\\\/\\\/fmgente.com.ar\\\/web\\\/?s={search_term_string}\"},\"query-input\":{\"@type\":\"PropertyValueSpecification\",\"valueRequired\":true,\"valueName\":\"search_term_string\"}}],\"inLanguage\":\"es\"},{\"@type\":\"Organization\",\"@id\":\"https:\\\/\\\/fmgente.com.ar\\\/web\\\/#organization\",\"name\":\"Fm Gente\",\"url\":\"https:\\\/\\\/fmgente.com.ar\\\/web\\\/\",\"logo\":{\"@type\":\"ImageObject\",\"inLanguage\":\"es\",\"@id\":\"https:\\\/\\\/fmgente.com.ar\\\/web\\\/#\\\/schema\\\/logo\\\/image\\\/\",\"url\":\"https:\\\/\\\/fmgente.com.ar\\\/web\\\/wp-content\\\/uploads\\\/2023\\\/07\\\/cropped-cropped-logo-sombra2.png\",\"contentUrl\":\"https:\\\/\\\/fmgente.com.ar\\\/web\\\/wp-content\\\/uploads\\\/2023\\\/07\\\/cropped-cropped-logo-sombra2.png\",\"width\":1782,\"height\":1782,\"caption\":\"Fm Gente\"},\"image\":{\"@id\":\"https:\\\/\\\/fmgente.com.ar\\\/web\\\/#\\\/schema\\\/logo\\\/image\\\/\"}}]}<\/script>\n<!-- \/ Yoast SEO plugin. -->","yoast_head_json":{"title":"Detienen a un subcomisario de San Vicente por presuntas maniobras en el Dep\u00f3sito Judicial - Fm Gente","robots":{"index":"index","follow":"follow","max-snippet":"max-snippet:-1","max-image-preview":"max-image-preview:large","max-video-preview":"max-video-preview:-1"},"canonical":"https:\/\/fmgente.com.ar\/web\/detienen-a-un-subcomisario-de-san-vicente-por-presuntas-maniobras-en-el-deposito-judicial\/","og_locale":"es_ES","og_type":"article","og_title":"Detienen a un subcomisario de San Vicente por presuntas maniobras en el Dep\u00f3sito Judicial - Fm Gente","og_description":"Buenos Aires, 26 febrero (NA) &#8211; Un subcomisario de San Vicente fue detenido en las","og_url":"https:\/\/fmgente.com.ar\/web\/detienen-a-un-subcomisario-de-san-vicente-por-presuntas-maniobras-en-el-deposito-judicial\/","og_site_name":"Fm Gente","article_published_time":"2026-02-26T20:15:43+00:00","twitter_card":"summary_large_image","twitter_misc":{"Tiempo de lectura":"1 minuto"},"schema":{"@context":"https:\/\/schema.org","@graph":[{"@type":"Article","@id":"https:\/\/fmgente.com.ar\/web\/detienen-a-un-subcomisario-de-san-vicente-por-presuntas-maniobras-en-el-deposito-judicial\/#article","isPartOf":{"@id":"https:\/\/fmgente.com.ar\/web\/detienen-a-un-subcomisario-de-san-vicente-por-presuntas-maniobras-en-el-deposito-judicial\/"},"author":{"name":"","@id":""},"headline":"Detienen a un subcomisario de San Vicente por presuntas maniobras en el Dep\u00f3sito Judicial","datePublished":"2026-02-26T20:15:43+00:00","mainEntityOfPage":{"@id":"https:\/\/fmgente.com.ar\/web\/detienen-a-un-subcomisario-de-san-vicente-por-presuntas-maniobras-en-el-deposito-judicial\/"},"wordCount":252,"publisher":{"@id":"https:\/\/fmgente.com.ar\/web\/#organization"},"image":{"@id":"https:\/\/fmgente.com.ar\/web\/detienen-a-un-subcomisario-de-san-vicente-por-presuntas-maniobras-en-el-deposito-judicial\/#primaryimage"},"thumbnailUrl":"https:\/\/fmgente.com.ar\/web\/wp-content\/uploads\/2026\/02\/720-114.jpeg","articleSection":["DESTACADAS"],"inLanguage":"es"},{"@type":"WebPage","@id":"https:\/\/fmgente.com.ar\/web\/detienen-a-un-subcomisario-de-san-vicente-por-presuntas-maniobras-en-el-deposito-judicial\/","url":"https:\/\/fmgente.com.ar\/web\/detienen-a-un-subcomisario-de-san-vicente-por-presuntas-maniobras-en-el-deposito-judicial\/","name":"Detienen a un subcomisario de San Vicente por presuntas maniobras en el Dep\u00f3sito Judicial - Fm Gente","isPartOf":{"@id":"https:\/\/fmgente.com.ar\/web\/#website"},"primaryImageOfPage":{"@id":"https:\/\/fmgente.com.ar\/web\/detienen-a-un-subcomisario-de-san-vicente-por-presuntas-maniobras-en-el-deposito-judicial\/#primaryimage"},"image":{"@id":"https:\/\/fmgente.com.ar\/web\/detienen-a-un-subcomisario-de-san-vicente-por-presuntas-maniobras-en-el-deposito-judicial\/#primaryimage"},"thumbnailUrl":"https:\/\/fmgente.com.ar\/web\/wp-content\/uploads\/2026\/02\/720-114.jpeg","datePublished":"2026-02-26T20:15:43+00:00","inLanguage":"es","potentialAction":[{"@type":"ReadAction","target":["https:\/\/fmgente.com.ar\/web\/detienen-a-un-subcomisario-de-san-vicente-por-presuntas-maniobras-en-el-deposito-judicial\/"]}]},{"@type":"ImageObject","inLanguage":"es","@id":"https:\/\/fmgente.com.ar\/web\/detienen-a-un-subcomisario-de-san-vicente-por-presuntas-maniobras-en-el-deposito-judicial\/#primaryimage","url":"https:\/\/fmgente.com.ar\/web\/wp-content\/uploads\/2026\/02\/720-114.jpeg","contentUrl":"https:\/\/fmgente.com.ar\/web\/wp-content\/uploads\/2026\/02\/720-114.jpeg","width":1081,"height":720},{"@type":"WebSite","@id":"https:\/\/fmgente.com.ar\/web\/#website","url":"https:\/\/fmgente.com.ar\/web\/","name":"Fm Gente","description":"- Jes\u00fas Mar\u00eda","publisher":{"@id":"https:\/\/fmgente.com.ar\/web\/#organization"},"potentialAction":[{"@type":"SearchAction","target":{"@type":"EntryPoint","urlTemplate":"https:\/\/fmgente.com.ar\/web\/?s={search_term_string}"},"query-input":{"@type":"PropertyValueSpecification","valueRequired":true,"valueName":"search_term_string"}}],"inLanguage":"es"},{"@type":"Organization","@id":"https:\/\/fmgente.com.ar\/web\/#organization","name":"Fm Gente","url":"https:\/\/fmgente.com.ar\/web\/","logo":{"@type":"ImageObject","inLanguage":"es","@id":"https:\/\/fmgente.com.ar\/web\/#\/schema\/logo\/image\/","url":"https:\/\/fmgente.com.ar\/web\/wp-content\/uploads\/2023\/07\/cropped-cropped-logo-sombra2.png","contentUrl":"https:\/\/fmgente.com.ar\/web\/wp-content\/uploads\/2023\/07\/cropped-cropped-logo-sombra2.png","width":1782,"height":1782,"caption":"Fm Gente"},"image":{"@id":"https:\/\/fmgente.com.ar\/web\/#\/schema\/logo\/image\/"}}]}},"_links":{"self":[{"href":"https:\/\/fmgente.com.ar\/web\/wp-json\/wp\/v2\/posts\/13137","targetHints":{"allow":["GET"]}}],"collection":[{"href":"https:\/\/fmgente.com.ar\/web\/wp-json\/wp\/v2\/posts"}],"about":[{"href":"https:\/\/fmgente.com.ar\/web\/wp-json\/wp\/v2\/types\/post"}],"replies":[{"embeddable":true,"href":"https:\/\/fmgente.com.ar\/web\/wp-json\/wp\/v2\/comments?post=13137"}],"version-history":[{"count":0,"href":"https:\/\/fmgente.com.ar\/web\/wp-json\/wp\/v2\/posts\/13137\/revisions"}],"wp:featuredmedia":[{"embeddable":true,"href":"https:\/\/fmgente.com.ar\/web\/wp-json\/wp\/v2\/media\/13138"}],"wp:attachment":[{"href":"https:\/\/fmgente.com.ar\/web\/wp-json\/wp\/v2\/media?parent=13137"}],"wp:term":[{"taxonomy":"category","embeddable":true,"href":"https:\/\/fmgente.com.ar\/web\/wp-json\/wp\/v2\/categories?post=13137"},{"taxonomy":"post_tag","embeddable":true,"href":"https:\/\/fmgente.com.ar\/web\/wp-json\/wp\/v2\/tags?post=13137"}],"curies":[{"name":"wp","href":"https:\/\/api.w.org\/{rel}","templated":true}]}}