{"id":13135,"date":"2026-02-26T17:15:43","date_gmt":"2026-02-26T20:15:43","guid":{"rendered":"https:\/\/fmgente.com.ar\/web\/la-plata-denuncian-basurales-cronicos-y-crece-la-alerta-por-riesgo-sanitario-y-ambiental\/"},"modified":"2026-02-26T17:15:43","modified_gmt":"2026-02-26T20:15:43","slug":"la-plata-denuncian-basurales-cronicos-y-crece-la-alerta-por-riesgo-sanitario-y-ambiental","status":"publish","type":"post","link":"https:\/\/fmgente.com.ar\/web\/la-plata-denuncian-basurales-cronicos-y-crece-la-alerta-por-riesgo-sanitario-y-ambiental\/","title":{"rendered":"La Plata: denuncian basurales cr\u00f3nicos y crece la alerta por riesgo sanitario y ambiental"},"content":{"rendered":"<p>Buenos Aires, 26 febrero (NA) &#8211; Vecinos de barrios del oeste platense volvieron a denunciar la presencia de basura acumulada y microbasurales en la v\u00eda p\u00fablica, con quejas por la falta de respuestas y preocupaci\u00f3n por el impacto sanitario y ambiental.<\/p>\n<p>Seg\u00fan supo la Agencia Noticias Argentinas, los reclamos apuntan a una postal repetida: contenedores rebalsados, bolsas desparramadas y residuos que quedan varios d\u00edas en esquinas y espacios abiertos, una combinaci\u00f3n que favorece olores, roedores y focos de contaminaci\u00f3n.<\/p>\n<p>La problem\u00e1tica, seg\u00fan describen frentistas, se extiende por distintos puntos y no aparece como un hecho aislado, sino como un deterioro sostenido que se arrastra desde hace meses, con impacto directo en la vida cotidiana de los barrios.<\/p>\n<p>En un escenario de temperaturas altas, la acumulaci\u00f3n de residuos se vuelve todav\u00eda m\u00e1s sensible: crecen los riesgos de vectores y se incrementa el reclamo por controles, saneamiento y presencia municipal en los puntos cr\u00edticos.<\/p>\n<p>El tema tambi\u00e9n deja expuesto un debate de fondo: la distancia entre la demanda vecinal y la respuesta operativa, en una ciudad donde la limpieza urbana se transforma en term\u00f3metro visible de gesti\u00f3n y coordinaci\u00f3n territorial.<\/p>\n<p>#AgenciaNA<\/p>\n","protected":false},"excerpt":{"rendered":"<p>Buenos Aires, 26 febrero (NA) &#8211; Vecinos de barrios del oeste platense volvieron a denunciar<\/p>\n","protected":false},"author":0,"featured_media":13136,"comment_status":"","ping_status":"","sticky":false,"template":"","format":"standard","meta":{"footnotes":""},"categories":[11],"tags":[],"class_list":["post-13135","post","type-post","status-publish","format-standard","has-post-thumbnail","hentry","category-destacadas"],"yoast_head":"<!-- This site is optimized with the Yoast SEO plugin v27.4 - https:\/\/yoast.com\/product\/yoast-seo-wordpress\/ -->\n<title>La Plata: denuncian basurales cr\u00f3nicos y crece la alerta por riesgo sanitario y ambiental - Fm Gente<\/title>\n<meta name=\"robots\" content=\"index, follow, max-snippet:-1, max-image-preview:large, max-video-preview:-1\" \/>\n<link rel=\"canonical\" href=\"https:\/\/fmgente.com.ar\/web\/la-plata-denuncian-basurales-cronicos-y-crece-la-alerta-por-riesgo-sanitario-y-ambiental\/\" \/>\n<meta property=\"og:locale\" content=\"es_ES\" \/>\n<meta property=\"og:type\" content=\"article\" \/>\n<meta property=\"og:title\" content=\"La Plata: denuncian basurales cr\u00f3nicos y crece la alerta por riesgo sanitario y ambiental - Fm Gente\" \/>\n<meta property=\"og:description\" content=\"Buenos Aires, 26 febrero (NA) &#8211; Vecinos de barrios del oeste platense volvieron a denunciar\" \/>\n<meta property=\"og:url\" content=\"https:\/\/fmgente.com.ar\/web\/la-plata-denuncian-basurales-cronicos-y-crece-la-alerta-por-riesgo-sanitario-y-ambiental\/\" \/>\n<meta property=\"og:site_name\" content=\"Fm Gente\" \/>\n<meta property=\"article:published_time\" content=\"2026-02-26T20:15:43+00:00\" \/>\n<meta name=\"twitter:card\" content=\"summary_large_image\" \/>\n<meta name=\"twitter:label1\" content=\"Tiempo de lectura\" \/>\n\t<meta name=\"twitter:data1\" content=\"1 minuto\" \/>\n<script type=\"application\/ld+json\" class=\"yoast-schema-graph\">{\"@context\":\"https:\\\/\\\/schema.org\",\"@graph\":[{\"@type\":\"Article\",\"@id\":\"https:\\\/\\\/fmgente.com.ar\\\/web\\\/la-plata-denuncian-basurales-cronicos-y-crece-la-alerta-por-riesgo-sanitario-y-ambiental\\\/#article\",\"isPartOf\":{\"@id\":\"https:\\\/\\\/fmgente.com.ar\\\/web\\\/la-plata-denuncian-basurales-cronicos-y-crece-la-alerta-por-riesgo-sanitario-y-ambiental\\\/\"},\"author\":{\"name\":\"\",\"@id\":\"\"},\"headline\":\"La Plata: denuncian basurales cr\u00f3nicos y crece la alerta por riesgo sanitario y ambiental\",\"datePublished\":\"2026-02-26T20:15:43+00:00\",\"mainEntityOfPage\":{\"@id\":\"https:\\\/\\\/fmgente.com.ar\\\/web\\\/la-plata-denuncian-basurales-cronicos-y-crece-la-alerta-por-riesgo-sanitario-y-ambiental\\\/\"},\"wordCount\":220,\"publisher\":{\"@id\":\"https:\\\/\\\/fmgente.com.ar\\\/web\\\/#organization\"},\"image\":{\"@id\":\"https:\\\/\\\/fmgente.com.ar\\\/web\\\/la-plata-denuncian-basurales-cronicos-y-crece-la-alerta-por-riesgo-sanitario-y-ambiental\\\/#primaryimage\"},\"thumbnailUrl\":\"https:\\\/\\\/fmgente.com.ar\\\/web\\\/wp-content\\\/uploads\\\/2026\\\/02\\\/720-113.jpeg\",\"articleSection\":[\"DESTACADAS\"],\"inLanguage\":\"es\"},{\"@type\":\"WebPage\",\"@id\":\"https:\\\/\\\/fmgente.com.ar\\\/web\\\/la-plata-denuncian-basurales-cronicos-y-crece-la-alerta-por-riesgo-sanitario-y-ambiental\\\/\",\"url\":\"https:\\\/\\\/fmgente.com.ar\\\/web\\\/la-plata-denuncian-basurales-cronicos-y-crece-la-alerta-por-riesgo-sanitario-y-ambiental\\\/\",\"name\":\"La Plata: denuncian basurales cr\u00f3nicos y crece la alerta por riesgo sanitario y ambiental - Fm Gente\",\"isPartOf\":{\"@id\":\"https:\\\/\\\/fmgente.com.ar\\\/web\\\/#website\"},\"primaryImageOfPage\":{\"@id\":\"https:\\\/\\\/fmgente.com.ar\\\/web\\\/la-plata-denuncian-basurales-cronicos-y-crece-la-alerta-por-riesgo-sanitario-y-ambiental\\\/#primaryimage\"},\"image\":{\"@id\":\"https:\\\/\\\/fmgente.com.ar\\\/web\\\/la-plata-denuncian-basurales-cronicos-y-crece-la-alerta-por-riesgo-sanitario-y-ambiental\\\/#primaryimage\"},\"thumbnailUrl\":\"https:\\\/\\\/fmgente.com.ar\\\/web\\\/wp-content\\\/uploads\\\/2026\\\/02\\\/720-113.jpeg\",\"datePublished\":\"2026-02-26T20:15:43+00:00\",\"inLanguage\":\"es\",\"potentialAction\":[{\"@type\":\"ReadAction\",\"target\":[\"https:\\\/\\\/fmgente.com.ar\\\/web\\\/la-plata-denuncian-basurales-cronicos-y-crece-la-alerta-por-riesgo-sanitario-y-ambiental\\\/\"]}]},{\"@type\":\"ImageObject\",\"inLanguage\":\"es\",\"@id\":\"https:\\\/\\\/fmgente.com.ar\\\/web\\\/la-plata-denuncian-basurales-cronicos-y-crece-la-alerta-por-riesgo-sanitario-y-ambiental\\\/#primaryimage\",\"url\":\"https:\\\/\\\/fmgente.com.ar\\\/web\\\/wp-content\\\/uploads\\\/2026\\\/02\\\/720-113.jpeg\",\"contentUrl\":\"https:\\\/\\\/fmgente.com.ar\\\/web\\\/wp-content\\\/uploads\\\/2026\\\/02\\\/720-113.jpeg\",\"width\":1115,\"height\":720},{\"@type\":\"WebSite\",\"@id\":\"https:\\\/\\\/fmgente.com.ar\\\/web\\\/#website\",\"url\":\"https:\\\/\\\/fmgente.com.ar\\\/web\\\/\",\"name\":\"Fm Gente\",\"description\":\"- Jes\u00fas Mar\u00eda\",\"publisher\":{\"@id\":\"https:\\\/\\\/fmgente.com.ar\\\/web\\\/#organization\"},\"potentialAction\":[{\"@type\":\"SearchAction\",\"target\":{\"@type\":\"EntryPoint\",\"urlTemplate\":\"https:\\\/\\\/fmgente.com.ar\\\/web\\\/?s={search_term_string}\"},\"query-input\":{\"@type\":\"PropertyValueSpecification\",\"valueRequired\":true,\"valueName\":\"search_term_string\"}}],\"inLanguage\":\"es\"},{\"@type\":\"Organization\",\"@id\":\"https:\\\/\\\/fmgente.com.ar\\\/web\\\/#organization\",\"name\":\"Fm Gente\",\"url\":\"https:\\\/\\\/fmgente.com.ar\\\/web\\\/\",\"logo\":{\"@type\":\"ImageObject\",\"inLanguage\":\"es\",\"@id\":\"https:\\\/\\\/fmgente.com.ar\\\/web\\\/#\\\/schema\\\/logo\\\/image\\\/\",\"url\":\"https:\\\/\\\/fmgente.com.ar\\\/web\\\/wp-content\\\/uploads\\\/2023\\\/07\\\/cropped-cropped-logo-sombra2.png\",\"contentUrl\":\"https:\\\/\\\/fmgente.com.ar\\\/web\\\/wp-content\\\/uploads\\\/2023\\\/07\\\/cropped-cropped-logo-sombra2.png\",\"width\":1782,\"height\":1782,\"caption\":\"Fm Gente\"},\"image\":{\"@id\":\"https:\\\/\\\/fmgente.com.ar\\\/web\\\/#\\\/schema\\\/logo\\\/image\\\/\"}}]}<\/script>\n<!-- \/ Yoast SEO plugin. -->","yoast_head_json":{"title":"La Plata: denuncian basurales cr\u00f3nicos y crece la alerta por riesgo sanitario y ambiental - Fm Gente","robots":{"index":"index","follow":"follow","max-snippet":"max-snippet:-1","max-image-preview":"max-image-preview:large","max-video-preview":"max-video-preview:-1"},"canonical":"https:\/\/fmgente.com.ar\/web\/la-plata-denuncian-basurales-cronicos-y-crece-la-alerta-por-riesgo-sanitario-y-ambiental\/","og_locale":"es_ES","og_type":"article","og_title":"La Plata: denuncian basurales cr\u00f3nicos y crece la alerta por riesgo sanitario y ambiental - Fm Gente","og_description":"Buenos Aires, 26 febrero (NA) &#8211; Vecinos de barrios del oeste platense volvieron a denunciar","og_url":"https:\/\/fmgente.com.ar\/web\/la-plata-denuncian-basurales-cronicos-y-crece-la-alerta-por-riesgo-sanitario-y-ambiental\/","og_site_name":"Fm Gente","article_published_time":"2026-02-26T20:15:43+00:00","twitter_card":"summary_large_image","twitter_misc":{"Tiempo de lectura":"1 minuto"},"schema":{"@context":"https:\/\/schema.org","@graph":[{"@type":"Article","@id":"https:\/\/fmgente.com.ar\/web\/la-plata-denuncian-basurales-cronicos-y-crece-la-alerta-por-riesgo-sanitario-y-ambiental\/#article","isPartOf":{"@id":"https:\/\/fmgente.com.ar\/web\/la-plata-denuncian-basurales-cronicos-y-crece-la-alerta-por-riesgo-sanitario-y-ambiental\/"},"author":{"name":"","@id":""},"headline":"La Plata: denuncian basurales cr\u00f3nicos y crece la alerta por riesgo sanitario y ambiental","datePublished":"2026-02-26T20:15:43+00:00","mainEntityOfPage":{"@id":"https:\/\/fmgente.com.ar\/web\/la-plata-denuncian-basurales-cronicos-y-crece-la-alerta-por-riesgo-sanitario-y-ambiental\/"},"wordCount":220,"publisher":{"@id":"https:\/\/fmgente.com.ar\/web\/#organization"},"image":{"@id":"https:\/\/fmgente.com.ar\/web\/la-plata-denuncian-basurales-cronicos-y-crece-la-alerta-por-riesgo-sanitario-y-ambiental\/#primaryimage"},"thumbnailUrl":"https:\/\/fmgente.com.ar\/web\/wp-content\/uploads\/2026\/02\/720-113.jpeg","articleSection":["DESTACADAS"],"inLanguage":"es"},{"@type":"WebPage","@id":"https:\/\/fmgente.com.ar\/web\/la-plata-denuncian-basurales-cronicos-y-crece-la-alerta-por-riesgo-sanitario-y-ambiental\/","url":"https:\/\/fmgente.com.ar\/web\/la-plata-denuncian-basurales-cronicos-y-crece-la-alerta-por-riesgo-sanitario-y-ambiental\/","name":"La Plata: denuncian basurales cr\u00f3nicos y crece la alerta por riesgo sanitario y ambiental - Fm Gente","isPartOf":{"@id":"https:\/\/fmgente.com.ar\/web\/#website"},"primaryImageOfPage":{"@id":"https:\/\/fmgente.com.ar\/web\/la-plata-denuncian-basurales-cronicos-y-crece-la-alerta-por-riesgo-sanitario-y-ambiental\/#primaryimage"},"image":{"@id":"https:\/\/fmgente.com.ar\/web\/la-plata-denuncian-basurales-cronicos-y-crece-la-alerta-por-riesgo-sanitario-y-ambiental\/#primaryimage"},"thumbnailUrl":"https:\/\/fmgente.com.ar\/web\/wp-content\/uploads\/2026\/02\/720-113.jpeg","datePublished":"2026-02-26T20:15:43+00:00","inLanguage":"es","potentialAction":[{"@type":"ReadAction","target":["https:\/\/fmgente.com.ar\/web\/la-plata-denuncian-basurales-cronicos-y-crece-la-alerta-por-riesgo-sanitario-y-ambiental\/"]}]},{"@type":"ImageObject","inLanguage":"es","@id":"https:\/\/fmgente.com.ar\/web\/la-plata-denuncian-basurales-cronicos-y-crece-la-alerta-por-riesgo-sanitario-y-ambiental\/#primaryimage","url":"https:\/\/fmgente.com.ar\/web\/wp-content\/uploads\/2026\/02\/720-113.jpeg","contentUrl":"https:\/\/fmgente.com.ar\/web\/wp-content\/uploads\/2026\/02\/720-113.jpeg","width":1115,"height":720},{"@type":"WebSite","@id":"https:\/\/fmgente.com.ar\/web\/#website","url":"https:\/\/fmgente.com.ar\/web\/","name":"Fm Gente","description":"- Jes\u00fas Mar\u00eda","publisher":{"@id":"https:\/\/fmgente.com.ar\/web\/#organization"},"potentialAction":[{"@type":"SearchAction","target":{"@type":"EntryPoint","urlTemplate":"https:\/\/fmgente.com.ar\/web\/?s={search_term_string}"},"query-input":{"@type":"PropertyValueSpecification","valueRequired":true,"valueName":"search_term_string"}}],"inLanguage":"es"},{"@type":"Organization","@id":"https:\/\/fmgente.com.ar\/web\/#organization","name":"Fm Gente","url":"https:\/\/fmgente.com.ar\/web\/","logo":{"@type":"ImageObject","inLanguage":"es","@id":"https:\/\/fmgente.com.ar\/web\/#\/schema\/logo\/image\/","url":"https:\/\/fmgente.com.ar\/web\/wp-content\/uploads\/2023\/07\/cropped-cropped-logo-sombra2.png","contentUrl":"https:\/\/fmgente.com.ar\/web\/wp-content\/uploads\/2023\/07\/cropped-cropped-logo-sombra2.png","width":1782,"height":1782,"caption":"Fm Gente"},"image":{"@id":"https:\/\/fmgente.com.ar\/web\/#\/schema\/logo\/image\/"}}]}},"_links":{"self":[{"href":"https:\/\/fmgente.com.ar\/web\/wp-json\/wp\/v2\/posts\/13135","targetHints":{"allow":["GET"]}}],"collection":[{"href":"https:\/\/fmgente.com.ar\/web\/wp-json\/wp\/v2\/posts"}],"about":[{"href":"https:\/\/fmgente.com.ar\/web\/wp-json\/wp\/v2\/types\/post"}],"replies":[{"embeddable":true,"href":"https:\/\/fmgente.com.ar\/web\/wp-json\/wp\/v2\/comments?post=13135"}],"version-history":[{"count":0,"href":"https:\/\/fmgente.com.ar\/web\/wp-json\/wp\/v2\/posts\/13135\/revisions"}],"wp:featuredmedia":[{"embeddable":true,"href":"https:\/\/fmgente.com.ar\/web\/wp-json\/wp\/v2\/media\/13136"}],"wp:attachment":[{"href":"https:\/\/fmgente.com.ar\/web\/wp-json\/wp\/v2\/media?parent=13135"}],"wp:term":[{"taxonomy":"category","embeddable":true,"href":"https:\/\/fmgente.com.ar\/web\/wp-json\/wp\/v2\/categories?post=13135"},{"taxonomy":"post_tag","embeddable":true,"href":"https:\/\/fmgente.com.ar\/web\/wp-json\/wp\/v2\/tags?post=13135"}],"curies":[{"name":"wp","href":"https:\/\/api.w.org\/{rel}","templated":true}]}}