{"id":13132,"date":"2026-02-26T16:45:32","date_gmt":"2026-02-26T19:45:32","guid":{"rendered":"https:\/\/fmgente.com.ar\/web\/que-va-a-pasar-con-el-dolar-en-el-corto-plazo-segun-uno-de-los-analistas-mas-escuchados\/"},"modified":"2026-02-26T16:45:32","modified_gmt":"2026-02-26T19:45:32","slug":"que-va-a-pasar-con-el-dolar-en-el-corto-plazo-segun-uno-de-los-analistas-mas-escuchados","status":"publish","type":"post","link":"https:\/\/fmgente.com.ar\/web\/que-va-a-pasar-con-el-dolar-en-el-corto-plazo-segun-uno-de-los-analistas-mas-escuchados\/","title":{"rendered":"Qu\u00e9 va a pasar con el d\u00f3lar en el corto plazo, seg\u00fan uno de los analistas m\u00e1s escuchados"},"content":{"rendered":"<p>Pese a la suba del d\u00f3lar de los \u00faltimos d\u00edas, la City porte\u00f1a atraviesa un per\u00edodo de relativa <b>calma cambiaria<\/b>, con el blue $ 100 por debajo del valor al que abri\u00f3 el a\u00f1o. Este retroceso de la cotizaci\u00f3n del <b>d\u00f3lar<\/b>, <a href=\"https:\/\/www.cronista.com\/finanzas-mercados\/dolar-abajo-de-1400-es-bueno-o-malo-para-argentina\/\" target=\"_blank\" rel=\"noreferrer\" title=\"https:\/\/www.cronista.com\/finanzas-mercados\/dolar-abajo-de-1400-es-bueno-o-malo-para-argentina\/\">que lleg\u00f3 incluso a perforar la barrera de los $1400<\/a>, tiene una explicaci\u00f3n.<\/p>\n<p>Para el economista <b>Fernando Marull<\/b>, esta tendencia responde a un <b>combo de factores<\/b> donde la abundancia de divisas y la retracci\u00f3n de la demanda juegan un papel central. <\/p>\n<p>\u201cEst\u00e1n entrando muchos d\u00f3lares por el agro, por la miner\u00eda, por el petr\u00f3leo, d\u00f3lares financieros de empresas <a href=\"https:\/\/www.cronista.com\/finanzas-mercados\/ahorristas-se-volcaron-al-nuevo-bono-en-dolares-y-crece-la-expectativa-por-nueva-emision\/\" target=\"_blank\" rel=\"noreferrer\" title=\"https:\/\/www.cronista.com\/finanzas-mercados\/ahorristas-se-volcaron-al-nuevo-bono-en-dolares-y-crece-la-expectativa-por-nueva-emision\/\">que colocaron deudas y est\u00e1n tomando pr\u00e9stamos<\/a>, est\u00e1 muy fluida la oferta\u201d, explic\u00f3 el especialista en una entrevista con Radio Rivadavia.<\/p>\n<p>Por el lado de la demanda, en tanto, Marull subray\u00f3: \u201cTuvimos un furor hasta las elecciones y despu\u00e9s los argentinos nos fuimos de vacaciones, <b>aflojamos con el p\u00e1nico y ya no salimos desesperados a comprar<\/b>\u201d. <\/p>\n<p>Esta combinaci\u00f3n de factores, sumada a un esquema de \u201ctasas de inter\u00e9s m\u00e1s atractivas\u201d, provoc\u00f3 que el apetito por la divisa estadounidense <b>disminuya sensiblemente<\/b>: <u>\u201cHace varias semanas que viene ganando el plazo fijo como opci\u00f3n m\u00e1s interesante\u201d.<\/u><\/p>\n<p>Otro pilar que sostiene esta <i>pax<\/i> cambiaria es el comportamiento de las cuentas externas, \u201c<a href=\"https:\/\/www.cronista.com\/economia-politica\/importaciones-la-otra-cara-del-elevado-superavit-comercial-y-las-luces-amarillas\/\" target=\"_blank\" rel=\"noreferrer\" title=\"https:\/\/www.cronista.com\/economia-politica\/importaciones-la-otra-cara-del-elevado-superavit-comercial-y-las-luces-amarillas\/\">con importaciones que no est\u00e1n pag\u00e1ndose tanto<\/a>, <b>hace tres o cuatro meses que vienen bajando<\/b>\u201d. <\/p>\n<p><img loading=\"lazy\" decoding=\"async\" src=\"https:\/\/www.cronista.com\/resizer\/v2\/E5B4KEFZYZBKLLHNARO3M6BHC4.jpg?auth=0a7df4479d61bc91a8af9ebc708efd14152ba1f8b2ecddfac24b1dc60a99e85e&amp;smart=true&amp;width=1200&amp;height=900\" alt=\"\" height=\"900\" width=\"1200\" \/><\/p>\n<p>Con este escenario, el mercado parece haber encontrado un nuevo <b>equilibrio t\u00e9cnico<\/b>. \u201cLlegamos a un d\u00f3lar que pasa de $ 1500 a $ 1400 por estas situaciones. Esta cotizaci\u00f3n nos dice que hay una <u><b>relativa estabilidad<\/b><\/u>, <b>no parece que vaya a moverse mucho<\/b>. Los drivers que lo est\u00e1n moviendo no parece que vayan a cambiar en el corto plazo\u201d, vaticina el economista.<\/p>\n<p>En el frente financiero, el foco sigue puesto en el costo del dinero. Las tasas interbancarias mostraron en los \u00faltimos d\u00edas una volatilidad descendente que, seg\u00fan Marull, \u201c<b>va a ir arrastrando tambi\u00e9n a la baja otras tasas<\/b>, como las de adelanto de cuenta corriente\u201d, oxigenando el costo de financiamiento para las empresas.<\/p>\n<p>Sin embargo, <u>advirti\u00f3 que no todos los segmentos correr\u00e1n la misma suerte:<\/u> \u201cNo s\u00e9 si van a bajar las de pr\u00e9stamos personales, porque <a href=\"https:\/\/www.cronista.com\/finanzas-mercados\/crece-la-morosidad-de-las-familias-ya-roza-el-10\/\" target=\"_blank\" rel=\"noreferrer\" title=\"https:\/\/www.cronista.com\/finanzas-mercados\/crece-la-morosidad-de-las-familias-ya-roza-el-10\/\">ah\u00ed hay un problema con la mora que puede complicar<\/a> la cartera de cr\u00e9dito de los bancos\u201d.<\/p>\n<h2>\u00bfEs momento de liberar el cepo por completo?<\/h2>\n<p>Respecto al debate sobre la salida del cepo, Marull se alinea con quienes ven una <b>ventana de oportunidad inmediata<\/b>.<\/p>\n<p>\u201cSoy de los que piensan que hay que <b>aprovechar este momento para eliminar restricciones<\/b>, va a ser un primer semestre con muchos d\u00f3lares\u201d, asegur\u00f3.<\/p>\n<p>Bajo esta \u00f3ptica, <u>el mercado actual se percibe como una anomal\u00eda que el Gobierno deber\u00eda capitalizar<\/u>. \u201cLa oferta entra toda libre, pero la demanda sigue acotada, est\u00e1 medio desequilibrado. En abril van a empezar a demandar dividendos las empresas,<b> eso va a sumar demanda<\/b>, pero falta levantar restricciones todav\u00eda\u201d, apunt\u00f3.<\/p>\n<p>Mientras tanto, el Banco Central contin\u00faa con su rol de <a href=\"https:\/\/www.cronista.com\/finanzas-mercados\/el-bcra-sigue-con-la-acumulacion-de-dolares-las-reservas-se-acercan-a-los-us-47000-millones\/\" target=\"_blank\" rel=\"noreferrer\" title=\"https:\/\/www.cronista.com\/finanzas-mercados\/el-bcra-sigue-con-la-acumulacion-de-dolares-las-reservas-se-acercan-a-los-us-47000-millones\/\">aspiradora de divisas para evitar un retraso cambiario mayor.<\/a> Marull destaca que la autoridad monetaria viene \u201ccumpliendo lo que hab\u00edan adelantado a finales del a\u00f1o pasado, al estar la demanda acotada, <b>alguien tiene que comprar esos d\u00f3lares <\/b>porque sino iba a caer mucho m\u00e1s\u201d. <\/p>\n<p>Con la mirada puesta en el segundo trimestre, concluy\u00f3: \u201cEn abril y mayo viene la cosecha, posiblemente se acelere la compra del Central, <b>con este esquema van a seguir comprando<\/b>\u201d.<\/p>\n","protected":false},"excerpt":{"rendered":"<p>Pese a la suba del d\u00f3lar de los \u00faltimos d\u00edas, la City porte\u00f1a atraviesa un<\/p>\n","protected":false},"author":0,"featured_media":0,"comment_status":"","ping_status":"","sticky":false,"template":"","format":"standard","meta":{"footnotes":""},"categories":[11],"tags":[],"class_list":["post-13132","post","type-post","status-publish","format-standard","hentry","category-destacadas"],"yoast_head":"<!-- This site is optimized with the Yoast SEO plugin v27.4 - https:\/\/yoast.com\/product\/yoast-seo-wordpress\/ -->\n<title>Qu\u00e9 va a pasar con el d\u00f3lar en el corto plazo, seg\u00fan uno de los analistas m\u00e1s escuchados - Fm Gente<\/title>\n<meta name=\"robots\" content=\"index, follow, max-snippet:-1, max-image-preview:large, max-video-preview:-1\" \/>\n<link rel=\"canonical\" href=\"https:\/\/fmgente.com.ar\/web\/que-va-a-pasar-con-el-dolar-en-el-corto-plazo-segun-uno-de-los-analistas-mas-escuchados\/\" \/>\n<meta property=\"og:locale\" content=\"es_ES\" \/>\n<meta property=\"og:type\" content=\"article\" \/>\n<meta property=\"og:title\" content=\"Qu\u00e9 va a pasar con el d\u00f3lar en el corto plazo, seg\u00fan uno de los analistas m\u00e1s escuchados - Fm Gente\" \/>\n<meta property=\"og:description\" content=\"Pese a la suba del d\u00f3lar de los \u00faltimos d\u00edas, la City porte\u00f1a atraviesa un\" \/>\n<meta property=\"og:url\" content=\"https:\/\/fmgente.com.ar\/web\/que-va-a-pasar-con-el-dolar-en-el-corto-plazo-segun-uno-de-los-analistas-mas-escuchados\/\" \/>\n<meta property=\"og:site_name\" content=\"Fm Gente\" \/>\n<meta property=\"article:published_time\" content=\"2026-02-26T19:45:32+00:00\" \/>\n<meta property=\"og:image\" content=\"https:\/\/www.cronista.com\/resizer\/v2\/E5B4KEFZYZBKLLHNARO3M6BHC4.jpg?auth=0a7df4479d61bc91a8af9ebc708efd14152ba1f8b2ecddfac24b1dc60a99e85e&amp;smart=true&amp;width=1200&amp;height=900\" \/>\n<meta name=\"twitter:card\" content=\"summary_large_image\" \/>\n<meta name=\"twitter:label1\" content=\"Tiempo de lectura\" \/>\n\t<meta name=\"twitter:data1\" content=\"3 minutos\" \/>\n<script type=\"application\/ld+json\" class=\"yoast-schema-graph\">{\"@context\":\"https:\\\/\\\/schema.org\",\"@graph\":[{\"@type\":\"Article\",\"@id\":\"https:\\\/\\\/fmgente.com.ar\\\/web\\\/que-va-a-pasar-con-el-dolar-en-el-corto-plazo-segun-uno-de-los-analistas-mas-escuchados\\\/#article\",\"isPartOf\":{\"@id\":\"https:\\\/\\\/fmgente.com.ar\\\/web\\\/que-va-a-pasar-con-el-dolar-en-el-corto-plazo-segun-uno-de-los-analistas-mas-escuchados\\\/\"},\"author\":{\"name\":\"\",\"@id\":\"\"},\"headline\":\"Qu\u00e9 va a pasar con el d\u00f3lar en el corto plazo, seg\u00fan uno de los analistas m\u00e1s escuchados\",\"datePublished\":\"2026-02-26T19:45:32+00:00\",\"mainEntityOfPage\":{\"@id\":\"https:\\\/\\\/fmgente.com.ar\\\/web\\\/que-va-a-pasar-con-el-dolar-en-el-corto-plazo-segun-uno-de-los-analistas-mas-escuchados\\\/\"},\"wordCount\":618,\"publisher\":{\"@id\":\"https:\\\/\\\/fmgente.com.ar\\\/web\\\/#organization\"},\"image\":{\"@id\":\"https:\\\/\\\/fmgente.com.ar\\\/web\\\/que-va-a-pasar-con-el-dolar-en-el-corto-plazo-segun-uno-de-los-analistas-mas-escuchados\\\/#primaryimage\"},\"thumbnailUrl\":\"https:\\\/\\\/www.cronista.com\\\/resizer\\\/v2\\\/E5B4KEFZYZBKLLHNARO3M6BHC4.jpg?auth=0a7df4479d61bc91a8af9ebc708efd14152ba1f8b2ecddfac24b1dc60a99e85e&amp;smart=true&amp;width=1200&amp;height=900\",\"articleSection\":[\"DESTACADAS\"],\"inLanguage\":\"es\"},{\"@type\":\"WebPage\",\"@id\":\"https:\\\/\\\/fmgente.com.ar\\\/web\\\/que-va-a-pasar-con-el-dolar-en-el-corto-plazo-segun-uno-de-los-analistas-mas-escuchados\\\/\",\"url\":\"https:\\\/\\\/fmgente.com.ar\\\/web\\\/que-va-a-pasar-con-el-dolar-en-el-corto-plazo-segun-uno-de-los-analistas-mas-escuchados\\\/\",\"name\":\"Qu\u00e9 va a pasar con el d\u00f3lar en el corto plazo, seg\u00fan uno de los analistas m\u00e1s escuchados - Fm Gente\",\"isPartOf\":{\"@id\":\"https:\\\/\\\/fmgente.com.ar\\\/web\\\/#website\"},\"primaryImageOfPage\":{\"@id\":\"https:\\\/\\\/fmgente.com.ar\\\/web\\\/que-va-a-pasar-con-el-dolar-en-el-corto-plazo-segun-uno-de-los-analistas-mas-escuchados\\\/#primaryimage\"},\"image\":{\"@id\":\"https:\\\/\\\/fmgente.com.ar\\\/web\\\/que-va-a-pasar-con-el-dolar-en-el-corto-plazo-segun-uno-de-los-analistas-mas-escuchados\\\/#primaryimage\"},\"thumbnailUrl\":\"https:\\\/\\\/www.cronista.com\\\/resizer\\\/v2\\\/E5B4KEFZYZBKLLHNARO3M6BHC4.jpg?auth=0a7df4479d61bc91a8af9ebc708efd14152ba1f8b2ecddfac24b1dc60a99e85e&amp;smart=true&amp;width=1200&amp;height=900\",\"datePublished\":\"2026-02-26T19:45:32+00:00\",\"inLanguage\":\"es\",\"potentialAction\":[{\"@type\":\"ReadAction\",\"target\":[\"https:\\\/\\\/fmgente.com.ar\\\/web\\\/que-va-a-pasar-con-el-dolar-en-el-corto-plazo-segun-uno-de-los-analistas-mas-escuchados\\\/\"]}]},{\"@type\":\"ImageObject\",\"inLanguage\":\"es\",\"@id\":\"https:\\\/\\\/fmgente.com.ar\\\/web\\\/que-va-a-pasar-con-el-dolar-en-el-corto-plazo-segun-uno-de-los-analistas-mas-escuchados\\\/#primaryimage\",\"url\":\"https:\\\/\\\/www.cronista.com\\\/resizer\\\/v2\\\/E5B4KEFZYZBKLLHNARO3M6BHC4.jpg?auth=0a7df4479d61bc91a8af9ebc708efd14152ba1f8b2ecddfac24b1dc60a99e85e&amp;smart=true&amp;width=1200&amp;height=900\",\"contentUrl\":\"https:\\\/\\\/www.cronista.com\\\/resizer\\\/v2\\\/E5B4KEFZYZBKLLHNARO3M6BHC4.jpg?auth=0a7df4479d61bc91a8af9ebc708efd14152ba1f8b2ecddfac24b1dc60a99e85e&amp;smart=true&amp;width=1200&amp;height=900\"},{\"@type\":\"WebSite\",\"@id\":\"https:\\\/\\\/fmgente.com.ar\\\/web\\\/#website\",\"url\":\"https:\\\/\\\/fmgente.com.ar\\\/web\\\/\",\"name\":\"Fm Gente\",\"description\":\"- Jes\u00fas Mar\u00eda\",\"publisher\":{\"@id\":\"https:\\\/\\\/fmgente.com.ar\\\/web\\\/#organization\"},\"potentialAction\":[{\"@type\":\"SearchAction\",\"target\":{\"@type\":\"EntryPoint\",\"urlTemplate\":\"https:\\\/\\\/fmgente.com.ar\\\/web\\\/?s={search_term_string}\"},\"query-input\":{\"@type\":\"PropertyValueSpecification\",\"valueRequired\":true,\"valueName\":\"search_term_string\"}}],\"inLanguage\":\"es\"},{\"@type\":\"Organization\",\"@id\":\"https:\\\/\\\/fmgente.com.ar\\\/web\\\/#organization\",\"name\":\"Fm Gente\",\"url\":\"https:\\\/\\\/fmgente.com.ar\\\/web\\\/\",\"logo\":{\"@type\":\"ImageObject\",\"inLanguage\":\"es\",\"@id\":\"https:\\\/\\\/fmgente.com.ar\\\/web\\\/#\\\/schema\\\/logo\\\/image\\\/\",\"url\":\"https:\\\/\\\/fmgente.com.ar\\\/web\\\/wp-content\\\/uploads\\\/2023\\\/07\\\/cropped-cropped-logo-sombra2.png\",\"contentUrl\":\"https:\\\/\\\/fmgente.com.ar\\\/web\\\/wp-content\\\/uploads\\\/2023\\\/07\\\/cropped-cropped-logo-sombra2.png\",\"width\":1782,\"height\":1782,\"caption\":\"Fm Gente\"},\"image\":{\"@id\":\"https:\\\/\\\/fmgente.com.ar\\\/web\\\/#\\\/schema\\\/logo\\\/image\\\/\"}}]}<\/script>\n<!-- \/ Yoast SEO plugin. -->","yoast_head_json":{"title":"Qu\u00e9 va a pasar con el d\u00f3lar en el corto plazo, seg\u00fan uno de los analistas m\u00e1s escuchados - Fm Gente","robots":{"index":"index","follow":"follow","max-snippet":"max-snippet:-1","max-image-preview":"max-image-preview:large","max-video-preview":"max-video-preview:-1"},"canonical":"https:\/\/fmgente.com.ar\/web\/que-va-a-pasar-con-el-dolar-en-el-corto-plazo-segun-uno-de-los-analistas-mas-escuchados\/","og_locale":"es_ES","og_type":"article","og_title":"Qu\u00e9 va a pasar con el d\u00f3lar en el corto plazo, seg\u00fan uno de los analistas m\u00e1s escuchados - Fm Gente","og_description":"Pese a la suba del d\u00f3lar de los \u00faltimos d\u00edas, la City porte\u00f1a atraviesa un","og_url":"https:\/\/fmgente.com.ar\/web\/que-va-a-pasar-con-el-dolar-en-el-corto-plazo-segun-uno-de-los-analistas-mas-escuchados\/","og_site_name":"Fm Gente","article_published_time":"2026-02-26T19:45:32+00:00","og_image":[{"url":"https:\/\/www.cronista.com\/resizer\/v2\/E5B4KEFZYZBKLLHNARO3M6BHC4.jpg?auth=0a7df4479d61bc91a8af9ebc708efd14152ba1f8b2ecddfac24b1dc60a99e85e&amp;smart=true&amp;width=1200&amp;height=900","type":"","width":"","height":""}],"twitter_card":"summary_large_image","twitter_misc":{"Tiempo de lectura":"3 minutos"},"schema":{"@context":"https:\/\/schema.org","@graph":[{"@type":"Article","@id":"https:\/\/fmgente.com.ar\/web\/que-va-a-pasar-con-el-dolar-en-el-corto-plazo-segun-uno-de-los-analistas-mas-escuchados\/#article","isPartOf":{"@id":"https:\/\/fmgente.com.ar\/web\/que-va-a-pasar-con-el-dolar-en-el-corto-plazo-segun-uno-de-los-analistas-mas-escuchados\/"},"author":{"name":"","@id":""},"headline":"Qu\u00e9 va a pasar con el d\u00f3lar en el corto plazo, seg\u00fan uno de los analistas m\u00e1s escuchados","datePublished":"2026-02-26T19:45:32+00:00","mainEntityOfPage":{"@id":"https:\/\/fmgente.com.ar\/web\/que-va-a-pasar-con-el-dolar-en-el-corto-plazo-segun-uno-de-los-analistas-mas-escuchados\/"},"wordCount":618,"publisher":{"@id":"https:\/\/fmgente.com.ar\/web\/#organization"},"image":{"@id":"https:\/\/fmgente.com.ar\/web\/que-va-a-pasar-con-el-dolar-en-el-corto-plazo-segun-uno-de-los-analistas-mas-escuchados\/#primaryimage"},"thumbnailUrl":"https:\/\/www.cronista.com\/resizer\/v2\/E5B4KEFZYZBKLLHNARO3M6BHC4.jpg?auth=0a7df4479d61bc91a8af9ebc708efd14152ba1f8b2ecddfac24b1dc60a99e85e&amp;smart=true&amp;width=1200&amp;height=900","articleSection":["DESTACADAS"],"inLanguage":"es"},{"@type":"WebPage","@id":"https:\/\/fmgente.com.ar\/web\/que-va-a-pasar-con-el-dolar-en-el-corto-plazo-segun-uno-de-los-analistas-mas-escuchados\/","url":"https:\/\/fmgente.com.ar\/web\/que-va-a-pasar-con-el-dolar-en-el-corto-plazo-segun-uno-de-los-analistas-mas-escuchados\/","name":"Qu\u00e9 va a pasar con el d\u00f3lar en el corto plazo, seg\u00fan uno de los analistas m\u00e1s escuchados - Fm Gente","isPartOf":{"@id":"https:\/\/fmgente.com.ar\/web\/#website"},"primaryImageOfPage":{"@id":"https:\/\/fmgente.com.ar\/web\/que-va-a-pasar-con-el-dolar-en-el-corto-plazo-segun-uno-de-los-analistas-mas-escuchados\/#primaryimage"},"image":{"@id":"https:\/\/fmgente.com.ar\/web\/que-va-a-pasar-con-el-dolar-en-el-corto-plazo-segun-uno-de-los-analistas-mas-escuchados\/#primaryimage"},"thumbnailUrl":"https:\/\/www.cronista.com\/resizer\/v2\/E5B4KEFZYZBKLLHNARO3M6BHC4.jpg?auth=0a7df4479d61bc91a8af9ebc708efd14152ba1f8b2ecddfac24b1dc60a99e85e&amp;smart=true&amp;width=1200&amp;height=900","datePublished":"2026-02-26T19:45:32+00:00","inLanguage":"es","potentialAction":[{"@type":"ReadAction","target":["https:\/\/fmgente.com.ar\/web\/que-va-a-pasar-con-el-dolar-en-el-corto-plazo-segun-uno-de-los-analistas-mas-escuchados\/"]}]},{"@type":"ImageObject","inLanguage":"es","@id":"https:\/\/fmgente.com.ar\/web\/que-va-a-pasar-con-el-dolar-en-el-corto-plazo-segun-uno-de-los-analistas-mas-escuchados\/#primaryimage","url":"https:\/\/www.cronista.com\/resizer\/v2\/E5B4KEFZYZBKLLHNARO3M6BHC4.jpg?auth=0a7df4479d61bc91a8af9ebc708efd14152ba1f8b2ecddfac24b1dc60a99e85e&amp;smart=true&amp;width=1200&amp;height=900","contentUrl":"https:\/\/www.cronista.com\/resizer\/v2\/E5B4KEFZYZBKLLHNARO3M6BHC4.jpg?auth=0a7df4479d61bc91a8af9ebc708efd14152ba1f8b2ecddfac24b1dc60a99e85e&amp;smart=true&amp;width=1200&amp;height=900"},{"@type":"WebSite","@id":"https:\/\/fmgente.com.ar\/web\/#website","url":"https:\/\/fmgente.com.ar\/web\/","name":"Fm Gente","description":"- Jes\u00fas Mar\u00eda","publisher":{"@id":"https:\/\/fmgente.com.ar\/web\/#organization"},"potentialAction":[{"@type":"SearchAction","target":{"@type":"EntryPoint","urlTemplate":"https:\/\/fmgente.com.ar\/web\/?s={search_term_string}"},"query-input":{"@type":"PropertyValueSpecification","valueRequired":true,"valueName":"search_term_string"}}],"inLanguage":"es"},{"@type":"Organization","@id":"https:\/\/fmgente.com.ar\/web\/#organization","name":"Fm Gente","url":"https:\/\/fmgente.com.ar\/web\/","logo":{"@type":"ImageObject","inLanguage":"es","@id":"https:\/\/fmgente.com.ar\/web\/#\/schema\/logo\/image\/","url":"https:\/\/fmgente.com.ar\/web\/wp-content\/uploads\/2023\/07\/cropped-cropped-logo-sombra2.png","contentUrl":"https:\/\/fmgente.com.ar\/web\/wp-content\/uploads\/2023\/07\/cropped-cropped-logo-sombra2.png","width":1782,"height":1782,"caption":"Fm Gente"},"image":{"@id":"https:\/\/fmgente.com.ar\/web\/#\/schema\/logo\/image\/"}}]}},"_links":{"self":[{"href":"https:\/\/fmgente.com.ar\/web\/wp-json\/wp\/v2\/posts\/13132","targetHints":{"allow":["GET"]}}],"collection":[{"href":"https:\/\/fmgente.com.ar\/web\/wp-json\/wp\/v2\/posts"}],"about":[{"href":"https:\/\/fmgente.com.ar\/web\/wp-json\/wp\/v2\/types\/post"}],"replies":[{"embeddable":true,"href":"https:\/\/fmgente.com.ar\/web\/wp-json\/wp\/v2\/comments?post=13132"}],"version-history":[{"count":0,"href":"https:\/\/fmgente.com.ar\/web\/wp-json\/wp\/v2\/posts\/13132\/revisions"}],"wp:attachment":[{"href":"https:\/\/fmgente.com.ar\/web\/wp-json\/wp\/v2\/media?parent=13132"}],"wp:term":[{"taxonomy":"category","embeddable":true,"href":"https:\/\/fmgente.com.ar\/web\/wp-json\/wp\/v2\/categories?post=13132"},{"taxonomy":"post_tag","embeddable":true,"href":"https:\/\/fmgente.com.ar\/web\/wp-json\/wp\/v2\/tags?post=13132"}],"curies":[{"name":"wp","href":"https:\/\/api.w.org\/{rel}","templated":true}]}}