{"id":13130,"date":"2026-02-26T16:45:31","date_gmt":"2026-02-26T19:45:31","guid":{"rendered":"https:\/\/fmgente.com.ar\/web\/escandalo-en-davos-renuncia-el-jefe-del-foro-economico-mundial-por-sus-vinculos-con-epstein\/"},"modified":"2026-02-26T16:45:31","modified_gmt":"2026-02-26T19:45:31","slug":"escandalo-en-davos-renuncia-el-jefe-del-foro-economico-mundial-por-sus-vinculos-con-epstein","status":"publish","type":"post","link":"https:\/\/fmgente.com.ar\/web\/escandalo-en-davos-renuncia-el-jefe-del-foro-economico-mundial-por-sus-vinculos-con-epstein\/","title":{"rendered":"Esc\u00e1ndalo en Davos: renuncia el jefe del Foro Econ\u00f3mico Mundial por sus v\u00ednculos con Epstein"},"content":{"rendered":"<p>El presidente y director ejecutivo del Foro Econ\u00f3mico Mundial, <b>B\u00f8rge Brende, anunci\u00f3 su renuncia tras una investigaci\u00f3n interna del organismo sobre sus v\u00ednculos con el delincuente sexual Jeffrey Epstein.<\/b><\/p>\n<p>Brende se\u00f1al\u00f3 el jueves que su decisi\u00f3n de apartarse, despu\u00e9s de m\u00e1s de ocho a\u00f1os en el cargo, lleg\u00f3 <u>\u201ctras una cuidadosa consideraci\u00f3n\u201d<\/u>.<\/p>\n<p>\u201cEstoy agradecido por la incre\u00edble colaboraci\u00f3n con mis colegas, socios y miembros y <b>creo que ahora es el momento adecuado para que el Foro contin\u00fae su importante labor sin distracciones\u201d<\/b>, afirm\u00f3 en un comunicado.<\/p>\n<p>El <a href=\"https:\/\/www.cronista.com\/financial-times\/despues-de-davos-que-cambia-para-las-empresas-y-por-que-importa\/\" target=\"_blank\" rel=\"noreferrer\" title=\"https:\/\/www.cronista.com\/financial-times\/despues-de-davos-que-cambia-para-las-empresas-y-por-que-importa\/\">Foro Econ\u00f3mico Mundial<\/a>, conocido por su cumbre anual en <b>Davos<\/b>, Suiza, cada enero, inici\u00f3 la investigaci\u00f3n a principios de este mes tras la publicaci\u00f3n de millones de archivos sobre el <b>fallecido delincuente sexual Epstein<\/b> por parte del Departamento de Justicia de Estados Unidos.<\/p>\n<p>Brende es la \u00faltima figura de alto perfil afectada por las repercusiones de la difusi\u00f3n de los <b>archivos de Epstein<\/b>, despu\u00e9s de que <u>el exsecretario del Tesoro de EE.UU., <\/u><u><b>Lawrence Summers<\/b><\/u><u>, decidiera esta semana dejar su puesto como docente en la Universidad de Harvard.<\/u><\/p>\n<p><b>Hillary Clinton<\/b>, exsecretaria de Estado y ex primera dama de Estados Unidos, declarar\u00e1 el jueves ante legisladores del Congreso estadounidense en el marco de la investigaci\u00f3n sobre Epstein. Mientras tanto, el exembajador del Reino Unido en Estados Unidos, <b>Lord Peter Mandelson<\/b>, fue arrestado bajo sospecha de mala conducta en el ejercicio de funciones p\u00fablicas. Fue liberado bajo fianza y niega haber cometido irregularidades.<\/p>\n<p><img loading=\"lazy\" decoding=\"async\" src=\"https:\/\/www.cronista.com\/resizer\/v2\/5XYEPHKP3BELZKSFR7UQH5CTAU.png?auth=472107ac0c514ffd2eb441699ca6e885259fcacd42951b75de871735843b8c08&amp;smart=true&amp;width=1706&amp;height=960\" alt=\"Jeffrey Epstein se suicid\u00f3 en 2019 luego de ser condenado. Fuente: archivo.\" height=\"960\" width=\"1706\" \/><\/p>\n<p>En un comunicado, <b>los copresidentes del Foro Econ\u00f3mico Mundial, Andr\u00e9 Hoffmann y Larry Fink<\/b>, expresaron sobre la renuncia de Brende: \u201c<u>Deseamos expresar nuestro sincero agradecimiento por las importantes contribuciones de B\u00f8rge Brende al Foro Econ\u00f3mico Mundial.<\/u> Su dedicaci\u00f3n y liderazgo han sido fundamentales durante un per\u00edodo clave de reformas para la organizaci\u00f3n, que culmin\u00f3 en una exitosa reuni\u00f3n anual en Davos. <b>Respetamos su decisi\u00f3n de dimitir\u201d.<\/b><\/p>\n<p><b>Alois Zwinggi asumir\u00e1 como presidente y director ejecutivo interino<\/b> mientras el directorio supervisa la transici\u00f3n en el liderazgo.<\/p>\n<p>El conjunto de archivos del Departamento de Justicia muestra <b>intercambios de mensajes por iMessage entre Epstein y Brende en 2018 y 2019.<\/b> En uno de los mensajes, tras una cena, Brende escribi\u00f3: \u201cgracias por una cena muy interesante\u2026 Eres un anfitri\u00f3n brillante. Con afecto, Borge\u201d, y luego a\u00f1adi\u00f3: \u201cTe extra\u00f1o, se\u00f1or. Borge\u201d.<\/p>\n<p>En otro intercambio, despu\u00e9s de que Epstein detallara el asesoramiento que brindaba a un l\u00edder de Medio Oriente, Brende respondi\u00f3: \u201cCoincido. Me alegra que le est\u00e9s dando consejo\u201d. <u>Ambos tambi\u00e9n conversaron sobre Davos y posibles asistentes<\/u>.<\/p>\n<p>Los documentos indican que <b>Epstein parec\u00eda apuntar a figuras de alto nivel vinculadas al Foro, incluido Brende, buscando presentaciones e influencia en Davos<\/b>.<\/p>\n<p>La renuncia se produce en un momento particularmente sensible para la organizaci\u00f3n suiza, considerada durante mucho tiempo una plataforma estable de encuentro para \u00e9lites pol\u00edticas y empresariales, pero que enfrenta un escrutinio creciente desde distintos frentes. <u>En los \u00faltimos a\u00f1os, el Foro ha lidiado con cr\u00edticas sobre su gobernanza<\/u>.<\/p>\n<p>El fundador <b>Klaus Schwab<\/b>, quien dirigi\u00f3 la instituci\u00f3n desde su creaci\u00f3n en 1971, dej\u00f3 la presidencia del directorio en abril de 2025 en medio de un escrutinio interno impulsado por denuncias de informantes y cuestionamientos sobre la gobernanza. Fink y Hoffmann fueron designados en agosto para conducir al Foro a trav\u00e9s de <b>un proceso de reformas<\/b>.<\/p>\n<p>La investigaci\u00f3n sobre <b>la relaci\u00f3n de Brende con Epstein<\/b> \u2014sumada a las turbulencias provocadas por la salida de Schwab\u2014 ha alterado la planificaci\u00f3n de la sucesi\u00f3n en la presidencia del Foro. <a href=\"https:\/\/www.cronista.com\/financial-times\/europa-en-alerta-lagarde-abandonara-el-bce-antes-del-fin-de-su-mandato\/\" target=\"_blank\" rel=\"noreferrer\" title=\"https:\/\/www.cronista.com\/financial-times\/europa-en-alerta-lagarde-abandonara-el-bce-antes-del-fin-de-su-mandato\/\">La presidenta del Banco Central Europeo<\/a>, <b>Christine Lagarde<\/b>, quien era la sucesora elegida por Schwab,<b> \u201cya no es una opci\u00f3n asegurada\u201d para asumir el cargo<\/b>, seg\u00fan inform\u00f3 el <i>Financial Times<\/i> a comienzos de este mes.<\/p>\n","protected":false},"excerpt":{"rendered":"<p>El presidente y director ejecutivo del Foro Econ\u00f3mico Mundial, B\u00f8rge Brende, anunci\u00f3 su renuncia tras<\/p>\n","protected":false},"author":0,"featured_media":0,"comment_status":"","ping_status":"","sticky":false,"template":"","format":"standard","meta":{"footnotes":""},"categories":[11],"tags":[],"class_list":["post-13130","post","type-post","status-publish","format-standard","hentry","category-destacadas"],"yoast_head":"<!-- This site is optimized with the Yoast SEO plugin v27.4 - https:\/\/yoast.com\/product\/yoast-seo-wordpress\/ -->\n<title>Esc\u00e1ndalo en Davos: renuncia el jefe del Foro Econ\u00f3mico Mundial por sus v\u00ednculos con Epstein - Fm Gente<\/title>\n<meta name=\"robots\" content=\"index, follow, max-snippet:-1, max-image-preview:large, max-video-preview:-1\" \/>\n<link rel=\"canonical\" href=\"https:\/\/fmgente.com.ar\/web\/escandalo-en-davos-renuncia-el-jefe-del-foro-economico-mundial-por-sus-vinculos-con-epstein\/\" \/>\n<meta property=\"og:locale\" content=\"es_ES\" \/>\n<meta property=\"og:type\" content=\"article\" \/>\n<meta property=\"og:title\" content=\"Esc\u00e1ndalo en Davos: renuncia el jefe del Foro Econ\u00f3mico Mundial por sus v\u00ednculos con Epstein - Fm Gente\" \/>\n<meta property=\"og:description\" content=\"El presidente y director ejecutivo del Foro Econ\u00f3mico Mundial, B\u00f8rge Brende, anunci\u00f3 su renuncia tras\" \/>\n<meta property=\"og:url\" content=\"https:\/\/fmgente.com.ar\/web\/escandalo-en-davos-renuncia-el-jefe-del-foro-economico-mundial-por-sus-vinculos-con-epstein\/\" \/>\n<meta property=\"og:site_name\" content=\"Fm Gente\" \/>\n<meta property=\"article:published_time\" content=\"2026-02-26T19:45:31+00:00\" \/>\n<meta property=\"og:image\" content=\"https:\/\/www.cronista.com\/resizer\/v2\/5XYEPHKP3BELZKSFR7UQH5CTAU.png?auth=472107ac0c514ffd2eb441699ca6e885259fcacd42951b75de871735843b8c08&amp;smart=true&amp;width=1706&amp;height=960\" \/>\n<meta name=\"twitter:card\" content=\"summary_large_image\" \/>\n<meta name=\"twitter:label1\" content=\"Tiempo de lectura\" \/>\n\t<meta name=\"twitter:data1\" content=\"3 minutos\" \/>\n<script type=\"application\/ld+json\" class=\"yoast-schema-graph\">{\"@context\":\"https:\\\/\\\/schema.org\",\"@graph\":[{\"@type\":\"Article\",\"@id\":\"https:\\\/\\\/fmgente.com.ar\\\/web\\\/escandalo-en-davos-renuncia-el-jefe-del-foro-economico-mundial-por-sus-vinculos-con-epstein\\\/#article\",\"isPartOf\":{\"@id\":\"https:\\\/\\\/fmgente.com.ar\\\/web\\\/escandalo-en-davos-renuncia-el-jefe-del-foro-economico-mundial-por-sus-vinculos-con-epstein\\\/\"},\"author\":{\"name\":\"\",\"@id\":\"\"},\"headline\":\"Esc\u00e1ndalo en Davos: renuncia el jefe del Foro Econ\u00f3mico Mundial por sus v\u00ednculos con Epstein\",\"datePublished\":\"2026-02-26T19:45:31+00:00\",\"mainEntityOfPage\":{\"@id\":\"https:\\\/\\\/fmgente.com.ar\\\/web\\\/escandalo-en-davos-renuncia-el-jefe-del-foro-economico-mundial-por-sus-vinculos-con-epstein\\\/\"},\"wordCount\":669,\"publisher\":{\"@id\":\"https:\\\/\\\/fmgente.com.ar\\\/web\\\/#organization\"},\"image\":{\"@id\":\"https:\\\/\\\/fmgente.com.ar\\\/web\\\/escandalo-en-davos-renuncia-el-jefe-del-foro-economico-mundial-por-sus-vinculos-con-epstein\\\/#primaryimage\"},\"thumbnailUrl\":\"https:\\\/\\\/www.cronista.com\\\/resizer\\\/v2\\\/5XYEPHKP3BELZKSFR7UQH5CTAU.png?auth=472107ac0c514ffd2eb441699ca6e885259fcacd42951b75de871735843b8c08&amp;smart=true&amp;width=1706&amp;height=960\",\"articleSection\":[\"DESTACADAS\"],\"inLanguage\":\"es\"},{\"@type\":\"WebPage\",\"@id\":\"https:\\\/\\\/fmgente.com.ar\\\/web\\\/escandalo-en-davos-renuncia-el-jefe-del-foro-economico-mundial-por-sus-vinculos-con-epstein\\\/\",\"url\":\"https:\\\/\\\/fmgente.com.ar\\\/web\\\/escandalo-en-davos-renuncia-el-jefe-del-foro-economico-mundial-por-sus-vinculos-con-epstein\\\/\",\"name\":\"Esc\u00e1ndalo en Davos: renuncia el jefe del Foro Econ\u00f3mico Mundial por sus v\u00ednculos con Epstein - Fm Gente\",\"isPartOf\":{\"@id\":\"https:\\\/\\\/fmgente.com.ar\\\/web\\\/#website\"},\"primaryImageOfPage\":{\"@id\":\"https:\\\/\\\/fmgente.com.ar\\\/web\\\/escandalo-en-davos-renuncia-el-jefe-del-foro-economico-mundial-por-sus-vinculos-con-epstein\\\/#primaryimage\"},\"image\":{\"@id\":\"https:\\\/\\\/fmgente.com.ar\\\/web\\\/escandalo-en-davos-renuncia-el-jefe-del-foro-economico-mundial-por-sus-vinculos-con-epstein\\\/#primaryimage\"},\"thumbnailUrl\":\"https:\\\/\\\/www.cronista.com\\\/resizer\\\/v2\\\/5XYEPHKP3BELZKSFR7UQH5CTAU.png?auth=472107ac0c514ffd2eb441699ca6e885259fcacd42951b75de871735843b8c08&amp;smart=true&amp;width=1706&amp;height=960\",\"datePublished\":\"2026-02-26T19:45:31+00:00\",\"inLanguage\":\"es\",\"potentialAction\":[{\"@type\":\"ReadAction\",\"target\":[\"https:\\\/\\\/fmgente.com.ar\\\/web\\\/escandalo-en-davos-renuncia-el-jefe-del-foro-economico-mundial-por-sus-vinculos-con-epstein\\\/\"]}]},{\"@type\":\"ImageObject\",\"inLanguage\":\"es\",\"@id\":\"https:\\\/\\\/fmgente.com.ar\\\/web\\\/escandalo-en-davos-renuncia-el-jefe-del-foro-economico-mundial-por-sus-vinculos-con-epstein\\\/#primaryimage\",\"url\":\"https:\\\/\\\/www.cronista.com\\\/resizer\\\/v2\\\/5XYEPHKP3BELZKSFR7UQH5CTAU.png?auth=472107ac0c514ffd2eb441699ca6e885259fcacd42951b75de871735843b8c08&amp;smart=true&amp;width=1706&amp;height=960\",\"contentUrl\":\"https:\\\/\\\/www.cronista.com\\\/resizer\\\/v2\\\/5XYEPHKP3BELZKSFR7UQH5CTAU.png?auth=472107ac0c514ffd2eb441699ca6e885259fcacd42951b75de871735843b8c08&amp;smart=true&amp;width=1706&amp;height=960\"},{\"@type\":\"WebSite\",\"@id\":\"https:\\\/\\\/fmgente.com.ar\\\/web\\\/#website\",\"url\":\"https:\\\/\\\/fmgente.com.ar\\\/web\\\/\",\"name\":\"Fm Gente\",\"description\":\"- Jes\u00fas Mar\u00eda\",\"publisher\":{\"@id\":\"https:\\\/\\\/fmgente.com.ar\\\/web\\\/#organization\"},\"potentialAction\":[{\"@type\":\"SearchAction\",\"target\":{\"@type\":\"EntryPoint\",\"urlTemplate\":\"https:\\\/\\\/fmgente.com.ar\\\/web\\\/?s={search_term_string}\"},\"query-input\":{\"@type\":\"PropertyValueSpecification\",\"valueRequired\":true,\"valueName\":\"search_term_string\"}}],\"inLanguage\":\"es\"},{\"@type\":\"Organization\",\"@id\":\"https:\\\/\\\/fmgente.com.ar\\\/web\\\/#organization\",\"name\":\"Fm Gente\",\"url\":\"https:\\\/\\\/fmgente.com.ar\\\/web\\\/\",\"logo\":{\"@type\":\"ImageObject\",\"inLanguage\":\"es\",\"@id\":\"https:\\\/\\\/fmgente.com.ar\\\/web\\\/#\\\/schema\\\/logo\\\/image\\\/\",\"url\":\"https:\\\/\\\/fmgente.com.ar\\\/web\\\/wp-content\\\/uploads\\\/2023\\\/07\\\/cropped-cropped-logo-sombra2.png\",\"contentUrl\":\"https:\\\/\\\/fmgente.com.ar\\\/web\\\/wp-content\\\/uploads\\\/2023\\\/07\\\/cropped-cropped-logo-sombra2.png\",\"width\":1782,\"height\":1782,\"caption\":\"Fm Gente\"},\"image\":{\"@id\":\"https:\\\/\\\/fmgente.com.ar\\\/web\\\/#\\\/schema\\\/logo\\\/image\\\/\"}}]}<\/script>\n<!-- \/ Yoast SEO plugin. -->","yoast_head_json":{"title":"Esc\u00e1ndalo en Davos: renuncia el jefe del Foro Econ\u00f3mico Mundial por sus v\u00ednculos con Epstein - Fm Gente","robots":{"index":"index","follow":"follow","max-snippet":"max-snippet:-1","max-image-preview":"max-image-preview:large","max-video-preview":"max-video-preview:-1"},"canonical":"https:\/\/fmgente.com.ar\/web\/escandalo-en-davos-renuncia-el-jefe-del-foro-economico-mundial-por-sus-vinculos-con-epstein\/","og_locale":"es_ES","og_type":"article","og_title":"Esc\u00e1ndalo en Davos: renuncia el jefe del Foro Econ\u00f3mico Mundial por sus v\u00ednculos con Epstein - Fm Gente","og_description":"El presidente y director ejecutivo del Foro Econ\u00f3mico Mundial, B\u00f8rge Brende, anunci\u00f3 su renuncia tras","og_url":"https:\/\/fmgente.com.ar\/web\/escandalo-en-davos-renuncia-el-jefe-del-foro-economico-mundial-por-sus-vinculos-con-epstein\/","og_site_name":"Fm Gente","article_published_time":"2026-02-26T19:45:31+00:00","og_image":[{"url":"https:\/\/www.cronista.com\/resizer\/v2\/5XYEPHKP3BELZKSFR7UQH5CTAU.png?auth=472107ac0c514ffd2eb441699ca6e885259fcacd42951b75de871735843b8c08&amp;smart=true&amp;width=1706&amp;height=960","type":"","width":"","height":""}],"twitter_card":"summary_large_image","twitter_misc":{"Tiempo de lectura":"3 minutos"},"schema":{"@context":"https:\/\/schema.org","@graph":[{"@type":"Article","@id":"https:\/\/fmgente.com.ar\/web\/escandalo-en-davos-renuncia-el-jefe-del-foro-economico-mundial-por-sus-vinculos-con-epstein\/#article","isPartOf":{"@id":"https:\/\/fmgente.com.ar\/web\/escandalo-en-davos-renuncia-el-jefe-del-foro-economico-mundial-por-sus-vinculos-con-epstein\/"},"author":{"name":"","@id":""},"headline":"Esc\u00e1ndalo en Davos: renuncia el jefe del Foro Econ\u00f3mico Mundial por sus v\u00ednculos con Epstein","datePublished":"2026-02-26T19:45:31+00:00","mainEntityOfPage":{"@id":"https:\/\/fmgente.com.ar\/web\/escandalo-en-davos-renuncia-el-jefe-del-foro-economico-mundial-por-sus-vinculos-con-epstein\/"},"wordCount":669,"publisher":{"@id":"https:\/\/fmgente.com.ar\/web\/#organization"},"image":{"@id":"https:\/\/fmgente.com.ar\/web\/escandalo-en-davos-renuncia-el-jefe-del-foro-economico-mundial-por-sus-vinculos-con-epstein\/#primaryimage"},"thumbnailUrl":"https:\/\/www.cronista.com\/resizer\/v2\/5XYEPHKP3BELZKSFR7UQH5CTAU.png?auth=472107ac0c514ffd2eb441699ca6e885259fcacd42951b75de871735843b8c08&amp;smart=true&amp;width=1706&amp;height=960","articleSection":["DESTACADAS"],"inLanguage":"es"},{"@type":"WebPage","@id":"https:\/\/fmgente.com.ar\/web\/escandalo-en-davos-renuncia-el-jefe-del-foro-economico-mundial-por-sus-vinculos-con-epstein\/","url":"https:\/\/fmgente.com.ar\/web\/escandalo-en-davos-renuncia-el-jefe-del-foro-economico-mundial-por-sus-vinculos-con-epstein\/","name":"Esc\u00e1ndalo en Davos: renuncia el jefe del Foro Econ\u00f3mico Mundial por sus v\u00ednculos con Epstein - Fm Gente","isPartOf":{"@id":"https:\/\/fmgente.com.ar\/web\/#website"},"primaryImageOfPage":{"@id":"https:\/\/fmgente.com.ar\/web\/escandalo-en-davos-renuncia-el-jefe-del-foro-economico-mundial-por-sus-vinculos-con-epstein\/#primaryimage"},"image":{"@id":"https:\/\/fmgente.com.ar\/web\/escandalo-en-davos-renuncia-el-jefe-del-foro-economico-mundial-por-sus-vinculos-con-epstein\/#primaryimage"},"thumbnailUrl":"https:\/\/www.cronista.com\/resizer\/v2\/5XYEPHKP3BELZKSFR7UQH5CTAU.png?auth=472107ac0c514ffd2eb441699ca6e885259fcacd42951b75de871735843b8c08&amp;smart=true&amp;width=1706&amp;height=960","datePublished":"2026-02-26T19:45:31+00:00","inLanguage":"es","potentialAction":[{"@type":"ReadAction","target":["https:\/\/fmgente.com.ar\/web\/escandalo-en-davos-renuncia-el-jefe-del-foro-economico-mundial-por-sus-vinculos-con-epstein\/"]}]},{"@type":"ImageObject","inLanguage":"es","@id":"https:\/\/fmgente.com.ar\/web\/escandalo-en-davos-renuncia-el-jefe-del-foro-economico-mundial-por-sus-vinculos-con-epstein\/#primaryimage","url":"https:\/\/www.cronista.com\/resizer\/v2\/5XYEPHKP3BELZKSFR7UQH5CTAU.png?auth=472107ac0c514ffd2eb441699ca6e885259fcacd42951b75de871735843b8c08&amp;smart=true&amp;width=1706&amp;height=960","contentUrl":"https:\/\/www.cronista.com\/resizer\/v2\/5XYEPHKP3BELZKSFR7UQH5CTAU.png?auth=472107ac0c514ffd2eb441699ca6e885259fcacd42951b75de871735843b8c08&amp;smart=true&amp;width=1706&amp;height=960"},{"@type":"WebSite","@id":"https:\/\/fmgente.com.ar\/web\/#website","url":"https:\/\/fmgente.com.ar\/web\/","name":"Fm Gente","description":"- Jes\u00fas Mar\u00eda","publisher":{"@id":"https:\/\/fmgente.com.ar\/web\/#organization"},"potentialAction":[{"@type":"SearchAction","target":{"@type":"EntryPoint","urlTemplate":"https:\/\/fmgente.com.ar\/web\/?s={search_term_string}"},"query-input":{"@type":"PropertyValueSpecification","valueRequired":true,"valueName":"search_term_string"}}],"inLanguage":"es"},{"@type":"Organization","@id":"https:\/\/fmgente.com.ar\/web\/#organization","name":"Fm Gente","url":"https:\/\/fmgente.com.ar\/web\/","logo":{"@type":"ImageObject","inLanguage":"es","@id":"https:\/\/fmgente.com.ar\/web\/#\/schema\/logo\/image\/","url":"https:\/\/fmgente.com.ar\/web\/wp-content\/uploads\/2023\/07\/cropped-cropped-logo-sombra2.png","contentUrl":"https:\/\/fmgente.com.ar\/web\/wp-content\/uploads\/2023\/07\/cropped-cropped-logo-sombra2.png","width":1782,"height":1782,"caption":"Fm Gente"},"image":{"@id":"https:\/\/fmgente.com.ar\/web\/#\/schema\/logo\/image\/"}}]}},"_links":{"self":[{"href":"https:\/\/fmgente.com.ar\/web\/wp-json\/wp\/v2\/posts\/13130","targetHints":{"allow":["GET"]}}],"collection":[{"href":"https:\/\/fmgente.com.ar\/web\/wp-json\/wp\/v2\/posts"}],"about":[{"href":"https:\/\/fmgente.com.ar\/web\/wp-json\/wp\/v2\/types\/post"}],"replies":[{"embeddable":true,"href":"https:\/\/fmgente.com.ar\/web\/wp-json\/wp\/v2\/comments?post=13130"}],"version-history":[{"count":0,"href":"https:\/\/fmgente.com.ar\/web\/wp-json\/wp\/v2\/posts\/13130\/revisions"}],"wp:attachment":[{"href":"https:\/\/fmgente.com.ar\/web\/wp-json\/wp\/v2\/media?parent=13130"}],"wp:term":[{"taxonomy":"category","embeddable":true,"href":"https:\/\/fmgente.com.ar\/web\/wp-json\/wp\/v2\/categories?post=13130"},{"taxonomy":"post_tag","embeddable":true,"href":"https:\/\/fmgente.com.ar\/web\/wp-json\/wp\/v2\/tags?post=13130"}],"curies":[{"name":"wp","href":"https:\/\/api.w.org\/{rel}","templated":true}]}}