{"id":13129,"date":"2026-02-26T16:45:30","date_gmt":"2026-02-26T19:45:30","guid":{"rendered":"https:\/\/fmgente.com.ar\/web\/reforma-laboral-e-indemnizaciones-asi-quedaria-la-base-de-calculo-sin-aguinaldo-ni-premios\/"},"modified":"2026-02-26T16:45:30","modified_gmt":"2026-02-26T19:45:30","slug":"reforma-laboral-e-indemnizaciones-asi-quedaria-la-base-de-calculo-sin-aguinaldo-ni-premios","status":"publish","type":"post","link":"https:\/\/fmgente.com.ar\/web\/reforma-laboral-e-indemnizaciones-asi-quedaria-la-base-de-calculo-sin-aguinaldo-ni-premios\/","title":{"rendered":"Reforma laboral e indemnizaciones: as\u00ed quedar\u00eda la base de c\u00e1lculo sin aguinaldo ni premios"},"content":{"rendered":"<p>La<b> reforma laboral<\/b> impulsada por el Gobierno de Javier Milei y aprobada en la <b>C\u00e1mara de Diputados <\/b>introduce cambios relevantes en el<b> r\u00e9gimen de indemnizaciones por despido <\/b>sin causa. <\/p>\n<p>El punto central es la <b>modificaci\u00f3n de la base de c\u00e1lculo<\/b>, que <a href=\"https:\/\/www.cronista.com\/economia-politica\/polemica-por-el-articulo-de-la-reforma-que-busca-frenar-las-avivadas-de-los-abogados-laboralistas\/\" target=\"_blank\" rel=\"\" title=\"https:\/\/www.cronista.com\/economia-politica\/polemica-por-el-articulo-de-la-reforma-que-busca-frenar-las-avivadas-de-los-abogados-laboralistas\/\">dejar\u00eda de incluir el aguinaldo y otras bonificaciones<\/a>.<\/p>\n<p>Para establecer la base de c\u00e1lculo, se define que se tendr\u00e1 en cuenta \u00fanicamente la \u201c<b>mejor remuneraci\u00f3n mensual, normal y habitual<\/b>\u201d devengada durante el \u00faltimo a\u00f1o o tiempo de servicios si fue menor.<\/p>\n<h2>Indemnizaciones: qu\u00e9 cambia en la f\u00f3rmula seg\u00fan la reforma laboral<\/h2>\n<p>El esquema tradicional previsto en la <b>Ley de Contrato de Trabajo <\/b>establece que la indemnizaci\u00f3n por antig\u00fcedad equivale a:<\/p>\n<p>Un mes de la mejor remuneraci\u00f3n mensual, normal y habitual por cada a\u00f1o trabajado o fracci\u00f3n mayor de tres meses.<\/p>\n<h2>Exclusiones que impactan en el monto de la indemnizaci\u00f3n seg\u00fan la reforma laboral<\/h2>\n<p>El proyecto excluye de la base de c\u00e1lculo conceptos como:<\/p>\n<ul>\n<li>Sueldo Anual Complementario (<b>aguinaldo<\/b>).<\/li>\n<li>Vacaciones.<\/li>\n<li>Bonificaciones extraordinarias.<\/li>\n<li>Premios y bonos no mensuales.<\/li>\n<li>Pagos no habituales.<\/li>\n<\/ul>\n<p>Al limitar la base a la <b>remuneraci\u00f3n mensual fija<\/b> y habitual, se elimina la posibilidad de que <b>meses con ingresos m\u00e1s altos<\/b> (por ejemplo, por pago de horas extra o premios) eleven el promedio utilizado para calcular la <b>indemnizaci\u00f3n<\/b>.<\/p>\n<h2>Reforma laboral e indemnizaciones: impacto en el monto a cobrar<\/h2>\n<p>El principio de un mes por a\u00f1o trabajado se mantiene. Sin embargo, al reducirse la base sobre la cual se aplica esa f\u00f3rmula, el monto a percibir ser\u00e1 menor en muchos casos.<\/p>\n<p>Esta modificaci\u00f3n implica<b> indemnizaciones<\/b> menores respecto del r\u00e9gimen hasta ahora vigente, sobre todo en actividades donde el salario tiene un componente variable significativo.<\/p>\n<p>Seg\u00fan especialistas laborales, los despidos se indemnizar\u00e1n conforme a la ley que est\u00e9 vigente al momento del cese de la relaci\u00f3n laboral.<\/p>\n<ul>\n<li>La implementaci\u00f3n de un <b>sistema de fondo o r\u00e9gimen de cese laboral<\/b>.<\/li>\n<li>Ese sistema puede sustituir el esquema tradicional del art\u00edculo 245.<\/li>\n<li>El costo estar\u00e1 a cargo del empleador.<\/li>\n<\/ul>\n<p>Este punto abre la puerta a esquemas similares al de la construcci\u00f3n, pero requiere acuerdo colectivo.<\/p>\n","protected":false},"excerpt":{"rendered":"<p>La reforma laboral impulsada por el Gobierno de Javier Milei y aprobada en la C\u00e1mara<\/p>\n","protected":false},"author":0,"featured_media":0,"comment_status":"","ping_status":"","sticky":false,"template":"","format":"standard","meta":{"footnotes":""},"categories":[11],"tags":[],"class_list":["post-13129","post","type-post","status-publish","format-standard","hentry","category-destacadas"],"yoast_head":"<!-- This site is optimized with the Yoast SEO plugin v27.4 - https:\/\/yoast.com\/product\/yoast-seo-wordpress\/ -->\n<title>Reforma laboral e indemnizaciones: as\u00ed quedar\u00eda la base de c\u00e1lculo sin aguinaldo ni premios - Fm Gente<\/title>\n<meta name=\"robots\" content=\"index, follow, max-snippet:-1, max-image-preview:large, max-video-preview:-1\" \/>\n<link rel=\"canonical\" href=\"https:\/\/fmgente.com.ar\/web\/reforma-laboral-e-indemnizaciones-asi-quedaria-la-base-de-calculo-sin-aguinaldo-ni-premios\/\" \/>\n<meta property=\"og:locale\" content=\"es_ES\" \/>\n<meta property=\"og:type\" content=\"article\" \/>\n<meta property=\"og:title\" content=\"Reforma laboral e indemnizaciones: as\u00ed quedar\u00eda la base de c\u00e1lculo sin aguinaldo ni premios - Fm Gente\" \/>\n<meta property=\"og:description\" content=\"La reforma laboral impulsada por el Gobierno de Javier Milei y aprobada en la C\u00e1mara\" \/>\n<meta property=\"og:url\" content=\"https:\/\/fmgente.com.ar\/web\/reforma-laboral-e-indemnizaciones-asi-quedaria-la-base-de-calculo-sin-aguinaldo-ni-premios\/\" \/>\n<meta property=\"og:site_name\" content=\"Fm Gente\" \/>\n<meta property=\"article:published_time\" content=\"2026-02-26T19:45:30+00:00\" \/>\n<meta name=\"twitter:card\" content=\"summary_large_image\" \/>\n<meta name=\"twitter:label1\" content=\"Tiempo de lectura\" \/>\n\t<meta name=\"twitter:data1\" content=\"2 minutos\" \/>\n<script type=\"application\/ld+json\" class=\"yoast-schema-graph\">{\"@context\":\"https:\\\/\\\/schema.org\",\"@graph\":[{\"@type\":\"Article\",\"@id\":\"https:\\\/\\\/fmgente.com.ar\\\/web\\\/reforma-laboral-e-indemnizaciones-asi-quedaria-la-base-de-calculo-sin-aguinaldo-ni-premios\\\/#article\",\"isPartOf\":{\"@id\":\"https:\\\/\\\/fmgente.com.ar\\\/web\\\/reforma-laboral-e-indemnizaciones-asi-quedaria-la-base-de-calculo-sin-aguinaldo-ni-premios\\\/\"},\"author\":{\"name\":\"\",\"@id\":\"\"},\"headline\":\"Reforma laboral e indemnizaciones: as\u00ed quedar\u00eda la base de c\u00e1lculo sin aguinaldo ni premios\",\"datePublished\":\"2026-02-26T19:45:30+00:00\",\"mainEntityOfPage\":{\"@id\":\"https:\\\/\\\/fmgente.com.ar\\\/web\\\/reforma-laboral-e-indemnizaciones-asi-quedaria-la-base-de-calculo-sin-aguinaldo-ni-premios\\\/\"},\"wordCount\":387,\"publisher\":{\"@id\":\"https:\\\/\\\/fmgente.com.ar\\\/web\\\/#organization\"},\"articleSection\":[\"DESTACADAS\"],\"inLanguage\":\"es\"},{\"@type\":\"WebPage\",\"@id\":\"https:\\\/\\\/fmgente.com.ar\\\/web\\\/reforma-laboral-e-indemnizaciones-asi-quedaria-la-base-de-calculo-sin-aguinaldo-ni-premios\\\/\",\"url\":\"https:\\\/\\\/fmgente.com.ar\\\/web\\\/reforma-laboral-e-indemnizaciones-asi-quedaria-la-base-de-calculo-sin-aguinaldo-ni-premios\\\/\",\"name\":\"Reforma laboral e indemnizaciones: as\u00ed quedar\u00eda la base de c\u00e1lculo sin aguinaldo ni premios - Fm Gente\",\"isPartOf\":{\"@id\":\"https:\\\/\\\/fmgente.com.ar\\\/web\\\/#website\"},\"datePublished\":\"2026-02-26T19:45:30+00:00\",\"inLanguage\":\"es\",\"potentialAction\":[{\"@type\":\"ReadAction\",\"target\":[\"https:\\\/\\\/fmgente.com.ar\\\/web\\\/reforma-laboral-e-indemnizaciones-asi-quedaria-la-base-de-calculo-sin-aguinaldo-ni-premios\\\/\"]}]},{\"@type\":\"WebSite\",\"@id\":\"https:\\\/\\\/fmgente.com.ar\\\/web\\\/#website\",\"url\":\"https:\\\/\\\/fmgente.com.ar\\\/web\\\/\",\"name\":\"Fm Gente\",\"description\":\"- Jes\u00fas Mar\u00eda\",\"publisher\":{\"@id\":\"https:\\\/\\\/fmgente.com.ar\\\/web\\\/#organization\"},\"potentialAction\":[{\"@type\":\"SearchAction\",\"target\":{\"@type\":\"EntryPoint\",\"urlTemplate\":\"https:\\\/\\\/fmgente.com.ar\\\/web\\\/?s={search_term_string}\"},\"query-input\":{\"@type\":\"PropertyValueSpecification\",\"valueRequired\":true,\"valueName\":\"search_term_string\"}}],\"inLanguage\":\"es\"},{\"@type\":\"Organization\",\"@id\":\"https:\\\/\\\/fmgente.com.ar\\\/web\\\/#organization\",\"name\":\"Fm Gente\",\"url\":\"https:\\\/\\\/fmgente.com.ar\\\/web\\\/\",\"logo\":{\"@type\":\"ImageObject\",\"inLanguage\":\"es\",\"@id\":\"https:\\\/\\\/fmgente.com.ar\\\/web\\\/#\\\/schema\\\/logo\\\/image\\\/\",\"url\":\"https:\\\/\\\/fmgente.com.ar\\\/web\\\/wp-content\\\/uploads\\\/2023\\\/07\\\/cropped-cropped-logo-sombra2.png\",\"contentUrl\":\"https:\\\/\\\/fmgente.com.ar\\\/web\\\/wp-content\\\/uploads\\\/2023\\\/07\\\/cropped-cropped-logo-sombra2.png\",\"width\":1782,\"height\":1782,\"caption\":\"Fm Gente\"},\"image\":{\"@id\":\"https:\\\/\\\/fmgente.com.ar\\\/web\\\/#\\\/schema\\\/logo\\\/image\\\/\"}}]}<\/script>\n<!-- \/ Yoast SEO plugin. -->","yoast_head_json":{"title":"Reforma laboral e indemnizaciones: as\u00ed quedar\u00eda la base de c\u00e1lculo sin aguinaldo ni premios - Fm Gente","robots":{"index":"index","follow":"follow","max-snippet":"max-snippet:-1","max-image-preview":"max-image-preview:large","max-video-preview":"max-video-preview:-1"},"canonical":"https:\/\/fmgente.com.ar\/web\/reforma-laboral-e-indemnizaciones-asi-quedaria-la-base-de-calculo-sin-aguinaldo-ni-premios\/","og_locale":"es_ES","og_type":"article","og_title":"Reforma laboral e indemnizaciones: as\u00ed quedar\u00eda la base de c\u00e1lculo sin aguinaldo ni premios - Fm Gente","og_description":"La reforma laboral impulsada por el Gobierno de Javier Milei y aprobada en la C\u00e1mara","og_url":"https:\/\/fmgente.com.ar\/web\/reforma-laboral-e-indemnizaciones-asi-quedaria-la-base-de-calculo-sin-aguinaldo-ni-premios\/","og_site_name":"Fm Gente","article_published_time":"2026-02-26T19:45:30+00:00","twitter_card":"summary_large_image","twitter_misc":{"Tiempo de lectura":"2 minutos"},"schema":{"@context":"https:\/\/schema.org","@graph":[{"@type":"Article","@id":"https:\/\/fmgente.com.ar\/web\/reforma-laboral-e-indemnizaciones-asi-quedaria-la-base-de-calculo-sin-aguinaldo-ni-premios\/#article","isPartOf":{"@id":"https:\/\/fmgente.com.ar\/web\/reforma-laboral-e-indemnizaciones-asi-quedaria-la-base-de-calculo-sin-aguinaldo-ni-premios\/"},"author":{"name":"","@id":""},"headline":"Reforma laboral e indemnizaciones: as\u00ed quedar\u00eda la base de c\u00e1lculo sin aguinaldo ni premios","datePublished":"2026-02-26T19:45:30+00:00","mainEntityOfPage":{"@id":"https:\/\/fmgente.com.ar\/web\/reforma-laboral-e-indemnizaciones-asi-quedaria-la-base-de-calculo-sin-aguinaldo-ni-premios\/"},"wordCount":387,"publisher":{"@id":"https:\/\/fmgente.com.ar\/web\/#organization"},"articleSection":["DESTACADAS"],"inLanguage":"es"},{"@type":"WebPage","@id":"https:\/\/fmgente.com.ar\/web\/reforma-laboral-e-indemnizaciones-asi-quedaria-la-base-de-calculo-sin-aguinaldo-ni-premios\/","url":"https:\/\/fmgente.com.ar\/web\/reforma-laboral-e-indemnizaciones-asi-quedaria-la-base-de-calculo-sin-aguinaldo-ni-premios\/","name":"Reforma laboral e indemnizaciones: as\u00ed quedar\u00eda la base de c\u00e1lculo sin aguinaldo ni premios - Fm Gente","isPartOf":{"@id":"https:\/\/fmgente.com.ar\/web\/#website"},"datePublished":"2026-02-26T19:45:30+00:00","inLanguage":"es","potentialAction":[{"@type":"ReadAction","target":["https:\/\/fmgente.com.ar\/web\/reforma-laboral-e-indemnizaciones-asi-quedaria-la-base-de-calculo-sin-aguinaldo-ni-premios\/"]}]},{"@type":"WebSite","@id":"https:\/\/fmgente.com.ar\/web\/#website","url":"https:\/\/fmgente.com.ar\/web\/","name":"Fm Gente","description":"- Jes\u00fas Mar\u00eda","publisher":{"@id":"https:\/\/fmgente.com.ar\/web\/#organization"},"potentialAction":[{"@type":"SearchAction","target":{"@type":"EntryPoint","urlTemplate":"https:\/\/fmgente.com.ar\/web\/?s={search_term_string}"},"query-input":{"@type":"PropertyValueSpecification","valueRequired":true,"valueName":"search_term_string"}}],"inLanguage":"es"},{"@type":"Organization","@id":"https:\/\/fmgente.com.ar\/web\/#organization","name":"Fm Gente","url":"https:\/\/fmgente.com.ar\/web\/","logo":{"@type":"ImageObject","inLanguage":"es","@id":"https:\/\/fmgente.com.ar\/web\/#\/schema\/logo\/image\/","url":"https:\/\/fmgente.com.ar\/web\/wp-content\/uploads\/2023\/07\/cropped-cropped-logo-sombra2.png","contentUrl":"https:\/\/fmgente.com.ar\/web\/wp-content\/uploads\/2023\/07\/cropped-cropped-logo-sombra2.png","width":1782,"height":1782,"caption":"Fm Gente"},"image":{"@id":"https:\/\/fmgente.com.ar\/web\/#\/schema\/logo\/image\/"}}]}},"_links":{"self":[{"href":"https:\/\/fmgente.com.ar\/web\/wp-json\/wp\/v2\/posts\/13129","targetHints":{"allow":["GET"]}}],"collection":[{"href":"https:\/\/fmgente.com.ar\/web\/wp-json\/wp\/v2\/posts"}],"about":[{"href":"https:\/\/fmgente.com.ar\/web\/wp-json\/wp\/v2\/types\/post"}],"replies":[{"embeddable":true,"href":"https:\/\/fmgente.com.ar\/web\/wp-json\/wp\/v2\/comments?post=13129"}],"version-history":[{"count":0,"href":"https:\/\/fmgente.com.ar\/web\/wp-json\/wp\/v2\/posts\/13129\/revisions"}],"wp:attachment":[{"href":"https:\/\/fmgente.com.ar\/web\/wp-json\/wp\/v2\/media?parent=13129"}],"wp:term":[{"taxonomy":"category","embeddable":true,"href":"https:\/\/fmgente.com.ar\/web\/wp-json\/wp\/v2\/categories?post=13129"},{"taxonomy":"post_tag","embeddable":true,"href":"https:\/\/fmgente.com.ar\/web\/wp-json\/wp\/v2\/tags?post=13129"}],"curies":[{"name":"wp","href":"https:\/\/api.w.org\/{rel}","templated":true}]}}