{"id":13127,"date":"2026-02-26T16:45:28","date_gmt":"2026-02-26T19:45:28","guid":{"rendered":"https:\/\/fmgente.com.ar\/web\/talleres-en-modo-recuperacion\/"},"modified":"2026-02-26T16:45:28","modified_gmt":"2026-02-26T19:45:28","slug":"talleres-en-modo-recuperacion","status":"publish","type":"post","link":"https:\/\/fmgente.com.ar\/web\/talleres-en-modo-recuperacion\/","title":{"rendered":"Talleres, en modo recuperaci\u00f3n"},"content":{"rendered":"<p>\u00a1\u00a1\u00a1Hola, Mundo Talleres!!!<\/p>\n<p>La \u201cT\u201d tuvo un paso en falso en Santiago del Estero, ya que cay\u00f3 2 a 0 ante un Central C\u00f3rdoba que estaba evaluando un cambio de entrenador para Lucas Pusineri.<\/p>\n<p>La doble ley del ex, con los tantos de Diego Barrera \u2013formado en inferiores y a pr\u00e9stamo en el Ferro\u2013 y de Michael Santos \u2013m\u00e1ximo goleador extranjero\u2013, result\u00f3 un golpe para Talleres, aunque no m\u00e1s que la actuaci\u00f3n de un equipo que perdi\u00f3 el orden en las jugadas que derivaron en los goles y en el cierre del partido correspondiente a la 7\u00aa fecha.<\/p>\n<p>Talleres no encontr\u00f3 reacci\u00f3n. Ni siquiera Carlos Tevez logr\u00f3 modificar, con los cambios, una actuaci\u00f3n que termin\u00f3 siendo la m\u00e1s floja en el inicio de la temporada y tambi\u00e9n en la era Tevez.<\/p>\n<p><img loading=\"lazy\" decoding=\"async\" src=\"https:\/\/www.lavoz.com.ar\/resizer\/Uk0YfbuhXKW_5rFp-uUf8iORjFw=\/cloudfront-us-east-1.images.arcpublishing.com\/grupoclarin\/IDTJVN572FEBXEFATCI7Y6VHYA.png\" alt=\"Banner Omint.\" height=\"151\" width=\"550\" \/><\/p>\n<p>Lo cierto es que Talleres regres\u00f3 de Santiago y comenz\u00f3 la preparaci\u00f3n para el partido del s\u00e1bado, a las 22.15, en el Kempes, donde recibir\u00e1 a San Lorenzo, que est\u00e1 cuarto, a un punto de la \u201cT\u201d.<\/p>\n<p>Para ese encuentro, como adelant\u00f3 el director t\u00e9cnico Carlos Tevez, no estar\u00e1 disponible Diego Valoyes, quien se resinti\u00f3 de una lesi\u00f3n en el aductor derecho. Habr\u00e1 que esperar los estudios que se le har\u00e1n para precisar el grado de la lesi\u00f3n.<\/p>\n<p>En contrapartida, para el duelo con el Cuervo, el entrenador podr\u00eda contar con Valent\u00edn Depietri, quien se recupera de un desgarro. De arranque, Tevez dispondr\u00eda el regreso de Mat\u00edas Galarza, a quien ubic\u00f3 en el banco ante Central C\u00f3rdoba de manera preventiva, aunque termin\u00f3 jugando la \u00faltima media hora.<\/p>\n","protected":false},"excerpt":{"rendered":"<p>\u00a1\u00a1\u00a1Hola, Mundo Talleres!!! La \u201cT\u201d tuvo un paso en falso en Santiago del Estero, ya<\/p>\n","protected":false},"author":0,"featured_media":13128,"comment_status":"","ping_status":"","sticky":false,"template":"","format":"standard","meta":{"footnotes":""},"categories":[11],"tags":[],"class_list":["post-13127","post","type-post","status-publish","format-standard","has-post-thumbnail","hentry","category-destacadas"],"yoast_head":"<!-- This site is optimized with the Yoast SEO plugin v27.4 - https:\/\/yoast.com\/product\/yoast-seo-wordpress\/ -->\n<title>Talleres, en modo recuperaci\u00f3n - Fm Gente<\/title>\n<meta name=\"robots\" content=\"index, follow, max-snippet:-1, max-image-preview:large, max-video-preview:-1\" \/>\n<link rel=\"canonical\" href=\"https:\/\/fmgente.com.ar\/web\/talleres-en-modo-recuperacion\/\" \/>\n<meta property=\"og:locale\" content=\"es_ES\" \/>\n<meta property=\"og:type\" content=\"article\" \/>\n<meta property=\"og:title\" content=\"Talleres, en modo recuperaci\u00f3n - Fm Gente\" \/>\n<meta property=\"og:description\" content=\"\u00a1\u00a1\u00a1Hola, Mundo Talleres!!! La \u201cT\u201d tuvo un paso en falso en Santiago del Estero, ya\" \/>\n<meta property=\"og:url\" content=\"https:\/\/fmgente.com.ar\/web\/talleres-en-modo-recuperacion\/\" \/>\n<meta property=\"og:site_name\" content=\"Fm Gente\" \/>\n<meta property=\"article:published_time\" content=\"2026-02-26T19:45:28+00:00\" \/>\n<meta property=\"og:image\" content=\"https:\/\/www.lavoz.com.ar\/resizer\/Uk0YfbuhXKW_5rFp-uUf8iORjFw=\/cloudfront-us-east-1.images.arcpublishing.com\/grupoclarin\/IDTJVN572FEBXEFATCI7Y6VHYA.png\" \/>\n<meta name=\"twitter:card\" content=\"summary_large_image\" \/>\n<meta name=\"twitter:label1\" content=\"Tiempo de lectura\" \/>\n\t<meta name=\"twitter:data1\" content=\"1 minuto\" \/>\n<script type=\"application\/ld+json\" class=\"yoast-schema-graph\">{\"@context\":\"https:\\\/\\\/schema.org\",\"@graph\":[{\"@type\":\"Article\",\"@id\":\"https:\\\/\\\/fmgente.com.ar\\\/web\\\/talleres-en-modo-recuperacion\\\/#article\",\"isPartOf\":{\"@id\":\"https:\\\/\\\/fmgente.com.ar\\\/web\\\/talleres-en-modo-recuperacion\\\/\"},\"author\":{\"name\":\"\",\"@id\":\"\"},\"headline\":\"Talleres, en modo recuperaci\u00f3n\",\"datePublished\":\"2026-02-26T19:45:28+00:00\",\"mainEntityOfPage\":{\"@id\":\"https:\\\/\\\/fmgente.com.ar\\\/web\\\/talleres-en-modo-recuperacion\\\/\"},\"wordCount\":279,\"publisher\":{\"@id\":\"https:\\\/\\\/fmgente.com.ar\\\/web\\\/#organization\"},\"image\":{\"@id\":\"https:\\\/\\\/fmgente.com.ar\\\/web\\\/talleres-en-modo-recuperacion\\\/#primaryimage\"},\"thumbnailUrl\":\"https:\\\/\\\/fmgente.com.ar\\\/web\\\/wp-content\\\/uploads\\\/2026\\\/02\\\/IDTJVN572FEBXEFATCI7Y6VHYA.jpg\",\"articleSection\":[\"DESTACADAS\"],\"inLanguage\":\"es\"},{\"@type\":\"WebPage\",\"@id\":\"https:\\\/\\\/fmgente.com.ar\\\/web\\\/talleres-en-modo-recuperacion\\\/\",\"url\":\"https:\\\/\\\/fmgente.com.ar\\\/web\\\/talleres-en-modo-recuperacion\\\/\",\"name\":\"Talleres, en modo recuperaci\u00f3n - Fm Gente\",\"isPartOf\":{\"@id\":\"https:\\\/\\\/fmgente.com.ar\\\/web\\\/#website\"},\"primaryImageOfPage\":{\"@id\":\"https:\\\/\\\/fmgente.com.ar\\\/web\\\/talleres-en-modo-recuperacion\\\/#primaryimage\"},\"image\":{\"@id\":\"https:\\\/\\\/fmgente.com.ar\\\/web\\\/talleres-en-modo-recuperacion\\\/#primaryimage\"},\"thumbnailUrl\":\"https:\\\/\\\/fmgente.com.ar\\\/web\\\/wp-content\\\/uploads\\\/2026\\\/02\\\/IDTJVN572FEBXEFATCI7Y6VHYA.jpg\",\"datePublished\":\"2026-02-26T19:45:28+00:00\",\"inLanguage\":\"es\",\"potentialAction\":[{\"@type\":\"ReadAction\",\"target\":[\"https:\\\/\\\/fmgente.com.ar\\\/web\\\/talleres-en-modo-recuperacion\\\/\"]}]},{\"@type\":\"ImageObject\",\"inLanguage\":\"es\",\"@id\":\"https:\\\/\\\/fmgente.com.ar\\\/web\\\/talleres-en-modo-recuperacion\\\/#primaryimage\",\"url\":\"https:\\\/\\\/fmgente.com.ar\\\/web\\\/wp-content\\\/uploads\\\/2026\\\/02\\\/IDTJVN572FEBXEFATCI7Y6VHYA.jpg\",\"contentUrl\":\"https:\\\/\\\/fmgente.com.ar\\\/web\\\/wp-content\\\/uploads\\\/2026\\\/02\\\/IDTJVN572FEBXEFATCI7Y6VHYA.jpg\",\"width\":1200,\"height\":329},{\"@type\":\"WebSite\",\"@id\":\"https:\\\/\\\/fmgente.com.ar\\\/web\\\/#website\",\"url\":\"https:\\\/\\\/fmgente.com.ar\\\/web\\\/\",\"name\":\"Fm Gente\",\"description\":\"- Jes\u00fas Mar\u00eda\",\"publisher\":{\"@id\":\"https:\\\/\\\/fmgente.com.ar\\\/web\\\/#organization\"},\"potentialAction\":[{\"@type\":\"SearchAction\",\"target\":{\"@type\":\"EntryPoint\",\"urlTemplate\":\"https:\\\/\\\/fmgente.com.ar\\\/web\\\/?s={search_term_string}\"},\"query-input\":{\"@type\":\"PropertyValueSpecification\",\"valueRequired\":true,\"valueName\":\"search_term_string\"}}],\"inLanguage\":\"es\"},{\"@type\":\"Organization\",\"@id\":\"https:\\\/\\\/fmgente.com.ar\\\/web\\\/#organization\",\"name\":\"Fm Gente\",\"url\":\"https:\\\/\\\/fmgente.com.ar\\\/web\\\/\",\"logo\":{\"@type\":\"ImageObject\",\"inLanguage\":\"es\",\"@id\":\"https:\\\/\\\/fmgente.com.ar\\\/web\\\/#\\\/schema\\\/logo\\\/image\\\/\",\"url\":\"https:\\\/\\\/fmgente.com.ar\\\/web\\\/wp-content\\\/uploads\\\/2023\\\/07\\\/cropped-cropped-logo-sombra2.png\",\"contentUrl\":\"https:\\\/\\\/fmgente.com.ar\\\/web\\\/wp-content\\\/uploads\\\/2023\\\/07\\\/cropped-cropped-logo-sombra2.png\",\"width\":1782,\"height\":1782,\"caption\":\"Fm Gente\"},\"image\":{\"@id\":\"https:\\\/\\\/fmgente.com.ar\\\/web\\\/#\\\/schema\\\/logo\\\/image\\\/\"}}]}<\/script>\n<!-- \/ Yoast SEO plugin. -->","yoast_head_json":{"title":"Talleres, en modo recuperaci\u00f3n - Fm Gente","robots":{"index":"index","follow":"follow","max-snippet":"max-snippet:-1","max-image-preview":"max-image-preview:large","max-video-preview":"max-video-preview:-1"},"canonical":"https:\/\/fmgente.com.ar\/web\/talleres-en-modo-recuperacion\/","og_locale":"es_ES","og_type":"article","og_title":"Talleres, en modo recuperaci\u00f3n - Fm Gente","og_description":"\u00a1\u00a1\u00a1Hola, Mundo Talleres!!! La \u201cT\u201d tuvo un paso en falso en Santiago del Estero, ya","og_url":"https:\/\/fmgente.com.ar\/web\/talleres-en-modo-recuperacion\/","og_site_name":"Fm Gente","article_published_time":"2026-02-26T19:45:28+00:00","og_image":[{"url":"https:\/\/www.lavoz.com.ar\/resizer\/Uk0YfbuhXKW_5rFp-uUf8iORjFw=\/cloudfront-us-east-1.images.arcpublishing.com\/grupoclarin\/IDTJVN572FEBXEFATCI7Y6VHYA.png","type":"","width":"","height":""}],"twitter_card":"summary_large_image","twitter_misc":{"Tiempo de lectura":"1 minuto"},"schema":{"@context":"https:\/\/schema.org","@graph":[{"@type":"Article","@id":"https:\/\/fmgente.com.ar\/web\/talleres-en-modo-recuperacion\/#article","isPartOf":{"@id":"https:\/\/fmgente.com.ar\/web\/talleres-en-modo-recuperacion\/"},"author":{"name":"","@id":""},"headline":"Talleres, en modo recuperaci\u00f3n","datePublished":"2026-02-26T19:45:28+00:00","mainEntityOfPage":{"@id":"https:\/\/fmgente.com.ar\/web\/talleres-en-modo-recuperacion\/"},"wordCount":279,"publisher":{"@id":"https:\/\/fmgente.com.ar\/web\/#organization"},"image":{"@id":"https:\/\/fmgente.com.ar\/web\/talleres-en-modo-recuperacion\/#primaryimage"},"thumbnailUrl":"https:\/\/fmgente.com.ar\/web\/wp-content\/uploads\/2026\/02\/IDTJVN572FEBXEFATCI7Y6VHYA.jpg","articleSection":["DESTACADAS"],"inLanguage":"es"},{"@type":"WebPage","@id":"https:\/\/fmgente.com.ar\/web\/talleres-en-modo-recuperacion\/","url":"https:\/\/fmgente.com.ar\/web\/talleres-en-modo-recuperacion\/","name":"Talleres, en modo recuperaci\u00f3n - Fm Gente","isPartOf":{"@id":"https:\/\/fmgente.com.ar\/web\/#website"},"primaryImageOfPage":{"@id":"https:\/\/fmgente.com.ar\/web\/talleres-en-modo-recuperacion\/#primaryimage"},"image":{"@id":"https:\/\/fmgente.com.ar\/web\/talleres-en-modo-recuperacion\/#primaryimage"},"thumbnailUrl":"https:\/\/fmgente.com.ar\/web\/wp-content\/uploads\/2026\/02\/IDTJVN572FEBXEFATCI7Y6VHYA.jpg","datePublished":"2026-02-26T19:45:28+00:00","inLanguage":"es","potentialAction":[{"@type":"ReadAction","target":["https:\/\/fmgente.com.ar\/web\/talleres-en-modo-recuperacion\/"]}]},{"@type":"ImageObject","inLanguage":"es","@id":"https:\/\/fmgente.com.ar\/web\/talleres-en-modo-recuperacion\/#primaryimage","url":"https:\/\/fmgente.com.ar\/web\/wp-content\/uploads\/2026\/02\/IDTJVN572FEBXEFATCI7Y6VHYA.jpg","contentUrl":"https:\/\/fmgente.com.ar\/web\/wp-content\/uploads\/2026\/02\/IDTJVN572FEBXEFATCI7Y6VHYA.jpg","width":1200,"height":329},{"@type":"WebSite","@id":"https:\/\/fmgente.com.ar\/web\/#website","url":"https:\/\/fmgente.com.ar\/web\/","name":"Fm Gente","description":"- Jes\u00fas Mar\u00eda","publisher":{"@id":"https:\/\/fmgente.com.ar\/web\/#organization"},"potentialAction":[{"@type":"SearchAction","target":{"@type":"EntryPoint","urlTemplate":"https:\/\/fmgente.com.ar\/web\/?s={search_term_string}"},"query-input":{"@type":"PropertyValueSpecification","valueRequired":true,"valueName":"search_term_string"}}],"inLanguage":"es"},{"@type":"Organization","@id":"https:\/\/fmgente.com.ar\/web\/#organization","name":"Fm Gente","url":"https:\/\/fmgente.com.ar\/web\/","logo":{"@type":"ImageObject","inLanguage":"es","@id":"https:\/\/fmgente.com.ar\/web\/#\/schema\/logo\/image\/","url":"https:\/\/fmgente.com.ar\/web\/wp-content\/uploads\/2023\/07\/cropped-cropped-logo-sombra2.png","contentUrl":"https:\/\/fmgente.com.ar\/web\/wp-content\/uploads\/2023\/07\/cropped-cropped-logo-sombra2.png","width":1782,"height":1782,"caption":"Fm Gente"},"image":{"@id":"https:\/\/fmgente.com.ar\/web\/#\/schema\/logo\/image\/"}}]}},"_links":{"self":[{"href":"https:\/\/fmgente.com.ar\/web\/wp-json\/wp\/v2\/posts\/13127","targetHints":{"allow":["GET"]}}],"collection":[{"href":"https:\/\/fmgente.com.ar\/web\/wp-json\/wp\/v2\/posts"}],"about":[{"href":"https:\/\/fmgente.com.ar\/web\/wp-json\/wp\/v2\/types\/post"}],"replies":[{"embeddable":true,"href":"https:\/\/fmgente.com.ar\/web\/wp-json\/wp\/v2\/comments?post=13127"}],"version-history":[{"count":0,"href":"https:\/\/fmgente.com.ar\/web\/wp-json\/wp\/v2\/posts\/13127\/revisions"}],"wp:featuredmedia":[{"embeddable":true,"href":"https:\/\/fmgente.com.ar\/web\/wp-json\/wp\/v2\/media\/13128"}],"wp:attachment":[{"href":"https:\/\/fmgente.com.ar\/web\/wp-json\/wp\/v2\/media?parent=13127"}],"wp:term":[{"taxonomy":"category","embeddable":true,"href":"https:\/\/fmgente.com.ar\/web\/wp-json\/wp\/v2\/categories?post=13127"},{"taxonomy":"post_tag","embeddable":true,"href":"https:\/\/fmgente.com.ar\/web\/wp-json\/wp\/v2\/tags?post=13127"}],"curies":[{"name":"wp","href":"https:\/\/api.w.org\/{rel}","templated":true}]}}