{"id":13121,"date":"2026-02-26T16:45:25","date_gmt":"2026-02-26T19:45:25","guid":{"rendered":"https:\/\/fmgente.com.ar\/web\/crisis-en-tierra-del-fuego-ads-se-declara-en-quiebra-y-trabajadores-toman-la-planta-en-rio-grande\/"},"modified":"2026-02-26T16:45:25","modified_gmt":"2026-02-26T19:45:25","slug":"crisis-en-tierra-del-fuego-ads-se-declara-en-quiebra-y-trabajadores-toman-la-planta-en-rio-grande","status":"publish","type":"post","link":"https:\/\/fmgente.com.ar\/web\/crisis-en-tierra-del-fuego-ads-se-declara-en-quiebra-y-trabajadores-toman-la-planta-en-rio-grande\/","title":{"rendered":"Crisis en Tierra del Fuego: ADS se declara en quiebra y trabajadores toman la planta en R\u00edo Grande"},"content":{"rendered":"<p>Buenos Aires, 26 febrero (NA) \u2013 Aires del Sur (ADS), con planta en R\u00edo Grande, Tierra del Fuego, fabricante de aires acondicionados para la marca Fedders, entre otras, se declar\u00f3 en quiebra y los trabajadores \u2014que no cobran desde diciembre\u2014 tomaron la f\u00e1brica.<\/p>\n<p>Los 140 operarios act\u00faan amparados por la UOM, cuyo secretario general a nivel nacional es Abel Furl\u00e1n; seg\u00fan supo la Agencia Noticias Argentinas, se espera la visita del dirigente a la isla.<\/p>\n<p>En tanto, los 16 supervisores, en id\u00e9ntica situaci\u00f3n salarial, se manejan desde la regional local de ASIMRA, ante el silencio de la conducci\u00f3n nacional encabezada por Luis Garc\u00eda Ort\u00edz. El cierre de ADS no es el primero en la isla ni, parece, ser\u00e1 el \u00faltimo.<\/p>\n<p>Desde el inicio de su gobierno, Javier Milei puso en la mira el r\u00e9gimen de promoci\u00f3n industrial fueguino, que durante m\u00e1s de tres d\u00e9cadas permiti\u00f3 el armado de un hub de f\u00e1bricas y ensambladoras y atrajo migrantes de todo el pa\u00eds.<\/p>\n<p>Algo similar ocurre en la misma ciudad con la textil Sue\u00f1o Fueguino, que suspendi\u00f3 operaciones por un trimestre y abonar\u00e1 el setenta por ciento de los sueldos.<\/p>\n<p>\u201cPor mi edad, recuerdo a Mart\u00ednez de Hoz, la convertibilidad y Macri, pero ning\u00fan proceso de desindustrializaci\u00f3n fue tan salvaje como este\u201d, afirm\u00f3 un dirigente sindical fueguino. \u201cY la reforma lo \u00fanico que hace es agravar las cosas. Porque nos van a rajar sin darnos un mango\u201d, agreg\u00f3.<\/p>\n<p>Como en otras etapas de la historia \u2014CGT de los Argentinos y vandoristas, Azopardo y Brasil, Gordos y combativos\u2014, el movimiento obrero muestra diferencias internas ante el avance de Milei.<\/p>\n<p>Esta vez las tensiones no se agrupan tanto entre gremios m\u00e1s dialoguistas u opositores, sino en diferencias, muchas veces generacionales, al interior de cada organizaci\u00f3n. El proyecto oficial de reforma atraves\u00f3, de manera transversal, a numerosas conducciones sindicales.<\/p>\n<p>La semana pr\u00f3xima hay elecciones en la UOM. Por primera vez en d\u00e9cadas, Furl\u00e1n \u2014activo opositor a la reforma y al gobierno\u2014 enfrentar\u00e1 competencia: la lista de \u00c1ngel Derosso, patrocinada por Paolo Rocca, due\u00f1o de Techint e impulsor de la reforma. Rocca y Furl\u00e1n son enemigos \u00edntimos desde hace casi cuarenta a\u00f1os.<\/p>\n<p>En ASIMRA, que agrupa supervisores y jer\u00e1rquicos de metal\u00fargicas, automotrices y autopartistas, tambi\u00e9n se registran disputas. Las elecciones estaban previstas para finales del a\u00f1o pasado y por primera vez alguien desafi\u00f3 al hist\u00f3rico Luis Garc\u00eda Ort\u00edz.<\/p>\n<p>El challenger es Carlos Guti\u00e9rrez, trabajador de Toyota, secretario general de la regional Z\u00e1rate-Campana y dirigente en la CGT de esa zona, que cuestiona la complacencia del sindicato ante la creciente pol\u00edtica antiindustrial y antiobrera del gobierno.<\/p>\n<p>La junta electoral, controlada por Garc\u00eda Ort\u00edz, impugn\u00f3 la lista de Guti\u00e9rrez. \u00c9ste judicializ\u00f3, present\u00f3 pruebas de numerosas irregularidades y hoy el sindicato se encuentra virtualmente ac\u00e9falo, ya que Garc\u00eda Ort\u00edz no cuenta con certificado de autoridades.<\/p>\n<p>La seccional que conduce Guti\u00e9rrez es una de las m\u00e1s poderosas; el dirigente intenta articular con otras regionales alguna respuesta para suplir el vac\u00edo de conducci\u00f3n y grab\u00f3 un video para manifestar su solidaridad con los compa\u00f1eros fueguinos, lo que hace todav\u00eda m\u00e1s llamativo el silencio de Garc\u00eda Ort\u00edz.<\/p>\n<p>#AgenciaNA<\/p>\n","protected":false},"excerpt":{"rendered":"<p>Buenos Aires, 26 febrero (NA) \u2013 Aires del Sur (ADS), con planta en R\u00edo Grande,<\/p>\n","protected":false},"author":0,"featured_media":13122,"comment_status":"","ping_status":"","sticky":false,"template":"","format":"standard","meta":{"footnotes":""},"categories":[11],"tags":[],"class_list":["post-13121","post","type-post","status-publish","format-standard","has-post-thumbnail","hentry","category-destacadas"],"yoast_head":"<!-- This site is optimized with the Yoast SEO plugin v27.4 - https:\/\/yoast.com\/product\/yoast-seo-wordpress\/ -->\n<title>Crisis en Tierra del Fuego: ADS se declara en quiebra y trabajadores toman la planta en R\u00edo Grande - Fm Gente<\/title>\n<meta name=\"robots\" content=\"index, follow, max-snippet:-1, max-image-preview:large, max-video-preview:-1\" \/>\n<link rel=\"canonical\" href=\"https:\/\/fmgente.com.ar\/web\/crisis-en-tierra-del-fuego-ads-se-declara-en-quiebra-y-trabajadores-toman-la-planta-en-rio-grande\/\" \/>\n<meta property=\"og:locale\" content=\"es_ES\" \/>\n<meta property=\"og:type\" content=\"article\" \/>\n<meta property=\"og:title\" content=\"Crisis en Tierra del Fuego: ADS se declara en quiebra y trabajadores toman la planta en R\u00edo Grande - Fm Gente\" \/>\n<meta property=\"og:description\" content=\"Buenos Aires, 26 febrero (NA) \u2013 Aires del Sur (ADS), con planta en R\u00edo Grande,\" \/>\n<meta property=\"og:url\" content=\"https:\/\/fmgente.com.ar\/web\/crisis-en-tierra-del-fuego-ads-se-declara-en-quiebra-y-trabajadores-toman-la-planta-en-rio-grande\/\" \/>\n<meta property=\"og:site_name\" content=\"Fm Gente\" \/>\n<meta property=\"article:published_time\" content=\"2026-02-26T19:45:25+00:00\" \/>\n<meta name=\"twitter:card\" content=\"summary_large_image\" \/>\n<meta name=\"twitter:label1\" content=\"Tiempo de lectura\" \/>\n\t<meta name=\"twitter:data1\" content=\"3 minutos\" \/>\n<script type=\"application\/ld+json\" class=\"yoast-schema-graph\">{\"@context\":\"https:\\\/\\\/schema.org\",\"@graph\":[{\"@type\":\"Article\",\"@id\":\"https:\\\/\\\/fmgente.com.ar\\\/web\\\/crisis-en-tierra-del-fuego-ads-se-declara-en-quiebra-y-trabajadores-toman-la-planta-en-rio-grande\\\/#article\",\"isPartOf\":{\"@id\":\"https:\\\/\\\/fmgente.com.ar\\\/web\\\/crisis-en-tierra-del-fuego-ads-se-declara-en-quiebra-y-trabajadores-toman-la-planta-en-rio-grande\\\/\"},\"author\":{\"name\":\"\",\"@id\":\"\"},\"headline\":\"Crisis en Tierra del Fuego: ADS se declara en quiebra y trabajadores toman la planta en R\u00edo Grande\",\"datePublished\":\"2026-02-26T19:45:25+00:00\",\"mainEntityOfPage\":{\"@id\":\"https:\\\/\\\/fmgente.com.ar\\\/web\\\/crisis-en-tierra-del-fuego-ads-se-declara-en-quiebra-y-trabajadores-toman-la-planta-en-rio-grande\\\/\"},\"wordCount\":584,\"publisher\":{\"@id\":\"https:\\\/\\\/fmgente.com.ar\\\/web\\\/#organization\"},\"image\":{\"@id\":\"https:\\\/\\\/fmgente.com.ar\\\/web\\\/crisis-en-tierra-del-fuego-ads-se-declara-en-quiebra-y-trabajadores-toman-la-planta-en-rio-grande\\\/#primaryimage\"},\"thumbnailUrl\":\"https:\\\/\\\/fmgente.com.ar\\\/web\\\/wp-content\\\/uploads\\\/2026\\\/02\\\/720-109.jpeg\",\"articleSection\":[\"DESTACADAS\"],\"inLanguage\":\"es\"},{\"@type\":\"WebPage\",\"@id\":\"https:\\\/\\\/fmgente.com.ar\\\/web\\\/crisis-en-tierra-del-fuego-ads-se-declara-en-quiebra-y-trabajadores-toman-la-planta-en-rio-grande\\\/\",\"url\":\"https:\\\/\\\/fmgente.com.ar\\\/web\\\/crisis-en-tierra-del-fuego-ads-se-declara-en-quiebra-y-trabajadores-toman-la-planta-en-rio-grande\\\/\",\"name\":\"Crisis en Tierra del Fuego: ADS se declara en quiebra y trabajadores toman la planta en R\u00edo Grande - Fm Gente\",\"isPartOf\":{\"@id\":\"https:\\\/\\\/fmgente.com.ar\\\/web\\\/#website\"},\"primaryImageOfPage\":{\"@id\":\"https:\\\/\\\/fmgente.com.ar\\\/web\\\/crisis-en-tierra-del-fuego-ads-se-declara-en-quiebra-y-trabajadores-toman-la-planta-en-rio-grande\\\/#primaryimage\"},\"image\":{\"@id\":\"https:\\\/\\\/fmgente.com.ar\\\/web\\\/crisis-en-tierra-del-fuego-ads-se-declara-en-quiebra-y-trabajadores-toman-la-planta-en-rio-grande\\\/#primaryimage\"},\"thumbnailUrl\":\"https:\\\/\\\/fmgente.com.ar\\\/web\\\/wp-content\\\/uploads\\\/2026\\\/02\\\/720-109.jpeg\",\"datePublished\":\"2026-02-26T19:45:25+00:00\",\"inLanguage\":\"es\",\"potentialAction\":[{\"@type\":\"ReadAction\",\"target\":[\"https:\\\/\\\/fmgente.com.ar\\\/web\\\/crisis-en-tierra-del-fuego-ads-se-declara-en-quiebra-y-trabajadores-toman-la-planta-en-rio-grande\\\/\"]}]},{\"@type\":\"ImageObject\",\"inLanguage\":\"es\",\"@id\":\"https:\\\/\\\/fmgente.com.ar\\\/web\\\/crisis-en-tierra-del-fuego-ads-se-declara-en-quiebra-y-trabajadores-toman-la-planta-en-rio-grande\\\/#primaryimage\",\"url\":\"https:\\\/\\\/fmgente.com.ar\\\/web\\\/wp-content\\\/uploads\\\/2026\\\/02\\\/720-109.jpeg\",\"contentUrl\":\"https:\\\/\\\/fmgente.com.ar\\\/web\\\/wp-content\\\/uploads\\\/2026\\\/02\\\/720-109.jpeg\",\"width\":1280,\"height\":720},{\"@type\":\"WebSite\",\"@id\":\"https:\\\/\\\/fmgente.com.ar\\\/web\\\/#website\",\"url\":\"https:\\\/\\\/fmgente.com.ar\\\/web\\\/\",\"name\":\"Fm Gente\",\"description\":\"- Jes\u00fas Mar\u00eda\",\"publisher\":{\"@id\":\"https:\\\/\\\/fmgente.com.ar\\\/web\\\/#organization\"},\"potentialAction\":[{\"@type\":\"SearchAction\",\"target\":{\"@type\":\"EntryPoint\",\"urlTemplate\":\"https:\\\/\\\/fmgente.com.ar\\\/web\\\/?s={search_term_string}\"},\"query-input\":{\"@type\":\"PropertyValueSpecification\",\"valueRequired\":true,\"valueName\":\"search_term_string\"}}],\"inLanguage\":\"es\"},{\"@type\":\"Organization\",\"@id\":\"https:\\\/\\\/fmgente.com.ar\\\/web\\\/#organization\",\"name\":\"Fm Gente\",\"url\":\"https:\\\/\\\/fmgente.com.ar\\\/web\\\/\",\"logo\":{\"@type\":\"ImageObject\",\"inLanguage\":\"es\",\"@id\":\"https:\\\/\\\/fmgente.com.ar\\\/web\\\/#\\\/schema\\\/logo\\\/image\\\/\",\"url\":\"https:\\\/\\\/fmgente.com.ar\\\/web\\\/wp-content\\\/uploads\\\/2023\\\/07\\\/cropped-cropped-logo-sombra2.png\",\"contentUrl\":\"https:\\\/\\\/fmgente.com.ar\\\/web\\\/wp-content\\\/uploads\\\/2023\\\/07\\\/cropped-cropped-logo-sombra2.png\",\"width\":1782,\"height\":1782,\"caption\":\"Fm Gente\"},\"image\":{\"@id\":\"https:\\\/\\\/fmgente.com.ar\\\/web\\\/#\\\/schema\\\/logo\\\/image\\\/\"}}]}<\/script>\n<!-- \/ Yoast SEO plugin. -->","yoast_head_json":{"title":"Crisis en Tierra del Fuego: ADS se declara en quiebra y trabajadores toman la planta en R\u00edo Grande - Fm Gente","robots":{"index":"index","follow":"follow","max-snippet":"max-snippet:-1","max-image-preview":"max-image-preview:large","max-video-preview":"max-video-preview:-1"},"canonical":"https:\/\/fmgente.com.ar\/web\/crisis-en-tierra-del-fuego-ads-se-declara-en-quiebra-y-trabajadores-toman-la-planta-en-rio-grande\/","og_locale":"es_ES","og_type":"article","og_title":"Crisis en Tierra del Fuego: ADS se declara en quiebra y trabajadores toman la planta en R\u00edo Grande - Fm Gente","og_description":"Buenos Aires, 26 febrero (NA) \u2013 Aires del Sur (ADS), con planta en R\u00edo Grande,","og_url":"https:\/\/fmgente.com.ar\/web\/crisis-en-tierra-del-fuego-ads-se-declara-en-quiebra-y-trabajadores-toman-la-planta-en-rio-grande\/","og_site_name":"Fm Gente","article_published_time":"2026-02-26T19:45:25+00:00","twitter_card":"summary_large_image","twitter_misc":{"Tiempo de lectura":"3 minutos"},"schema":{"@context":"https:\/\/schema.org","@graph":[{"@type":"Article","@id":"https:\/\/fmgente.com.ar\/web\/crisis-en-tierra-del-fuego-ads-se-declara-en-quiebra-y-trabajadores-toman-la-planta-en-rio-grande\/#article","isPartOf":{"@id":"https:\/\/fmgente.com.ar\/web\/crisis-en-tierra-del-fuego-ads-se-declara-en-quiebra-y-trabajadores-toman-la-planta-en-rio-grande\/"},"author":{"name":"","@id":""},"headline":"Crisis en Tierra del Fuego: ADS se declara en quiebra y trabajadores toman la planta en R\u00edo Grande","datePublished":"2026-02-26T19:45:25+00:00","mainEntityOfPage":{"@id":"https:\/\/fmgente.com.ar\/web\/crisis-en-tierra-del-fuego-ads-se-declara-en-quiebra-y-trabajadores-toman-la-planta-en-rio-grande\/"},"wordCount":584,"publisher":{"@id":"https:\/\/fmgente.com.ar\/web\/#organization"},"image":{"@id":"https:\/\/fmgente.com.ar\/web\/crisis-en-tierra-del-fuego-ads-se-declara-en-quiebra-y-trabajadores-toman-la-planta-en-rio-grande\/#primaryimage"},"thumbnailUrl":"https:\/\/fmgente.com.ar\/web\/wp-content\/uploads\/2026\/02\/720-109.jpeg","articleSection":["DESTACADAS"],"inLanguage":"es"},{"@type":"WebPage","@id":"https:\/\/fmgente.com.ar\/web\/crisis-en-tierra-del-fuego-ads-se-declara-en-quiebra-y-trabajadores-toman-la-planta-en-rio-grande\/","url":"https:\/\/fmgente.com.ar\/web\/crisis-en-tierra-del-fuego-ads-se-declara-en-quiebra-y-trabajadores-toman-la-planta-en-rio-grande\/","name":"Crisis en Tierra del Fuego: ADS se declara en quiebra y trabajadores toman la planta en R\u00edo Grande - Fm Gente","isPartOf":{"@id":"https:\/\/fmgente.com.ar\/web\/#website"},"primaryImageOfPage":{"@id":"https:\/\/fmgente.com.ar\/web\/crisis-en-tierra-del-fuego-ads-se-declara-en-quiebra-y-trabajadores-toman-la-planta-en-rio-grande\/#primaryimage"},"image":{"@id":"https:\/\/fmgente.com.ar\/web\/crisis-en-tierra-del-fuego-ads-se-declara-en-quiebra-y-trabajadores-toman-la-planta-en-rio-grande\/#primaryimage"},"thumbnailUrl":"https:\/\/fmgente.com.ar\/web\/wp-content\/uploads\/2026\/02\/720-109.jpeg","datePublished":"2026-02-26T19:45:25+00:00","inLanguage":"es","potentialAction":[{"@type":"ReadAction","target":["https:\/\/fmgente.com.ar\/web\/crisis-en-tierra-del-fuego-ads-se-declara-en-quiebra-y-trabajadores-toman-la-planta-en-rio-grande\/"]}]},{"@type":"ImageObject","inLanguage":"es","@id":"https:\/\/fmgente.com.ar\/web\/crisis-en-tierra-del-fuego-ads-se-declara-en-quiebra-y-trabajadores-toman-la-planta-en-rio-grande\/#primaryimage","url":"https:\/\/fmgente.com.ar\/web\/wp-content\/uploads\/2026\/02\/720-109.jpeg","contentUrl":"https:\/\/fmgente.com.ar\/web\/wp-content\/uploads\/2026\/02\/720-109.jpeg","width":1280,"height":720},{"@type":"WebSite","@id":"https:\/\/fmgente.com.ar\/web\/#website","url":"https:\/\/fmgente.com.ar\/web\/","name":"Fm Gente","description":"- Jes\u00fas Mar\u00eda","publisher":{"@id":"https:\/\/fmgente.com.ar\/web\/#organization"},"potentialAction":[{"@type":"SearchAction","target":{"@type":"EntryPoint","urlTemplate":"https:\/\/fmgente.com.ar\/web\/?s={search_term_string}"},"query-input":{"@type":"PropertyValueSpecification","valueRequired":true,"valueName":"search_term_string"}}],"inLanguage":"es"},{"@type":"Organization","@id":"https:\/\/fmgente.com.ar\/web\/#organization","name":"Fm Gente","url":"https:\/\/fmgente.com.ar\/web\/","logo":{"@type":"ImageObject","inLanguage":"es","@id":"https:\/\/fmgente.com.ar\/web\/#\/schema\/logo\/image\/","url":"https:\/\/fmgente.com.ar\/web\/wp-content\/uploads\/2023\/07\/cropped-cropped-logo-sombra2.png","contentUrl":"https:\/\/fmgente.com.ar\/web\/wp-content\/uploads\/2023\/07\/cropped-cropped-logo-sombra2.png","width":1782,"height":1782,"caption":"Fm Gente"},"image":{"@id":"https:\/\/fmgente.com.ar\/web\/#\/schema\/logo\/image\/"}}]}},"_links":{"self":[{"href":"https:\/\/fmgente.com.ar\/web\/wp-json\/wp\/v2\/posts\/13121","targetHints":{"allow":["GET"]}}],"collection":[{"href":"https:\/\/fmgente.com.ar\/web\/wp-json\/wp\/v2\/posts"}],"about":[{"href":"https:\/\/fmgente.com.ar\/web\/wp-json\/wp\/v2\/types\/post"}],"replies":[{"embeddable":true,"href":"https:\/\/fmgente.com.ar\/web\/wp-json\/wp\/v2\/comments?post=13121"}],"version-history":[{"count":0,"href":"https:\/\/fmgente.com.ar\/web\/wp-json\/wp\/v2\/posts\/13121\/revisions"}],"wp:featuredmedia":[{"embeddable":true,"href":"https:\/\/fmgente.com.ar\/web\/wp-json\/wp\/v2\/media\/13122"}],"wp:attachment":[{"href":"https:\/\/fmgente.com.ar\/web\/wp-json\/wp\/v2\/media?parent=13121"}],"wp:term":[{"taxonomy":"category","embeddable":true,"href":"https:\/\/fmgente.com.ar\/web\/wp-json\/wp\/v2\/categories?post=13121"},{"taxonomy":"post_tag","embeddable":true,"href":"https:\/\/fmgente.com.ar\/web\/wp-json\/wp\/v2\/tags?post=13121"}],"curies":[{"name":"wp","href":"https:\/\/api.w.org\/{rel}","templated":true}]}}