{"id":13119,"date":"2026-02-26T16:45:24","date_gmt":"2026-02-26T19:45:24","guid":{"rendered":"https:\/\/fmgente.com.ar\/web\/javier-milei-ultima-detalles-del-discurso-del-domingo-anunciara-el-ano-mas-reformista-de-la-historia\/"},"modified":"2026-02-26T16:45:24","modified_gmt":"2026-02-26T19:45:24","slug":"javier-milei-ultima-detalles-del-discurso-del-domingo-anunciara-el-ano-mas-reformista-de-la-historia","status":"publish","type":"post","link":"https:\/\/fmgente.com.ar\/web\/javier-milei-ultima-detalles-del-discurso-del-domingo-anunciara-el-ano-mas-reformista-de-la-historia\/","title":{"rendered":"Javier Milei ultima detalles del discurso del domingo: anunciar\u00e1 \u201cel a\u00f1o m\u00e1s reformista de la historia&quot;"},"content":{"rendered":"<p>Buenos Aires, 26 febrero (NA) \u2013 El presidente Javier Milei rompi\u00f3 su habitual rutina y visit\u00f3 en la ma\u00f1ana de este jueves la Casa Rosada para reunirse con las autoridades de la empresa suiza Breitling SA, especializada en el dise\u00f1o, manufactura y distribuci\u00f3n de relojes de pulsera, para regresar a la quinta de Olivos pasado el mediod\u00eda. <\/p>\n<p>Seg\u00fan supo la agencia Noticias Argentinas, el libertario ultima los detalles de discurso que pronunciar\u00e1 el pr\u00f3ximo domingo en la inauguraci\u00f3n formal del a\u00f1o legislativo, mientras el Senado trabaja en la sanci\u00f3n del paquete de objetivos establecidos para las sesiones extraordinarias. <\/p>\n<p>La jefa de bloque de La Libertad Avanza, Patricia Bullrich, logr\u00f3 conquistar la aprobaci\u00f3n total del acuerdo comercial entre el bloque del Mercosur y la Uni\u00f3n Europea y se encaminaba a lograr la media sanci\u00f3n de las modificaciones en la Ley de Glaciares.<\/p>\n<p>Para este viernes, en una sesi\u00f3n clave, el oficialismo buscar\u00e1 que los senadores acompa\u00f1en los cambios instrumentados en la reforma laboral, que obsesiona al mandatario. Tambi\u00e9n discutir\u00e1n la Ley Penal Juvenil que conquist\u00f3 el respaldo de la C\u00e1mara de Diputados. <\/p>\n<p>QU\u00c9 HIZO MILEI<\/p>\n<p>Desde Olivos, el Presidente segui\u00f3 de cerca lo que aconteci\u00f3 en el recinto bajo la supervisi\u00f3n de varios integrantes del Ejecutivo que se trasladaron al Palacio Legislativo. El ministro del Interior, Diego Santilli, y el secretario de Asuntos Estrat\u00e9gicos, Ignacio Devitt, adem\u00e1s del canciller Pablo Quirno. <\/p>\n<p>Si bien no se espera para este jueves la presencia del jefe de Gabinete, Manuel Adorni, s\u00ed podr\u00eda mostrarse en los palcos del Congreso este viernes con motivo de la discusi\u00f3n por la reforma laboral. <\/p>\n<p>EL DISCURSO DE MILEI<\/p>\n<p>Con particular atenci\u00f3n en su discurso durante la apertura de las sesiones ordinarias, el mandatario organiza los temas que incluir\u00e1 en su disertaci\u00f3n, que se espera que tenga una extensi\u00f3n de poco m\u00e1s de 30 minutos. <\/p>\n<p>Como cont\u00f3 la Agencia Noticias Argentinas, el equipo libertario prepara una exposici\u00f3n ambiciosa, que contempla m\u00e1s de 40 reformas legislativas relativas a los ministerios que componen la estructura del Gobierno. <\/p>\n<p>Con los detalles en estricta reserva, el mandatario brindar\u00e1 detalles de los pr\u00f3ximos pasos de la hoja de ruta de lo que ser\u00e1 \u201cel a\u00f1o m\u00e1s reformista de la historia\u201d, como lo anuncian los integrantes del Ejecutivo.<\/p>\n<p>La apertura de sesiones ordinarias tendr\u00e1 lugar el domingo 1\u00b0 de marzo, a las 21, en el recinto de la C\u00e1mara de Diputados, y contar\u00e1 con la asistencia de gobernadores, miembros de la Corte Suprema, legisladores, expresidentes, diplom\u00e1ticos y militares. <\/p>\n<p>La exposici\u00f3n ser\u00e1 transmitida por cadena nacional, en horario de primetime, como en las dos ediciones anteriores desde el inicio de su gesti\u00f3n. #AgenciaNA<\/p>\n","protected":false},"excerpt":{"rendered":"<p>Buenos Aires, 26 febrero (NA) \u2013 El presidente Javier Milei rompi\u00f3 su habitual rutina y<\/p>\n","protected":false},"author":0,"featured_media":13120,"comment_status":"","ping_status":"","sticky":false,"template":"","format":"standard","meta":{"footnotes":""},"categories":[11],"tags":[],"class_list":["post-13119","post","type-post","status-publish","format-standard","has-post-thumbnail","hentry","category-destacadas"],"yoast_head":"<!-- This site is optimized with the Yoast SEO plugin v27.4 - https:\/\/yoast.com\/product\/yoast-seo-wordpress\/ -->\n<title>Javier Milei ultima detalles del discurso del domingo: anunciar\u00e1 \u201cel a\u00f1o m\u00e1s reformista de la historia&quot; - Fm Gente<\/title>\n<meta name=\"robots\" content=\"index, follow, max-snippet:-1, max-image-preview:large, max-video-preview:-1\" \/>\n<link rel=\"canonical\" href=\"https:\/\/fmgente.com.ar\/web\/javier-milei-ultima-detalles-del-discurso-del-domingo-anunciara-el-ano-mas-reformista-de-la-historia\/\" \/>\n<meta property=\"og:locale\" content=\"es_ES\" \/>\n<meta property=\"og:type\" content=\"article\" \/>\n<meta property=\"og:title\" content=\"Javier Milei ultima detalles del discurso del domingo: anunciar\u00e1 \u201cel a\u00f1o m\u00e1s reformista de la historia&quot; - Fm Gente\" \/>\n<meta property=\"og:description\" content=\"Buenos Aires, 26 febrero (NA) \u2013 El presidente Javier Milei rompi\u00f3 su habitual rutina y\" \/>\n<meta property=\"og:url\" content=\"https:\/\/fmgente.com.ar\/web\/javier-milei-ultima-detalles-del-discurso-del-domingo-anunciara-el-ano-mas-reformista-de-la-historia\/\" \/>\n<meta property=\"og:site_name\" content=\"Fm Gente\" \/>\n<meta property=\"article:published_time\" content=\"2026-02-26T19:45:24+00:00\" \/>\n<meta name=\"twitter:card\" content=\"summary_large_image\" \/>\n<meta name=\"twitter:label1\" content=\"Tiempo de lectura\" \/>\n\t<meta name=\"twitter:data1\" content=\"2 minutos\" \/>\n<script type=\"application\/ld+json\" class=\"yoast-schema-graph\">{\"@context\":\"https:\\\/\\\/schema.org\",\"@graph\":[{\"@type\":\"Article\",\"@id\":\"https:\\\/\\\/fmgente.com.ar\\\/web\\\/javier-milei-ultima-detalles-del-discurso-del-domingo-anunciara-el-ano-mas-reformista-de-la-historia\\\/#article\",\"isPartOf\":{\"@id\":\"https:\\\/\\\/fmgente.com.ar\\\/web\\\/javier-milei-ultima-detalles-del-discurso-del-domingo-anunciara-el-ano-mas-reformista-de-la-historia\\\/\"},\"author\":{\"name\":\"\",\"@id\":\"\"},\"headline\":\"Javier Milei ultima detalles del discurso del domingo: anunciar\u00e1 \u201cel a\u00f1o m\u00e1s reformista de la historia&quot;\",\"datePublished\":\"2026-02-26T19:45:24+00:00\",\"mainEntityOfPage\":{\"@id\":\"https:\\\/\\\/fmgente.com.ar\\\/web\\\/javier-milei-ultima-detalles-del-discurso-del-domingo-anunciara-el-ano-mas-reformista-de-la-historia\\\/\"},\"wordCount\":484,\"publisher\":{\"@id\":\"https:\\\/\\\/fmgente.com.ar\\\/web\\\/#organization\"},\"image\":{\"@id\":\"https:\\\/\\\/fmgente.com.ar\\\/web\\\/javier-milei-ultima-detalles-del-discurso-del-domingo-anunciara-el-ano-mas-reformista-de-la-historia\\\/#primaryimage\"},\"thumbnailUrl\":\"https:\\\/\\\/fmgente.com.ar\\\/web\\\/wp-content\\\/uploads\\\/2026\\\/02\\\/720-108.jpeg\",\"articleSection\":[\"DESTACADAS\"],\"inLanguage\":\"es\"},{\"@type\":\"WebPage\",\"@id\":\"https:\\\/\\\/fmgente.com.ar\\\/web\\\/javier-milei-ultima-detalles-del-discurso-del-domingo-anunciara-el-ano-mas-reformista-de-la-historia\\\/\",\"url\":\"https:\\\/\\\/fmgente.com.ar\\\/web\\\/javier-milei-ultima-detalles-del-discurso-del-domingo-anunciara-el-ano-mas-reformista-de-la-historia\\\/\",\"name\":\"Javier Milei ultima detalles del discurso del domingo: anunciar\u00e1 \u201cel a\u00f1o m\u00e1s reformista de la historia&quot; - Fm Gente\",\"isPartOf\":{\"@id\":\"https:\\\/\\\/fmgente.com.ar\\\/web\\\/#website\"},\"primaryImageOfPage\":{\"@id\":\"https:\\\/\\\/fmgente.com.ar\\\/web\\\/javier-milei-ultima-detalles-del-discurso-del-domingo-anunciara-el-ano-mas-reformista-de-la-historia\\\/#primaryimage\"},\"image\":{\"@id\":\"https:\\\/\\\/fmgente.com.ar\\\/web\\\/javier-milei-ultima-detalles-del-discurso-del-domingo-anunciara-el-ano-mas-reformista-de-la-historia\\\/#primaryimage\"},\"thumbnailUrl\":\"https:\\\/\\\/fmgente.com.ar\\\/web\\\/wp-content\\\/uploads\\\/2026\\\/02\\\/720-108.jpeg\",\"datePublished\":\"2026-02-26T19:45:24+00:00\",\"inLanguage\":\"es\",\"potentialAction\":[{\"@type\":\"ReadAction\",\"target\":[\"https:\\\/\\\/fmgente.com.ar\\\/web\\\/javier-milei-ultima-detalles-del-discurso-del-domingo-anunciara-el-ano-mas-reformista-de-la-historia\\\/\"]}]},{\"@type\":\"ImageObject\",\"inLanguage\":\"es\",\"@id\":\"https:\\\/\\\/fmgente.com.ar\\\/web\\\/javier-milei-ultima-detalles-del-discurso-del-domingo-anunciara-el-ano-mas-reformista-de-la-historia\\\/#primaryimage\",\"url\":\"https:\\\/\\\/fmgente.com.ar\\\/web\\\/wp-content\\\/uploads\\\/2026\\\/02\\\/720-108.jpeg\",\"contentUrl\":\"https:\\\/\\\/fmgente.com.ar\\\/web\\\/wp-content\\\/uploads\\\/2026\\\/02\\\/720-108.jpeg\",\"width\":1081,\"height\":720},{\"@type\":\"WebSite\",\"@id\":\"https:\\\/\\\/fmgente.com.ar\\\/web\\\/#website\",\"url\":\"https:\\\/\\\/fmgente.com.ar\\\/web\\\/\",\"name\":\"Fm Gente\",\"description\":\"- Jes\u00fas Mar\u00eda\",\"publisher\":{\"@id\":\"https:\\\/\\\/fmgente.com.ar\\\/web\\\/#organization\"},\"potentialAction\":[{\"@type\":\"SearchAction\",\"target\":{\"@type\":\"EntryPoint\",\"urlTemplate\":\"https:\\\/\\\/fmgente.com.ar\\\/web\\\/?s={search_term_string}\"},\"query-input\":{\"@type\":\"PropertyValueSpecification\",\"valueRequired\":true,\"valueName\":\"search_term_string\"}}],\"inLanguage\":\"es\"},{\"@type\":\"Organization\",\"@id\":\"https:\\\/\\\/fmgente.com.ar\\\/web\\\/#organization\",\"name\":\"Fm Gente\",\"url\":\"https:\\\/\\\/fmgente.com.ar\\\/web\\\/\",\"logo\":{\"@type\":\"ImageObject\",\"inLanguage\":\"es\",\"@id\":\"https:\\\/\\\/fmgente.com.ar\\\/web\\\/#\\\/schema\\\/logo\\\/image\\\/\",\"url\":\"https:\\\/\\\/fmgente.com.ar\\\/web\\\/wp-content\\\/uploads\\\/2023\\\/07\\\/cropped-cropped-logo-sombra2.png\",\"contentUrl\":\"https:\\\/\\\/fmgente.com.ar\\\/web\\\/wp-content\\\/uploads\\\/2023\\\/07\\\/cropped-cropped-logo-sombra2.png\",\"width\":1782,\"height\":1782,\"caption\":\"Fm Gente\"},\"image\":{\"@id\":\"https:\\\/\\\/fmgente.com.ar\\\/web\\\/#\\\/schema\\\/logo\\\/image\\\/\"}}]}<\/script>\n<!-- \/ Yoast SEO plugin. -->","yoast_head_json":{"title":"Javier Milei ultima detalles del discurso del domingo: anunciar\u00e1 \u201cel a\u00f1o m\u00e1s reformista de la historia&quot; - Fm Gente","robots":{"index":"index","follow":"follow","max-snippet":"max-snippet:-1","max-image-preview":"max-image-preview:large","max-video-preview":"max-video-preview:-1"},"canonical":"https:\/\/fmgente.com.ar\/web\/javier-milei-ultima-detalles-del-discurso-del-domingo-anunciara-el-ano-mas-reformista-de-la-historia\/","og_locale":"es_ES","og_type":"article","og_title":"Javier Milei ultima detalles del discurso del domingo: anunciar\u00e1 \u201cel a\u00f1o m\u00e1s reformista de la historia&quot; - Fm Gente","og_description":"Buenos Aires, 26 febrero (NA) \u2013 El presidente Javier Milei rompi\u00f3 su habitual rutina y","og_url":"https:\/\/fmgente.com.ar\/web\/javier-milei-ultima-detalles-del-discurso-del-domingo-anunciara-el-ano-mas-reformista-de-la-historia\/","og_site_name":"Fm Gente","article_published_time":"2026-02-26T19:45:24+00:00","twitter_card":"summary_large_image","twitter_misc":{"Tiempo de lectura":"2 minutos"},"schema":{"@context":"https:\/\/schema.org","@graph":[{"@type":"Article","@id":"https:\/\/fmgente.com.ar\/web\/javier-milei-ultima-detalles-del-discurso-del-domingo-anunciara-el-ano-mas-reformista-de-la-historia\/#article","isPartOf":{"@id":"https:\/\/fmgente.com.ar\/web\/javier-milei-ultima-detalles-del-discurso-del-domingo-anunciara-el-ano-mas-reformista-de-la-historia\/"},"author":{"name":"","@id":""},"headline":"Javier Milei ultima detalles del discurso del domingo: anunciar\u00e1 \u201cel a\u00f1o m\u00e1s reformista de la historia&quot;","datePublished":"2026-02-26T19:45:24+00:00","mainEntityOfPage":{"@id":"https:\/\/fmgente.com.ar\/web\/javier-milei-ultima-detalles-del-discurso-del-domingo-anunciara-el-ano-mas-reformista-de-la-historia\/"},"wordCount":484,"publisher":{"@id":"https:\/\/fmgente.com.ar\/web\/#organization"},"image":{"@id":"https:\/\/fmgente.com.ar\/web\/javier-milei-ultima-detalles-del-discurso-del-domingo-anunciara-el-ano-mas-reformista-de-la-historia\/#primaryimage"},"thumbnailUrl":"https:\/\/fmgente.com.ar\/web\/wp-content\/uploads\/2026\/02\/720-108.jpeg","articleSection":["DESTACADAS"],"inLanguage":"es"},{"@type":"WebPage","@id":"https:\/\/fmgente.com.ar\/web\/javier-milei-ultima-detalles-del-discurso-del-domingo-anunciara-el-ano-mas-reformista-de-la-historia\/","url":"https:\/\/fmgente.com.ar\/web\/javier-milei-ultima-detalles-del-discurso-del-domingo-anunciara-el-ano-mas-reformista-de-la-historia\/","name":"Javier Milei ultima detalles del discurso del domingo: anunciar\u00e1 \u201cel a\u00f1o m\u00e1s reformista de la historia&quot; - Fm Gente","isPartOf":{"@id":"https:\/\/fmgente.com.ar\/web\/#website"},"primaryImageOfPage":{"@id":"https:\/\/fmgente.com.ar\/web\/javier-milei-ultima-detalles-del-discurso-del-domingo-anunciara-el-ano-mas-reformista-de-la-historia\/#primaryimage"},"image":{"@id":"https:\/\/fmgente.com.ar\/web\/javier-milei-ultima-detalles-del-discurso-del-domingo-anunciara-el-ano-mas-reformista-de-la-historia\/#primaryimage"},"thumbnailUrl":"https:\/\/fmgente.com.ar\/web\/wp-content\/uploads\/2026\/02\/720-108.jpeg","datePublished":"2026-02-26T19:45:24+00:00","inLanguage":"es","potentialAction":[{"@type":"ReadAction","target":["https:\/\/fmgente.com.ar\/web\/javier-milei-ultima-detalles-del-discurso-del-domingo-anunciara-el-ano-mas-reformista-de-la-historia\/"]}]},{"@type":"ImageObject","inLanguage":"es","@id":"https:\/\/fmgente.com.ar\/web\/javier-milei-ultima-detalles-del-discurso-del-domingo-anunciara-el-ano-mas-reformista-de-la-historia\/#primaryimage","url":"https:\/\/fmgente.com.ar\/web\/wp-content\/uploads\/2026\/02\/720-108.jpeg","contentUrl":"https:\/\/fmgente.com.ar\/web\/wp-content\/uploads\/2026\/02\/720-108.jpeg","width":1081,"height":720},{"@type":"WebSite","@id":"https:\/\/fmgente.com.ar\/web\/#website","url":"https:\/\/fmgente.com.ar\/web\/","name":"Fm Gente","description":"- Jes\u00fas Mar\u00eda","publisher":{"@id":"https:\/\/fmgente.com.ar\/web\/#organization"},"potentialAction":[{"@type":"SearchAction","target":{"@type":"EntryPoint","urlTemplate":"https:\/\/fmgente.com.ar\/web\/?s={search_term_string}"},"query-input":{"@type":"PropertyValueSpecification","valueRequired":true,"valueName":"search_term_string"}}],"inLanguage":"es"},{"@type":"Organization","@id":"https:\/\/fmgente.com.ar\/web\/#organization","name":"Fm Gente","url":"https:\/\/fmgente.com.ar\/web\/","logo":{"@type":"ImageObject","inLanguage":"es","@id":"https:\/\/fmgente.com.ar\/web\/#\/schema\/logo\/image\/","url":"https:\/\/fmgente.com.ar\/web\/wp-content\/uploads\/2023\/07\/cropped-cropped-logo-sombra2.png","contentUrl":"https:\/\/fmgente.com.ar\/web\/wp-content\/uploads\/2023\/07\/cropped-cropped-logo-sombra2.png","width":1782,"height":1782,"caption":"Fm Gente"},"image":{"@id":"https:\/\/fmgente.com.ar\/web\/#\/schema\/logo\/image\/"}}]}},"_links":{"self":[{"href":"https:\/\/fmgente.com.ar\/web\/wp-json\/wp\/v2\/posts\/13119","targetHints":{"allow":["GET"]}}],"collection":[{"href":"https:\/\/fmgente.com.ar\/web\/wp-json\/wp\/v2\/posts"}],"about":[{"href":"https:\/\/fmgente.com.ar\/web\/wp-json\/wp\/v2\/types\/post"}],"replies":[{"embeddable":true,"href":"https:\/\/fmgente.com.ar\/web\/wp-json\/wp\/v2\/comments?post=13119"}],"version-history":[{"count":0,"href":"https:\/\/fmgente.com.ar\/web\/wp-json\/wp\/v2\/posts\/13119\/revisions"}],"wp:featuredmedia":[{"embeddable":true,"href":"https:\/\/fmgente.com.ar\/web\/wp-json\/wp\/v2\/media\/13120"}],"wp:attachment":[{"href":"https:\/\/fmgente.com.ar\/web\/wp-json\/wp\/v2\/media?parent=13119"}],"wp:term":[{"taxonomy":"category","embeddable":true,"href":"https:\/\/fmgente.com.ar\/web\/wp-json\/wp\/v2\/categories?post=13119"},{"taxonomy":"post_tag","embeddable":true,"href":"https:\/\/fmgente.com.ar\/web\/wp-json\/wp\/v2\/tags?post=13119"}],"curies":[{"name":"wp","href":"https:\/\/api.w.org\/{rel}","templated":true}]}}