{"id":13117,"date":"2026-02-26T16:45:23","date_gmt":"2026-02-26T19:45:23","guid":{"rendered":"https:\/\/fmgente.com.ar\/web\/marisa-brel-deja-lam-tras-meses-de-tension-con-laura-ubfal\/"},"modified":"2026-02-26T16:45:23","modified_gmt":"2026-02-26T19:45:23","slug":"marisa-brel-deja-lam-tras-meses-de-tension-con-laura-ubfal","status":"publish","type":"post","link":"https:\/\/fmgente.com.ar\/web\/marisa-brel-deja-lam-tras-meses-de-tension-con-laura-ubfal\/","title":{"rendered":"Marisa Brel deja LAM tras meses de tensi\u00f3n con Laura Ubfal"},"content":{"rendered":"<p>Buenos Aires, 26 febrero (NA) \u2013 Marisa Brel decidi\u00f3 no continuar en LAM y se despedir\u00e1 del ciclo a fines de febrero, luego de una serie de cruces al aire con Laura Ubfal que reavivaron una interna que arrastra antecedentes desde 2022.<\/p>\n<p>Seg\u00fan supo la Agencia Noticias Argentinas, a trav\u00e9s de Juan Etchegoyen quien explic\u00f3 en su programa los motivos de la salida, la panelista no renovar\u00e1 su contrato, que finaliza a fines de este mes.<\/p>\n<p>\u201cLa idea del programa era que est\u00e9 todo el a\u00f1o, me dicen, pero ella no quiere renovar porque tiene viajes programados. \u00c1ngel de Brito deber\u00e1 buscarle reemplazo desde la semana que viene\u201d, asegur\u00f3. <\/p>\n<p>Adem\u00e1s, aclar\u00f3 que Brel hab\u00eda firmado \u00fanicamente por dos meses y no por la temporada completa.<\/p>\n<p>Etchegoyen tambi\u00e9n revel\u00f3 que habl\u00f3 directamente con la periodista: \u201cMe dijo que tiene varios viajes programados por diferentes partes del mundo y que la idea de ir estos dos meses era divertirse un poco. Est\u00e1 muy agradecida al programa\u201d.<\/p>\n<p>Por otro lado, desminti\u00f3 versiones que hablaban de un posible despido: \u201cLo aclaro porque quiz\u00e1s cuando se confirme esto muchos van a decir que la echan, y no pasa por ah\u00ed. De hecho, tengo entendido que Mandarina, la productora, quer\u00eda que siguiera\u201d.<\/p>\n<p>El v\u00ednculo entre Brel y Ubfal no es reciente, las tensiones comenzaron a\u00f1os atr\u00e1s y volvieron a quedar en evidencia con su reencuentro en LAM, el programa conducido por \u00c1ngel de Brito.<\/p>\n<p>A comienzos de este a\u00f1o protagonizaron un fuerte intercambio cuando debat\u00edan sobre la nueva temporada de En el barro. <\/p>\n<p>Ubfal afirm\u00f3 que Eva de Dominici hab\u00eda rechazado el papel de China Su\u00e1rez y Brel, cercana a la actriz, la corrigi\u00f3 y se\u00f1al\u00f3 que el rol rechazado hab\u00eda sido el de Valentina Zenere en la primera temporada.<\/p>\n<p>La discusi\u00f3n escal\u00f3 cuando Ubfal cuestion\u00f3 que su compa\u00f1era sol\u00eda apoyarse en su v\u00ednculo personal con figuras del medio para dar informaci\u00f3n. El cruce incluy\u00f3 reproches sobre sus trayectorias y termin\u00f3 con Brel acus\u00e1ndola de ser \u201cirrespetuosa\u201d.<\/p>\n<p>D\u00edas m\u00e1s tarde, el conflicto volvi\u00f3 a tomar vuelo cuando Ubfal retom\u00f3 el tema en un programa de streaming en Bondi Live. <\/p>\n<p>En las \u00faltimas horas, un nuevo episodio reactiv\u00f3 la tensi\u00f3n, ya que, durante un debate en LAM sobre la participaci\u00f3n de Eduardo Carrera en Gran Hermano Generaci\u00f3n Dorada, las panelistas volvieron a enfrentarse.<\/p>\n<p>\u201cMarisa, siempre est\u00e1s defendiendo a los que tienen sospecha de violencia\u201d, dispar\u00f3 Ubfal. Brel respondi\u00f3 con firmeza: \u201cVos que defendiste a Furia, la m\u00e1s violenta de Gran Hermano. El gordo Carrera fue un jugadorazo, ten\u00eda una relaci\u00f3n t\u00f3xica con Romina y una vez se enoj\u00f3 y se conden\u00f3 la situaci\u00f3n\u201d.<\/p>\n<p>La discusi\u00f3n continu\u00f3 y Brel sum\u00f3 una acusaci\u00f3n directa: \u201cVos sos violenta, porque dijiste cosas muy violentas, y defend\u00e9s a todos los violentos de Gran Hermano\u201d.<\/p>\n<p>#AgenciaNA<\/p>\n","protected":false},"excerpt":{"rendered":"<p>Buenos Aires, 26 febrero (NA) \u2013 Marisa Brel decidi\u00f3 no continuar en LAM y se<\/p>\n","protected":false},"author":0,"featured_media":13118,"comment_status":"","ping_status":"","sticky":false,"template":"","format":"standard","meta":{"footnotes":""},"categories":[11],"tags":[],"class_list":["post-13117","post","type-post","status-publish","format-standard","has-post-thumbnail","hentry","category-destacadas"],"yoast_head":"<!-- This site is optimized with the Yoast SEO plugin v27.4 - https:\/\/yoast.com\/product\/yoast-seo-wordpress\/ -->\n<title>Marisa Brel deja LAM tras meses de tensi\u00f3n con Laura Ubfal - Fm Gente<\/title>\n<meta name=\"robots\" content=\"index, follow, max-snippet:-1, max-image-preview:large, max-video-preview:-1\" \/>\n<link rel=\"canonical\" href=\"https:\/\/fmgente.com.ar\/web\/marisa-brel-deja-lam-tras-meses-de-tension-con-laura-ubfal\/\" \/>\n<meta property=\"og:locale\" content=\"es_ES\" \/>\n<meta property=\"og:type\" content=\"article\" \/>\n<meta property=\"og:title\" content=\"Marisa Brel deja LAM tras meses de tensi\u00f3n con Laura Ubfal - Fm Gente\" \/>\n<meta property=\"og:description\" content=\"Buenos Aires, 26 febrero (NA) \u2013 Marisa Brel decidi\u00f3 no continuar en LAM y se\" \/>\n<meta property=\"og:url\" content=\"https:\/\/fmgente.com.ar\/web\/marisa-brel-deja-lam-tras-meses-de-tension-con-laura-ubfal\/\" \/>\n<meta property=\"og:site_name\" content=\"Fm Gente\" \/>\n<meta property=\"article:published_time\" content=\"2026-02-26T19:45:23+00:00\" \/>\n<meta name=\"twitter:card\" content=\"summary_large_image\" \/>\n<meta name=\"twitter:label1\" content=\"Tiempo de lectura\" \/>\n\t<meta name=\"twitter:data1\" content=\"2 minutos\" \/>\n<script type=\"application\/ld+json\" class=\"yoast-schema-graph\">{\"@context\":\"https:\\\/\\\/schema.org\",\"@graph\":[{\"@type\":\"Article\",\"@id\":\"https:\\\/\\\/fmgente.com.ar\\\/web\\\/marisa-brel-deja-lam-tras-meses-de-tension-con-laura-ubfal\\\/#article\",\"isPartOf\":{\"@id\":\"https:\\\/\\\/fmgente.com.ar\\\/web\\\/marisa-brel-deja-lam-tras-meses-de-tension-con-laura-ubfal\\\/\"},\"author\":{\"name\":\"\",\"@id\":\"\"},\"headline\":\"Marisa Brel deja LAM tras meses de tensi\u00f3n con Laura Ubfal\",\"datePublished\":\"2026-02-26T19:45:23+00:00\",\"mainEntityOfPage\":{\"@id\":\"https:\\\/\\\/fmgente.com.ar\\\/web\\\/marisa-brel-deja-lam-tras-meses-de-tension-con-laura-ubfal\\\/\"},\"wordCount\":509,\"publisher\":{\"@id\":\"https:\\\/\\\/fmgente.com.ar\\\/web\\\/#organization\"},\"image\":{\"@id\":\"https:\\\/\\\/fmgente.com.ar\\\/web\\\/marisa-brel-deja-lam-tras-meses-de-tension-con-laura-ubfal\\\/#primaryimage\"},\"thumbnailUrl\":\"https:\\\/\\\/fmgente.com.ar\\\/web\\\/wp-content\\\/uploads\\\/2026\\\/02\\\/image-3.jpg\",\"articleSection\":[\"DESTACADAS\"],\"inLanguage\":\"es\"},{\"@type\":\"WebPage\",\"@id\":\"https:\\\/\\\/fmgente.com.ar\\\/web\\\/marisa-brel-deja-lam-tras-meses-de-tension-con-laura-ubfal\\\/\",\"url\":\"https:\\\/\\\/fmgente.com.ar\\\/web\\\/marisa-brel-deja-lam-tras-meses-de-tension-con-laura-ubfal\\\/\",\"name\":\"Marisa Brel deja LAM tras meses de tensi\u00f3n con Laura Ubfal - Fm Gente\",\"isPartOf\":{\"@id\":\"https:\\\/\\\/fmgente.com.ar\\\/web\\\/#website\"},\"primaryImageOfPage\":{\"@id\":\"https:\\\/\\\/fmgente.com.ar\\\/web\\\/marisa-brel-deja-lam-tras-meses-de-tension-con-laura-ubfal\\\/#primaryimage\"},\"image\":{\"@id\":\"https:\\\/\\\/fmgente.com.ar\\\/web\\\/marisa-brel-deja-lam-tras-meses-de-tension-con-laura-ubfal\\\/#primaryimage\"},\"thumbnailUrl\":\"https:\\\/\\\/fmgente.com.ar\\\/web\\\/wp-content\\\/uploads\\\/2026\\\/02\\\/image-3.jpg\",\"datePublished\":\"2026-02-26T19:45:23+00:00\",\"inLanguage\":\"es\",\"potentialAction\":[{\"@type\":\"ReadAction\",\"target\":[\"https:\\\/\\\/fmgente.com.ar\\\/web\\\/marisa-brel-deja-lam-tras-meses-de-tension-con-laura-ubfal\\\/\"]}]},{\"@type\":\"ImageObject\",\"inLanguage\":\"es\",\"@id\":\"https:\\\/\\\/fmgente.com.ar\\\/web\\\/marisa-brel-deja-lam-tras-meses-de-tension-con-laura-ubfal\\\/#primaryimage\",\"url\":\"https:\\\/\\\/fmgente.com.ar\\\/web\\\/wp-content\\\/uploads\\\/2026\\\/02\\\/image-3.jpg\",\"contentUrl\":\"https:\\\/\\\/fmgente.com.ar\\\/web\\\/wp-content\\\/uploads\\\/2026\\\/02\\\/image-3.jpg\",\"width\":1024,\"height\":576},{\"@type\":\"WebSite\",\"@id\":\"https:\\\/\\\/fmgente.com.ar\\\/web\\\/#website\",\"url\":\"https:\\\/\\\/fmgente.com.ar\\\/web\\\/\",\"name\":\"Fm Gente\",\"description\":\"- Jes\u00fas Mar\u00eda\",\"publisher\":{\"@id\":\"https:\\\/\\\/fmgente.com.ar\\\/web\\\/#organization\"},\"potentialAction\":[{\"@type\":\"SearchAction\",\"target\":{\"@type\":\"EntryPoint\",\"urlTemplate\":\"https:\\\/\\\/fmgente.com.ar\\\/web\\\/?s={search_term_string}\"},\"query-input\":{\"@type\":\"PropertyValueSpecification\",\"valueRequired\":true,\"valueName\":\"search_term_string\"}}],\"inLanguage\":\"es\"},{\"@type\":\"Organization\",\"@id\":\"https:\\\/\\\/fmgente.com.ar\\\/web\\\/#organization\",\"name\":\"Fm Gente\",\"url\":\"https:\\\/\\\/fmgente.com.ar\\\/web\\\/\",\"logo\":{\"@type\":\"ImageObject\",\"inLanguage\":\"es\",\"@id\":\"https:\\\/\\\/fmgente.com.ar\\\/web\\\/#\\\/schema\\\/logo\\\/image\\\/\",\"url\":\"https:\\\/\\\/fmgente.com.ar\\\/web\\\/wp-content\\\/uploads\\\/2023\\\/07\\\/cropped-cropped-logo-sombra2.png\",\"contentUrl\":\"https:\\\/\\\/fmgente.com.ar\\\/web\\\/wp-content\\\/uploads\\\/2023\\\/07\\\/cropped-cropped-logo-sombra2.png\",\"width\":1782,\"height\":1782,\"caption\":\"Fm Gente\"},\"image\":{\"@id\":\"https:\\\/\\\/fmgente.com.ar\\\/web\\\/#\\\/schema\\\/logo\\\/image\\\/\"}}]}<\/script>\n<!-- \/ Yoast SEO plugin. -->","yoast_head_json":{"title":"Marisa Brel deja LAM tras meses de tensi\u00f3n con Laura Ubfal - Fm Gente","robots":{"index":"index","follow":"follow","max-snippet":"max-snippet:-1","max-image-preview":"max-image-preview:large","max-video-preview":"max-video-preview:-1"},"canonical":"https:\/\/fmgente.com.ar\/web\/marisa-brel-deja-lam-tras-meses-de-tension-con-laura-ubfal\/","og_locale":"es_ES","og_type":"article","og_title":"Marisa Brel deja LAM tras meses de tensi\u00f3n con Laura Ubfal - Fm Gente","og_description":"Buenos Aires, 26 febrero (NA) \u2013 Marisa Brel decidi\u00f3 no continuar en LAM y se","og_url":"https:\/\/fmgente.com.ar\/web\/marisa-brel-deja-lam-tras-meses-de-tension-con-laura-ubfal\/","og_site_name":"Fm Gente","article_published_time":"2026-02-26T19:45:23+00:00","twitter_card":"summary_large_image","twitter_misc":{"Tiempo de lectura":"2 minutos"},"schema":{"@context":"https:\/\/schema.org","@graph":[{"@type":"Article","@id":"https:\/\/fmgente.com.ar\/web\/marisa-brel-deja-lam-tras-meses-de-tension-con-laura-ubfal\/#article","isPartOf":{"@id":"https:\/\/fmgente.com.ar\/web\/marisa-brel-deja-lam-tras-meses-de-tension-con-laura-ubfal\/"},"author":{"name":"","@id":""},"headline":"Marisa Brel deja LAM tras meses de tensi\u00f3n con Laura Ubfal","datePublished":"2026-02-26T19:45:23+00:00","mainEntityOfPage":{"@id":"https:\/\/fmgente.com.ar\/web\/marisa-brel-deja-lam-tras-meses-de-tension-con-laura-ubfal\/"},"wordCount":509,"publisher":{"@id":"https:\/\/fmgente.com.ar\/web\/#organization"},"image":{"@id":"https:\/\/fmgente.com.ar\/web\/marisa-brel-deja-lam-tras-meses-de-tension-con-laura-ubfal\/#primaryimage"},"thumbnailUrl":"https:\/\/fmgente.com.ar\/web\/wp-content\/uploads\/2026\/02\/image-3.jpg","articleSection":["DESTACADAS"],"inLanguage":"es"},{"@type":"WebPage","@id":"https:\/\/fmgente.com.ar\/web\/marisa-brel-deja-lam-tras-meses-de-tension-con-laura-ubfal\/","url":"https:\/\/fmgente.com.ar\/web\/marisa-brel-deja-lam-tras-meses-de-tension-con-laura-ubfal\/","name":"Marisa Brel deja LAM tras meses de tensi\u00f3n con Laura Ubfal - Fm Gente","isPartOf":{"@id":"https:\/\/fmgente.com.ar\/web\/#website"},"primaryImageOfPage":{"@id":"https:\/\/fmgente.com.ar\/web\/marisa-brel-deja-lam-tras-meses-de-tension-con-laura-ubfal\/#primaryimage"},"image":{"@id":"https:\/\/fmgente.com.ar\/web\/marisa-brel-deja-lam-tras-meses-de-tension-con-laura-ubfal\/#primaryimage"},"thumbnailUrl":"https:\/\/fmgente.com.ar\/web\/wp-content\/uploads\/2026\/02\/image-3.jpg","datePublished":"2026-02-26T19:45:23+00:00","inLanguage":"es","potentialAction":[{"@type":"ReadAction","target":["https:\/\/fmgente.com.ar\/web\/marisa-brel-deja-lam-tras-meses-de-tension-con-laura-ubfal\/"]}]},{"@type":"ImageObject","inLanguage":"es","@id":"https:\/\/fmgente.com.ar\/web\/marisa-brel-deja-lam-tras-meses-de-tension-con-laura-ubfal\/#primaryimage","url":"https:\/\/fmgente.com.ar\/web\/wp-content\/uploads\/2026\/02\/image-3.jpg","contentUrl":"https:\/\/fmgente.com.ar\/web\/wp-content\/uploads\/2026\/02\/image-3.jpg","width":1024,"height":576},{"@type":"WebSite","@id":"https:\/\/fmgente.com.ar\/web\/#website","url":"https:\/\/fmgente.com.ar\/web\/","name":"Fm Gente","description":"- Jes\u00fas Mar\u00eda","publisher":{"@id":"https:\/\/fmgente.com.ar\/web\/#organization"},"potentialAction":[{"@type":"SearchAction","target":{"@type":"EntryPoint","urlTemplate":"https:\/\/fmgente.com.ar\/web\/?s={search_term_string}"},"query-input":{"@type":"PropertyValueSpecification","valueRequired":true,"valueName":"search_term_string"}}],"inLanguage":"es"},{"@type":"Organization","@id":"https:\/\/fmgente.com.ar\/web\/#organization","name":"Fm Gente","url":"https:\/\/fmgente.com.ar\/web\/","logo":{"@type":"ImageObject","inLanguage":"es","@id":"https:\/\/fmgente.com.ar\/web\/#\/schema\/logo\/image\/","url":"https:\/\/fmgente.com.ar\/web\/wp-content\/uploads\/2023\/07\/cropped-cropped-logo-sombra2.png","contentUrl":"https:\/\/fmgente.com.ar\/web\/wp-content\/uploads\/2023\/07\/cropped-cropped-logo-sombra2.png","width":1782,"height":1782,"caption":"Fm Gente"},"image":{"@id":"https:\/\/fmgente.com.ar\/web\/#\/schema\/logo\/image\/"}}]}},"_links":{"self":[{"href":"https:\/\/fmgente.com.ar\/web\/wp-json\/wp\/v2\/posts\/13117","targetHints":{"allow":["GET"]}}],"collection":[{"href":"https:\/\/fmgente.com.ar\/web\/wp-json\/wp\/v2\/posts"}],"about":[{"href":"https:\/\/fmgente.com.ar\/web\/wp-json\/wp\/v2\/types\/post"}],"replies":[{"embeddable":true,"href":"https:\/\/fmgente.com.ar\/web\/wp-json\/wp\/v2\/comments?post=13117"}],"version-history":[{"count":0,"href":"https:\/\/fmgente.com.ar\/web\/wp-json\/wp\/v2\/posts\/13117\/revisions"}],"wp:featuredmedia":[{"embeddable":true,"href":"https:\/\/fmgente.com.ar\/web\/wp-json\/wp\/v2\/media\/13118"}],"wp:attachment":[{"href":"https:\/\/fmgente.com.ar\/web\/wp-json\/wp\/v2\/media?parent=13117"}],"wp:term":[{"taxonomy":"category","embeddable":true,"href":"https:\/\/fmgente.com.ar\/web\/wp-json\/wp\/v2\/categories?post=13117"},{"taxonomy":"post_tag","embeddable":true,"href":"https:\/\/fmgente.com.ar\/web\/wp-json\/wp\/v2\/tags?post=13117"}],"curies":[{"name":"wp","href":"https:\/\/api.w.org\/{rel}","templated":true}]}}