{"id":13116,"date":"2026-02-26T14:28:59","date_gmt":"2026-02-26T17:28:59","guid":{"rendered":"https:\/\/fmgente.com.ar\/web\/la-duena-de-los-aires-electra-pidio-la-quiebra-tras-fracasar-su-plan-de-rescate\/"},"modified":"2026-02-26T14:28:59","modified_gmt":"2026-02-26T17:28:59","slug":"la-duena-de-los-aires-electra-pidio-la-quiebra-tras-fracasar-su-plan-de-rescate","status":"publish","type":"post","link":"https:\/\/fmgente.com.ar\/web\/la-duena-de-los-aires-electra-pidio-la-quiebra-tras-fracasar-su-plan-de-rescate\/","title":{"rendered":"La due\u00f1a de los aires Electra pidi\u00f3 la quiebra tras fracasar su plan de rescate"},"content":{"rendered":"<p><a href=\"https:\/\/www.cronista.com\/negocios\/la-duena-de-los-aires-electra-invierte-200-millones-en-su-planta-de-tierra-del-fuego\/\" target=\"_blank\" rel=\"\" title=\"https:\/\/www.cronista.com\/negocios\/la-duena-de-los-aires-electra-invierte-200-millones-en-su-planta-de-tierra-del-fuego\/\">Aires del Sur,<\/a> la empresa de capitales nacionales e israel\u00edes que fabrica en Tierra del Fuego los equipos de aire acondicionado Electra y Fedders, <b>solicit\u00f3 su propia quiebra ante la Justicia <\/b>luego de que fracasara el plan de continuidad productiva con el que intent\u00f3 sostener la operaci\u00f3n.<\/p>\n<p>La decisi\u00f3n impacta sobre la planta de R\u00edo Grande y su plantilla de trabajadores, con salarios adeudados y actividad detenida. La compa\u00f1\u00eda inform\u00f3 que <b>atraviesa un estado de cesaci\u00f3n de pagos y que no logr\u00f3 avanzar con las alternativas de financiamiento que analizaba para sostener la operatoria<\/b>. Ante la consulta de este medio, evit\u00f3 dar mayores precisiones sobre el futuro de la empresa y del personal.<\/p>\n<p>Aires del Sur ya hab\u00eda atravesado un concurso preventivo en 2019, logr\u00f3 homologar un acuerdo con acreedores en 2021 y, tras anunciar inversiones y expansi\u00f3n, vuelve ahora al escenario judicial, <b>esta vez sin margen para una nueva reestructuraci\u00f3n.<\/b><\/p>\n<p>Inaugurada en abril de 2008 en R\u00edo Grande, la f\u00e1brica se instal\u00f3 en un predio de 15.000 metros cuadrados con tecnolog\u00eda de origen israel\u00ed y se especializ\u00f3 en la producci\u00f3n de equipos residenciales de aire acondicionado, ventiladores y extractores.<\/p>\n<p>Durante a\u00f1os logr\u00f3 posicionarse en casas de electrodom\u00e9sticos y en las principales cadenas de retail del pa\u00eds. En su mejor momento lleg\u00f3 a emplear m\u00e1s de 450 personas y fabric\u00f3 hasta 100.000 unidades anuales.<\/p>\n<p>En 2019 entr\u00f3 en concurso preventivo en medio de la ca\u00edda del consumo y mayor presi\u00f3n importadora. Tras dos a\u00f1os de negociaci\u00f3n, <b>en febrero de 2021 homolog\u00f3 el acuerdo con acreedores y sali\u00f3 formalmente del proceso.<\/b><\/p>\n<p>Ese mismo a\u00f1o <b>anunci\u00f3 <\/b><a href=\"https:\/\/www.cronista.com\/negocios\/la-duena-de-los-aires-electra-invierte-200-millones-en-su-planta-de-tierra-del-fuego\/\" target=\"_blank\" rel=\"\" title=\"https:\/\/www.cronista.com\/negocios\/la-duena-de-los-aires-electra-invierte-200-millones-en-su-planta-de-tierra-del-fuego\/\"><b>inversiones por $200 millones<\/b><\/a><b> para ampliar la planta fueguina, aumentar 50% la producci\u00f3n y sumar fabricaci\u00f3n para terceros<\/b>. La meta era alcanzar 150.000 unidades anuales y duplicar la facturaci\u00f3n. Tambi\u00e9n buscaba aprovechar capacidad ociosa y producir para otras marcas del sector.<\/p>\n<p>Cinco a\u00f1os despu\u00e9s, ese intento de relanzamiento no logr\u00f3 sostenerse.<\/p>\n<p><img loading=\"lazy\" decoding=\"async\" src=\"https:\/\/www.cronista.com\/resizer\/v2\/ACVIYXIBKZC5TFNB4P2HUQYH7Q.jpg?auth=e6dd84c034742fcf8fc74e0b9e1f7aea6c053dcb27028c74fb0a43ada4e4a05f&amp;smart=true&amp;width=6000&amp;height=4000\" alt=\"\" height=\"4000\" width=\"6000\" \/><\/p>\n<h2>De la inversi\u00f3n millonaria al pedido de quiebra<\/h2>\n<p>En la presentaci\u00f3n firmada por su presidente, Roberto \u00c1ngel Ceretti -quien asumi\u00f3 en noviembre- <b>la empresa expone que el esquema financiero con el que operaba dej\u00f3 de ser sostenible.<\/b><\/p>\n<p>Seg\u00fan detalla el escrito, la producci\u00f3n se financiaba mediante preventas y descuento de cheques para la compra de insumos importados. Ese mecanismo implicaba costos anuales estimados entre 25% y 30%, mientras que los m\u00e1rgenes netos del negocio se ubicaban entre 10% y 15%.<\/p>\n<p>A partir de ese escenario, <u>desde fines de 2025 la compa\u00f1\u00eda inici\u00f3 negociaciones con el fabricante chino Chigo Group para incorporar un socio estrat\u00e9gico<\/u>. La operaci\u00f3n contemplaba la venta total o parcial del paquete accionario, con una inversi\u00f3n m\u00ednima estimada en u$s 5 millones destinada a capitalizar la empresa y modificar su estructura de financiamiento.<\/p>\n<p>El plan inclu\u00eda reemplazar el cr\u00e9dito local por financiamiento de proveedor a 150 d\u00edas y recibir entre 7000 y 14.000 kits mensuales desde China para sostener la producci\u00f3n durante 2026. Las conversaciones no prosperaron. <\/p>\n<p>En paralelo, la empresa solicit\u00f3 autorizaci\u00f3n judicial para finalizar 4000 kits ya importados y destinar los ingresos al pago de deudas comerciales y salarios. El tribunal rechaz\u00f3 el pedido.<\/p>\n<p>Sin concretar <b>la incorporaci\u00f3n del socio y sin habilitaci\u00f3n para ejecutar el plan productivo propuesto<\/b>, la compa\u00f1\u00eda solicit\u00f3 la quiebra. Entre los activos que integrar\u00e1n el proceso figuran la planta industrial en R\u00edo Grande, tasada en m\u00e1s de u$s 15 millones por el Banco Naci\u00f3n, y los 4000 kits ingresados al pa\u00eds,<b> cuyo valor estimado como equipos terminados rondar\u00eda los u$s 2 millones.<\/b><\/p>\n","protected":false},"excerpt":{"rendered":"<p>Aires del Sur, la empresa de capitales nacionales e israel\u00edes que fabrica en Tierra del<\/p>\n","protected":false},"author":0,"featured_media":0,"comment_status":"","ping_status":"","sticky":false,"template":"","format":"standard","meta":{"footnotes":""},"categories":[11],"tags":[],"class_list":["post-13116","post","type-post","status-publish","format-standard","hentry","category-destacadas"],"yoast_head":"<!-- This site is optimized with the Yoast SEO plugin v27.4 - https:\/\/yoast.com\/product\/yoast-seo-wordpress\/ -->\n<title>La due\u00f1a de los aires Electra pidi\u00f3 la quiebra tras fracasar su plan de rescate - Fm Gente<\/title>\n<meta name=\"robots\" content=\"index, follow, max-snippet:-1, max-image-preview:large, max-video-preview:-1\" \/>\n<link rel=\"canonical\" href=\"https:\/\/fmgente.com.ar\/web\/la-duena-de-los-aires-electra-pidio-la-quiebra-tras-fracasar-su-plan-de-rescate\/\" \/>\n<meta property=\"og:locale\" content=\"es_ES\" \/>\n<meta property=\"og:type\" content=\"article\" \/>\n<meta property=\"og:title\" content=\"La due\u00f1a de los aires Electra pidi\u00f3 la quiebra tras fracasar su plan de rescate - Fm Gente\" \/>\n<meta property=\"og:description\" content=\"Aires del Sur, la empresa de capitales nacionales e israel\u00edes que fabrica en Tierra del\" \/>\n<meta property=\"og:url\" content=\"https:\/\/fmgente.com.ar\/web\/la-duena-de-los-aires-electra-pidio-la-quiebra-tras-fracasar-su-plan-de-rescate\/\" \/>\n<meta property=\"og:site_name\" content=\"Fm Gente\" \/>\n<meta property=\"article:published_time\" content=\"2026-02-26T17:28:59+00:00\" \/>\n<meta property=\"og:image\" content=\"https:\/\/www.cronista.com\/resizer\/v2\/ACVIYXIBKZC5TFNB4P2HUQYH7Q.jpg?auth=e6dd84c034742fcf8fc74e0b9e1f7aea6c053dcb27028c74fb0a43ada4e4a05f&amp;smart=true&amp;width=6000&amp;height=4000\" \/>\n<meta name=\"twitter:card\" content=\"summary_large_image\" \/>\n<meta name=\"twitter:label1\" content=\"Tiempo de lectura\" \/>\n\t<meta name=\"twitter:data1\" content=\"3 minutos\" \/>\n<script type=\"application\/ld+json\" class=\"yoast-schema-graph\">{\"@context\":\"https:\\\/\\\/schema.org\",\"@graph\":[{\"@type\":\"Article\",\"@id\":\"https:\\\/\\\/fmgente.com.ar\\\/web\\\/la-duena-de-los-aires-electra-pidio-la-quiebra-tras-fracasar-su-plan-de-rescate\\\/#article\",\"isPartOf\":{\"@id\":\"https:\\\/\\\/fmgente.com.ar\\\/web\\\/la-duena-de-los-aires-electra-pidio-la-quiebra-tras-fracasar-su-plan-de-rescate\\\/\"},\"author\":{\"name\":\"\",\"@id\":\"\"},\"headline\":\"La due\u00f1a de los aires Electra pidi\u00f3 la quiebra tras fracasar su plan de rescate\",\"datePublished\":\"2026-02-26T17:28:59+00:00\",\"mainEntityOfPage\":{\"@id\":\"https:\\\/\\\/fmgente.com.ar\\\/web\\\/la-duena-de-los-aires-electra-pidio-la-quiebra-tras-fracasar-su-plan-de-rescate\\\/\"},\"wordCount\":622,\"publisher\":{\"@id\":\"https:\\\/\\\/fmgente.com.ar\\\/web\\\/#organization\"},\"image\":{\"@id\":\"https:\\\/\\\/fmgente.com.ar\\\/web\\\/la-duena-de-los-aires-electra-pidio-la-quiebra-tras-fracasar-su-plan-de-rescate\\\/#primaryimage\"},\"thumbnailUrl\":\"https:\\\/\\\/www.cronista.com\\\/resizer\\\/v2\\\/ACVIYXIBKZC5TFNB4P2HUQYH7Q.jpg?auth=e6dd84c034742fcf8fc74e0b9e1f7aea6c053dcb27028c74fb0a43ada4e4a05f&amp;smart=true&amp;width=6000&amp;height=4000\",\"articleSection\":[\"DESTACADAS\"],\"inLanguage\":\"es\"},{\"@type\":\"WebPage\",\"@id\":\"https:\\\/\\\/fmgente.com.ar\\\/web\\\/la-duena-de-los-aires-electra-pidio-la-quiebra-tras-fracasar-su-plan-de-rescate\\\/\",\"url\":\"https:\\\/\\\/fmgente.com.ar\\\/web\\\/la-duena-de-los-aires-electra-pidio-la-quiebra-tras-fracasar-su-plan-de-rescate\\\/\",\"name\":\"La due\u00f1a de los aires Electra pidi\u00f3 la quiebra tras fracasar su plan de rescate - Fm Gente\",\"isPartOf\":{\"@id\":\"https:\\\/\\\/fmgente.com.ar\\\/web\\\/#website\"},\"primaryImageOfPage\":{\"@id\":\"https:\\\/\\\/fmgente.com.ar\\\/web\\\/la-duena-de-los-aires-electra-pidio-la-quiebra-tras-fracasar-su-plan-de-rescate\\\/#primaryimage\"},\"image\":{\"@id\":\"https:\\\/\\\/fmgente.com.ar\\\/web\\\/la-duena-de-los-aires-electra-pidio-la-quiebra-tras-fracasar-su-plan-de-rescate\\\/#primaryimage\"},\"thumbnailUrl\":\"https:\\\/\\\/www.cronista.com\\\/resizer\\\/v2\\\/ACVIYXIBKZC5TFNB4P2HUQYH7Q.jpg?auth=e6dd84c034742fcf8fc74e0b9e1f7aea6c053dcb27028c74fb0a43ada4e4a05f&amp;smart=true&amp;width=6000&amp;height=4000\",\"datePublished\":\"2026-02-26T17:28:59+00:00\",\"inLanguage\":\"es\",\"potentialAction\":[{\"@type\":\"ReadAction\",\"target\":[\"https:\\\/\\\/fmgente.com.ar\\\/web\\\/la-duena-de-los-aires-electra-pidio-la-quiebra-tras-fracasar-su-plan-de-rescate\\\/\"]}]},{\"@type\":\"ImageObject\",\"inLanguage\":\"es\",\"@id\":\"https:\\\/\\\/fmgente.com.ar\\\/web\\\/la-duena-de-los-aires-electra-pidio-la-quiebra-tras-fracasar-su-plan-de-rescate\\\/#primaryimage\",\"url\":\"https:\\\/\\\/www.cronista.com\\\/resizer\\\/v2\\\/ACVIYXIBKZC5TFNB4P2HUQYH7Q.jpg?auth=e6dd84c034742fcf8fc74e0b9e1f7aea6c053dcb27028c74fb0a43ada4e4a05f&amp;smart=true&amp;width=6000&amp;height=4000\",\"contentUrl\":\"https:\\\/\\\/www.cronista.com\\\/resizer\\\/v2\\\/ACVIYXIBKZC5TFNB4P2HUQYH7Q.jpg?auth=e6dd84c034742fcf8fc74e0b9e1f7aea6c053dcb27028c74fb0a43ada4e4a05f&amp;smart=true&amp;width=6000&amp;height=4000\"},{\"@type\":\"WebSite\",\"@id\":\"https:\\\/\\\/fmgente.com.ar\\\/web\\\/#website\",\"url\":\"https:\\\/\\\/fmgente.com.ar\\\/web\\\/\",\"name\":\"Fm Gente\",\"description\":\"- Jes\u00fas Mar\u00eda\",\"publisher\":{\"@id\":\"https:\\\/\\\/fmgente.com.ar\\\/web\\\/#organization\"},\"potentialAction\":[{\"@type\":\"SearchAction\",\"target\":{\"@type\":\"EntryPoint\",\"urlTemplate\":\"https:\\\/\\\/fmgente.com.ar\\\/web\\\/?s={search_term_string}\"},\"query-input\":{\"@type\":\"PropertyValueSpecification\",\"valueRequired\":true,\"valueName\":\"search_term_string\"}}],\"inLanguage\":\"es\"},{\"@type\":\"Organization\",\"@id\":\"https:\\\/\\\/fmgente.com.ar\\\/web\\\/#organization\",\"name\":\"Fm Gente\",\"url\":\"https:\\\/\\\/fmgente.com.ar\\\/web\\\/\",\"logo\":{\"@type\":\"ImageObject\",\"inLanguage\":\"es\",\"@id\":\"https:\\\/\\\/fmgente.com.ar\\\/web\\\/#\\\/schema\\\/logo\\\/image\\\/\",\"url\":\"https:\\\/\\\/fmgente.com.ar\\\/web\\\/wp-content\\\/uploads\\\/2023\\\/07\\\/cropped-cropped-logo-sombra2.png\",\"contentUrl\":\"https:\\\/\\\/fmgente.com.ar\\\/web\\\/wp-content\\\/uploads\\\/2023\\\/07\\\/cropped-cropped-logo-sombra2.png\",\"width\":1782,\"height\":1782,\"caption\":\"Fm Gente\"},\"image\":{\"@id\":\"https:\\\/\\\/fmgente.com.ar\\\/web\\\/#\\\/schema\\\/logo\\\/image\\\/\"}}]}<\/script>\n<!-- \/ Yoast SEO plugin. -->","yoast_head_json":{"title":"La due\u00f1a de los aires Electra pidi\u00f3 la quiebra tras fracasar su plan de rescate - Fm Gente","robots":{"index":"index","follow":"follow","max-snippet":"max-snippet:-1","max-image-preview":"max-image-preview:large","max-video-preview":"max-video-preview:-1"},"canonical":"https:\/\/fmgente.com.ar\/web\/la-duena-de-los-aires-electra-pidio-la-quiebra-tras-fracasar-su-plan-de-rescate\/","og_locale":"es_ES","og_type":"article","og_title":"La due\u00f1a de los aires Electra pidi\u00f3 la quiebra tras fracasar su plan de rescate - Fm Gente","og_description":"Aires del Sur, la empresa de capitales nacionales e israel\u00edes que fabrica en Tierra del","og_url":"https:\/\/fmgente.com.ar\/web\/la-duena-de-los-aires-electra-pidio-la-quiebra-tras-fracasar-su-plan-de-rescate\/","og_site_name":"Fm Gente","article_published_time":"2026-02-26T17:28:59+00:00","og_image":[{"url":"https:\/\/www.cronista.com\/resizer\/v2\/ACVIYXIBKZC5TFNB4P2HUQYH7Q.jpg?auth=e6dd84c034742fcf8fc74e0b9e1f7aea6c053dcb27028c74fb0a43ada4e4a05f&amp;smart=true&amp;width=6000&amp;height=4000","type":"","width":"","height":""}],"twitter_card":"summary_large_image","twitter_misc":{"Tiempo de lectura":"3 minutos"},"schema":{"@context":"https:\/\/schema.org","@graph":[{"@type":"Article","@id":"https:\/\/fmgente.com.ar\/web\/la-duena-de-los-aires-electra-pidio-la-quiebra-tras-fracasar-su-plan-de-rescate\/#article","isPartOf":{"@id":"https:\/\/fmgente.com.ar\/web\/la-duena-de-los-aires-electra-pidio-la-quiebra-tras-fracasar-su-plan-de-rescate\/"},"author":{"name":"","@id":""},"headline":"La due\u00f1a de los aires Electra pidi\u00f3 la quiebra tras fracasar su plan de rescate","datePublished":"2026-02-26T17:28:59+00:00","mainEntityOfPage":{"@id":"https:\/\/fmgente.com.ar\/web\/la-duena-de-los-aires-electra-pidio-la-quiebra-tras-fracasar-su-plan-de-rescate\/"},"wordCount":622,"publisher":{"@id":"https:\/\/fmgente.com.ar\/web\/#organization"},"image":{"@id":"https:\/\/fmgente.com.ar\/web\/la-duena-de-los-aires-electra-pidio-la-quiebra-tras-fracasar-su-plan-de-rescate\/#primaryimage"},"thumbnailUrl":"https:\/\/www.cronista.com\/resizer\/v2\/ACVIYXIBKZC5TFNB4P2HUQYH7Q.jpg?auth=e6dd84c034742fcf8fc74e0b9e1f7aea6c053dcb27028c74fb0a43ada4e4a05f&amp;smart=true&amp;width=6000&amp;height=4000","articleSection":["DESTACADAS"],"inLanguage":"es"},{"@type":"WebPage","@id":"https:\/\/fmgente.com.ar\/web\/la-duena-de-los-aires-electra-pidio-la-quiebra-tras-fracasar-su-plan-de-rescate\/","url":"https:\/\/fmgente.com.ar\/web\/la-duena-de-los-aires-electra-pidio-la-quiebra-tras-fracasar-su-plan-de-rescate\/","name":"La due\u00f1a de los aires Electra pidi\u00f3 la quiebra tras fracasar su plan de rescate - Fm Gente","isPartOf":{"@id":"https:\/\/fmgente.com.ar\/web\/#website"},"primaryImageOfPage":{"@id":"https:\/\/fmgente.com.ar\/web\/la-duena-de-los-aires-electra-pidio-la-quiebra-tras-fracasar-su-plan-de-rescate\/#primaryimage"},"image":{"@id":"https:\/\/fmgente.com.ar\/web\/la-duena-de-los-aires-electra-pidio-la-quiebra-tras-fracasar-su-plan-de-rescate\/#primaryimage"},"thumbnailUrl":"https:\/\/www.cronista.com\/resizer\/v2\/ACVIYXIBKZC5TFNB4P2HUQYH7Q.jpg?auth=e6dd84c034742fcf8fc74e0b9e1f7aea6c053dcb27028c74fb0a43ada4e4a05f&amp;smart=true&amp;width=6000&amp;height=4000","datePublished":"2026-02-26T17:28:59+00:00","inLanguage":"es","potentialAction":[{"@type":"ReadAction","target":["https:\/\/fmgente.com.ar\/web\/la-duena-de-los-aires-electra-pidio-la-quiebra-tras-fracasar-su-plan-de-rescate\/"]}]},{"@type":"ImageObject","inLanguage":"es","@id":"https:\/\/fmgente.com.ar\/web\/la-duena-de-los-aires-electra-pidio-la-quiebra-tras-fracasar-su-plan-de-rescate\/#primaryimage","url":"https:\/\/www.cronista.com\/resizer\/v2\/ACVIYXIBKZC5TFNB4P2HUQYH7Q.jpg?auth=e6dd84c034742fcf8fc74e0b9e1f7aea6c053dcb27028c74fb0a43ada4e4a05f&amp;smart=true&amp;width=6000&amp;height=4000","contentUrl":"https:\/\/www.cronista.com\/resizer\/v2\/ACVIYXIBKZC5TFNB4P2HUQYH7Q.jpg?auth=e6dd84c034742fcf8fc74e0b9e1f7aea6c053dcb27028c74fb0a43ada4e4a05f&amp;smart=true&amp;width=6000&amp;height=4000"},{"@type":"WebSite","@id":"https:\/\/fmgente.com.ar\/web\/#website","url":"https:\/\/fmgente.com.ar\/web\/","name":"Fm Gente","description":"- Jes\u00fas Mar\u00eda","publisher":{"@id":"https:\/\/fmgente.com.ar\/web\/#organization"},"potentialAction":[{"@type":"SearchAction","target":{"@type":"EntryPoint","urlTemplate":"https:\/\/fmgente.com.ar\/web\/?s={search_term_string}"},"query-input":{"@type":"PropertyValueSpecification","valueRequired":true,"valueName":"search_term_string"}}],"inLanguage":"es"},{"@type":"Organization","@id":"https:\/\/fmgente.com.ar\/web\/#organization","name":"Fm Gente","url":"https:\/\/fmgente.com.ar\/web\/","logo":{"@type":"ImageObject","inLanguage":"es","@id":"https:\/\/fmgente.com.ar\/web\/#\/schema\/logo\/image\/","url":"https:\/\/fmgente.com.ar\/web\/wp-content\/uploads\/2023\/07\/cropped-cropped-logo-sombra2.png","contentUrl":"https:\/\/fmgente.com.ar\/web\/wp-content\/uploads\/2023\/07\/cropped-cropped-logo-sombra2.png","width":1782,"height":1782,"caption":"Fm Gente"},"image":{"@id":"https:\/\/fmgente.com.ar\/web\/#\/schema\/logo\/image\/"}}]}},"_links":{"self":[{"href":"https:\/\/fmgente.com.ar\/web\/wp-json\/wp\/v2\/posts\/13116","targetHints":{"allow":["GET"]}}],"collection":[{"href":"https:\/\/fmgente.com.ar\/web\/wp-json\/wp\/v2\/posts"}],"about":[{"href":"https:\/\/fmgente.com.ar\/web\/wp-json\/wp\/v2\/types\/post"}],"replies":[{"embeddable":true,"href":"https:\/\/fmgente.com.ar\/web\/wp-json\/wp\/v2\/comments?post=13116"}],"version-history":[{"count":0,"href":"https:\/\/fmgente.com.ar\/web\/wp-json\/wp\/v2\/posts\/13116\/revisions"}],"wp:attachment":[{"href":"https:\/\/fmgente.com.ar\/web\/wp-json\/wp\/v2\/media?parent=13116"}],"wp:term":[{"taxonomy":"category","embeddable":true,"href":"https:\/\/fmgente.com.ar\/web\/wp-json\/wp\/v2\/categories?post=13116"},{"taxonomy":"post_tag","embeddable":true,"href":"https:\/\/fmgente.com.ar\/web\/wp-json\/wp\/v2\/tags?post=13116"}],"curies":[{"name":"wp","href":"https:\/\/api.w.org\/{rel}","templated":true}]}}