{"id":13115,"date":"2026-02-26T14:28:59","date_gmt":"2026-02-26T17:28:59","guid":{"rendered":"https:\/\/fmgente.com.ar\/web\/los-9-puntos-centrales-de-la-reforma-laboral-como-quedaria-la-ley-con-la-sancion-del-senado\/"},"modified":"2026-02-26T14:28:59","modified_gmt":"2026-02-26T17:28:59","slug":"los-9-puntos-centrales-de-la-reforma-laboral-como-quedaria-la-ley-con-la-sancion-del-senado","status":"publish","type":"post","link":"https:\/\/fmgente.com.ar\/web\/los-9-puntos-centrales-de-la-reforma-laboral-como-quedaria-la-ley-con-la-sancion-del-senado\/","title":{"rendered":"Los 9 puntos centrales de la Reforma laboral: c\u00f3mo quedar\u00eda la ley con la sanci\u00f3n del Senado"},"content":{"rendered":"<p>La <b>ley de reforma laboral<\/b> que impulsa el Gobierno de<b> Javier Milei <\/b><a href=\"https:\/\/www.cronista.com\/podcast\/sorpresa-en-el-senado-el-peronismo-se-fragmenta-en-plena-discusion-por-la-reforma-laboral\/\" target=\"_blank\" rel=\"noreferrer\" title=\"https:\/\/www.cronista.com\/podcast\/sorpresa-en-el-senado-el-peronismo-se-fragmenta-en-plena-discusion-por-la-reforma-laboral\/\">volver\u00e1 este viernes al Senado para su aprobaci\u00f3n final<\/a>, <u>tras la eliminaci\u00f3n del pol\u00e9mico art\u00edculo sobre licencias por enfermedad y de obtener la media sanci\u00f3n en Diputados. <\/u><\/p>\n<p>A diferencia del proyecto que la C\u00e1mara Alta trat\u00f3 semanas atr\u00e1s, este <a href=\"https:\/\/www.cronista.com\/economia-politica\/por-que-se-elimino-el-articulo-44-de-la-reforma-laboral-y-que-pasara-con-las-licencias-medicas\/\" target=\"_blank\" rel=\"noreferrer\" title=\"https:\/\/www.cronista.com\/economia-politica\/por-que-se-elimino-el-articulo-44-de-la-reforma-laboral-y-que-pasara-con-las-licencias-medicas\/\">ya no cuenta con el famoso art\u00edculo 44<\/a> que modificaba las <b>licencias por enfermedad<\/b>, al reducir los haberes del trabajador enfermo del 100% al 75% o 50%, seg\u00fan los casos.<\/p>\n<p>Ese apartado,<b> eliminado por la presi\u00f3n de los propios aliados<\/b> de La Libertad Avanza, contemplaba esa rebaja de cobertura social a aquellos trabajadores que <a href=\"https:\/\/www.cronista.com\/economia-politica\/reforma-laboral-el-gobierno-explico-que-va-a-cambiar-para-los-trabajadores-tras-la-media-sancion-en-el-senado\/\" target=\"_blank\" rel=\"noreferrer\" title=\"https:\/\/www.cronista.com\/economia-politica\/reforma-laboral-el-gobierno-explico-que-va-a-cambiar-para-los-trabajadores-tras-la-media-sancion-en-el-senado\/\">sufrieran un problema de salud por causas ajenas al trabajo<\/a>, por ejemplo, por realizar deporte en su tiempo libre.<\/p>\n<p>Sin obst\u00e1culos a la vista, en el oficialismo <b>dan por descontada la aprobaci\u00f3n de la ley de Modernizaci\u00f3n<\/b>, que por su naturaleza y la oposici\u00f3n de los gremios m\u00e1s combativos <a href=\"https:\/\/www.cronista.com\/economia-politica\/bajo-examen-que-partes-de-la-ley-corren-el-mayor-riesgo-de-volver-a-foja-cero\/\" target=\"_blank\" rel=\"noreferrer\" title=\"https:\/\/www.cronista.com\/economia-politica\/bajo-examen-que-partes-de-la-ley-corren-el-mayor-riesgo-de-volver-a-foja-cero\/\">abrir\u00eda paso a una etapa de alta litigiosidad en el fuero laboral.<\/a><\/p>\n<h2>Los puntos centrales de la reforma laboral: con los cambios, c\u00f3mo queda la ley si la aprueba el Senado<\/h2>\n<h3>1 &#8211; Regreso de los Tickets Canasta<\/h3>\n<p>Los<b> tickets canasta<\/b> \u2014tambi\u00e9n conocidos como Luncheon tickets\u2014 fueron una pr\u00e1ctica com\u00fan. El art\u00edculo 103 bis de la Ley de Contrato de Trabajo los habilitaba como beneficios sociales \u201cno remunerativos\u201d, es decir, <u>sin aportes previsionales ni incidencia en aguinaldo o indemnizaciones.<\/u><\/p>\n<p>El esquema fue presentado como una forma de incentivar el consumo y reducir cargas laborales, pero con el tiempo se transform\u00f3 en una v\u00eda para <b>desalarizar parte de los ingresos.<\/b><\/p>\n<p>En 2007, la Ley 26.341 elimin\u00f3 su uso como pago de salarios y dispuso que los vales alimentarios se integraran al salario remunerativo. Dos a\u00f1os m\u00e1s tarde, la Corte Suprema consolid\u00f3 la interpretaci\u00f3n de que esos tickets \u201cforman parte del sueldo\u201d en tanto retribuyen trabajo y no son meras prestaciones sociales.<\/p>\n<p>El Gobierno argumenta que un sistema de vales alimentarios <b>\u201cactualizado y transparente\u201d<\/b> podr\u00eda <a href=\"https:\/\/www.cronista.com\/economia-politica\/el-regreso-de-los-tickets-canasta-el-modelo-que-vuelve-del-pasado-y-ya-funciona-en-otros-paises\/\" target=\"_blank\" rel=\"noreferrer\" title=\"https:\/\/www.cronista.com\/economia-politica\/el-regreso-de-los-tickets-canasta-el-modelo-que-vuelve-del-pasado-y-ya-funciona-en-otros-paises\/\">incentivar la formalizaci\u00f3n laboral y mejorar el acceso a bienes b\u00e1sicos<\/a> sin impactar en el costo empresario directo.<\/p>\n<p><u>Los sindicatos, en cambio, temen que se repita un esquema de segmentaci\u00f3n salarial y reducci\u00f3n de derechos adquiridos.<\/u><\/p>\n<p><img loading=\"lazy\" decoding=\"async\" src=\"https:\/\/www.cronista.com\/resizer\/v2\/D7DK7QXQM5FUBFTHTQGU5SYW6M.jpg?auth=64f99f44b39b61fbccbf5c3d0871e20ad48ab1bfe4ac2b98e3a1170b6f727856&amp;smart=true&amp;width=1200&amp;height=675\" alt=\"\" height=\"675\" width=\"1200\" \/><\/p>\n<h3>2 &#8211; L\u00edmites a la actividad gremial<\/h3>\n<p>Varios cap\u00edtulos del proyecto est\u00e1n dedicados a la cuesti\u00f3n, muchos de ellos recogiendo la letra ya plasmada en el <b>Decreto 70\/23<\/b>, en especial lo que se refiere a la forma en que cotidianamente se aborda la <a href=\"https:\/\/www.cronista.com\/economia-politica\/la-cgt-llamo-a-marchar-el-lunes-a-tribunales-y-condiciono-el-paro-de-los-gremios-mas-duros\/\" target=\"_blank\" rel=\"noreferrer\" title=\"https:\/\/www.cronista.com\/economia-politica\/la-cgt-llamo-a-marchar-el-lunes-a-tribunales-y-condiciono-el-paro-de-los-gremios-mas-duros\/\">relaci\u00f3n del sindicato con los empleadores y con los trabajadores.<\/a><\/p>\n<p><u>La mera realizaci\u00f3n de una asamblea de trabajadores ser\u00e1 regulada de una manera muy particular:<\/u> si bien se reconoce que la asociaci\u00f3n gremial legalmente reconocida podr\u00e1 convocarlas, lo deber\u00e1 hacer <b>\u201csiempre que ello no afecte el normal desarrollo de las actividades de la empresa ni cause perjuicio a terceros\u201d<\/b>.<\/p>\n<p>Si esa actividad se realiza dentro o fuera del establecimiento del empleador, \u201cdeber\u00e1 contarse con su <b>autorizaci\u00f3n previa<\/b>, tanto respecto donde se realizar\u00e1 el horario y el tiempo de su duraci\u00f3n\u201d.<\/p>\n<p>Sin embargo, quiz\u00e1 el punto m\u00e1s cr\u00edtico se ubique en la \u00faltima frase del art\u00edculo propuesto: \u201cEl trabajador no devengar\u00e1 salarios durante el tiempo de la misma\u201d. Es decir que, durante la asamblea, <b>el trabajador no estar\u00e1 percibiendo su salario.<\/b><\/p>\n<p>Adem\u00e1s, se se\u00f1ala que las medidas de fuerza <b>no podr\u00e1n \u201cafectar la libertad de trabajo de quienes no adhieran <\/b>mediante actos y\/o hechos y\/o intimidaciones o amenazas\u201d y que ser\u00e1 grave \u201cprovocar, instar, u organizar el bloqueo o la de un establecimiento; impedir u obstruir total o parcialmente el ingreso o egreso de personas y\/o cosas al establecimiento\u201d.<\/p>\n<p>Por otra parte, se conceden hasta \u201c10 horas mensuales retribuidas\u201d a los representantes sindicales, pero establece <b>nuevos l\u00edmites a la conocida \u201ctutela\u201d<\/b>, es decir, la forma en que se salvaguarda el puesto laboral de los representantes.<\/p>\n<p><img loading=\"lazy\" decoding=\"async\" src=\"https:\/\/www.cronista.com\/resizer\/v2\/6X73RQY4MBEHZJXOYULZ6YK7MM.jpg?auth=5142757169c23b9eb5677e59c3059b6ed4eacb17bdd1d1c3ea8030500b05da9c&amp;smart=true&amp;width=2560&amp;height=1440\" alt=\"\" height=\"1440\" width=\"2560\" \/><\/p>\n<h3>3- El fin de la ultraactividad<\/h3>\n<p>En Argentina existe una tradici\u00f3n que se puede rastrear hasta fines del Siglo XIX y es lo que se conoce bajo el t\u00edtulo gen\u00e9rico de \u201cConvenios Colectivos de Trabajo\u201d <b>(CCT)<\/b>, acuerdos suscriptos entre los sindicatos y las c\u00e1maras empresarias que condensan, con fuerza de ley, cu\u00e1les son las condiciones en las que se desarrollar\u00e1n las tareas espec\u00edficas de un sector.<\/p>\n<p>En situaciones normales, las partes se re\u00fanen para discutir en paritarias y, tradicionalmente, <b>esos encuentros sirven para la definir la pauta salarial.<\/b> S\u00f3lo en algunas ocasiones, se modifica alg\u00fan punto del CCT, pero son casos excepcionales.<\/p>\n<p>La <b>ultraactividad<\/b> supone que los CCT mantienen su vigencia y aplicaci\u00f3n incluso despu\u00e9s de que haya vencido su plazo original de duraci\u00f3n y, por sobre todas las cosas, <u>no hay mecanismo que imponga la revisi\u00f3n forzosa de lo pactado con anterioridad.<\/u><\/p>\n<p>En el Senado se vot\u00f3 una limitaci\u00f3n temporal: <b>el Ministerio de Capital Humano ser\u00e1 la que convoque a las parte<\/b>s en el plazo de un a\u00f1o para renegociar los Convenios Colectivos vencidos.<\/p>\n<p>El fin de la ultraactividad supondr\u00eda que los gremios <u>deben renegociar sus CCT antes de una fecha l\u00edmite o pierden todo lo conseguido<\/u>, pasando a lo que dicte la norma general, es decir, la Ley de Contratos de Trabajo.<\/p>\n<p><img loading=\"lazy\" decoding=\"async\" src=\"https:\/\/www.cronista.com\/resizer\/v2\/TRR3EADBKJEANEZ4ZHCBDP3LMM.jpg?auth=c277f3f234bb08cdb53488304e435272c8148a4ba75e11111bd9cba6f8385fb1&amp;smart=true&amp;width=2560&amp;height=1646\" alt=\"\" height=\"1646\" width=\"2560\" \/><\/p>\n<h3>4 &#8211; Vacaciones fragmentadas<\/h3>\n<p>El proyecto oficial ampl\u00eda el margen de otorgamiento y habilita <b>fraccionar las vacaciones en bloques<\/b> de una semana como m\u00ednimo, <a href=\"https:\/\/www.cronista.com\/economia-politica\/vacaciones-fraccionadas-como-funcionaran-los-7-dias-minimos-y-los-acuerdos-de-parte-segun-el-proyecto-de-la-reforma-laboral\/\" target=\"_blank\" rel=\"noreferrer\" title=\"https:\/\/www.cronista.com\/economia-politica\/vacaciones-fraccionadas-como-funcionaran-los-7-dias-minimos-y-los-acuerdos-de-parte-segun-el-proyecto-de-la-reforma-laboral\/\">permitiendo un uso m\u00e1s escalonado del descanso<\/a>.<\/p>\n<p>La propuesta oficial plantea que esta flexibilidad permitir\u00e1 adaptar mejor los per\u00edodos de descanso a la din\u00e1mica productiva, <u>especialmente en actividades con estacionalidad marcada<\/u>.<\/p>\n<p>Permitir\u00eda, por ejemplo, que una empresa ofrezca vacaciones divididas en dos o m\u00e1s tramos, <b>facilitando la operatividad organizacional<\/b> sin detener la producci\u00f3n tradicional de verano.<\/p>\n<p>El texto incluye una serie de <b>lineamientos principales:<\/b><\/p>\n<ul>\n<li><b>Flexibilidad en las fechas: <\/b>el empleador podr\u00e1 otorgar vacaciones en cualquier momento del a\u00f1o, hasta el 30 de abril del siguiente.<\/li>\n<li><b>Aviso anticipado<\/b>: la empresa deber\u00e1 comunicar el inicio del descanso por escrito y con al menos 21 d\u00edas de anticipaci\u00f3n.<\/li>\n<li><b>Verano garantizado<\/b>: cada trabajador deber\u00e1 recibir sus vacaciones completas en temporada estival al menos una vez cada dos ciclos, salvo que opte por otra fecha.<\/li>\n<li><b>Vacaciones en familia<\/b>: empleados casados o con v\u00ednculo familiar que trabajen en la misma empresa podr\u00e1n solicitar tomar el descanso en forma simult\u00e1nea.<\/li>\n<\/ul>\n<p><img loading=\"lazy\" decoding=\"async\" src=\"https:\/\/www.cronista.com\/resizer\/v2\/ODJN7WGDP5AGPPYIXFSKIHD2ZE.jpg?auth=a883197409b18f9a88a68638a172e006f1739046dc145a8dc64feb9bc9fe6481&amp;smart=true&amp;width=728&amp;height=403\" alt=\"\" height=\"403\" width=\"728\" \/><\/p>\n<h3>5 &#8211; Per\u00edodo de prueba para dos sectores<\/h3>\n<p>Uno de los puntos que genera mayor atenci\u00f3n \u2014aunque no siempre ocupa el centro del debate p\u00fablico\u2014 es el cambio en el per\u00edodo de <b>prueba laboral<\/b>, una modificaci\u00f3n que impacta directamente en el inicio de la relaci\u00f3n entre empleadores y trabajadores.<\/p>\n<p><u>En la legislaci\u00f3n vigente, el per\u00edodo de prueba es de seis meses. <\/u>Durante ese lapso, cualquiera de las partes puede extinguir la relaci\u00f3n laboral sin expresi\u00f3n de causa y sin derecho a indemnizaci\u00f3n, aunque con obligaci\u00f3n de preaviso y con todos los derechos laborales b\u00e1sicos vigentes.<\/p>\n<p>Pero la sanci\u00f3n del Senado incluye <a href=\"https:\/\/www.cronista.com\/economia-politica\/empleadas-domesticas-de-cuanto-seria-el-periodo-de-prueba-segun-la-reforma-laboral\/\" target=\"_blank\" rel=\"noreferrer\" title=\"https:\/\/www.cronista.com\/economia-politica\/empleadas-domesticas-de-cuanto-seria-el-periodo-de-prueba-segun-la-reforma-laboral\/\">un cambio sustancial para los trabajadores de Casas Particulares:<\/a> establece que el contrato de trabajo por tiempo indeterminado se considerar\u00e1 celebrado a prueba durante los primeros seis meses de vigencia,<b> duplicando el plazo actual de tres meses.<\/b><\/p>\n<p>Adem\u00e1s, incorpora una <b>diferenciaci\u00f3n sectorial relevante<\/b>: <u>para los trabajadores agrarios, el per\u00edodo de prueba se extender\u00e1 a ocho meses.<\/u><\/p>\n<p>Durante ese lapso, el empleador podr\u00e1 <b>despedir sin indemnizaci\u00f3n y sin expresi\u00f3n de causa<\/b>, pero se mantiene la prohibici\u00f3n de utilizar m\u00e1s de una vez el per\u00edodo de prueba con un mismo trabajador.<\/p>\n<p><img loading=\"lazy\" decoding=\"async\" src=\"https:\/\/www.cronista.com\/resizer\/v2\/ZS7LE35XQFEZTLYODYNYWJOEZI.jpg?auth=ec047d906a10a070d3e6479b74a89a7952fe222bd1661960b2317582ba4d83ff&amp;smart=true&amp;width=950&amp;height=534\" alt=\"\" height=\"534\" width=\"950\" \/><\/p>\n<h3>6- Condenas laborales en cuotas<\/h3>\n<p>Se propone tambi\u00e9n un cambio en el r\u00e9gimen de <b>pago de condenas laborales<\/b>. El texto habilita al juez a autorizar el pago de una sentencia <u>\u201cen hasta un m\u00e1ximo de 6 cuotas mensuales consecutivas\u201d<\/u><\/p>\n<p>Se agrega una excepci\u00f3n expl\u00edcita para las micro y peque\u00f1as empresas, <b>que podr\u00e1n disponer el pago en hasta doce cuotas.<\/b><\/p>\n<p>En este punto, los plazos se redujeron respecto del escrito original que propon\u00eda 12 y 18 meses respectivamente.<\/p>\n<h3>7 &#8211; Indemnizaciones, tambi\u00e9n en cuotas<\/h3>\n<p>La nueva norma posibilita \u201cel importe de la indemnizaci\u00f3n <b>mediante pago \u00fanico o en cuotas<\/b>, conforme lo acuerden las partes.\u201d<\/p>\n<p>\u201cEn caso de pactarse el pago en cuotas, el acuerdo deber\u00e1 <a href=\"https:\/\/www.cronista.com\/economia-politica\/vacaciones-licencia-por-enfermedad-e-indemnizaciones-todos-los-cambios-de-la-reforma-laboral-explicados-por-un-experto\/\" target=\"_blank\" rel=\"noreferrer\" title=\"https:\/\/www.cronista.com\/economia-politica\/vacaciones-licencia-por-enfermedad-e-indemnizaciones-todos-los-cambios-de-la-reforma-laboral-explicados-por-un-experto\/\">establecer el n\u00famero de cuotas y su forma de actualizaci\u00f3n<\/a>, <u>garantizando la intangibilidad del cr\u00e9dito del trabajado<\/u>\u201d, aclara.<\/p>\n<p>Hoy, la Ley de Contrato de Trabajo exige que la indemnizaci\u00f3n se pague <b>en forma \u00edntegra y dentro de los cuatro d\u00edas h\u00e1biles <\/b>posteriores al despido. Si el empleador incumple ese plazo, comienzan a correr intereses y se habilita el reclamo judicial.<\/p>\n<p><img loading=\"lazy\" decoding=\"async\" src=\"https:\/\/www.cronista.com\/resizer\/v2\/MYT6ZMMR35GOBITBNRLEZRZFNA.png?auth=4c7f613d7f719d8f2a7f67dc5d7b5cea7ffb88e0e1ce6bf35e6f0e7a53473b65&amp;smart=true&amp;width=1536&amp;height=1024\" alt=\"\" height=\"1024\" width=\"1536\" \/><\/p>\n<h3>8- Topes en el c\u00e1lculo indemnizatorio<\/h3>\n<p><u>El r\u00e9gimen de cuotas no es el \u00fanico cambio que afecta el monto final que perciben los trabajadores.<\/u><\/p>\n<p>Tambi\u00e9n se introduce un cambio de fondo en la forma de calcular la base salarial sobre la que se determina la<b> indemnizaci\u00f3n por despido.<\/b><\/p>\n<p>Mientras que la ley vigente toma como referencia la mejor remuneraci\u00f3n mensual, normal y habitual del \u00faltimo a\u00f1o, el proyecto<b> reemplaza ese criterio por un salario promedio<\/b>, lo que modifica de manera directa el monto final a percibir por el trabajador.<\/p>\n<p>En la pr\u00e1ctica, el c\u00e1lculo <b>dejar\u00e1 de capturar el momento de mayor ingreso del empleado<\/b> \u2014por ejemplo, tras una paritaria, un ascenso o una recomposici\u00f3n salarial reciente\u2014 y pasar\u00e1 a promediar las remuneraciones percibidas en un per\u00edodo m\u00e1s amplio.<\/p>\n<p>En un contexto inflacionario, este mecanismo tiende a <b>licuar los aumentos m\u00e1s cercanos al despido<\/b>, ya que los salarios m\u00e1s bajos del inicio del per\u00edodo arrastran hacia abajo el valor de referencia.<\/p>\n<p>Combinado con el pago en cuotas, el efecto es doble: <b>se reduce el monto y se posterga el cobro.<\/b><\/p>\n<h3>9- Banco de horas<\/h3>\n<p>El proyecto oficial habilita al trabajador a <b>acumular tiempo adicional en d\u00edas con alta carga laboral y que los compense<\/b> a trav\u00e9s de francos o jornadas m\u00e1s cortas cuando la actividad sea menor. Este modelo, que ya se aplica en pa\u00edses como Grecia,<a href=\"https:\/\/www.cronista.com\/economia-politica\/banco-de-horas-que-es-como-funciona-y-que-cambia-con-la-reforma-laboral\/\" target=\"_blank\" rel=\"noreferrer\" title=\"https:\/\/www.cronista.com\/economia-politica\/banco-de-horas-que-es-como-funciona-y-que-cambia-con-la-reforma-laboral\/\"> tiene como principal objetivo reducir los costos de las empresas<\/a> y brindar mayor previsibilidad a los empleados.<\/p>\n<p>A diferencia del r\u00e9gimen actual, <b>el pago por las horas extras dentro del banco ser\u00e1 menor al actual<\/b>. La ley vigente establece un recargo del 50% o 100%. De esta manera, la compensaci\u00f3n por las horas de servicio prestadas se podr\u00e1 hacer con tiempo libre o pagos adicionales, seg\u00fan lo que acuerden las partes.<\/p>\n<p>El acuerdo deber\u00e1 ser<b> voluntario y escrito<\/b>, adem\u00e1s de exigir un sistema de control claro y verificable para registrar las horas trabajadas y los per\u00edodos en los que el empleado est\u00e1 a disposici\u00f3n. De esta manera, las autoridades laborales tendr\u00e1n las facultades para fiscalizar el cumplimiento de los derechos b\u00e1sicos, como los descansos diarios y semanales.<\/p>\n","protected":false},"excerpt":{"rendered":"<p>La ley de reforma laboral que impulsa el Gobierno de Javier Milei volver\u00e1 este viernes<\/p>\n","protected":false},"author":0,"featured_media":0,"comment_status":"","ping_status":"","sticky":false,"template":"","format":"standard","meta":{"footnotes":""},"categories":[11],"tags":[],"class_list":["post-13115","post","type-post","status-publish","format-standard","hentry","category-destacadas"],"yoast_head":"<!-- This site is optimized with the Yoast SEO plugin v27.4 - https:\/\/yoast.com\/product\/yoast-seo-wordpress\/ -->\n<title>Los 9 puntos centrales de la Reforma laboral: c\u00f3mo quedar\u00eda la ley con la sanci\u00f3n del Senado - Fm Gente<\/title>\n<meta name=\"robots\" content=\"index, follow, max-snippet:-1, max-image-preview:large, max-video-preview:-1\" \/>\n<link rel=\"canonical\" href=\"https:\/\/fmgente.com.ar\/web\/los-9-puntos-centrales-de-la-reforma-laboral-como-quedaria-la-ley-con-la-sancion-del-senado\/\" \/>\n<meta property=\"og:locale\" content=\"es_ES\" \/>\n<meta property=\"og:type\" content=\"article\" \/>\n<meta property=\"og:title\" content=\"Los 9 puntos centrales de la Reforma laboral: c\u00f3mo quedar\u00eda la ley con la sanci\u00f3n del Senado - Fm Gente\" \/>\n<meta property=\"og:description\" content=\"La ley de reforma laboral que impulsa el Gobierno de Javier Milei volver\u00e1 este viernes\" \/>\n<meta property=\"og:url\" content=\"https:\/\/fmgente.com.ar\/web\/los-9-puntos-centrales-de-la-reforma-laboral-como-quedaria-la-ley-con-la-sancion-del-senado\/\" \/>\n<meta property=\"og:site_name\" content=\"Fm Gente\" \/>\n<meta property=\"article:published_time\" content=\"2026-02-26T17:28:59+00:00\" \/>\n<meta property=\"og:image\" content=\"https:\/\/www.cronista.com\/resizer\/v2\/D7DK7QXQM5FUBFTHTQGU5SYW6M.jpg?auth=64f99f44b39b61fbccbf5c3d0871e20ad48ab1bfe4ac2b98e3a1170b6f727856&amp;smart=true&amp;width=1200&amp;height=675\" \/>\n<meta name=\"twitter:card\" content=\"summary_large_image\" \/>\n<meta name=\"twitter:label1\" content=\"Tiempo de lectura\" \/>\n\t<meta name=\"twitter:data1\" content=\"9 minutos\" \/>\n<script type=\"application\/ld+json\" class=\"yoast-schema-graph\">{\"@context\":\"https:\\\/\\\/schema.org\",\"@graph\":[{\"@type\":\"Article\",\"@id\":\"https:\\\/\\\/fmgente.com.ar\\\/web\\\/los-9-puntos-centrales-de-la-reforma-laboral-como-quedaria-la-ley-con-la-sancion-del-senado\\\/#article\",\"isPartOf\":{\"@id\":\"https:\\\/\\\/fmgente.com.ar\\\/web\\\/los-9-puntos-centrales-de-la-reforma-laboral-como-quedaria-la-ley-con-la-sancion-del-senado\\\/\"},\"author\":{\"name\":\"\",\"@id\":\"\"},\"headline\":\"Los 9 puntos centrales de la Reforma laboral: c\u00f3mo quedar\u00eda la ley con la sanci\u00f3n del Senado\",\"datePublished\":\"2026-02-26T17:28:59+00:00\",\"mainEntityOfPage\":{\"@id\":\"https:\\\/\\\/fmgente.com.ar\\\/web\\\/los-9-puntos-centrales-de-la-reforma-laboral-como-quedaria-la-ley-con-la-sancion-del-senado\\\/\"},\"wordCount\":1881,\"publisher\":{\"@id\":\"https:\\\/\\\/fmgente.com.ar\\\/web\\\/#organization\"},\"image\":{\"@id\":\"https:\\\/\\\/fmgente.com.ar\\\/web\\\/los-9-puntos-centrales-de-la-reforma-laboral-como-quedaria-la-ley-con-la-sancion-del-senado\\\/#primaryimage\"},\"thumbnailUrl\":\"https:\\\/\\\/www.cronista.com\\\/resizer\\\/v2\\\/D7DK7QXQM5FUBFTHTQGU5SYW6M.jpg?auth=64f99f44b39b61fbccbf5c3d0871e20ad48ab1bfe4ac2b98e3a1170b6f727856&amp;smart=true&amp;width=1200&amp;height=675\",\"articleSection\":[\"DESTACADAS\"],\"inLanguage\":\"es\"},{\"@type\":\"WebPage\",\"@id\":\"https:\\\/\\\/fmgente.com.ar\\\/web\\\/los-9-puntos-centrales-de-la-reforma-laboral-como-quedaria-la-ley-con-la-sancion-del-senado\\\/\",\"url\":\"https:\\\/\\\/fmgente.com.ar\\\/web\\\/los-9-puntos-centrales-de-la-reforma-laboral-como-quedaria-la-ley-con-la-sancion-del-senado\\\/\",\"name\":\"Los 9 puntos centrales de la Reforma laboral: c\u00f3mo quedar\u00eda la ley con la sanci\u00f3n del Senado - Fm Gente\",\"isPartOf\":{\"@id\":\"https:\\\/\\\/fmgente.com.ar\\\/web\\\/#website\"},\"primaryImageOfPage\":{\"@id\":\"https:\\\/\\\/fmgente.com.ar\\\/web\\\/los-9-puntos-centrales-de-la-reforma-laboral-como-quedaria-la-ley-con-la-sancion-del-senado\\\/#primaryimage\"},\"image\":{\"@id\":\"https:\\\/\\\/fmgente.com.ar\\\/web\\\/los-9-puntos-centrales-de-la-reforma-laboral-como-quedaria-la-ley-con-la-sancion-del-senado\\\/#primaryimage\"},\"thumbnailUrl\":\"https:\\\/\\\/www.cronista.com\\\/resizer\\\/v2\\\/D7DK7QXQM5FUBFTHTQGU5SYW6M.jpg?auth=64f99f44b39b61fbccbf5c3d0871e20ad48ab1bfe4ac2b98e3a1170b6f727856&amp;smart=true&amp;width=1200&amp;height=675\",\"datePublished\":\"2026-02-26T17:28:59+00:00\",\"inLanguage\":\"es\",\"potentialAction\":[{\"@type\":\"ReadAction\",\"target\":[\"https:\\\/\\\/fmgente.com.ar\\\/web\\\/los-9-puntos-centrales-de-la-reforma-laboral-como-quedaria-la-ley-con-la-sancion-del-senado\\\/\"]}]},{\"@type\":\"ImageObject\",\"inLanguage\":\"es\",\"@id\":\"https:\\\/\\\/fmgente.com.ar\\\/web\\\/los-9-puntos-centrales-de-la-reforma-laboral-como-quedaria-la-ley-con-la-sancion-del-senado\\\/#primaryimage\",\"url\":\"https:\\\/\\\/www.cronista.com\\\/resizer\\\/v2\\\/D7DK7QXQM5FUBFTHTQGU5SYW6M.jpg?auth=64f99f44b39b61fbccbf5c3d0871e20ad48ab1bfe4ac2b98e3a1170b6f727856&amp;smart=true&amp;width=1200&amp;height=675\",\"contentUrl\":\"https:\\\/\\\/www.cronista.com\\\/resizer\\\/v2\\\/D7DK7QXQM5FUBFTHTQGU5SYW6M.jpg?auth=64f99f44b39b61fbccbf5c3d0871e20ad48ab1bfe4ac2b98e3a1170b6f727856&amp;smart=true&amp;width=1200&amp;height=675\"},{\"@type\":\"WebSite\",\"@id\":\"https:\\\/\\\/fmgente.com.ar\\\/web\\\/#website\",\"url\":\"https:\\\/\\\/fmgente.com.ar\\\/web\\\/\",\"name\":\"Fm Gente\",\"description\":\"- Jes\u00fas Mar\u00eda\",\"publisher\":{\"@id\":\"https:\\\/\\\/fmgente.com.ar\\\/web\\\/#organization\"},\"potentialAction\":[{\"@type\":\"SearchAction\",\"target\":{\"@type\":\"EntryPoint\",\"urlTemplate\":\"https:\\\/\\\/fmgente.com.ar\\\/web\\\/?s={search_term_string}\"},\"query-input\":{\"@type\":\"PropertyValueSpecification\",\"valueRequired\":true,\"valueName\":\"search_term_string\"}}],\"inLanguage\":\"es\"},{\"@type\":\"Organization\",\"@id\":\"https:\\\/\\\/fmgente.com.ar\\\/web\\\/#organization\",\"name\":\"Fm Gente\",\"url\":\"https:\\\/\\\/fmgente.com.ar\\\/web\\\/\",\"logo\":{\"@type\":\"ImageObject\",\"inLanguage\":\"es\",\"@id\":\"https:\\\/\\\/fmgente.com.ar\\\/web\\\/#\\\/schema\\\/logo\\\/image\\\/\",\"url\":\"https:\\\/\\\/fmgente.com.ar\\\/web\\\/wp-content\\\/uploads\\\/2023\\\/07\\\/cropped-cropped-logo-sombra2.png\",\"contentUrl\":\"https:\\\/\\\/fmgente.com.ar\\\/web\\\/wp-content\\\/uploads\\\/2023\\\/07\\\/cropped-cropped-logo-sombra2.png\",\"width\":1782,\"height\":1782,\"caption\":\"Fm Gente\"},\"image\":{\"@id\":\"https:\\\/\\\/fmgente.com.ar\\\/web\\\/#\\\/schema\\\/logo\\\/image\\\/\"}}]}<\/script>\n<!-- \/ Yoast SEO plugin. -->","yoast_head_json":{"title":"Los 9 puntos centrales de la Reforma laboral: c\u00f3mo quedar\u00eda la ley con la sanci\u00f3n del Senado - Fm Gente","robots":{"index":"index","follow":"follow","max-snippet":"max-snippet:-1","max-image-preview":"max-image-preview:large","max-video-preview":"max-video-preview:-1"},"canonical":"https:\/\/fmgente.com.ar\/web\/los-9-puntos-centrales-de-la-reforma-laboral-como-quedaria-la-ley-con-la-sancion-del-senado\/","og_locale":"es_ES","og_type":"article","og_title":"Los 9 puntos centrales de la Reforma laboral: c\u00f3mo quedar\u00eda la ley con la sanci\u00f3n del Senado - Fm Gente","og_description":"La ley de reforma laboral que impulsa el Gobierno de Javier Milei volver\u00e1 este viernes","og_url":"https:\/\/fmgente.com.ar\/web\/los-9-puntos-centrales-de-la-reforma-laboral-como-quedaria-la-ley-con-la-sancion-del-senado\/","og_site_name":"Fm Gente","article_published_time":"2026-02-26T17:28:59+00:00","og_image":[{"url":"https:\/\/www.cronista.com\/resizer\/v2\/D7DK7QXQM5FUBFTHTQGU5SYW6M.jpg?auth=64f99f44b39b61fbccbf5c3d0871e20ad48ab1bfe4ac2b98e3a1170b6f727856&amp;smart=true&amp;width=1200&amp;height=675","type":"","width":"","height":""}],"twitter_card":"summary_large_image","twitter_misc":{"Tiempo de lectura":"9 minutos"},"schema":{"@context":"https:\/\/schema.org","@graph":[{"@type":"Article","@id":"https:\/\/fmgente.com.ar\/web\/los-9-puntos-centrales-de-la-reforma-laboral-como-quedaria-la-ley-con-la-sancion-del-senado\/#article","isPartOf":{"@id":"https:\/\/fmgente.com.ar\/web\/los-9-puntos-centrales-de-la-reforma-laboral-como-quedaria-la-ley-con-la-sancion-del-senado\/"},"author":{"name":"","@id":""},"headline":"Los 9 puntos centrales de la Reforma laboral: c\u00f3mo quedar\u00eda la ley con la sanci\u00f3n del Senado","datePublished":"2026-02-26T17:28:59+00:00","mainEntityOfPage":{"@id":"https:\/\/fmgente.com.ar\/web\/los-9-puntos-centrales-de-la-reforma-laboral-como-quedaria-la-ley-con-la-sancion-del-senado\/"},"wordCount":1881,"publisher":{"@id":"https:\/\/fmgente.com.ar\/web\/#organization"},"image":{"@id":"https:\/\/fmgente.com.ar\/web\/los-9-puntos-centrales-de-la-reforma-laboral-como-quedaria-la-ley-con-la-sancion-del-senado\/#primaryimage"},"thumbnailUrl":"https:\/\/www.cronista.com\/resizer\/v2\/D7DK7QXQM5FUBFTHTQGU5SYW6M.jpg?auth=64f99f44b39b61fbccbf5c3d0871e20ad48ab1bfe4ac2b98e3a1170b6f727856&amp;smart=true&amp;width=1200&amp;height=675","articleSection":["DESTACADAS"],"inLanguage":"es"},{"@type":"WebPage","@id":"https:\/\/fmgente.com.ar\/web\/los-9-puntos-centrales-de-la-reforma-laboral-como-quedaria-la-ley-con-la-sancion-del-senado\/","url":"https:\/\/fmgente.com.ar\/web\/los-9-puntos-centrales-de-la-reforma-laboral-como-quedaria-la-ley-con-la-sancion-del-senado\/","name":"Los 9 puntos centrales de la Reforma laboral: c\u00f3mo quedar\u00eda la ley con la sanci\u00f3n del Senado - Fm Gente","isPartOf":{"@id":"https:\/\/fmgente.com.ar\/web\/#website"},"primaryImageOfPage":{"@id":"https:\/\/fmgente.com.ar\/web\/los-9-puntos-centrales-de-la-reforma-laboral-como-quedaria-la-ley-con-la-sancion-del-senado\/#primaryimage"},"image":{"@id":"https:\/\/fmgente.com.ar\/web\/los-9-puntos-centrales-de-la-reforma-laboral-como-quedaria-la-ley-con-la-sancion-del-senado\/#primaryimage"},"thumbnailUrl":"https:\/\/www.cronista.com\/resizer\/v2\/D7DK7QXQM5FUBFTHTQGU5SYW6M.jpg?auth=64f99f44b39b61fbccbf5c3d0871e20ad48ab1bfe4ac2b98e3a1170b6f727856&amp;smart=true&amp;width=1200&amp;height=675","datePublished":"2026-02-26T17:28:59+00:00","inLanguage":"es","potentialAction":[{"@type":"ReadAction","target":["https:\/\/fmgente.com.ar\/web\/los-9-puntos-centrales-de-la-reforma-laboral-como-quedaria-la-ley-con-la-sancion-del-senado\/"]}]},{"@type":"ImageObject","inLanguage":"es","@id":"https:\/\/fmgente.com.ar\/web\/los-9-puntos-centrales-de-la-reforma-laboral-como-quedaria-la-ley-con-la-sancion-del-senado\/#primaryimage","url":"https:\/\/www.cronista.com\/resizer\/v2\/D7DK7QXQM5FUBFTHTQGU5SYW6M.jpg?auth=64f99f44b39b61fbccbf5c3d0871e20ad48ab1bfe4ac2b98e3a1170b6f727856&amp;smart=true&amp;width=1200&amp;height=675","contentUrl":"https:\/\/www.cronista.com\/resizer\/v2\/D7DK7QXQM5FUBFTHTQGU5SYW6M.jpg?auth=64f99f44b39b61fbccbf5c3d0871e20ad48ab1bfe4ac2b98e3a1170b6f727856&amp;smart=true&amp;width=1200&amp;height=675"},{"@type":"WebSite","@id":"https:\/\/fmgente.com.ar\/web\/#website","url":"https:\/\/fmgente.com.ar\/web\/","name":"Fm Gente","description":"- Jes\u00fas Mar\u00eda","publisher":{"@id":"https:\/\/fmgente.com.ar\/web\/#organization"},"potentialAction":[{"@type":"SearchAction","target":{"@type":"EntryPoint","urlTemplate":"https:\/\/fmgente.com.ar\/web\/?s={search_term_string}"},"query-input":{"@type":"PropertyValueSpecification","valueRequired":true,"valueName":"search_term_string"}}],"inLanguage":"es"},{"@type":"Organization","@id":"https:\/\/fmgente.com.ar\/web\/#organization","name":"Fm Gente","url":"https:\/\/fmgente.com.ar\/web\/","logo":{"@type":"ImageObject","inLanguage":"es","@id":"https:\/\/fmgente.com.ar\/web\/#\/schema\/logo\/image\/","url":"https:\/\/fmgente.com.ar\/web\/wp-content\/uploads\/2023\/07\/cropped-cropped-logo-sombra2.png","contentUrl":"https:\/\/fmgente.com.ar\/web\/wp-content\/uploads\/2023\/07\/cropped-cropped-logo-sombra2.png","width":1782,"height":1782,"caption":"Fm Gente"},"image":{"@id":"https:\/\/fmgente.com.ar\/web\/#\/schema\/logo\/image\/"}}]}},"_links":{"self":[{"href":"https:\/\/fmgente.com.ar\/web\/wp-json\/wp\/v2\/posts\/13115","targetHints":{"allow":["GET"]}}],"collection":[{"href":"https:\/\/fmgente.com.ar\/web\/wp-json\/wp\/v2\/posts"}],"about":[{"href":"https:\/\/fmgente.com.ar\/web\/wp-json\/wp\/v2\/types\/post"}],"replies":[{"embeddable":true,"href":"https:\/\/fmgente.com.ar\/web\/wp-json\/wp\/v2\/comments?post=13115"}],"version-history":[{"count":0,"href":"https:\/\/fmgente.com.ar\/web\/wp-json\/wp\/v2\/posts\/13115\/revisions"}],"wp:attachment":[{"href":"https:\/\/fmgente.com.ar\/web\/wp-json\/wp\/v2\/media?parent=13115"}],"wp:term":[{"taxonomy":"category","embeddable":true,"href":"https:\/\/fmgente.com.ar\/web\/wp-json\/wp\/v2\/categories?post=13115"},{"taxonomy":"post_tag","embeddable":true,"href":"https:\/\/fmgente.com.ar\/web\/wp-json\/wp\/v2\/tags?post=13115"}],"curies":[{"name":"wp","href":"https:\/\/api.w.org\/{rel}","templated":true}]}}