{"id":13114,"date":"2026-02-26T14:28:59","date_gmt":"2026-02-26T17:28:59","guid":{"rendered":"https:\/\/fmgente.com.ar\/web\/gremios-de-controladores-aereos-levantaron-el-paro-hasta-el-viernes\/"},"modified":"2026-02-26T14:28:59","modified_gmt":"2026-02-26T17:28:59","slug":"gremios-de-controladores-aereos-levantaron-el-paro-hasta-el-viernes","status":"publish","type":"post","link":"https:\/\/fmgente.com.ar\/web\/gremios-de-controladores-aereos-levantaron-el-paro-hasta-el-viernes\/","title":{"rendered":"Gremios de controladores a\u00e9reos levantaron el paro hasta el viernes"},"content":{"rendered":"<p>La <b>Asociaci\u00f3n T\u00e9cnicos y Empleados de Protecci\u00f3n y Seguridad a la Aeronavegaci\u00f3n<\/b> (<b>Atepsa<\/b>) \u2014gremio que nuclea a los controladores a\u00e9reos\u2014 levant\u00f3 el paro previsto para este jueves 26 y viernes 27 de febrero. Esta medida tendr\u00e1 lugar mientras <a href=\"https:\/\/www.cronista.com\/economia-politica\/paro-de-controladores-aereos-el-gremio-tomo-una-decision-clave-y-crece-la-incertidumbre-en-los-vuelos\/\" target=\"_blank\" rel=\"noreferrer\" title=\"https:\/\/www.cronista.com\/economia-politica\/paro-de-controladores-aereos-el-gremio-tomo-una-decision-clave-y-crece-la-incertidumbre-en-los-vuelos\/\">avanzan las negociaciones<\/a> con la estatal Empresa de la Navegaci\u00f3n A\u00e9rea (EANA).<\/p>\n<p>Tal como estaba previsto, <b>el paro de este jueves iba a tener lugar entre las 15 y las 18<\/b>, mientras que ma\u00f1ana estaba programado de 19 a 22 en todos los aeropuertos del pa\u00eds.<\/p>\n<p>Sin embargo, es menester destacar que, en funci\u00f3n de las negociaciones que est\u00e1n teniendo lugar en estos momentos, <b>de no llegarse a un acuerdo, la medida de fuerza se retomar\u00e1, pero desde el s\u00e1bado hasta el lunes<\/b>.<\/p>\n<p><img loading=\"lazy\" decoding=\"async\" src=\"https:\/\/www.cronista.com\/resizer\/v2\/O22WVUE2CBATFBZZDS5FV3M53E.jpg?auth=6244d2cae1f41ae438f9a7890a59dde0507bb4438f5081d62d51fa8582f3a7bd&amp;smart=true&amp;width=1279&amp;height=1600\" alt=\"Paro de controladores a\u00e9reos: el Ministerio de Capital Humano anunci\u00f3 que se levant\u00f3 el paro.\" height=\"1600\" width=\"1279\" \/><\/p>\n<p>Desde el Gobierno \u2014a trav\u00e9s del Ministerio de Capital Humano\u2014, aseguraron que \u201cla decisi\u00f3n fue comunicada formalmente por representaci\u00f3n letrada de la entidad sindical, quien inform\u00f3 la suspensi\u00f3n de las medidas de acci\u00f3n sindical programadas para los d\u00edas 26 y 27 de febrero de 2026, con el objeto de facilitar el di\u00e1logo y avanzar en conversaciones tendientes a alcanzar un acuerdo\u201d.<\/p>\n<h2>ATEPSA se expidi\u00f3 sobre el cese de la medida de fuerza<\/h2>\n<p>\u201cEn el marco del conflicto colectivo en curso, se ha avanzado a una mesa de di\u00e1logo real con el objetivo de continuar las negociaciones y avanzar hacia un acuerdo que permita dar respuesta al reclamo que venimos llevando adelante. <b>En funci\u00f3n de esta instancia, se posponen las medidas leg\u00edtimas de acci\u00f3n sindical previstas para los d\u00edas 26 y 27 de febrero<\/b>\u201d, manifestaron mediante sus canales oficiales de comunicaci\u00f3n.<\/p>\n<p>Sin embargo, tambi\u00e9n consignaron: \u201c<b>Contin\u00faan plenamente vigentes las medidas notificadas para los d\u00edas 28 de febrero, 1 y 2 de marzo<\/b>, conforme al cronograma oportunamente presentado, a la espera de avances concretos en la negociaci\u00f3n\u201d.<\/p>\n<h2>Paro de controladores a\u00e9reos: cu\u00e1l es el conflicto<\/h2>\n<p>Desde el gremio argumentaron que el conflicto colectivo se extiende a ra\u00edz de que la Empresa Argentina de Navegaci\u00f3n A\u00e9rea<b> (EANA)<\/b> no brindaba respuesta satisfactoria a los<a href=\"https:\/\/www.cronista.com\/economia-politica\/paritarias-uocra-con-nuevo-aumento-cuanto-cobro-en-marzo-2026\/\" target=\"_blank\" rel=\"noreferrer\" title=\"https:\/\/www.cronista.com\/economia-politica\/paritarias-uocra-con-nuevo-aumento-cuanto-cobro-en-marzo-2026\/\"> reclamos salariales planteados.<\/a><\/p>\n<p>En este marco, anunciaron que \u201chabi\u00e9ndose agotado todas las instancias de di\u00e1logo y <a href=\"https:\/\/www.cronista.com\/economia-politica\/controladores-aereos-extendieron-por-cinco-dias-la-conciliacion-obligatoria-en-el-conflicto\/\" target=\"_blank\" rel=\"noreferrer\" title=\"https:\/\/www.cronista.com\/economia-politica\/controladores-aereos-extendieron-por-cinco-dias-la-conciliacion-obligatoria-en-el-conflicto\/\">transcurridos veinte d\u00edas desde la finalizaci\u00f3n de la Conciliaci\u00f3n Obligatoria<\/a> sin que EANA haya brindado una respuesta integral al conflicto en curso\u201d -hasta hoy jueves 26 de febrero-, se hab\u00eda decidido establecer un plan de \u00ab<b>medidas leg\u00edtimas de acci\u00f3n sindical<\/b>\u201c.<\/p>\n<p><img loading=\"lazy\" decoding=\"async\" src=\"https:\/\/www.cronista.com\/resizer\/v2\/E4ADM23QI5GEFCS62E67ORFMOA.jpg?auth=6e8a3e273e859c743315d092276d86c6ef8eabac0bc87b0051e43d571bd5ff2a&amp;smart=true&amp;width=1620&amp;height=1080\" alt=\"\" height=\"1080\" width=\"1620\" \/><\/p>\n<p>El <b>cese de actividades<\/b> de los controladores a\u00e9reos hab\u00eda afectado as\u00ed al despegue de aeronaves, lo que implicaba una <b>restricci\u00f3n a las autorizaciones de aeronaves y veh\u00edculos en tierra<\/b>.<\/p>\n<h2>Paro de controladores a\u00e9reos: horarios y vuelos afectados<\/h2>\n<ul>\n<li><b>S\u00e1bado 28 de febrero:<\/b> de 13 a 16, la medida afectar\u00e1 a la aviaci\u00f3n general y no regular.<\/li>\n<li><b>Domingo 1 de marzo:<\/b> de 9 a 12, el paro impactar\u00e1 en la aviaci\u00f3n comercial regular con destino nacional.<\/li>\n<li><b>Lunes 2 de marzo:<\/b> de 5 a 8, afecta a toda la aviaci\u00f3n.<\/li>\n<\/ul>\n<p><img loading=\"lazy\" decoding=\"async\" src=\"https:\/\/www.cronista.com\/resizer\/v2\/CMHGX65PBFC3LKG45GWGVF64M4.jpg?auth=89a835b364cd6ae32be9e733c10c92d00426e15bcaff4184a6529416e2af0808&amp;smart=true&amp;width=2048&amp;height=1846\" alt=\"\" height=\"1846\" width=\"2048\" \/><\/p>\n<p>Los servicios de navegaci\u00f3n a\u00e9rea son considerados esenciales. <u>Esto impone l\u00edmites estrictos a la acci\u00f3n sindical:<\/u><\/p>\n<ul>\n<li><b>Antelaci\u00f3n<\/b>: los paros deben ser anunciados con un m\u00ednimo de cinco d\u00edas de antelaci\u00f3n.<\/li>\n<li><b>Garant\u00eda de servicio<\/b>: la medida no puede afectar m\u00e1s del 45% de la operatividad total programada.<\/li>\n<\/ul>\n<p>La estrategia de ATEPSA de realizar paros por franjas busca precisamente <b>cumplir con estas cuotas legales <\/b>mientras presiona por una respuesta de la EANA.<\/p>\n","protected":false},"excerpt":{"rendered":"<p>La Asociaci\u00f3n T\u00e9cnicos y Empleados de Protecci\u00f3n y Seguridad a la Aeronavegaci\u00f3n (Atepsa) \u2014gremio que<\/p>\n","protected":false},"author":0,"featured_media":0,"comment_status":"","ping_status":"","sticky":false,"template":"","format":"standard","meta":{"footnotes":""},"categories":[11],"tags":[],"class_list":["post-13114","post","type-post","status-publish","format-standard","hentry","category-destacadas"],"yoast_head":"<!-- This site is optimized with the Yoast SEO plugin v27.4 - https:\/\/yoast.com\/product\/yoast-seo-wordpress\/ -->\n<title>Gremios de controladores a\u00e9reos levantaron el paro hasta el viernes - Fm Gente<\/title>\n<meta name=\"robots\" content=\"index, follow, max-snippet:-1, max-image-preview:large, max-video-preview:-1\" \/>\n<link rel=\"canonical\" href=\"https:\/\/fmgente.com.ar\/web\/gremios-de-controladores-aereos-levantaron-el-paro-hasta-el-viernes\/\" \/>\n<meta property=\"og:locale\" content=\"es_ES\" \/>\n<meta property=\"og:type\" content=\"article\" \/>\n<meta property=\"og:title\" content=\"Gremios de controladores a\u00e9reos levantaron el paro hasta el viernes - Fm Gente\" \/>\n<meta property=\"og:description\" content=\"La Asociaci\u00f3n T\u00e9cnicos y Empleados de Protecci\u00f3n y Seguridad a la Aeronavegaci\u00f3n (Atepsa) \u2014gremio que\" \/>\n<meta property=\"og:url\" content=\"https:\/\/fmgente.com.ar\/web\/gremios-de-controladores-aereos-levantaron-el-paro-hasta-el-viernes\/\" \/>\n<meta property=\"og:site_name\" content=\"Fm Gente\" \/>\n<meta property=\"article:published_time\" content=\"2026-02-26T17:28:59+00:00\" \/>\n<meta property=\"og:image\" content=\"https:\/\/www.cronista.com\/resizer\/v2\/O22WVUE2CBATFBZZDS5FV3M53E.jpg?auth=6244d2cae1f41ae438f9a7890a59dde0507bb4438f5081d62d51fa8582f3a7bd&amp;smart=true&amp;width=1279&amp;height=1600\" \/>\n<meta name=\"twitter:card\" content=\"summary_large_image\" \/>\n<meta name=\"twitter:label1\" content=\"Tiempo de lectura\" \/>\n\t<meta name=\"twitter:data1\" content=\"3 minutos\" \/>\n<script type=\"application\/ld+json\" class=\"yoast-schema-graph\">{\"@context\":\"https:\\\/\\\/schema.org\",\"@graph\":[{\"@type\":\"Article\",\"@id\":\"https:\\\/\\\/fmgente.com.ar\\\/web\\\/gremios-de-controladores-aereos-levantaron-el-paro-hasta-el-viernes\\\/#article\",\"isPartOf\":{\"@id\":\"https:\\\/\\\/fmgente.com.ar\\\/web\\\/gremios-de-controladores-aereos-levantaron-el-paro-hasta-el-viernes\\\/\"},\"author\":{\"name\":\"\",\"@id\":\"\"},\"headline\":\"Gremios de controladores a\u00e9reos levantaron el paro hasta el viernes\",\"datePublished\":\"2026-02-26T17:28:59+00:00\",\"mainEntityOfPage\":{\"@id\":\"https:\\\/\\\/fmgente.com.ar\\\/web\\\/gremios-de-controladores-aereos-levantaron-el-paro-hasta-el-viernes\\\/\"},\"wordCount\":591,\"publisher\":{\"@id\":\"https:\\\/\\\/fmgente.com.ar\\\/web\\\/#organization\"},\"image\":{\"@id\":\"https:\\\/\\\/fmgente.com.ar\\\/web\\\/gremios-de-controladores-aereos-levantaron-el-paro-hasta-el-viernes\\\/#primaryimage\"},\"thumbnailUrl\":\"https:\\\/\\\/www.cronista.com\\\/resizer\\\/v2\\\/O22WVUE2CBATFBZZDS5FV3M53E.jpg?auth=6244d2cae1f41ae438f9a7890a59dde0507bb4438f5081d62d51fa8582f3a7bd&amp;smart=true&amp;width=1279&amp;height=1600\",\"articleSection\":[\"DESTACADAS\"],\"inLanguage\":\"es\"},{\"@type\":\"WebPage\",\"@id\":\"https:\\\/\\\/fmgente.com.ar\\\/web\\\/gremios-de-controladores-aereos-levantaron-el-paro-hasta-el-viernes\\\/\",\"url\":\"https:\\\/\\\/fmgente.com.ar\\\/web\\\/gremios-de-controladores-aereos-levantaron-el-paro-hasta-el-viernes\\\/\",\"name\":\"Gremios de controladores a\u00e9reos levantaron el paro hasta el viernes - Fm Gente\",\"isPartOf\":{\"@id\":\"https:\\\/\\\/fmgente.com.ar\\\/web\\\/#website\"},\"primaryImageOfPage\":{\"@id\":\"https:\\\/\\\/fmgente.com.ar\\\/web\\\/gremios-de-controladores-aereos-levantaron-el-paro-hasta-el-viernes\\\/#primaryimage\"},\"image\":{\"@id\":\"https:\\\/\\\/fmgente.com.ar\\\/web\\\/gremios-de-controladores-aereos-levantaron-el-paro-hasta-el-viernes\\\/#primaryimage\"},\"thumbnailUrl\":\"https:\\\/\\\/www.cronista.com\\\/resizer\\\/v2\\\/O22WVUE2CBATFBZZDS5FV3M53E.jpg?auth=6244d2cae1f41ae438f9a7890a59dde0507bb4438f5081d62d51fa8582f3a7bd&amp;smart=true&amp;width=1279&amp;height=1600\",\"datePublished\":\"2026-02-26T17:28:59+00:00\",\"inLanguage\":\"es\",\"potentialAction\":[{\"@type\":\"ReadAction\",\"target\":[\"https:\\\/\\\/fmgente.com.ar\\\/web\\\/gremios-de-controladores-aereos-levantaron-el-paro-hasta-el-viernes\\\/\"]}]},{\"@type\":\"ImageObject\",\"inLanguage\":\"es\",\"@id\":\"https:\\\/\\\/fmgente.com.ar\\\/web\\\/gremios-de-controladores-aereos-levantaron-el-paro-hasta-el-viernes\\\/#primaryimage\",\"url\":\"https:\\\/\\\/www.cronista.com\\\/resizer\\\/v2\\\/O22WVUE2CBATFBZZDS5FV3M53E.jpg?auth=6244d2cae1f41ae438f9a7890a59dde0507bb4438f5081d62d51fa8582f3a7bd&amp;smart=true&amp;width=1279&amp;height=1600\",\"contentUrl\":\"https:\\\/\\\/www.cronista.com\\\/resizer\\\/v2\\\/O22WVUE2CBATFBZZDS5FV3M53E.jpg?auth=6244d2cae1f41ae438f9a7890a59dde0507bb4438f5081d62d51fa8582f3a7bd&amp;smart=true&amp;width=1279&amp;height=1600\"},{\"@type\":\"WebSite\",\"@id\":\"https:\\\/\\\/fmgente.com.ar\\\/web\\\/#website\",\"url\":\"https:\\\/\\\/fmgente.com.ar\\\/web\\\/\",\"name\":\"Fm Gente\",\"description\":\"- Jes\u00fas Mar\u00eda\",\"publisher\":{\"@id\":\"https:\\\/\\\/fmgente.com.ar\\\/web\\\/#organization\"},\"potentialAction\":[{\"@type\":\"SearchAction\",\"target\":{\"@type\":\"EntryPoint\",\"urlTemplate\":\"https:\\\/\\\/fmgente.com.ar\\\/web\\\/?s={search_term_string}\"},\"query-input\":{\"@type\":\"PropertyValueSpecification\",\"valueRequired\":true,\"valueName\":\"search_term_string\"}}],\"inLanguage\":\"es\"},{\"@type\":\"Organization\",\"@id\":\"https:\\\/\\\/fmgente.com.ar\\\/web\\\/#organization\",\"name\":\"Fm Gente\",\"url\":\"https:\\\/\\\/fmgente.com.ar\\\/web\\\/\",\"logo\":{\"@type\":\"ImageObject\",\"inLanguage\":\"es\",\"@id\":\"https:\\\/\\\/fmgente.com.ar\\\/web\\\/#\\\/schema\\\/logo\\\/image\\\/\",\"url\":\"https:\\\/\\\/fmgente.com.ar\\\/web\\\/wp-content\\\/uploads\\\/2023\\\/07\\\/cropped-cropped-logo-sombra2.png\",\"contentUrl\":\"https:\\\/\\\/fmgente.com.ar\\\/web\\\/wp-content\\\/uploads\\\/2023\\\/07\\\/cropped-cropped-logo-sombra2.png\",\"width\":1782,\"height\":1782,\"caption\":\"Fm Gente\"},\"image\":{\"@id\":\"https:\\\/\\\/fmgente.com.ar\\\/web\\\/#\\\/schema\\\/logo\\\/image\\\/\"}}]}<\/script>\n<!-- \/ Yoast SEO plugin. -->","yoast_head_json":{"title":"Gremios de controladores a\u00e9reos levantaron el paro hasta el viernes - Fm Gente","robots":{"index":"index","follow":"follow","max-snippet":"max-snippet:-1","max-image-preview":"max-image-preview:large","max-video-preview":"max-video-preview:-1"},"canonical":"https:\/\/fmgente.com.ar\/web\/gremios-de-controladores-aereos-levantaron-el-paro-hasta-el-viernes\/","og_locale":"es_ES","og_type":"article","og_title":"Gremios de controladores a\u00e9reos levantaron el paro hasta el viernes - Fm Gente","og_description":"La Asociaci\u00f3n T\u00e9cnicos y Empleados de Protecci\u00f3n y Seguridad a la Aeronavegaci\u00f3n (Atepsa) \u2014gremio que","og_url":"https:\/\/fmgente.com.ar\/web\/gremios-de-controladores-aereos-levantaron-el-paro-hasta-el-viernes\/","og_site_name":"Fm Gente","article_published_time":"2026-02-26T17:28:59+00:00","og_image":[{"url":"https:\/\/www.cronista.com\/resizer\/v2\/O22WVUE2CBATFBZZDS5FV3M53E.jpg?auth=6244d2cae1f41ae438f9a7890a59dde0507bb4438f5081d62d51fa8582f3a7bd&amp;smart=true&amp;width=1279&amp;height=1600","type":"","width":"","height":""}],"twitter_card":"summary_large_image","twitter_misc":{"Tiempo de lectura":"3 minutos"},"schema":{"@context":"https:\/\/schema.org","@graph":[{"@type":"Article","@id":"https:\/\/fmgente.com.ar\/web\/gremios-de-controladores-aereos-levantaron-el-paro-hasta-el-viernes\/#article","isPartOf":{"@id":"https:\/\/fmgente.com.ar\/web\/gremios-de-controladores-aereos-levantaron-el-paro-hasta-el-viernes\/"},"author":{"name":"","@id":""},"headline":"Gremios de controladores a\u00e9reos levantaron el paro hasta el viernes","datePublished":"2026-02-26T17:28:59+00:00","mainEntityOfPage":{"@id":"https:\/\/fmgente.com.ar\/web\/gremios-de-controladores-aereos-levantaron-el-paro-hasta-el-viernes\/"},"wordCount":591,"publisher":{"@id":"https:\/\/fmgente.com.ar\/web\/#organization"},"image":{"@id":"https:\/\/fmgente.com.ar\/web\/gremios-de-controladores-aereos-levantaron-el-paro-hasta-el-viernes\/#primaryimage"},"thumbnailUrl":"https:\/\/www.cronista.com\/resizer\/v2\/O22WVUE2CBATFBZZDS5FV3M53E.jpg?auth=6244d2cae1f41ae438f9a7890a59dde0507bb4438f5081d62d51fa8582f3a7bd&amp;smart=true&amp;width=1279&amp;height=1600","articleSection":["DESTACADAS"],"inLanguage":"es"},{"@type":"WebPage","@id":"https:\/\/fmgente.com.ar\/web\/gremios-de-controladores-aereos-levantaron-el-paro-hasta-el-viernes\/","url":"https:\/\/fmgente.com.ar\/web\/gremios-de-controladores-aereos-levantaron-el-paro-hasta-el-viernes\/","name":"Gremios de controladores a\u00e9reos levantaron el paro hasta el viernes - Fm Gente","isPartOf":{"@id":"https:\/\/fmgente.com.ar\/web\/#website"},"primaryImageOfPage":{"@id":"https:\/\/fmgente.com.ar\/web\/gremios-de-controladores-aereos-levantaron-el-paro-hasta-el-viernes\/#primaryimage"},"image":{"@id":"https:\/\/fmgente.com.ar\/web\/gremios-de-controladores-aereos-levantaron-el-paro-hasta-el-viernes\/#primaryimage"},"thumbnailUrl":"https:\/\/www.cronista.com\/resizer\/v2\/O22WVUE2CBATFBZZDS5FV3M53E.jpg?auth=6244d2cae1f41ae438f9a7890a59dde0507bb4438f5081d62d51fa8582f3a7bd&amp;smart=true&amp;width=1279&amp;height=1600","datePublished":"2026-02-26T17:28:59+00:00","inLanguage":"es","potentialAction":[{"@type":"ReadAction","target":["https:\/\/fmgente.com.ar\/web\/gremios-de-controladores-aereos-levantaron-el-paro-hasta-el-viernes\/"]}]},{"@type":"ImageObject","inLanguage":"es","@id":"https:\/\/fmgente.com.ar\/web\/gremios-de-controladores-aereos-levantaron-el-paro-hasta-el-viernes\/#primaryimage","url":"https:\/\/www.cronista.com\/resizer\/v2\/O22WVUE2CBATFBZZDS5FV3M53E.jpg?auth=6244d2cae1f41ae438f9a7890a59dde0507bb4438f5081d62d51fa8582f3a7bd&amp;smart=true&amp;width=1279&amp;height=1600","contentUrl":"https:\/\/www.cronista.com\/resizer\/v2\/O22WVUE2CBATFBZZDS5FV3M53E.jpg?auth=6244d2cae1f41ae438f9a7890a59dde0507bb4438f5081d62d51fa8582f3a7bd&amp;smart=true&amp;width=1279&amp;height=1600"},{"@type":"WebSite","@id":"https:\/\/fmgente.com.ar\/web\/#website","url":"https:\/\/fmgente.com.ar\/web\/","name":"Fm Gente","description":"- Jes\u00fas Mar\u00eda","publisher":{"@id":"https:\/\/fmgente.com.ar\/web\/#organization"},"potentialAction":[{"@type":"SearchAction","target":{"@type":"EntryPoint","urlTemplate":"https:\/\/fmgente.com.ar\/web\/?s={search_term_string}"},"query-input":{"@type":"PropertyValueSpecification","valueRequired":true,"valueName":"search_term_string"}}],"inLanguage":"es"},{"@type":"Organization","@id":"https:\/\/fmgente.com.ar\/web\/#organization","name":"Fm Gente","url":"https:\/\/fmgente.com.ar\/web\/","logo":{"@type":"ImageObject","inLanguage":"es","@id":"https:\/\/fmgente.com.ar\/web\/#\/schema\/logo\/image\/","url":"https:\/\/fmgente.com.ar\/web\/wp-content\/uploads\/2023\/07\/cropped-cropped-logo-sombra2.png","contentUrl":"https:\/\/fmgente.com.ar\/web\/wp-content\/uploads\/2023\/07\/cropped-cropped-logo-sombra2.png","width":1782,"height":1782,"caption":"Fm Gente"},"image":{"@id":"https:\/\/fmgente.com.ar\/web\/#\/schema\/logo\/image\/"}}]}},"_links":{"self":[{"href":"https:\/\/fmgente.com.ar\/web\/wp-json\/wp\/v2\/posts\/13114","targetHints":{"allow":["GET"]}}],"collection":[{"href":"https:\/\/fmgente.com.ar\/web\/wp-json\/wp\/v2\/posts"}],"about":[{"href":"https:\/\/fmgente.com.ar\/web\/wp-json\/wp\/v2\/types\/post"}],"replies":[{"embeddable":true,"href":"https:\/\/fmgente.com.ar\/web\/wp-json\/wp\/v2\/comments?post=13114"}],"version-history":[{"count":0,"href":"https:\/\/fmgente.com.ar\/web\/wp-json\/wp\/v2\/posts\/13114\/revisions"}],"wp:attachment":[{"href":"https:\/\/fmgente.com.ar\/web\/wp-json\/wp\/v2\/media?parent=13114"}],"wp:term":[{"taxonomy":"category","embeddable":true,"href":"https:\/\/fmgente.com.ar\/web\/wp-json\/wp\/v2\/categories?post=13114"},{"taxonomy":"post_tag","embeddable":true,"href":"https:\/\/fmgente.com.ar\/web\/wp-json\/wp\/v2\/tags?post=13114"}],"curies":[{"name":"wp","href":"https:\/\/api.w.org\/{rel}","templated":true}]}}