{"id":13112,"date":"2026-02-26T14:28:56","date_gmt":"2026-02-26T17:28:56","guid":{"rendered":"https:\/\/fmgente.com.ar\/web\/la-policia-federal-inicio-actuaciones-administrativas-para-aclarar-la-agresion-al-fotografo-de-a24\/"},"modified":"2026-02-26T14:28:56","modified_gmt":"2026-02-26T17:28:56","slug":"la-policia-federal-inicio-actuaciones-administrativas-para-aclarar-la-agresion-al-fotografo-de-a24","status":"publish","type":"post","link":"https:\/\/fmgente.com.ar\/web\/la-policia-federal-inicio-actuaciones-administrativas-para-aclarar-la-agresion-al-fotografo-de-a24\/","title":{"rendered":"La Polic\u00eda Federal inici\u00f3 actuaciones administrativas para aclarar la agresi\u00f3n al fot\u00f3grafo de A24"},"content":{"rendered":"<p>Buenos Aires, 26 febrero (NA) &#8212; La Polic\u00eda Federal anunci\u00f3 este jueves que inici\u00f3 actuaciones administrativas para \u201cevaluar integralmente los hechos sucedidos y la actuaci\u00f3n del personal interviniente\u201d tras la agresi\u00f3n a un camar\u00f3grafo de A24 durante la sesi\u00f3n del Senado por la ley de Glaciares.<\/p>\n<p>As\u00ed lo inform\u00f3 la PFA en un comunicado, en el que consign\u00f3 que \u201cen virtud de los hechos de publico conocimiento ocurridos en el d\u00eda de la fecha en el \u00e1mbito del Congreso, 12 activistas de Greenpeace que irrumpieron en el edificio resultaron detenidos y posteriormente trasladado a un estacionamiento ubicado sobre la calle Hip\u00f3lito Yrigoyen\u201d.<\/p>\n<p>En esa circunstancia, \u201cse dispuso la conformaci\u00f3n de un per\u00edmetro de seguridad a fin de impedir el ingreso o egreso de personas al sector donde se encontraban los detenidos. En ese marco, se acerc\u00f3 al lugar un grupo de trabajadores de prensa para cubrir el acontecimiento, por lo que el personal policial les solicit\u00f3 mantener una distancia prudencial por razones operativas\u201d.<\/p>\n<p>Durante ese intervalo, se\u00f1al\u00f3 la PFA, se produjo un \u201cforcejeo con un camar\u00f3grafo cuando intentaba obtener im\u00e1genes dentro del per\u00edmetro de seguridad, en cuyo marco se gener\u00f3 una situaci\u00f3n de tensi\u00f3n y se registraron lesiones en el intercambio\u201d.<\/p>\n<p>Luego del hecho, fue asistido por personal del SAME y trasladado al Hospital Ramos Mej\u00eda para recibir la atenci\u00f3n m\u00e9dica correspondiente.<\/p>\n<p>En raz\u00f3n de lo sucedido, se dio Intervenci\u00f3n al Juzgado Nacional en lo Criminal y Correccional Federal N.\u00b0 8, a cargo de Marcelo Pedro Martinez de Giorgi.<\/p>\n<p>\u201cSin perjuicio de la prevenci\u00f3n judicial labrada, se iniciaron actuaciones administrativas tendientes a evaluar integralmente los hechos sucedidos y la actuaci\u00f3n del personal interviniente\u201d, complet\u00f3 la PFA.<\/p>\n<p>Noticia en desarrollo\u2026 #AgenciaNA<\/p>\n","protected":false},"excerpt":{"rendered":"<p>Buenos Aires, 26 febrero (NA) &#8212; La Polic\u00eda Federal anunci\u00f3 este jueves que inici\u00f3 actuaciones<\/p>\n","protected":false},"author":0,"featured_media":13113,"comment_status":"","ping_status":"","sticky":false,"template":"","format":"standard","meta":{"footnotes":""},"categories":[11],"tags":[],"class_list":["post-13112","post","type-post","status-publish","format-standard","has-post-thumbnail","hentry","category-destacadas"],"yoast_head":"<!-- This site is optimized with the Yoast SEO plugin v27.4 - https:\/\/yoast.com\/product\/yoast-seo-wordpress\/ -->\n<title>La Polic\u00eda Federal inici\u00f3 actuaciones administrativas para aclarar la agresi\u00f3n al fot\u00f3grafo de A24 - Fm Gente<\/title>\n<meta name=\"robots\" content=\"index, follow, max-snippet:-1, max-image-preview:large, max-video-preview:-1\" \/>\n<link rel=\"canonical\" href=\"https:\/\/fmgente.com.ar\/web\/la-policia-federal-inicio-actuaciones-administrativas-para-aclarar-la-agresion-al-fotografo-de-a24\/\" \/>\n<meta property=\"og:locale\" content=\"es_ES\" \/>\n<meta property=\"og:type\" content=\"article\" \/>\n<meta property=\"og:title\" content=\"La Polic\u00eda Federal inici\u00f3 actuaciones administrativas para aclarar la agresi\u00f3n al fot\u00f3grafo de A24 - Fm Gente\" \/>\n<meta property=\"og:description\" content=\"Buenos Aires, 26 febrero (NA) &#8212; La Polic\u00eda Federal anunci\u00f3 este jueves que inici\u00f3 actuaciones\" \/>\n<meta property=\"og:url\" content=\"https:\/\/fmgente.com.ar\/web\/la-policia-federal-inicio-actuaciones-administrativas-para-aclarar-la-agresion-al-fotografo-de-a24\/\" \/>\n<meta property=\"og:site_name\" content=\"Fm Gente\" \/>\n<meta property=\"article:published_time\" content=\"2026-02-26T17:28:56+00:00\" \/>\n<meta name=\"twitter:card\" content=\"summary_large_image\" \/>\n<meta name=\"twitter:label1\" content=\"Tiempo de lectura\" \/>\n\t<meta name=\"twitter:data1\" content=\"1 minuto\" \/>\n<script type=\"application\/ld+json\" class=\"yoast-schema-graph\">{\"@context\":\"https:\\\/\\\/schema.org\",\"@graph\":[{\"@type\":\"Article\",\"@id\":\"https:\\\/\\\/fmgente.com.ar\\\/web\\\/la-policia-federal-inicio-actuaciones-administrativas-para-aclarar-la-agresion-al-fotografo-de-a24\\\/#article\",\"isPartOf\":{\"@id\":\"https:\\\/\\\/fmgente.com.ar\\\/web\\\/la-policia-federal-inicio-actuaciones-administrativas-para-aclarar-la-agresion-al-fotografo-de-a24\\\/\"},\"author\":{\"name\":\"\",\"@id\":\"\"},\"headline\":\"La Polic\u00eda Federal inici\u00f3 actuaciones administrativas para aclarar la agresi\u00f3n al fot\u00f3grafo de A24\",\"datePublished\":\"2026-02-26T17:28:56+00:00\",\"mainEntityOfPage\":{\"@id\":\"https:\\\/\\\/fmgente.com.ar\\\/web\\\/la-policia-federal-inicio-actuaciones-administrativas-para-aclarar-la-agresion-al-fotografo-de-a24\\\/\"},\"wordCount\":316,\"publisher\":{\"@id\":\"https:\\\/\\\/fmgente.com.ar\\\/web\\\/#organization\"},\"image\":{\"@id\":\"https:\\\/\\\/fmgente.com.ar\\\/web\\\/la-policia-federal-inicio-actuaciones-administrativas-para-aclarar-la-agresion-al-fotografo-de-a24\\\/#primaryimage\"},\"thumbnailUrl\":\"https:\\\/\\\/fmgente.com.ar\\\/web\\\/wp-content\\\/uploads\\\/2026\\\/02\\\/720-107.jpeg\",\"articleSection\":[\"DESTACADAS\"],\"inLanguage\":\"es\"},{\"@type\":\"WebPage\",\"@id\":\"https:\\\/\\\/fmgente.com.ar\\\/web\\\/la-policia-federal-inicio-actuaciones-administrativas-para-aclarar-la-agresion-al-fotografo-de-a24\\\/\",\"url\":\"https:\\\/\\\/fmgente.com.ar\\\/web\\\/la-policia-federal-inicio-actuaciones-administrativas-para-aclarar-la-agresion-al-fotografo-de-a24\\\/\",\"name\":\"La Polic\u00eda Federal inici\u00f3 actuaciones administrativas para aclarar la agresi\u00f3n al fot\u00f3grafo de A24 - Fm Gente\",\"isPartOf\":{\"@id\":\"https:\\\/\\\/fmgente.com.ar\\\/web\\\/#website\"},\"primaryImageOfPage\":{\"@id\":\"https:\\\/\\\/fmgente.com.ar\\\/web\\\/la-policia-federal-inicio-actuaciones-administrativas-para-aclarar-la-agresion-al-fotografo-de-a24\\\/#primaryimage\"},\"image\":{\"@id\":\"https:\\\/\\\/fmgente.com.ar\\\/web\\\/la-policia-federal-inicio-actuaciones-administrativas-para-aclarar-la-agresion-al-fotografo-de-a24\\\/#primaryimage\"},\"thumbnailUrl\":\"https:\\\/\\\/fmgente.com.ar\\\/web\\\/wp-content\\\/uploads\\\/2026\\\/02\\\/720-107.jpeg\",\"datePublished\":\"2026-02-26T17:28:56+00:00\",\"inLanguage\":\"es\",\"potentialAction\":[{\"@type\":\"ReadAction\",\"target\":[\"https:\\\/\\\/fmgente.com.ar\\\/web\\\/la-policia-federal-inicio-actuaciones-administrativas-para-aclarar-la-agresion-al-fotografo-de-a24\\\/\"]}]},{\"@type\":\"ImageObject\",\"inLanguage\":\"es\",\"@id\":\"https:\\\/\\\/fmgente.com.ar\\\/web\\\/la-policia-federal-inicio-actuaciones-administrativas-para-aclarar-la-agresion-al-fotografo-de-a24\\\/#primaryimage\",\"url\":\"https:\\\/\\\/fmgente.com.ar\\\/web\\\/wp-content\\\/uploads\\\/2026\\\/02\\\/720-107.jpeg\",\"contentUrl\":\"https:\\\/\\\/fmgente.com.ar\\\/web\\\/wp-content\\\/uploads\\\/2026\\\/02\\\/720-107.jpeg\",\"width\":1081,\"height\":720},{\"@type\":\"WebSite\",\"@id\":\"https:\\\/\\\/fmgente.com.ar\\\/web\\\/#website\",\"url\":\"https:\\\/\\\/fmgente.com.ar\\\/web\\\/\",\"name\":\"Fm Gente\",\"description\":\"- Jes\u00fas Mar\u00eda\",\"publisher\":{\"@id\":\"https:\\\/\\\/fmgente.com.ar\\\/web\\\/#organization\"},\"potentialAction\":[{\"@type\":\"SearchAction\",\"target\":{\"@type\":\"EntryPoint\",\"urlTemplate\":\"https:\\\/\\\/fmgente.com.ar\\\/web\\\/?s={search_term_string}\"},\"query-input\":{\"@type\":\"PropertyValueSpecification\",\"valueRequired\":true,\"valueName\":\"search_term_string\"}}],\"inLanguage\":\"es\"},{\"@type\":\"Organization\",\"@id\":\"https:\\\/\\\/fmgente.com.ar\\\/web\\\/#organization\",\"name\":\"Fm Gente\",\"url\":\"https:\\\/\\\/fmgente.com.ar\\\/web\\\/\",\"logo\":{\"@type\":\"ImageObject\",\"inLanguage\":\"es\",\"@id\":\"https:\\\/\\\/fmgente.com.ar\\\/web\\\/#\\\/schema\\\/logo\\\/image\\\/\",\"url\":\"https:\\\/\\\/fmgente.com.ar\\\/web\\\/wp-content\\\/uploads\\\/2023\\\/07\\\/cropped-cropped-logo-sombra2.png\",\"contentUrl\":\"https:\\\/\\\/fmgente.com.ar\\\/web\\\/wp-content\\\/uploads\\\/2023\\\/07\\\/cropped-cropped-logo-sombra2.png\",\"width\":1782,\"height\":1782,\"caption\":\"Fm Gente\"},\"image\":{\"@id\":\"https:\\\/\\\/fmgente.com.ar\\\/web\\\/#\\\/schema\\\/logo\\\/image\\\/\"}}]}<\/script>\n<!-- \/ Yoast SEO plugin. -->","yoast_head_json":{"title":"La Polic\u00eda Federal inici\u00f3 actuaciones administrativas para aclarar la agresi\u00f3n al fot\u00f3grafo de A24 - Fm Gente","robots":{"index":"index","follow":"follow","max-snippet":"max-snippet:-1","max-image-preview":"max-image-preview:large","max-video-preview":"max-video-preview:-1"},"canonical":"https:\/\/fmgente.com.ar\/web\/la-policia-federal-inicio-actuaciones-administrativas-para-aclarar-la-agresion-al-fotografo-de-a24\/","og_locale":"es_ES","og_type":"article","og_title":"La Polic\u00eda Federal inici\u00f3 actuaciones administrativas para aclarar la agresi\u00f3n al fot\u00f3grafo de A24 - Fm Gente","og_description":"Buenos Aires, 26 febrero (NA) &#8212; La Polic\u00eda Federal anunci\u00f3 este jueves que inici\u00f3 actuaciones","og_url":"https:\/\/fmgente.com.ar\/web\/la-policia-federal-inicio-actuaciones-administrativas-para-aclarar-la-agresion-al-fotografo-de-a24\/","og_site_name":"Fm Gente","article_published_time":"2026-02-26T17:28:56+00:00","twitter_card":"summary_large_image","twitter_misc":{"Tiempo de lectura":"1 minuto"},"schema":{"@context":"https:\/\/schema.org","@graph":[{"@type":"Article","@id":"https:\/\/fmgente.com.ar\/web\/la-policia-federal-inicio-actuaciones-administrativas-para-aclarar-la-agresion-al-fotografo-de-a24\/#article","isPartOf":{"@id":"https:\/\/fmgente.com.ar\/web\/la-policia-federal-inicio-actuaciones-administrativas-para-aclarar-la-agresion-al-fotografo-de-a24\/"},"author":{"name":"","@id":""},"headline":"La Polic\u00eda Federal inici\u00f3 actuaciones administrativas para aclarar la agresi\u00f3n al fot\u00f3grafo de A24","datePublished":"2026-02-26T17:28:56+00:00","mainEntityOfPage":{"@id":"https:\/\/fmgente.com.ar\/web\/la-policia-federal-inicio-actuaciones-administrativas-para-aclarar-la-agresion-al-fotografo-de-a24\/"},"wordCount":316,"publisher":{"@id":"https:\/\/fmgente.com.ar\/web\/#organization"},"image":{"@id":"https:\/\/fmgente.com.ar\/web\/la-policia-federal-inicio-actuaciones-administrativas-para-aclarar-la-agresion-al-fotografo-de-a24\/#primaryimage"},"thumbnailUrl":"https:\/\/fmgente.com.ar\/web\/wp-content\/uploads\/2026\/02\/720-107.jpeg","articleSection":["DESTACADAS"],"inLanguage":"es"},{"@type":"WebPage","@id":"https:\/\/fmgente.com.ar\/web\/la-policia-federal-inicio-actuaciones-administrativas-para-aclarar-la-agresion-al-fotografo-de-a24\/","url":"https:\/\/fmgente.com.ar\/web\/la-policia-federal-inicio-actuaciones-administrativas-para-aclarar-la-agresion-al-fotografo-de-a24\/","name":"La Polic\u00eda Federal inici\u00f3 actuaciones administrativas para aclarar la agresi\u00f3n al fot\u00f3grafo de A24 - Fm Gente","isPartOf":{"@id":"https:\/\/fmgente.com.ar\/web\/#website"},"primaryImageOfPage":{"@id":"https:\/\/fmgente.com.ar\/web\/la-policia-federal-inicio-actuaciones-administrativas-para-aclarar-la-agresion-al-fotografo-de-a24\/#primaryimage"},"image":{"@id":"https:\/\/fmgente.com.ar\/web\/la-policia-federal-inicio-actuaciones-administrativas-para-aclarar-la-agresion-al-fotografo-de-a24\/#primaryimage"},"thumbnailUrl":"https:\/\/fmgente.com.ar\/web\/wp-content\/uploads\/2026\/02\/720-107.jpeg","datePublished":"2026-02-26T17:28:56+00:00","inLanguage":"es","potentialAction":[{"@type":"ReadAction","target":["https:\/\/fmgente.com.ar\/web\/la-policia-federal-inicio-actuaciones-administrativas-para-aclarar-la-agresion-al-fotografo-de-a24\/"]}]},{"@type":"ImageObject","inLanguage":"es","@id":"https:\/\/fmgente.com.ar\/web\/la-policia-federal-inicio-actuaciones-administrativas-para-aclarar-la-agresion-al-fotografo-de-a24\/#primaryimage","url":"https:\/\/fmgente.com.ar\/web\/wp-content\/uploads\/2026\/02\/720-107.jpeg","contentUrl":"https:\/\/fmgente.com.ar\/web\/wp-content\/uploads\/2026\/02\/720-107.jpeg","width":1081,"height":720},{"@type":"WebSite","@id":"https:\/\/fmgente.com.ar\/web\/#website","url":"https:\/\/fmgente.com.ar\/web\/","name":"Fm Gente","description":"- Jes\u00fas Mar\u00eda","publisher":{"@id":"https:\/\/fmgente.com.ar\/web\/#organization"},"potentialAction":[{"@type":"SearchAction","target":{"@type":"EntryPoint","urlTemplate":"https:\/\/fmgente.com.ar\/web\/?s={search_term_string}"},"query-input":{"@type":"PropertyValueSpecification","valueRequired":true,"valueName":"search_term_string"}}],"inLanguage":"es"},{"@type":"Organization","@id":"https:\/\/fmgente.com.ar\/web\/#organization","name":"Fm Gente","url":"https:\/\/fmgente.com.ar\/web\/","logo":{"@type":"ImageObject","inLanguage":"es","@id":"https:\/\/fmgente.com.ar\/web\/#\/schema\/logo\/image\/","url":"https:\/\/fmgente.com.ar\/web\/wp-content\/uploads\/2023\/07\/cropped-cropped-logo-sombra2.png","contentUrl":"https:\/\/fmgente.com.ar\/web\/wp-content\/uploads\/2023\/07\/cropped-cropped-logo-sombra2.png","width":1782,"height":1782,"caption":"Fm Gente"},"image":{"@id":"https:\/\/fmgente.com.ar\/web\/#\/schema\/logo\/image\/"}}]}},"_links":{"self":[{"href":"https:\/\/fmgente.com.ar\/web\/wp-json\/wp\/v2\/posts\/13112","targetHints":{"allow":["GET"]}}],"collection":[{"href":"https:\/\/fmgente.com.ar\/web\/wp-json\/wp\/v2\/posts"}],"about":[{"href":"https:\/\/fmgente.com.ar\/web\/wp-json\/wp\/v2\/types\/post"}],"replies":[{"embeddable":true,"href":"https:\/\/fmgente.com.ar\/web\/wp-json\/wp\/v2\/comments?post=13112"}],"version-history":[{"count":0,"href":"https:\/\/fmgente.com.ar\/web\/wp-json\/wp\/v2\/posts\/13112\/revisions"}],"wp:featuredmedia":[{"embeddable":true,"href":"https:\/\/fmgente.com.ar\/web\/wp-json\/wp\/v2\/media\/13113"}],"wp:attachment":[{"href":"https:\/\/fmgente.com.ar\/web\/wp-json\/wp\/v2\/media?parent=13112"}],"wp:term":[{"taxonomy":"category","embeddable":true,"href":"https:\/\/fmgente.com.ar\/web\/wp-json\/wp\/v2\/categories?post=13112"},{"taxonomy":"post_tag","embeddable":true,"href":"https:\/\/fmgente.com.ar\/web\/wp-json\/wp\/v2\/tags?post=13112"}],"curies":[{"name":"wp","href":"https:\/\/api.w.org\/{rel}","templated":true}]}}