{"id":13110,"date":"2026-02-26T14:28:55","date_gmt":"2026-02-26T17:28:55","guid":{"rendered":"https:\/\/fmgente.com.ar\/web\/alberto-fernandez-en-pareja-quien-es-la-enamorada-del-expresidente\/"},"modified":"2026-02-26T14:28:55","modified_gmt":"2026-02-26T17:28:55","slug":"alberto-fernandez-en-pareja-quien-es-la-enamorada-del-expresidente","status":"publish","type":"post","link":"https:\/\/fmgente.com.ar\/web\/alberto-fernandez-en-pareja-quien-es-la-enamorada-del-expresidente\/","title":{"rendered":"\u00bfAlberto Fern\u00e1ndez en pareja?: qui\u00e9n es la enamorada del expresidente"},"content":{"rendered":"<p>Buenos Aires, 26 febrero (NA) \u2013 Alberto Fern\u00e1ndez habr\u00eda comenzado una nueva relaci\u00f3n sentimental luego del esc\u00e1ndalo que lo tuvo en el centro de la pol\u00e9mica junto a Fabiola Ya\u00f1ez y Tamara Pettinato.<\/p>\n<p>Seg\u00fan supo la Agencia Noticias Argentinas, la informaci\u00f3n fue dada a conocer por Fernanda Iglesias en el programa Puro Show, y desliz\u00f3: \u201cLa persona que est\u00e1 muy enamorada, muy comprometida con su pareja, como nunca antes, te dir\u00eda porque esta es la primera vez, va a tener una relaci\u00f3n real con una mujer que lo ama hace mucho\u201d.<\/p>\n<p>Minutos despu\u00e9s, Iglesias confirm\u00f3 que se refer\u00eda al exjefe de Estado y asegur\u00f3 que la mujer en cuesti\u00f3n forma parte de su entorno desde hace a\u00f1os: \u201cEs el se\u00f1or Alberto Fern\u00e1ndez. Conoce a esta mujer hace 20 a\u00f1os, militaban juntos\u201d.<\/p>\n<p>La mujer se\u00f1alada es Anabella Ruth Herz Cabra, tiene 55 a\u00f1os y se desempe\u00f1a en el \u00e1mbito pol\u00edtico, fue diputada por el PRO y actualmente ocupar\u00eda un cargo en el Observatorio Penitenciario.<\/p>\n<p>Iglesias agreg\u00f3 que el v\u00ednculo habr\u00eda comenzado a tomar forma luego de la denuncia de Ya\u00f1ez y su posterior traslado a Espa\u00f1a. <\/p>\n<p>En ese contexto, afirm\u00f3 que Fern\u00e1ndez \u201cempez\u00f3 a frecuentar a esta mujer despu\u00e9s de que Fabiola Ya\u00f1ez lo denunciara, se fuera a Espa\u00f1a y pasara todo lo que sabemos que pas\u00f3\u201d.<\/p>\n<p>Esta relaci\u00f3n avanzar\u00eda con rapidez y la pareja estar\u00eda evaluando convivir: \u201cElla va a dejar su casa en Belgrano para mudarse definitivamente con \u00e9l\u201d, expres\u00f3 la periodista.<\/p>\n<p>La panelista tambi\u00e9n explic\u00f3 que la decisi\u00f3n estar\u00eda vinculada a la din\u00e1mica familiar del expresidente: \u201cAlberto tiene a su cuidado a su hijo chiquito, entonces ella lo va a acompa\u00f1ar en este plan familiar\u201d, indic\u00f3 en referencia a Francisco, el hijo que Fern\u00e1ndez tuvo con Fabiola Ya\u00f1ez.<\/p>\n<p>Hasta el momento, ni Alberto Fern\u00e1ndez ni Anabella Herz Cabral realizaron declaraciones p\u00fablicas para confirmar o desmentir la informaci\u00f3n difundida en el programa, y ambos mantienen silencio frente a los trascendidos.<\/p>\n<p>#AgenciaNA<\/p>\n","protected":false},"excerpt":{"rendered":"<p>Buenos Aires, 26 febrero (NA) \u2013 Alberto Fern\u00e1ndez habr\u00eda comenzado una nueva relaci\u00f3n sentimental luego<\/p>\n","protected":false},"author":0,"featured_media":13111,"comment_status":"","ping_status":"","sticky":false,"template":"","format":"standard","meta":{"footnotes":""},"categories":[11],"tags":[],"class_list":["post-13110","post","type-post","status-publish","format-standard","has-post-thumbnail","hentry","category-destacadas"],"yoast_head":"<!-- This site is optimized with the Yoast SEO plugin v27.4 - https:\/\/yoast.com\/product\/yoast-seo-wordpress\/ -->\n<title>\u00bfAlberto Fern\u00e1ndez en pareja?: qui\u00e9n es la enamorada del expresidente - Fm Gente<\/title>\n<meta name=\"robots\" content=\"index, follow, max-snippet:-1, max-image-preview:large, max-video-preview:-1\" \/>\n<link rel=\"canonical\" href=\"https:\/\/fmgente.com.ar\/web\/alberto-fernandez-en-pareja-quien-es-la-enamorada-del-expresidente\/\" \/>\n<meta property=\"og:locale\" content=\"es_ES\" \/>\n<meta property=\"og:type\" content=\"article\" \/>\n<meta property=\"og:title\" content=\"\u00bfAlberto Fern\u00e1ndez en pareja?: qui\u00e9n es la enamorada del expresidente - Fm Gente\" \/>\n<meta property=\"og:description\" content=\"Buenos Aires, 26 febrero (NA) \u2013 Alberto Fern\u00e1ndez habr\u00eda comenzado una nueva relaci\u00f3n sentimental luego\" \/>\n<meta property=\"og:url\" content=\"https:\/\/fmgente.com.ar\/web\/alberto-fernandez-en-pareja-quien-es-la-enamorada-del-expresidente\/\" \/>\n<meta property=\"og:site_name\" content=\"Fm Gente\" \/>\n<meta property=\"article:published_time\" content=\"2026-02-26T17:28:55+00:00\" \/>\n<meta name=\"twitter:card\" content=\"summary_large_image\" \/>\n<meta name=\"twitter:label1\" content=\"Tiempo de lectura\" \/>\n\t<meta name=\"twitter:data1\" content=\"2 minutos\" \/>\n<script type=\"application\/ld+json\" class=\"yoast-schema-graph\">{\"@context\":\"https:\\\/\\\/schema.org\",\"@graph\":[{\"@type\":\"Article\",\"@id\":\"https:\\\/\\\/fmgente.com.ar\\\/web\\\/alberto-fernandez-en-pareja-quien-es-la-enamorada-del-expresidente\\\/#article\",\"isPartOf\":{\"@id\":\"https:\\\/\\\/fmgente.com.ar\\\/web\\\/alberto-fernandez-en-pareja-quien-es-la-enamorada-del-expresidente\\\/\"},\"author\":{\"name\":\"\",\"@id\":\"\"},\"headline\":\"\u00bfAlberto Fern\u00e1ndez en pareja?: qui\u00e9n es la enamorada del expresidente\",\"datePublished\":\"2026-02-26T17:28:55+00:00\",\"mainEntityOfPage\":{\"@id\":\"https:\\\/\\\/fmgente.com.ar\\\/web\\\/alberto-fernandez-en-pareja-quien-es-la-enamorada-del-expresidente\\\/\"},\"wordCount\":373,\"publisher\":{\"@id\":\"https:\\\/\\\/fmgente.com.ar\\\/web\\\/#organization\"},\"image\":{\"@id\":\"https:\\\/\\\/fmgente.com.ar\\\/web\\\/alberto-fernandez-en-pareja-quien-es-la-enamorada-del-expresidente\\\/#primaryimage\"},\"thumbnailUrl\":\"https:\\\/\\\/fmgente.com.ar\\\/web\\\/wp-content\\\/uploads\\\/2026\\\/02\\\/720-106.jpeg\",\"articleSection\":[\"DESTACADAS\"],\"inLanguage\":\"es\"},{\"@type\":\"WebPage\",\"@id\":\"https:\\\/\\\/fmgente.com.ar\\\/web\\\/alberto-fernandez-en-pareja-quien-es-la-enamorada-del-expresidente\\\/\",\"url\":\"https:\\\/\\\/fmgente.com.ar\\\/web\\\/alberto-fernandez-en-pareja-quien-es-la-enamorada-del-expresidente\\\/\",\"name\":\"\u00bfAlberto Fern\u00e1ndez en pareja?: qui\u00e9n es la enamorada del expresidente - Fm Gente\",\"isPartOf\":{\"@id\":\"https:\\\/\\\/fmgente.com.ar\\\/web\\\/#website\"},\"primaryImageOfPage\":{\"@id\":\"https:\\\/\\\/fmgente.com.ar\\\/web\\\/alberto-fernandez-en-pareja-quien-es-la-enamorada-del-expresidente\\\/#primaryimage\"},\"image\":{\"@id\":\"https:\\\/\\\/fmgente.com.ar\\\/web\\\/alberto-fernandez-en-pareja-quien-es-la-enamorada-del-expresidente\\\/#primaryimage\"},\"thumbnailUrl\":\"https:\\\/\\\/fmgente.com.ar\\\/web\\\/wp-content\\\/uploads\\\/2026\\\/02\\\/720-106.jpeg\",\"datePublished\":\"2026-02-26T17:28:55+00:00\",\"inLanguage\":\"es\",\"potentialAction\":[{\"@type\":\"ReadAction\",\"target\":[\"https:\\\/\\\/fmgente.com.ar\\\/web\\\/alberto-fernandez-en-pareja-quien-es-la-enamorada-del-expresidente\\\/\"]}]},{\"@type\":\"ImageObject\",\"inLanguage\":\"es\",\"@id\":\"https:\\\/\\\/fmgente.com.ar\\\/web\\\/alberto-fernandez-en-pareja-quien-es-la-enamorada-del-expresidente\\\/#primaryimage\",\"url\":\"https:\\\/\\\/fmgente.com.ar\\\/web\\\/wp-content\\\/uploads\\\/2026\\\/02\\\/720-106.jpeg\",\"contentUrl\":\"https:\\\/\\\/fmgente.com.ar\\\/web\\\/wp-content\\\/uploads\\\/2026\\\/02\\\/720-106.jpeg\",\"width\":1095,\"height\":720},{\"@type\":\"WebSite\",\"@id\":\"https:\\\/\\\/fmgente.com.ar\\\/web\\\/#website\",\"url\":\"https:\\\/\\\/fmgente.com.ar\\\/web\\\/\",\"name\":\"Fm Gente\",\"description\":\"- Jes\u00fas Mar\u00eda\",\"publisher\":{\"@id\":\"https:\\\/\\\/fmgente.com.ar\\\/web\\\/#organization\"},\"potentialAction\":[{\"@type\":\"SearchAction\",\"target\":{\"@type\":\"EntryPoint\",\"urlTemplate\":\"https:\\\/\\\/fmgente.com.ar\\\/web\\\/?s={search_term_string}\"},\"query-input\":{\"@type\":\"PropertyValueSpecification\",\"valueRequired\":true,\"valueName\":\"search_term_string\"}}],\"inLanguage\":\"es\"},{\"@type\":\"Organization\",\"@id\":\"https:\\\/\\\/fmgente.com.ar\\\/web\\\/#organization\",\"name\":\"Fm Gente\",\"url\":\"https:\\\/\\\/fmgente.com.ar\\\/web\\\/\",\"logo\":{\"@type\":\"ImageObject\",\"inLanguage\":\"es\",\"@id\":\"https:\\\/\\\/fmgente.com.ar\\\/web\\\/#\\\/schema\\\/logo\\\/image\\\/\",\"url\":\"https:\\\/\\\/fmgente.com.ar\\\/web\\\/wp-content\\\/uploads\\\/2023\\\/07\\\/cropped-cropped-logo-sombra2.png\",\"contentUrl\":\"https:\\\/\\\/fmgente.com.ar\\\/web\\\/wp-content\\\/uploads\\\/2023\\\/07\\\/cropped-cropped-logo-sombra2.png\",\"width\":1782,\"height\":1782,\"caption\":\"Fm Gente\"},\"image\":{\"@id\":\"https:\\\/\\\/fmgente.com.ar\\\/web\\\/#\\\/schema\\\/logo\\\/image\\\/\"}}]}<\/script>\n<!-- \/ Yoast SEO plugin. -->","yoast_head_json":{"title":"\u00bfAlberto Fern\u00e1ndez en pareja?: qui\u00e9n es la enamorada del expresidente - Fm Gente","robots":{"index":"index","follow":"follow","max-snippet":"max-snippet:-1","max-image-preview":"max-image-preview:large","max-video-preview":"max-video-preview:-1"},"canonical":"https:\/\/fmgente.com.ar\/web\/alberto-fernandez-en-pareja-quien-es-la-enamorada-del-expresidente\/","og_locale":"es_ES","og_type":"article","og_title":"\u00bfAlberto Fern\u00e1ndez en pareja?: qui\u00e9n es la enamorada del expresidente - Fm Gente","og_description":"Buenos Aires, 26 febrero (NA) \u2013 Alberto Fern\u00e1ndez habr\u00eda comenzado una nueva relaci\u00f3n sentimental luego","og_url":"https:\/\/fmgente.com.ar\/web\/alberto-fernandez-en-pareja-quien-es-la-enamorada-del-expresidente\/","og_site_name":"Fm Gente","article_published_time":"2026-02-26T17:28:55+00:00","twitter_card":"summary_large_image","twitter_misc":{"Tiempo de lectura":"2 minutos"},"schema":{"@context":"https:\/\/schema.org","@graph":[{"@type":"Article","@id":"https:\/\/fmgente.com.ar\/web\/alberto-fernandez-en-pareja-quien-es-la-enamorada-del-expresidente\/#article","isPartOf":{"@id":"https:\/\/fmgente.com.ar\/web\/alberto-fernandez-en-pareja-quien-es-la-enamorada-del-expresidente\/"},"author":{"name":"","@id":""},"headline":"\u00bfAlberto Fern\u00e1ndez en pareja?: qui\u00e9n es la enamorada del expresidente","datePublished":"2026-02-26T17:28:55+00:00","mainEntityOfPage":{"@id":"https:\/\/fmgente.com.ar\/web\/alberto-fernandez-en-pareja-quien-es-la-enamorada-del-expresidente\/"},"wordCount":373,"publisher":{"@id":"https:\/\/fmgente.com.ar\/web\/#organization"},"image":{"@id":"https:\/\/fmgente.com.ar\/web\/alberto-fernandez-en-pareja-quien-es-la-enamorada-del-expresidente\/#primaryimage"},"thumbnailUrl":"https:\/\/fmgente.com.ar\/web\/wp-content\/uploads\/2026\/02\/720-106.jpeg","articleSection":["DESTACADAS"],"inLanguage":"es"},{"@type":"WebPage","@id":"https:\/\/fmgente.com.ar\/web\/alberto-fernandez-en-pareja-quien-es-la-enamorada-del-expresidente\/","url":"https:\/\/fmgente.com.ar\/web\/alberto-fernandez-en-pareja-quien-es-la-enamorada-del-expresidente\/","name":"\u00bfAlberto Fern\u00e1ndez en pareja?: qui\u00e9n es la enamorada del expresidente - Fm Gente","isPartOf":{"@id":"https:\/\/fmgente.com.ar\/web\/#website"},"primaryImageOfPage":{"@id":"https:\/\/fmgente.com.ar\/web\/alberto-fernandez-en-pareja-quien-es-la-enamorada-del-expresidente\/#primaryimage"},"image":{"@id":"https:\/\/fmgente.com.ar\/web\/alberto-fernandez-en-pareja-quien-es-la-enamorada-del-expresidente\/#primaryimage"},"thumbnailUrl":"https:\/\/fmgente.com.ar\/web\/wp-content\/uploads\/2026\/02\/720-106.jpeg","datePublished":"2026-02-26T17:28:55+00:00","inLanguage":"es","potentialAction":[{"@type":"ReadAction","target":["https:\/\/fmgente.com.ar\/web\/alberto-fernandez-en-pareja-quien-es-la-enamorada-del-expresidente\/"]}]},{"@type":"ImageObject","inLanguage":"es","@id":"https:\/\/fmgente.com.ar\/web\/alberto-fernandez-en-pareja-quien-es-la-enamorada-del-expresidente\/#primaryimage","url":"https:\/\/fmgente.com.ar\/web\/wp-content\/uploads\/2026\/02\/720-106.jpeg","contentUrl":"https:\/\/fmgente.com.ar\/web\/wp-content\/uploads\/2026\/02\/720-106.jpeg","width":1095,"height":720},{"@type":"WebSite","@id":"https:\/\/fmgente.com.ar\/web\/#website","url":"https:\/\/fmgente.com.ar\/web\/","name":"Fm Gente","description":"- Jes\u00fas Mar\u00eda","publisher":{"@id":"https:\/\/fmgente.com.ar\/web\/#organization"},"potentialAction":[{"@type":"SearchAction","target":{"@type":"EntryPoint","urlTemplate":"https:\/\/fmgente.com.ar\/web\/?s={search_term_string}"},"query-input":{"@type":"PropertyValueSpecification","valueRequired":true,"valueName":"search_term_string"}}],"inLanguage":"es"},{"@type":"Organization","@id":"https:\/\/fmgente.com.ar\/web\/#organization","name":"Fm Gente","url":"https:\/\/fmgente.com.ar\/web\/","logo":{"@type":"ImageObject","inLanguage":"es","@id":"https:\/\/fmgente.com.ar\/web\/#\/schema\/logo\/image\/","url":"https:\/\/fmgente.com.ar\/web\/wp-content\/uploads\/2023\/07\/cropped-cropped-logo-sombra2.png","contentUrl":"https:\/\/fmgente.com.ar\/web\/wp-content\/uploads\/2023\/07\/cropped-cropped-logo-sombra2.png","width":1782,"height":1782,"caption":"Fm Gente"},"image":{"@id":"https:\/\/fmgente.com.ar\/web\/#\/schema\/logo\/image\/"}}]}},"_links":{"self":[{"href":"https:\/\/fmgente.com.ar\/web\/wp-json\/wp\/v2\/posts\/13110","targetHints":{"allow":["GET"]}}],"collection":[{"href":"https:\/\/fmgente.com.ar\/web\/wp-json\/wp\/v2\/posts"}],"about":[{"href":"https:\/\/fmgente.com.ar\/web\/wp-json\/wp\/v2\/types\/post"}],"replies":[{"embeddable":true,"href":"https:\/\/fmgente.com.ar\/web\/wp-json\/wp\/v2\/comments?post=13110"}],"version-history":[{"count":0,"href":"https:\/\/fmgente.com.ar\/web\/wp-json\/wp\/v2\/posts\/13110\/revisions"}],"wp:featuredmedia":[{"embeddable":true,"href":"https:\/\/fmgente.com.ar\/web\/wp-json\/wp\/v2\/media\/13111"}],"wp:attachment":[{"href":"https:\/\/fmgente.com.ar\/web\/wp-json\/wp\/v2\/media?parent=13110"}],"wp:term":[{"taxonomy":"category","embeddable":true,"href":"https:\/\/fmgente.com.ar\/web\/wp-json\/wp\/v2\/categories?post=13110"},{"taxonomy":"post_tag","embeddable":true,"href":"https:\/\/fmgente.com.ar\/web\/wp-json\/wp\/v2\/tags?post=13110"}],"curies":[{"name":"wp","href":"https:\/\/api.w.org\/{rel}","templated":true}]}}