{"id":13108,"date":"2026-02-26T14:28:54","date_gmt":"2026-02-26T17:28:54","guid":{"rendered":"https:\/\/fmgente.com.ar\/web\/una-productora-de-chiquititas-fue-muy-dura-con-cris-morena-los-chicos-le-tenian-miedo\/"},"modified":"2026-02-26T14:28:54","modified_gmt":"2026-02-26T17:28:54","slug":"una-productora-de-chiquititas-fue-muy-dura-con-cris-morena-los-chicos-le-tenian-miedo","status":"publish","type":"post","link":"https:\/\/fmgente.com.ar\/web\/una-productora-de-chiquititas-fue-muy-dura-con-cris-morena-los-chicos-le-tenian-miedo\/","title":{"rendered":"Una productora de Chiquititas fue muy dura con Cris Morena: \u201cLos chicos le ten\u00edan miedo\u201d"},"content":{"rendered":"<p>Buenos Aires, 26 febrero (NA) \u2013 Patricia Mirasola, quien integr\u00f3 durante siete a\u00f1os los equipos de trabajo de Chiquititas, rompi\u00f3 el silencio y expuso situaciones que, seg\u00fan su testimonio, contrastan con la imagen id\u00edlica que durante a\u00f1os rode\u00f3 a las ficciones creadas por Cris Morena.<\/p>\n<p>Seg\u00fan pudo comprobar la Agencia Noticias Argentinas, en una entrevista en Bondi, y frente a la mirada de \u00c1ngel de Brito , Mirasola fue contundente: \u201cYo con ella, por suerte, nunca tuve trato directo. Se la fumaban otros\u201d.<\/p>\n<p>Consultada sobre la fama de dureza que rodea a la productora, no dud\u00f3: \u201cEs mal\u00edsima. Los chicos le ten\u00edan mucho miedo\u201d. Aun as\u00ed, reconoci\u00f3 su talento profesional: \u201cEs muy talentosa, eso no se le puede quitar. Era sumamente exigente, pero eso no quita que la gente le ten\u00eda miedo, especialmente los chicos\u201d.<\/p>\n<p>La ex productora tambi\u00e9n se refiri\u00f3 a las extensas jornadas laborales: \u201cLos nenes entraban al mediod\u00eda y se iban a las nueve de la noche del teatro\u201d. En ese punto, De Brito se\u00f1al\u00f3 que con el paso del tiempo \u201cCris fue modificando esas actitudes, como fue cambiando el mundo\u201d, reflexi\u00f3n con la que Mirasola coincidi\u00f3. #AgenciaNA<\/p>\n","protected":false},"excerpt":{"rendered":"<p>Buenos Aires, 26 febrero (NA) \u2013 Patricia Mirasola, quien integr\u00f3 durante siete a\u00f1os los equipos<\/p>\n","protected":false},"author":0,"featured_media":13109,"comment_status":"","ping_status":"","sticky":false,"template":"","format":"standard","meta":{"footnotes":""},"categories":[11],"tags":[],"class_list":["post-13108","post","type-post","status-publish","format-standard","has-post-thumbnail","hentry","category-destacadas"],"yoast_head":"<!-- This site is optimized with the Yoast SEO plugin v27.4 - https:\/\/yoast.com\/product\/yoast-seo-wordpress\/ -->\n<title>Una productora de Chiquititas fue muy dura con Cris Morena: \u201cLos chicos le ten\u00edan miedo\u201d - Fm Gente<\/title>\n<meta name=\"robots\" content=\"index, follow, max-snippet:-1, max-image-preview:large, max-video-preview:-1\" \/>\n<link rel=\"canonical\" href=\"https:\/\/fmgente.com.ar\/web\/una-productora-de-chiquititas-fue-muy-dura-con-cris-morena-los-chicos-le-tenian-miedo\/\" \/>\n<meta property=\"og:locale\" content=\"es_ES\" \/>\n<meta property=\"og:type\" content=\"article\" \/>\n<meta property=\"og:title\" content=\"Una productora de Chiquititas fue muy dura con Cris Morena: \u201cLos chicos le ten\u00edan miedo\u201d - Fm Gente\" \/>\n<meta property=\"og:description\" content=\"Buenos Aires, 26 febrero (NA) \u2013 Patricia Mirasola, quien integr\u00f3 durante siete a\u00f1os los equipos\" \/>\n<meta property=\"og:url\" content=\"https:\/\/fmgente.com.ar\/web\/una-productora-de-chiquititas-fue-muy-dura-con-cris-morena-los-chicos-le-tenian-miedo\/\" \/>\n<meta property=\"og:site_name\" content=\"Fm Gente\" \/>\n<meta property=\"article:published_time\" content=\"2026-02-26T17:28:54+00:00\" \/>\n<meta name=\"twitter:card\" content=\"summary_large_image\" \/>\n<meta name=\"twitter:label1\" content=\"Tiempo de lectura\" \/>\n\t<meta name=\"twitter:data1\" content=\"1 minuto\" \/>\n<script type=\"application\/ld+json\" class=\"yoast-schema-graph\">{\"@context\":\"https:\\\/\\\/schema.org\",\"@graph\":[{\"@type\":\"Article\",\"@id\":\"https:\\\/\\\/fmgente.com.ar\\\/web\\\/una-productora-de-chiquititas-fue-muy-dura-con-cris-morena-los-chicos-le-tenian-miedo\\\/#article\",\"isPartOf\":{\"@id\":\"https:\\\/\\\/fmgente.com.ar\\\/web\\\/una-productora-de-chiquititas-fue-muy-dura-con-cris-morena-los-chicos-le-tenian-miedo\\\/\"},\"author\":{\"name\":\"\",\"@id\":\"\"},\"headline\":\"Una productora de Chiquititas fue muy dura con Cris Morena: \u201cLos chicos le ten\u00edan miedo\u201d\",\"datePublished\":\"2026-02-26T17:28:54+00:00\",\"mainEntityOfPage\":{\"@id\":\"https:\\\/\\\/fmgente.com.ar\\\/web\\\/una-productora-de-chiquititas-fue-muy-dura-con-cris-morena-los-chicos-le-tenian-miedo\\\/\"},\"wordCount\":216,\"publisher\":{\"@id\":\"https:\\\/\\\/fmgente.com.ar\\\/web\\\/#organization\"},\"image\":{\"@id\":\"https:\\\/\\\/fmgente.com.ar\\\/web\\\/una-productora-de-chiquititas-fue-muy-dura-con-cris-morena-los-chicos-le-tenian-miedo\\\/#primaryimage\"},\"thumbnailUrl\":\"https:\\\/\\\/fmgente.com.ar\\\/web\\\/wp-content\\\/uploads\\\/2026\\\/02\\\/720-105.jpeg\",\"articleSection\":[\"DESTACADAS\"],\"inLanguage\":\"es\"},{\"@type\":\"WebPage\",\"@id\":\"https:\\\/\\\/fmgente.com.ar\\\/web\\\/una-productora-de-chiquititas-fue-muy-dura-con-cris-morena-los-chicos-le-tenian-miedo\\\/\",\"url\":\"https:\\\/\\\/fmgente.com.ar\\\/web\\\/una-productora-de-chiquititas-fue-muy-dura-con-cris-morena-los-chicos-le-tenian-miedo\\\/\",\"name\":\"Una productora de Chiquititas fue muy dura con Cris Morena: \u201cLos chicos le ten\u00edan miedo\u201d - Fm Gente\",\"isPartOf\":{\"@id\":\"https:\\\/\\\/fmgente.com.ar\\\/web\\\/#website\"},\"primaryImageOfPage\":{\"@id\":\"https:\\\/\\\/fmgente.com.ar\\\/web\\\/una-productora-de-chiquititas-fue-muy-dura-con-cris-morena-los-chicos-le-tenian-miedo\\\/#primaryimage\"},\"image\":{\"@id\":\"https:\\\/\\\/fmgente.com.ar\\\/web\\\/una-productora-de-chiquititas-fue-muy-dura-con-cris-morena-los-chicos-le-tenian-miedo\\\/#primaryimage\"},\"thumbnailUrl\":\"https:\\\/\\\/fmgente.com.ar\\\/web\\\/wp-content\\\/uploads\\\/2026\\\/02\\\/720-105.jpeg\",\"datePublished\":\"2026-02-26T17:28:54+00:00\",\"inLanguage\":\"es\",\"potentialAction\":[{\"@type\":\"ReadAction\",\"target\":[\"https:\\\/\\\/fmgente.com.ar\\\/web\\\/una-productora-de-chiquititas-fue-muy-dura-con-cris-morena-los-chicos-le-tenian-miedo\\\/\"]}]},{\"@type\":\"ImageObject\",\"inLanguage\":\"es\",\"@id\":\"https:\\\/\\\/fmgente.com.ar\\\/web\\\/una-productora-de-chiquititas-fue-muy-dura-con-cris-morena-los-chicos-le-tenian-miedo\\\/#primaryimage\",\"url\":\"https:\\\/\\\/fmgente.com.ar\\\/web\\\/wp-content\\\/uploads\\\/2026\\\/02\\\/720-105.jpeg\",\"contentUrl\":\"https:\\\/\\\/fmgente.com.ar\\\/web\\\/wp-content\\\/uploads\\\/2026\\\/02\\\/720-105.jpeg\",\"width\":756,\"height\":720},{\"@type\":\"WebSite\",\"@id\":\"https:\\\/\\\/fmgente.com.ar\\\/web\\\/#website\",\"url\":\"https:\\\/\\\/fmgente.com.ar\\\/web\\\/\",\"name\":\"Fm Gente\",\"description\":\"- Jes\u00fas Mar\u00eda\",\"publisher\":{\"@id\":\"https:\\\/\\\/fmgente.com.ar\\\/web\\\/#organization\"},\"potentialAction\":[{\"@type\":\"SearchAction\",\"target\":{\"@type\":\"EntryPoint\",\"urlTemplate\":\"https:\\\/\\\/fmgente.com.ar\\\/web\\\/?s={search_term_string}\"},\"query-input\":{\"@type\":\"PropertyValueSpecification\",\"valueRequired\":true,\"valueName\":\"search_term_string\"}}],\"inLanguage\":\"es\"},{\"@type\":\"Organization\",\"@id\":\"https:\\\/\\\/fmgente.com.ar\\\/web\\\/#organization\",\"name\":\"Fm Gente\",\"url\":\"https:\\\/\\\/fmgente.com.ar\\\/web\\\/\",\"logo\":{\"@type\":\"ImageObject\",\"inLanguage\":\"es\",\"@id\":\"https:\\\/\\\/fmgente.com.ar\\\/web\\\/#\\\/schema\\\/logo\\\/image\\\/\",\"url\":\"https:\\\/\\\/fmgente.com.ar\\\/web\\\/wp-content\\\/uploads\\\/2023\\\/07\\\/cropped-cropped-logo-sombra2.png\",\"contentUrl\":\"https:\\\/\\\/fmgente.com.ar\\\/web\\\/wp-content\\\/uploads\\\/2023\\\/07\\\/cropped-cropped-logo-sombra2.png\",\"width\":1782,\"height\":1782,\"caption\":\"Fm Gente\"},\"image\":{\"@id\":\"https:\\\/\\\/fmgente.com.ar\\\/web\\\/#\\\/schema\\\/logo\\\/image\\\/\"}}]}<\/script>\n<!-- \/ Yoast SEO plugin. -->","yoast_head_json":{"title":"Una productora de Chiquititas fue muy dura con Cris Morena: \u201cLos chicos le ten\u00edan miedo\u201d - Fm Gente","robots":{"index":"index","follow":"follow","max-snippet":"max-snippet:-1","max-image-preview":"max-image-preview:large","max-video-preview":"max-video-preview:-1"},"canonical":"https:\/\/fmgente.com.ar\/web\/una-productora-de-chiquititas-fue-muy-dura-con-cris-morena-los-chicos-le-tenian-miedo\/","og_locale":"es_ES","og_type":"article","og_title":"Una productora de Chiquititas fue muy dura con Cris Morena: \u201cLos chicos le ten\u00edan miedo\u201d - Fm Gente","og_description":"Buenos Aires, 26 febrero (NA) \u2013 Patricia Mirasola, quien integr\u00f3 durante siete a\u00f1os los equipos","og_url":"https:\/\/fmgente.com.ar\/web\/una-productora-de-chiquititas-fue-muy-dura-con-cris-morena-los-chicos-le-tenian-miedo\/","og_site_name":"Fm Gente","article_published_time":"2026-02-26T17:28:54+00:00","twitter_card":"summary_large_image","twitter_misc":{"Tiempo de lectura":"1 minuto"},"schema":{"@context":"https:\/\/schema.org","@graph":[{"@type":"Article","@id":"https:\/\/fmgente.com.ar\/web\/una-productora-de-chiquititas-fue-muy-dura-con-cris-morena-los-chicos-le-tenian-miedo\/#article","isPartOf":{"@id":"https:\/\/fmgente.com.ar\/web\/una-productora-de-chiquititas-fue-muy-dura-con-cris-morena-los-chicos-le-tenian-miedo\/"},"author":{"name":"","@id":""},"headline":"Una productora de Chiquititas fue muy dura con Cris Morena: \u201cLos chicos le ten\u00edan miedo\u201d","datePublished":"2026-02-26T17:28:54+00:00","mainEntityOfPage":{"@id":"https:\/\/fmgente.com.ar\/web\/una-productora-de-chiquititas-fue-muy-dura-con-cris-morena-los-chicos-le-tenian-miedo\/"},"wordCount":216,"publisher":{"@id":"https:\/\/fmgente.com.ar\/web\/#organization"},"image":{"@id":"https:\/\/fmgente.com.ar\/web\/una-productora-de-chiquititas-fue-muy-dura-con-cris-morena-los-chicos-le-tenian-miedo\/#primaryimage"},"thumbnailUrl":"https:\/\/fmgente.com.ar\/web\/wp-content\/uploads\/2026\/02\/720-105.jpeg","articleSection":["DESTACADAS"],"inLanguage":"es"},{"@type":"WebPage","@id":"https:\/\/fmgente.com.ar\/web\/una-productora-de-chiquititas-fue-muy-dura-con-cris-morena-los-chicos-le-tenian-miedo\/","url":"https:\/\/fmgente.com.ar\/web\/una-productora-de-chiquititas-fue-muy-dura-con-cris-morena-los-chicos-le-tenian-miedo\/","name":"Una productora de Chiquititas fue muy dura con Cris Morena: \u201cLos chicos le ten\u00edan miedo\u201d - Fm Gente","isPartOf":{"@id":"https:\/\/fmgente.com.ar\/web\/#website"},"primaryImageOfPage":{"@id":"https:\/\/fmgente.com.ar\/web\/una-productora-de-chiquititas-fue-muy-dura-con-cris-morena-los-chicos-le-tenian-miedo\/#primaryimage"},"image":{"@id":"https:\/\/fmgente.com.ar\/web\/una-productora-de-chiquititas-fue-muy-dura-con-cris-morena-los-chicos-le-tenian-miedo\/#primaryimage"},"thumbnailUrl":"https:\/\/fmgente.com.ar\/web\/wp-content\/uploads\/2026\/02\/720-105.jpeg","datePublished":"2026-02-26T17:28:54+00:00","inLanguage":"es","potentialAction":[{"@type":"ReadAction","target":["https:\/\/fmgente.com.ar\/web\/una-productora-de-chiquititas-fue-muy-dura-con-cris-morena-los-chicos-le-tenian-miedo\/"]}]},{"@type":"ImageObject","inLanguage":"es","@id":"https:\/\/fmgente.com.ar\/web\/una-productora-de-chiquititas-fue-muy-dura-con-cris-morena-los-chicos-le-tenian-miedo\/#primaryimage","url":"https:\/\/fmgente.com.ar\/web\/wp-content\/uploads\/2026\/02\/720-105.jpeg","contentUrl":"https:\/\/fmgente.com.ar\/web\/wp-content\/uploads\/2026\/02\/720-105.jpeg","width":756,"height":720},{"@type":"WebSite","@id":"https:\/\/fmgente.com.ar\/web\/#website","url":"https:\/\/fmgente.com.ar\/web\/","name":"Fm Gente","description":"- Jes\u00fas Mar\u00eda","publisher":{"@id":"https:\/\/fmgente.com.ar\/web\/#organization"},"potentialAction":[{"@type":"SearchAction","target":{"@type":"EntryPoint","urlTemplate":"https:\/\/fmgente.com.ar\/web\/?s={search_term_string}"},"query-input":{"@type":"PropertyValueSpecification","valueRequired":true,"valueName":"search_term_string"}}],"inLanguage":"es"},{"@type":"Organization","@id":"https:\/\/fmgente.com.ar\/web\/#organization","name":"Fm Gente","url":"https:\/\/fmgente.com.ar\/web\/","logo":{"@type":"ImageObject","inLanguage":"es","@id":"https:\/\/fmgente.com.ar\/web\/#\/schema\/logo\/image\/","url":"https:\/\/fmgente.com.ar\/web\/wp-content\/uploads\/2023\/07\/cropped-cropped-logo-sombra2.png","contentUrl":"https:\/\/fmgente.com.ar\/web\/wp-content\/uploads\/2023\/07\/cropped-cropped-logo-sombra2.png","width":1782,"height":1782,"caption":"Fm Gente"},"image":{"@id":"https:\/\/fmgente.com.ar\/web\/#\/schema\/logo\/image\/"}}]}},"_links":{"self":[{"href":"https:\/\/fmgente.com.ar\/web\/wp-json\/wp\/v2\/posts\/13108","targetHints":{"allow":["GET"]}}],"collection":[{"href":"https:\/\/fmgente.com.ar\/web\/wp-json\/wp\/v2\/posts"}],"about":[{"href":"https:\/\/fmgente.com.ar\/web\/wp-json\/wp\/v2\/types\/post"}],"replies":[{"embeddable":true,"href":"https:\/\/fmgente.com.ar\/web\/wp-json\/wp\/v2\/comments?post=13108"}],"version-history":[{"count":0,"href":"https:\/\/fmgente.com.ar\/web\/wp-json\/wp\/v2\/posts\/13108\/revisions"}],"wp:featuredmedia":[{"embeddable":true,"href":"https:\/\/fmgente.com.ar\/web\/wp-json\/wp\/v2\/media\/13109"}],"wp:attachment":[{"href":"https:\/\/fmgente.com.ar\/web\/wp-json\/wp\/v2\/media?parent=13108"}],"wp:term":[{"taxonomy":"category","embeddable":true,"href":"https:\/\/fmgente.com.ar\/web\/wp-json\/wp\/v2\/categories?post=13108"},{"taxonomy":"post_tag","embeddable":true,"href":"https:\/\/fmgente.com.ar\/web\/wp-json\/wp\/v2\/tags?post=13108"}],"curies":[{"name":"wp","href":"https:\/\/api.w.org\/{rel}","templated":true}]}}