{"id":13104,"date":"2026-02-26T14:28:53","date_gmt":"2026-02-26T17:28:53","guid":{"rendered":"https:\/\/fmgente.com.ar\/web\/gran-hermano-una-expareja-de-brian-sarmiento-lo-denuncio-publicamente-por-incumplimientos-con-su-hija\/"},"modified":"2026-02-26T14:28:53","modified_gmt":"2026-02-26T17:28:53","slug":"gran-hermano-una-expareja-de-brian-sarmiento-lo-denuncio-publicamente-por-incumplimientos-con-su-hija","status":"publish","type":"post","link":"https:\/\/fmgente.com.ar\/web\/gran-hermano-una-expareja-de-brian-sarmiento-lo-denuncio-publicamente-por-incumplimientos-con-su-hija\/","title":{"rendered":"Gran Hermano: Una expareja de Brian Sarmiento lo denunci\u00f3 p\u00fablicamente por incumplimientos con su hija"},"content":{"rendered":"<p>Buenos Aires, 26 febrero (NA) \u2013 Brian Sarmiento volvi\u00f3 a quedar en el centro de la pol\u00e9mica, esta vez por acusaciones vinculadas a su rol como padre, mientras participa en Gran Hermano Generaci\u00f3n Dorada por la pantalla de Telefe; una de sus exparejas lo se\u00f1al\u00f3 p\u00fablicamente por presuntos incumplimientos econ\u00f3micos y emocionales respecto de la hija que tienen en com\u00fan.<\/p>\n<p>La denuncia fue realizada por Tessie Poza en el ciclo Ej\u00e9rcito de LAM (Bondi). All\u00ed, la madre de Frida asegur\u00f3 que Sarmiento la habr\u00eda dejado sola en la crianza, seg\u00fan supo la Agencia Noticias Argentinas.<\/p>\n<p>Tessie vive en Alemania junto a la ni\u00f1a y, seg\u00fan cont\u00f3, la \u00faltima vez que vieron a Sarmiento fue hace dos a\u00f1os: \u201cEstuvimos de visita en Argentina una semana, que la compartimos juntos, despu\u00e9s \u00e9l se ofendi\u00f3 y no lo vimos m\u00e1s el resto del tiempo que estuvimos all\u00e1\u201d.<\/p>\n<p>Frida cumpli\u00f3 10 a\u00f1os hace algunos meses y, de acuerdo con su versi\u00f3n, el exjugador intent\u00f3 comunicarse para saludarla, pero la menor decidi\u00f3 no responder.<\/p>\n<p>En ese contexto, Tessie revel\u00f3 un episodio que la sorprendi\u00f3: \u201cNo lo volv\u00ed a ver hasta el a\u00f1o de Frida, que me pidi\u00f3 un ADN\u201d.<\/p>\n<p>La mujer tambi\u00e9n record\u00f3 que cuando conoci\u00f3 a Sarmiento \u00e9l ya estaba separado de la madre de sus otras dos hijas, quienes residen en Espa\u00f1a, y que en aquel momento cumpl\u00eda con sus obligaciones: \u201cEra muy buen padre, no parec\u00eda ser en lo que se convirti\u00f3\u201d.<\/p>\n<p>Seg\u00fan su testimonio, durante el embarazo \u00e9l se encontraba en Per\u00fa y le habr\u00eda sugerido regresar a la Argentina: \u201cCuando yo qued\u00e9 embarazada estaba en Per\u00fa y \u00e9l me dijo que lo mejor era que vuelva a Argentina. Ah\u00ed no lo volv\u00ed a ver hasta el a\u00f1o de Frida, que me pidi\u00f3 un ADN\u201d, explic\u00f3.<\/p>\n<p>Tessie asegur\u00f3 que la cuota alimentaria siempre fue abonada en pesos argentinos y que nunca recibi\u00f3 transferencias en euros: \u201cLe di opciones, que venga a cuidarla para que yo pueda trabajar o que me d\u00e9 un monto fijo para saber con cu\u00e1nto contaba\u201d.<\/p>\n<p>Adem\u00e1s, mencion\u00f3 que en una oportunidad Sarmiento no pudo salir del pa\u00eds por una deuda alimentaria: \u201c\u00c9l estuvo a punto de tomarse un avi\u00f3n para irse a Bolivia a jugar al f\u00fatbol y no lo dejaron porque estaba inscripto en el Registro de Deudores Alimentarios\u201d.<\/p>\n<p>Adem\u00e1s, aclar\u00f3: \u201cNunca fue violento, ni desde el insulto, es muy amable, pero s\u00ed de forma econ\u00f3mica\u201d.<\/p>\n<p>Adem\u00e1s, comparti\u00f3 las dificultades econ\u00f3micas que atraves\u00f3 en los primeros meses de vida de la ni\u00f1a. \u201cMe he ido a dormir sin comer porque ten\u00eda que comprarle los pa\u00f1ales a la nena. He llegado a ese punto cuando era muy beb\u00e9\u201d.<\/p>\n<p>A pesar de sus cr\u00edticas, tambi\u00e9n manifest\u00f3 una reflexi\u00f3n personal: \u201cComo madre no lo puedo entender a Brian, pero como persona entiendo que har\u00e1 lo que pueda. Lejos de querer juzgarlo, porque ya lo hice much\u00edsimo. Al final de los tiempos, \u00e9l entender\u00e1\u201d.<\/p>\n<p>#AgenciaNA<\/p>\n","protected":false},"excerpt":{"rendered":"<p>Buenos Aires, 26 febrero (NA) \u2013 Brian Sarmiento volvi\u00f3 a quedar en el centro de<\/p>\n","protected":false},"author":0,"featured_media":13105,"comment_status":"","ping_status":"","sticky":false,"template":"","format":"standard","meta":{"footnotes":""},"categories":[11],"tags":[],"class_list":["post-13104","post","type-post","status-publish","format-standard","has-post-thumbnail","hentry","category-destacadas"],"yoast_head":"<!-- This site is optimized with the Yoast SEO plugin v27.4 - https:\/\/yoast.com\/product\/yoast-seo-wordpress\/ -->\n<title>Gran Hermano: Una expareja de Brian Sarmiento lo denunci\u00f3 p\u00fablicamente por incumplimientos con su hija - Fm Gente<\/title>\n<meta name=\"robots\" content=\"index, follow, max-snippet:-1, max-image-preview:large, max-video-preview:-1\" \/>\n<link rel=\"canonical\" href=\"https:\/\/fmgente.com.ar\/web\/gran-hermano-una-expareja-de-brian-sarmiento-lo-denuncio-publicamente-por-incumplimientos-con-su-hija\/\" \/>\n<meta property=\"og:locale\" content=\"es_ES\" \/>\n<meta property=\"og:type\" content=\"article\" \/>\n<meta property=\"og:title\" content=\"Gran Hermano: Una expareja de Brian Sarmiento lo denunci\u00f3 p\u00fablicamente por incumplimientos con su hija - Fm Gente\" \/>\n<meta property=\"og:description\" content=\"Buenos Aires, 26 febrero (NA) \u2013 Brian Sarmiento volvi\u00f3 a quedar en el centro de\" \/>\n<meta property=\"og:url\" content=\"https:\/\/fmgente.com.ar\/web\/gran-hermano-una-expareja-de-brian-sarmiento-lo-denuncio-publicamente-por-incumplimientos-con-su-hija\/\" \/>\n<meta property=\"og:site_name\" content=\"Fm Gente\" \/>\n<meta property=\"article:published_time\" content=\"2026-02-26T17:28:53+00:00\" \/>\n<meta name=\"twitter:card\" content=\"summary_large_image\" \/>\n<meta name=\"twitter:label1\" content=\"Tiempo de lectura\" \/>\n\t<meta name=\"twitter:data1\" content=\"3 minutos\" \/>\n<script type=\"application\/ld+json\" class=\"yoast-schema-graph\">{\"@context\":\"https:\\\/\\\/schema.org\",\"@graph\":[{\"@type\":\"Article\",\"@id\":\"https:\\\/\\\/fmgente.com.ar\\\/web\\\/gran-hermano-una-expareja-de-brian-sarmiento-lo-denuncio-publicamente-por-incumplimientos-con-su-hija\\\/#article\",\"isPartOf\":{\"@id\":\"https:\\\/\\\/fmgente.com.ar\\\/web\\\/gran-hermano-una-expareja-de-brian-sarmiento-lo-denuncio-publicamente-por-incumplimientos-con-su-hija\\\/\"},\"author\":{\"name\":\"\",\"@id\":\"\"},\"headline\":\"Gran Hermano: Una expareja de Brian Sarmiento lo denunci\u00f3 p\u00fablicamente por incumplimientos con su hija\",\"datePublished\":\"2026-02-26T17:28:53+00:00\",\"mainEntityOfPage\":{\"@id\":\"https:\\\/\\\/fmgente.com.ar\\\/web\\\/gran-hermano-una-expareja-de-brian-sarmiento-lo-denuncio-publicamente-por-incumplimientos-con-su-hija\\\/\"},\"wordCount\":538,\"publisher\":{\"@id\":\"https:\\\/\\\/fmgente.com.ar\\\/web\\\/#organization\"},\"image\":{\"@id\":\"https:\\\/\\\/fmgente.com.ar\\\/web\\\/gran-hermano-una-expareja-de-brian-sarmiento-lo-denuncio-publicamente-por-incumplimientos-con-su-hija\\\/#primaryimage\"},\"thumbnailUrl\":\"https:\\\/\\\/fmgente.com.ar\\\/web\\\/wp-content\\\/uploads\\\/2026\\\/02\\\/720-103.jpeg\",\"articleSection\":[\"DESTACADAS\"],\"inLanguage\":\"es\"},{\"@type\":\"WebPage\",\"@id\":\"https:\\\/\\\/fmgente.com.ar\\\/web\\\/gran-hermano-una-expareja-de-brian-sarmiento-lo-denuncio-publicamente-por-incumplimientos-con-su-hija\\\/\",\"url\":\"https:\\\/\\\/fmgente.com.ar\\\/web\\\/gran-hermano-una-expareja-de-brian-sarmiento-lo-denuncio-publicamente-por-incumplimientos-con-su-hija\\\/\",\"name\":\"Gran Hermano: Una expareja de Brian Sarmiento lo denunci\u00f3 p\u00fablicamente por incumplimientos con su hija - Fm Gente\",\"isPartOf\":{\"@id\":\"https:\\\/\\\/fmgente.com.ar\\\/web\\\/#website\"},\"primaryImageOfPage\":{\"@id\":\"https:\\\/\\\/fmgente.com.ar\\\/web\\\/gran-hermano-una-expareja-de-brian-sarmiento-lo-denuncio-publicamente-por-incumplimientos-con-su-hija\\\/#primaryimage\"},\"image\":{\"@id\":\"https:\\\/\\\/fmgente.com.ar\\\/web\\\/gran-hermano-una-expareja-de-brian-sarmiento-lo-denuncio-publicamente-por-incumplimientos-con-su-hija\\\/#primaryimage\"},\"thumbnailUrl\":\"https:\\\/\\\/fmgente.com.ar\\\/web\\\/wp-content\\\/uploads\\\/2026\\\/02\\\/720-103.jpeg\",\"datePublished\":\"2026-02-26T17:28:53+00:00\",\"inLanguage\":\"es\",\"potentialAction\":[{\"@type\":\"ReadAction\",\"target\":[\"https:\\\/\\\/fmgente.com.ar\\\/web\\\/gran-hermano-una-expareja-de-brian-sarmiento-lo-denuncio-publicamente-por-incumplimientos-con-su-hija\\\/\"]}]},{\"@type\":\"ImageObject\",\"inLanguage\":\"es\",\"@id\":\"https:\\\/\\\/fmgente.com.ar\\\/web\\\/gran-hermano-una-expareja-de-brian-sarmiento-lo-denuncio-publicamente-por-incumplimientos-con-su-hija\\\/#primaryimage\",\"url\":\"https:\\\/\\\/fmgente.com.ar\\\/web\\\/wp-content\\\/uploads\\\/2026\\\/02\\\/720-103.jpeg\",\"contentUrl\":\"https:\\\/\\\/fmgente.com.ar\\\/web\\\/wp-content\\\/uploads\\\/2026\\\/02\\\/720-103.jpeg\",\"width\":1168,\"height\":720},{\"@type\":\"WebSite\",\"@id\":\"https:\\\/\\\/fmgente.com.ar\\\/web\\\/#website\",\"url\":\"https:\\\/\\\/fmgente.com.ar\\\/web\\\/\",\"name\":\"Fm Gente\",\"description\":\"- Jes\u00fas Mar\u00eda\",\"publisher\":{\"@id\":\"https:\\\/\\\/fmgente.com.ar\\\/web\\\/#organization\"},\"potentialAction\":[{\"@type\":\"SearchAction\",\"target\":{\"@type\":\"EntryPoint\",\"urlTemplate\":\"https:\\\/\\\/fmgente.com.ar\\\/web\\\/?s={search_term_string}\"},\"query-input\":{\"@type\":\"PropertyValueSpecification\",\"valueRequired\":true,\"valueName\":\"search_term_string\"}}],\"inLanguage\":\"es\"},{\"@type\":\"Organization\",\"@id\":\"https:\\\/\\\/fmgente.com.ar\\\/web\\\/#organization\",\"name\":\"Fm Gente\",\"url\":\"https:\\\/\\\/fmgente.com.ar\\\/web\\\/\",\"logo\":{\"@type\":\"ImageObject\",\"inLanguage\":\"es\",\"@id\":\"https:\\\/\\\/fmgente.com.ar\\\/web\\\/#\\\/schema\\\/logo\\\/image\\\/\",\"url\":\"https:\\\/\\\/fmgente.com.ar\\\/web\\\/wp-content\\\/uploads\\\/2023\\\/07\\\/cropped-cropped-logo-sombra2.png\",\"contentUrl\":\"https:\\\/\\\/fmgente.com.ar\\\/web\\\/wp-content\\\/uploads\\\/2023\\\/07\\\/cropped-cropped-logo-sombra2.png\",\"width\":1782,\"height\":1782,\"caption\":\"Fm Gente\"},\"image\":{\"@id\":\"https:\\\/\\\/fmgente.com.ar\\\/web\\\/#\\\/schema\\\/logo\\\/image\\\/\"}}]}<\/script>\n<!-- \/ Yoast SEO plugin. -->","yoast_head_json":{"title":"Gran Hermano: Una expareja de Brian Sarmiento lo denunci\u00f3 p\u00fablicamente por incumplimientos con su hija - Fm Gente","robots":{"index":"index","follow":"follow","max-snippet":"max-snippet:-1","max-image-preview":"max-image-preview:large","max-video-preview":"max-video-preview:-1"},"canonical":"https:\/\/fmgente.com.ar\/web\/gran-hermano-una-expareja-de-brian-sarmiento-lo-denuncio-publicamente-por-incumplimientos-con-su-hija\/","og_locale":"es_ES","og_type":"article","og_title":"Gran Hermano: Una expareja de Brian Sarmiento lo denunci\u00f3 p\u00fablicamente por incumplimientos con su hija - Fm Gente","og_description":"Buenos Aires, 26 febrero (NA) \u2013 Brian Sarmiento volvi\u00f3 a quedar en el centro de","og_url":"https:\/\/fmgente.com.ar\/web\/gran-hermano-una-expareja-de-brian-sarmiento-lo-denuncio-publicamente-por-incumplimientos-con-su-hija\/","og_site_name":"Fm Gente","article_published_time":"2026-02-26T17:28:53+00:00","twitter_card":"summary_large_image","twitter_misc":{"Tiempo de lectura":"3 minutos"},"schema":{"@context":"https:\/\/schema.org","@graph":[{"@type":"Article","@id":"https:\/\/fmgente.com.ar\/web\/gran-hermano-una-expareja-de-brian-sarmiento-lo-denuncio-publicamente-por-incumplimientos-con-su-hija\/#article","isPartOf":{"@id":"https:\/\/fmgente.com.ar\/web\/gran-hermano-una-expareja-de-brian-sarmiento-lo-denuncio-publicamente-por-incumplimientos-con-su-hija\/"},"author":{"name":"","@id":""},"headline":"Gran Hermano: Una expareja de Brian Sarmiento lo denunci\u00f3 p\u00fablicamente por incumplimientos con su hija","datePublished":"2026-02-26T17:28:53+00:00","mainEntityOfPage":{"@id":"https:\/\/fmgente.com.ar\/web\/gran-hermano-una-expareja-de-brian-sarmiento-lo-denuncio-publicamente-por-incumplimientos-con-su-hija\/"},"wordCount":538,"publisher":{"@id":"https:\/\/fmgente.com.ar\/web\/#organization"},"image":{"@id":"https:\/\/fmgente.com.ar\/web\/gran-hermano-una-expareja-de-brian-sarmiento-lo-denuncio-publicamente-por-incumplimientos-con-su-hija\/#primaryimage"},"thumbnailUrl":"https:\/\/fmgente.com.ar\/web\/wp-content\/uploads\/2026\/02\/720-103.jpeg","articleSection":["DESTACADAS"],"inLanguage":"es"},{"@type":"WebPage","@id":"https:\/\/fmgente.com.ar\/web\/gran-hermano-una-expareja-de-brian-sarmiento-lo-denuncio-publicamente-por-incumplimientos-con-su-hija\/","url":"https:\/\/fmgente.com.ar\/web\/gran-hermano-una-expareja-de-brian-sarmiento-lo-denuncio-publicamente-por-incumplimientos-con-su-hija\/","name":"Gran Hermano: Una expareja de Brian Sarmiento lo denunci\u00f3 p\u00fablicamente por incumplimientos con su hija - Fm Gente","isPartOf":{"@id":"https:\/\/fmgente.com.ar\/web\/#website"},"primaryImageOfPage":{"@id":"https:\/\/fmgente.com.ar\/web\/gran-hermano-una-expareja-de-brian-sarmiento-lo-denuncio-publicamente-por-incumplimientos-con-su-hija\/#primaryimage"},"image":{"@id":"https:\/\/fmgente.com.ar\/web\/gran-hermano-una-expareja-de-brian-sarmiento-lo-denuncio-publicamente-por-incumplimientos-con-su-hija\/#primaryimage"},"thumbnailUrl":"https:\/\/fmgente.com.ar\/web\/wp-content\/uploads\/2026\/02\/720-103.jpeg","datePublished":"2026-02-26T17:28:53+00:00","inLanguage":"es","potentialAction":[{"@type":"ReadAction","target":["https:\/\/fmgente.com.ar\/web\/gran-hermano-una-expareja-de-brian-sarmiento-lo-denuncio-publicamente-por-incumplimientos-con-su-hija\/"]}]},{"@type":"ImageObject","inLanguage":"es","@id":"https:\/\/fmgente.com.ar\/web\/gran-hermano-una-expareja-de-brian-sarmiento-lo-denuncio-publicamente-por-incumplimientos-con-su-hija\/#primaryimage","url":"https:\/\/fmgente.com.ar\/web\/wp-content\/uploads\/2026\/02\/720-103.jpeg","contentUrl":"https:\/\/fmgente.com.ar\/web\/wp-content\/uploads\/2026\/02\/720-103.jpeg","width":1168,"height":720},{"@type":"WebSite","@id":"https:\/\/fmgente.com.ar\/web\/#website","url":"https:\/\/fmgente.com.ar\/web\/","name":"Fm Gente","description":"- Jes\u00fas Mar\u00eda","publisher":{"@id":"https:\/\/fmgente.com.ar\/web\/#organization"},"potentialAction":[{"@type":"SearchAction","target":{"@type":"EntryPoint","urlTemplate":"https:\/\/fmgente.com.ar\/web\/?s={search_term_string}"},"query-input":{"@type":"PropertyValueSpecification","valueRequired":true,"valueName":"search_term_string"}}],"inLanguage":"es"},{"@type":"Organization","@id":"https:\/\/fmgente.com.ar\/web\/#organization","name":"Fm Gente","url":"https:\/\/fmgente.com.ar\/web\/","logo":{"@type":"ImageObject","inLanguage":"es","@id":"https:\/\/fmgente.com.ar\/web\/#\/schema\/logo\/image\/","url":"https:\/\/fmgente.com.ar\/web\/wp-content\/uploads\/2023\/07\/cropped-cropped-logo-sombra2.png","contentUrl":"https:\/\/fmgente.com.ar\/web\/wp-content\/uploads\/2023\/07\/cropped-cropped-logo-sombra2.png","width":1782,"height":1782,"caption":"Fm Gente"},"image":{"@id":"https:\/\/fmgente.com.ar\/web\/#\/schema\/logo\/image\/"}}]}},"_links":{"self":[{"href":"https:\/\/fmgente.com.ar\/web\/wp-json\/wp\/v2\/posts\/13104","targetHints":{"allow":["GET"]}}],"collection":[{"href":"https:\/\/fmgente.com.ar\/web\/wp-json\/wp\/v2\/posts"}],"about":[{"href":"https:\/\/fmgente.com.ar\/web\/wp-json\/wp\/v2\/types\/post"}],"replies":[{"embeddable":true,"href":"https:\/\/fmgente.com.ar\/web\/wp-json\/wp\/v2\/comments?post=13104"}],"version-history":[{"count":0,"href":"https:\/\/fmgente.com.ar\/web\/wp-json\/wp\/v2\/posts\/13104\/revisions"}],"wp:featuredmedia":[{"embeddable":true,"href":"https:\/\/fmgente.com.ar\/web\/wp-json\/wp\/v2\/media\/13105"}],"wp:attachment":[{"href":"https:\/\/fmgente.com.ar\/web\/wp-json\/wp\/v2\/media?parent=13104"}],"wp:term":[{"taxonomy":"category","embeddable":true,"href":"https:\/\/fmgente.com.ar\/web\/wp-json\/wp\/v2\/categories?post=13104"},{"taxonomy":"post_tag","embeddable":true,"href":"https:\/\/fmgente.com.ar\/web\/wp-json\/wp\/v2\/tags?post=13104"}],"curies":[{"name":"wp","href":"https:\/\/api.w.org\/{rel}","templated":true}]}}