{"id":13102,"date":"2026-02-26T13:06:29","date_gmt":"2026-02-26T16:06:29","guid":{"rendered":"https:\/\/fmgente.com.ar\/web\/acuerdo-mercosur-union-europea-5-claves-para-entender-el-tratado-comercial-y-que-significa-para-argentina\/"},"modified":"2026-02-26T13:06:29","modified_gmt":"2026-02-26T16:06:29","slug":"acuerdo-mercosur-union-europea-5-claves-para-entender-el-tratado-comercial-y-que-significa-para-argentina","status":"publish","type":"post","link":"https:\/\/fmgente.com.ar\/web\/acuerdo-mercosur-union-europea-5-claves-para-entender-el-tratado-comercial-y-que-significa-para-argentina\/","title":{"rendered":"Acuerdo Mercosur-Uni\u00f3n Europea: 5 claves para entender el tratado comercial y qu\u00e9 significa para Argentina"},"content":{"rendered":"<p>Este jueves, el Senado ya trata el <a href=\"https:\/\/www.cronista.com\/economia-politica\/el-acuerdo-mercosur-union-europea-entierra-nuestro-pasado-de-encierro\/\" target=\"_blank\" rel=\"\" title=\"https:\/\/www.cronista.com\/economia-politica\/el-acuerdo-mercosur-union-europea-entierra-nuestro-pasado-de-encierro\/\"><b>acuerdo Mercosur-Uni\u00f3n Europea<\/b><\/a> en busca de ser el primer pa\u00eds de la regi\u00f3n en aprobarlo. Con esto, el Gobierno prev\u00e9 dar un paso trascendente en el <b>comercio internacional<\/b> para reforzar la inserci\u00f3n global de Argentina.<\/p>\n<p>El tratado supone la creaci\u00f3n de una zona de libre comercio con un mercado de m\u00e1s de <a href=\"https:\/\/www.cronista.com\/economia-politica\/los-grandes-ganadores-y-la-amenaza-urgente-que-debe-resolver-argentina-para-explotar-al-maximo-su-potencial\/\" target=\"_blank\" rel=\"\" title=\"https:\/\/www.cronista.com\/economia-politica\/los-grandes-ganadores-y-la-amenaza-urgente-que-debe-resolver-argentina-para-explotar-al-maximo-su-potencial\/\"><b>700 millones de consumidores<\/b><\/a><b>, que representa el 20% del PBI mundial<\/b>. Seg\u00fan la Casa Rosada, la implementaci\u00f3n de este pacto tendr\u00e1 <u>impacto en las exportaciones, la inversi\u00f3n y el acceso a mercados.<\/u><\/p>\n<p>Originalmente, el acuerdo iba a tratarse en la sesi\u00f3n de este viernes de la C\u00e1mara alta, junto al r\u00e9gimen penal juvenil y el <a href=\"https:\/\/www.cronista.com\/economia-politica\/hay-paro-este-viernes-27-de-febrero-por-la-reforma-laboral-que-gremios-marchan-y-que-hace-la-cgt\/\" target=\"_blank\" rel=\"noreferrer\" title=\"https:\/\/www.cronista.com\/economia-politica\/hay-paro-este-viernes-27-de-febrero-por-la-reforma-laboral-que-gremios-marchan-y-que-hace-la-cgt\/\">proyecto de reforma laboral<\/a>, pero el Gobierno orden\u00f3 adelantar los tiempos. De esta forma, ya se debate el proyecto junto a la reforma propuesta por el oficialismo a la <a href=\"https:\/\/www.cronista.com\/economia-politica\/ley-de-glaciares-la-reforma-que-divide-y-abre-un-escenario-ajustado-para-los-gobernadores-mineros\/\" target=\"_blank\" rel=\"noreferrer\" title=\"https:\/\/www.cronista.com\/economia-politica\/ley-de-glaciares-la-reforma-que-divide-y-abre-un-escenario-ajustado-para-los-gobernadores-mineros\/\"><b>Ley de Glaciares<\/b><\/a>.<\/p>\n<p>La administraci\u00f3n de Javier Milei busca as\u00ed ser la primera en dar el visto bueno al entendimiento, con la premisa de acceder a <b>ventajas y beneficios diferenciales <\/b>con respecto a otros pa\u00edses de la regi\u00f3n que compiten por los mismos mercados de bienes.<\/p>\n<h2>Los cinco puntos principales del acuerdo Mercosur-UE<\/h2>\n<p>El <a href=\"https:\/\/www.cronista.com\/economia-politica\/las-8-claves-del-acuerdo-comercial-y-de-inversiones-entre-argentina-y-eeuu\/\" target=\"_blank\" rel=\"\" title=\"https:\/\/www.cronista.com\/economia-politica\/las-8-claves-del-acuerdo-comercial-y-de-inversiones-entre-argentina-y-eeuu\/\"><b>acuerdo comercial<\/b><\/a><b> entre el Mercosur y la Uni\u00f3n Europea se firm\u00f3 el 17 de enero pasado en Asunci\u00f3n<\/b>, en el marco de una ceremonia que tuvo la participaci\u00f3n del presidente Javier Milei y de sus pares de Paraguay, Santiago Pe\u00f1a, y de Uruguay, Yamand\u00fa Orsi, y a la que se ausent\u00f3 el mandatario de Brasil, Lula da Silva.<\/p>\n<p>El eje central del entendimiento es <b>la liberalizaci\u00f3n progresiva del comercio bilateral<\/b>, con la eliminaci\u00f3n de aranceles sobre la mayor parte de los bienes intercambiados entre ambos bloques y la apertura gradual de mercados en sectores clave.<\/p>\n<p><img loading=\"lazy\" decoding=\"async\" src=\"https:\/\/www.cronista.com\/resizer\/v2\/F2NX2EMPB5GW3HIV74HRXXWVTM.jpg?auth=c456d14fade9402bb4bece9af742c5898ba2a25b62e63a0b85e0282c1dcf7acf&amp;smart=true&amp;width=934&amp;height=524\" alt=\"\" height=\"524\" width=\"934\" \/><\/p>\n<p>En t\u00e9rminos arancelarios, el esquema prev\u00e9 que la Uni\u00f3n Europea <b>elimine grav\u00e1menes sobre una amplia proporci\u00f3n de las exportaciones del Mercosur<\/b>, tanto de manera inmediata como en plazos escalonados.<\/p>\n<p>A su vez, los pa\u00edses sudamericanos <b>reducir\u00e1n de forma progresiva los aranceles a productos industriales europeos<\/b>, con cronogramas que pueden extenderse hasta 15 a\u00f1os, contemplando distintos ritmos de desgravaci\u00f3n seg\u00fan la sensibilidad de cada sector productivo.<\/p>\n<p>El <b>cap\u00edtulo agr\u00edcola<\/b> aparece como uno de los puntos m\u00e1s relevantes del acuerdo, con la implementaci\u00f3n de cuotas preferenciales para productos sensibles como la carne vacuna y aviar, <u>as\u00ed como el acceso con arancel cero para distintas econom\u00edas regionales, entre ellas frutas, pesca y vino<\/u>. <\/p>\n<p>Este esquema combina <b>apertura comercial <\/b>con mecanismos de <b>protecci\u00f3n<\/b>, buscando <b>equilibrar el ingreso a nuevos mercados <\/b>con <b>resguardos <\/b>para sectores locales expuestos a la competencia externa.<\/p>\n<p>En paralelo, el tratado contempla <b>disposiciones espec\u00edficas para la industria<\/b>, en especial el sector automotriz, donde la reducci\u00f3n de aranceles se aplicar\u00eda en plazos m\u00e1s extensos e incluir\u00eda salvaguardias frente a aumentos s\u00fabitos de importaciones.<\/p>\n<h2>Qu\u00e9 ventajas tendr\u00e1 la Argentina<\/h2>\n<p>El acuerdo entre el <a href=\"https:\/\/www.cronista.com\/economia-politica\/del-agro-pampeano-a-la-patagonia-que-regiones-aprovechan-mas-el-acuerdo-ue-mercosur-y-donde-aparecen-las-alertas\/\" target=\"_blank\" rel=\"\" title=\"https:\/\/www.cronista.com\/economia-politica\/del-agro-pampeano-a-la-patagonia-que-regiones-aprovechan-mas-el-acuerdo-ue-mercosur-y-donde-aparecen-las-alertas\/\">Mercosur y la UE<\/a> <b>facilitar\u00e1 el comercio entre ambas regiones y atraer\u00e1 inversiones<\/b>, a partir de la mejora del marco regulatorio derivada de la baja de aranceles. En ese marco, la inversi\u00f3n extranjera se dirigir\u00e1 primordialmente hacia los mercados en los que el comercio internacional tiene mayor relevancia.<\/p>\n<p>En particular, la Uni\u00f3n Europea<b> eliminar\u00e1 aranceles para el 92% de las exportaciones del Mercosur<\/b> por un valor aproximado de <b>u$s 61.000 millones<\/b>. Adem\u00e1s, otorgar\u00e1 acceso preferencial a otro 7,5%, equivalente a u<b>$s 4700 millones<\/b>, lo que beneficiar\u00e1 a casi la totalidad de las ventas del bloque.<\/p>\n<p><img loading=\"lazy\" decoding=\"async\" src=\"https:\/\/www.cronista.com\/resizer\/v2\/WCBNTBUDENHSXDKL4RRMGUEQZI.jpg?auth=56fdd7ff51e9ca4e7c5d05bf46ffec3d4465aec80841c3c5a9f5cd879ad08020&amp;smart=true&amp;width=6000&amp;height=3500\" alt=\"Argentina necesita incrementar sus exportaciones para generar divisas\" height=\"3500\" width=\"6000\" \/><\/p>\n<p>Desde el punto de vista macroecon\u00f3mico, se espera que las exportaciones argentinas hacia la Uni\u00f3n Europea <b>crecer\u00e1n alrededor de un 76% <\/b>en los primeros cinco a\u00f1os de vigencia del acuerdo y <b>hasta un 122%<\/b> en un horizonte de diez a\u00f1os.<\/p>\n<p>Las exportaciones, seg\u00fan la estimaci\u00f3n oficial, pasar\u00e1n de <b>casi u$s 8641 millones en 2025 a u$s 15.166 millones<\/b> en un plazo de cinco a\u00f1os y a <b>u$s 19.165 millones<\/b> en diez a\u00f1os.<\/p>\n<p>El fuerte dinamismo de sectores como <b>la energ\u00eda y la miner\u00eda<\/b> -en particular los proyectos vinculados <b>al litio, el cobre y los hidrocarburos<\/b>&#8211; ser\u00e1 el principal motor de este crecimiento en t\u00e9rminos de valor productivo.<\/p>\n<h2>El impacto en los sectores locales<\/h2>\n<p>Los principales productos exportados por la Argentina tendr\u00e1n mejoras arancelarias inmediatas o graduales, con plazos de hasta diez a\u00f1os.<\/p>\n<p>Por ejemplo, la <a href=\"https:\/\/www.cronista.com\/economia-politica\/inflacion-de-febrero-un-rubro-acelero-por-encima-del-3-y-pone-en-jaque-la-proyeccion-del-gobierno\/\" target=\"_blank\" rel=\"\" title=\"https:\/\/www.cronista.com\/economia-politica\/inflacion-de-febrero-un-rubro-acelero-por-encima-del-3-y-pone-en-jaque-la-proyeccion-del-gobierno\/\"><b>carne<\/b><\/a> figura entre los \u201cgrandes ganadores\u201d. Actualmente,<b> paga aranceles de entre 20% y 60%<\/b>, aunque el acuerdo prev\u00e9 que tribute entre 0% en el marco de la cuota Hilton y 7,5% por un total de 99.000 toneladas a distribuir entre los pa\u00edses del Mercosur.<\/p>\n<p>Adem\u00e1s, la alianza estrat\u00e9gica con la Uni\u00f3n Europea contempla cuotas para los siguientes productos agr\u00edcolas: <b>carne bovina, ma\u00edz, arroz, carne aviar y etanol<\/b>.<\/p>\n<p><img loading=\"lazy\" decoding=\"async\" src=\"https:\/\/www.cronista.com\/resizer\/v2\/BUKYRHX7UBF3ZBRVK2KQWX6UGQ.jpg?auth=17481cb13e022fc5acc37c7a1278927527f06a65dabc05b20b4f0805935394d0&amp;smart=true&amp;width=1920&amp;height=1080\" alt=\"\" height=\"1080\" width=\"1920\" \/><\/p>\n<p>En el rubro pesquero, productos como <u>langostinos, merluza hubbsi congelada (entera y en filets) y calamar<\/u> obtendr\u00e1n <u>acceso libre de aranceles desde la entrada en vigor del acuerdo<\/u>.<\/p>\n<p>En tanto, el <b>biodi\u00e9sel <\/b>pasar\u00e1 de un<b> arancel de 6,5% a 0% al cabo de diez a\u00f1os.<\/b> Tambi\u00e9n se eliminar\u00e1n aranceles para c\u00edtricos y frutas (<b>limones, naranjas, peras, ar\u00e1ndanos, cerezas y kiwi<\/b>), que actualmente pagan tasas de hasta 17%.<\/p>\n<p>El sector <b>vitivin\u00edcola<\/b> ser\u00e1 otro de los grandes beneficiados. El bloque europeo <b>eliminar\u00e1 los aranceles al vino argentino<\/b> y tambi\u00e9n reconocer\u00e1 96 indicaciones geogr\u00e1ficas y expresiones tradicionales, como \u201creserva\u201d y \u201cgran reserva\u201d.<\/p>\n<p>Por otro lado, el Mercosur se comprometi\u00f3 a <b>eliminar los aranceles de importaci\u00f3n de veh\u00edculos<\/b> en un plazo de quince a\u00f1os, con cronogramas m\u00e1s extensos \u2014de entre 18 y 30 a\u00f1os\u2014 para <u>veh\u00edculos el\u00e9ctricos, h\u00edbridos, a hidr\u00f3geno y de nuevas tecnolog\u00edas<\/u>. Adem\u00e1s, se podr\u00e1n aplicar salvaguardias hasta los 18 a\u00f1os de entrada en vigor del acuerdo.<\/p>\n","protected":false},"excerpt":{"rendered":"<p>Este jueves, el Senado ya trata el acuerdo Mercosur-Uni\u00f3n Europea en busca de ser el<\/p>\n","protected":false},"author":0,"featured_media":0,"comment_status":"","ping_status":"","sticky":false,"template":"","format":"standard","meta":{"footnotes":""},"categories":[11],"tags":[],"class_list":["post-13102","post","type-post","status-publish","format-standard","hentry","category-destacadas"],"yoast_head":"<!-- This site is optimized with the Yoast SEO plugin v27.4 - https:\/\/yoast.com\/product\/yoast-seo-wordpress\/ -->\n<title>Acuerdo Mercosur-Uni\u00f3n Europea: 5 claves para entender el tratado comercial y qu\u00e9 significa para Argentina - Fm Gente<\/title>\n<meta name=\"robots\" content=\"index, follow, max-snippet:-1, max-image-preview:large, max-video-preview:-1\" \/>\n<link rel=\"canonical\" href=\"https:\/\/fmgente.com.ar\/web\/acuerdo-mercosur-union-europea-5-claves-para-entender-el-tratado-comercial-y-que-significa-para-argentina\/\" \/>\n<meta property=\"og:locale\" content=\"es_ES\" \/>\n<meta property=\"og:type\" content=\"article\" \/>\n<meta property=\"og:title\" content=\"Acuerdo Mercosur-Uni\u00f3n Europea: 5 claves para entender el tratado comercial y qu\u00e9 significa para Argentina - Fm Gente\" \/>\n<meta property=\"og:description\" content=\"Este jueves, el Senado ya trata el acuerdo Mercosur-Uni\u00f3n Europea en busca de ser el\" \/>\n<meta property=\"og:url\" content=\"https:\/\/fmgente.com.ar\/web\/acuerdo-mercosur-union-europea-5-claves-para-entender-el-tratado-comercial-y-que-significa-para-argentina\/\" \/>\n<meta property=\"og:site_name\" content=\"Fm Gente\" \/>\n<meta property=\"article:published_time\" content=\"2026-02-26T16:06:29+00:00\" \/>\n<meta property=\"og:image\" content=\"https:\/\/www.cronista.com\/resizer\/v2\/F2NX2EMPB5GW3HIV74HRXXWVTM.jpg?auth=c456d14fade9402bb4bece9af742c5898ba2a25b62e63a0b85e0282c1dcf7acf&amp;smart=true&amp;width=934&amp;height=524\" \/>\n<meta name=\"twitter:card\" content=\"summary_large_image\" \/>\n<meta name=\"twitter:label1\" content=\"Tiempo de lectura\" \/>\n\t<meta name=\"twitter:data1\" content=\"5 minutos\" \/>\n<script type=\"application\/ld+json\" class=\"yoast-schema-graph\">{\"@context\":\"https:\\\/\\\/schema.org\",\"@graph\":[{\"@type\":\"Article\",\"@id\":\"https:\\\/\\\/fmgente.com.ar\\\/web\\\/acuerdo-mercosur-union-europea-5-claves-para-entender-el-tratado-comercial-y-que-significa-para-argentina\\\/#article\",\"isPartOf\":{\"@id\":\"https:\\\/\\\/fmgente.com.ar\\\/web\\\/acuerdo-mercosur-union-europea-5-claves-para-entender-el-tratado-comercial-y-que-significa-para-argentina\\\/\"},\"author\":{\"name\":\"\",\"@id\":\"\"},\"headline\":\"Acuerdo Mercosur-Uni\u00f3n Europea: 5 claves para entender el tratado comercial y qu\u00e9 significa para Argentina\",\"datePublished\":\"2026-02-26T16:06:29+00:00\",\"mainEntityOfPage\":{\"@id\":\"https:\\\/\\\/fmgente.com.ar\\\/web\\\/acuerdo-mercosur-union-europea-5-claves-para-entender-el-tratado-comercial-y-que-significa-para-argentina\\\/\"},\"wordCount\":1007,\"publisher\":{\"@id\":\"https:\\\/\\\/fmgente.com.ar\\\/web\\\/#organization\"},\"image\":{\"@id\":\"https:\\\/\\\/fmgente.com.ar\\\/web\\\/acuerdo-mercosur-union-europea-5-claves-para-entender-el-tratado-comercial-y-que-significa-para-argentina\\\/#primaryimage\"},\"thumbnailUrl\":\"https:\\\/\\\/www.cronista.com\\\/resizer\\\/v2\\\/F2NX2EMPB5GW3HIV74HRXXWVTM.jpg?auth=c456d14fade9402bb4bece9af742c5898ba2a25b62e63a0b85e0282c1dcf7acf&amp;smart=true&amp;width=934&amp;height=524\",\"articleSection\":[\"DESTACADAS\"],\"inLanguage\":\"es\"},{\"@type\":\"WebPage\",\"@id\":\"https:\\\/\\\/fmgente.com.ar\\\/web\\\/acuerdo-mercosur-union-europea-5-claves-para-entender-el-tratado-comercial-y-que-significa-para-argentina\\\/\",\"url\":\"https:\\\/\\\/fmgente.com.ar\\\/web\\\/acuerdo-mercosur-union-europea-5-claves-para-entender-el-tratado-comercial-y-que-significa-para-argentina\\\/\",\"name\":\"Acuerdo Mercosur-Uni\u00f3n Europea: 5 claves para entender el tratado comercial y qu\u00e9 significa para Argentina - Fm Gente\",\"isPartOf\":{\"@id\":\"https:\\\/\\\/fmgente.com.ar\\\/web\\\/#website\"},\"primaryImageOfPage\":{\"@id\":\"https:\\\/\\\/fmgente.com.ar\\\/web\\\/acuerdo-mercosur-union-europea-5-claves-para-entender-el-tratado-comercial-y-que-significa-para-argentina\\\/#primaryimage\"},\"image\":{\"@id\":\"https:\\\/\\\/fmgente.com.ar\\\/web\\\/acuerdo-mercosur-union-europea-5-claves-para-entender-el-tratado-comercial-y-que-significa-para-argentina\\\/#primaryimage\"},\"thumbnailUrl\":\"https:\\\/\\\/www.cronista.com\\\/resizer\\\/v2\\\/F2NX2EMPB5GW3HIV74HRXXWVTM.jpg?auth=c456d14fade9402bb4bece9af742c5898ba2a25b62e63a0b85e0282c1dcf7acf&amp;smart=true&amp;width=934&amp;height=524\",\"datePublished\":\"2026-02-26T16:06:29+00:00\",\"inLanguage\":\"es\",\"potentialAction\":[{\"@type\":\"ReadAction\",\"target\":[\"https:\\\/\\\/fmgente.com.ar\\\/web\\\/acuerdo-mercosur-union-europea-5-claves-para-entender-el-tratado-comercial-y-que-significa-para-argentina\\\/\"]}]},{\"@type\":\"ImageObject\",\"inLanguage\":\"es\",\"@id\":\"https:\\\/\\\/fmgente.com.ar\\\/web\\\/acuerdo-mercosur-union-europea-5-claves-para-entender-el-tratado-comercial-y-que-significa-para-argentina\\\/#primaryimage\",\"url\":\"https:\\\/\\\/www.cronista.com\\\/resizer\\\/v2\\\/F2NX2EMPB5GW3HIV74HRXXWVTM.jpg?auth=c456d14fade9402bb4bece9af742c5898ba2a25b62e63a0b85e0282c1dcf7acf&amp;smart=true&amp;width=934&amp;height=524\",\"contentUrl\":\"https:\\\/\\\/www.cronista.com\\\/resizer\\\/v2\\\/F2NX2EMPB5GW3HIV74HRXXWVTM.jpg?auth=c456d14fade9402bb4bece9af742c5898ba2a25b62e63a0b85e0282c1dcf7acf&amp;smart=true&amp;width=934&amp;height=524\"},{\"@type\":\"WebSite\",\"@id\":\"https:\\\/\\\/fmgente.com.ar\\\/web\\\/#website\",\"url\":\"https:\\\/\\\/fmgente.com.ar\\\/web\\\/\",\"name\":\"Fm Gente\",\"description\":\"- Jes\u00fas Mar\u00eda\",\"publisher\":{\"@id\":\"https:\\\/\\\/fmgente.com.ar\\\/web\\\/#organization\"},\"potentialAction\":[{\"@type\":\"SearchAction\",\"target\":{\"@type\":\"EntryPoint\",\"urlTemplate\":\"https:\\\/\\\/fmgente.com.ar\\\/web\\\/?s={search_term_string}\"},\"query-input\":{\"@type\":\"PropertyValueSpecification\",\"valueRequired\":true,\"valueName\":\"search_term_string\"}}],\"inLanguage\":\"es\"},{\"@type\":\"Organization\",\"@id\":\"https:\\\/\\\/fmgente.com.ar\\\/web\\\/#organization\",\"name\":\"Fm Gente\",\"url\":\"https:\\\/\\\/fmgente.com.ar\\\/web\\\/\",\"logo\":{\"@type\":\"ImageObject\",\"inLanguage\":\"es\",\"@id\":\"https:\\\/\\\/fmgente.com.ar\\\/web\\\/#\\\/schema\\\/logo\\\/image\\\/\",\"url\":\"https:\\\/\\\/fmgente.com.ar\\\/web\\\/wp-content\\\/uploads\\\/2023\\\/07\\\/cropped-cropped-logo-sombra2.png\",\"contentUrl\":\"https:\\\/\\\/fmgente.com.ar\\\/web\\\/wp-content\\\/uploads\\\/2023\\\/07\\\/cropped-cropped-logo-sombra2.png\",\"width\":1782,\"height\":1782,\"caption\":\"Fm Gente\"},\"image\":{\"@id\":\"https:\\\/\\\/fmgente.com.ar\\\/web\\\/#\\\/schema\\\/logo\\\/image\\\/\"}}]}<\/script>\n<!-- \/ Yoast SEO plugin. -->","yoast_head_json":{"title":"Acuerdo Mercosur-Uni\u00f3n Europea: 5 claves para entender el tratado comercial y qu\u00e9 significa para Argentina - Fm Gente","robots":{"index":"index","follow":"follow","max-snippet":"max-snippet:-1","max-image-preview":"max-image-preview:large","max-video-preview":"max-video-preview:-1"},"canonical":"https:\/\/fmgente.com.ar\/web\/acuerdo-mercosur-union-europea-5-claves-para-entender-el-tratado-comercial-y-que-significa-para-argentina\/","og_locale":"es_ES","og_type":"article","og_title":"Acuerdo Mercosur-Uni\u00f3n Europea: 5 claves para entender el tratado comercial y qu\u00e9 significa para Argentina - Fm Gente","og_description":"Este jueves, el Senado ya trata el acuerdo Mercosur-Uni\u00f3n Europea en busca de ser el","og_url":"https:\/\/fmgente.com.ar\/web\/acuerdo-mercosur-union-europea-5-claves-para-entender-el-tratado-comercial-y-que-significa-para-argentina\/","og_site_name":"Fm Gente","article_published_time":"2026-02-26T16:06:29+00:00","og_image":[{"url":"https:\/\/www.cronista.com\/resizer\/v2\/F2NX2EMPB5GW3HIV74HRXXWVTM.jpg?auth=c456d14fade9402bb4bece9af742c5898ba2a25b62e63a0b85e0282c1dcf7acf&amp;smart=true&amp;width=934&amp;height=524","type":"","width":"","height":""}],"twitter_card":"summary_large_image","twitter_misc":{"Tiempo de lectura":"5 minutos"},"schema":{"@context":"https:\/\/schema.org","@graph":[{"@type":"Article","@id":"https:\/\/fmgente.com.ar\/web\/acuerdo-mercosur-union-europea-5-claves-para-entender-el-tratado-comercial-y-que-significa-para-argentina\/#article","isPartOf":{"@id":"https:\/\/fmgente.com.ar\/web\/acuerdo-mercosur-union-europea-5-claves-para-entender-el-tratado-comercial-y-que-significa-para-argentina\/"},"author":{"name":"","@id":""},"headline":"Acuerdo Mercosur-Uni\u00f3n Europea: 5 claves para entender el tratado comercial y qu\u00e9 significa para Argentina","datePublished":"2026-02-26T16:06:29+00:00","mainEntityOfPage":{"@id":"https:\/\/fmgente.com.ar\/web\/acuerdo-mercosur-union-europea-5-claves-para-entender-el-tratado-comercial-y-que-significa-para-argentina\/"},"wordCount":1007,"publisher":{"@id":"https:\/\/fmgente.com.ar\/web\/#organization"},"image":{"@id":"https:\/\/fmgente.com.ar\/web\/acuerdo-mercosur-union-europea-5-claves-para-entender-el-tratado-comercial-y-que-significa-para-argentina\/#primaryimage"},"thumbnailUrl":"https:\/\/www.cronista.com\/resizer\/v2\/F2NX2EMPB5GW3HIV74HRXXWVTM.jpg?auth=c456d14fade9402bb4bece9af742c5898ba2a25b62e63a0b85e0282c1dcf7acf&amp;smart=true&amp;width=934&amp;height=524","articleSection":["DESTACADAS"],"inLanguage":"es"},{"@type":"WebPage","@id":"https:\/\/fmgente.com.ar\/web\/acuerdo-mercosur-union-europea-5-claves-para-entender-el-tratado-comercial-y-que-significa-para-argentina\/","url":"https:\/\/fmgente.com.ar\/web\/acuerdo-mercosur-union-europea-5-claves-para-entender-el-tratado-comercial-y-que-significa-para-argentina\/","name":"Acuerdo Mercosur-Uni\u00f3n Europea: 5 claves para entender el tratado comercial y qu\u00e9 significa para Argentina - Fm Gente","isPartOf":{"@id":"https:\/\/fmgente.com.ar\/web\/#website"},"primaryImageOfPage":{"@id":"https:\/\/fmgente.com.ar\/web\/acuerdo-mercosur-union-europea-5-claves-para-entender-el-tratado-comercial-y-que-significa-para-argentina\/#primaryimage"},"image":{"@id":"https:\/\/fmgente.com.ar\/web\/acuerdo-mercosur-union-europea-5-claves-para-entender-el-tratado-comercial-y-que-significa-para-argentina\/#primaryimage"},"thumbnailUrl":"https:\/\/www.cronista.com\/resizer\/v2\/F2NX2EMPB5GW3HIV74HRXXWVTM.jpg?auth=c456d14fade9402bb4bece9af742c5898ba2a25b62e63a0b85e0282c1dcf7acf&amp;smart=true&amp;width=934&amp;height=524","datePublished":"2026-02-26T16:06:29+00:00","inLanguage":"es","potentialAction":[{"@type":"ReadAction","target":["https:\/\/fmgente.com.ar\/web\/acuerdo-mercosur-union-europea-5-claves-para-entender-el-tratado-comercial-y-que-significa-para-argentina\/"]}]},{"@type":"ImageObject","inLanguage":"es","@id":"https:\/\/fmgente.com.ar\/web\/acuerdo-mercosur-union-europea-5-claves-para-entender-el-tratado-comercial-y-que-significa-para-argentina\/#primaryimage","url":"https:\/\/www.cronista.com\/resizer\/v2\/F2NX2EMPB5GW3HIV74HRXXWVTM.jpg?auth=c456d14fade9402bb4bece9af742c5898ba2a25b62e63a0b85e0282c1dcf7acf&amp;smart=true&amp;width=934&amp;height=524","contentUrl":"https:\/\/www.cronista.com\/resizer\/v2\/F2NX2EMPB5GW3HIV74HRXXWVTM.jpg?auth=c456d14fade9402bb4bece9af742c5898ba2a25b62e63a0b85e0282c1dcf7acf&amp;smart=true&amp;width=934&amp;height=524"},{"@type":"WebSite","@id":"https:\/\/fmgente.com.ar\/web\/#website","url":"https:\/\/fmgente.com.ar\/web\/","name":"Fm Gente","description":"- Jes\u00fas Mar\u00eda","publisher":{"@id":"https:\/\/fmgente.com.ar\/web\/#organization"},"potentialAction":[{"@type":"SearchAction","target":{"@type":"EntryPoint","urlTemplate":"https:\/\/fmgente.com.ar\/web\/?s={search_term_string}"},"query-input":{"@type":"PropertyValueSpecification","valueRequired":true,"valueName":"search_term_string"}}],"inLanguage":"es"},{"@type":"Organization","@id":"https:\/\/fmgente.com.ar\/web\/#organization","name":"Fm Gente","url":"https:\/\/fmgente.com.ar\/web\/","logo":{"@type":"ImageObject","inLanguage":"es","@id":"https:\/\/fmgente.com.ar\/web\/#\/schema\/logo\/image\/","url":"https:\/\/fmgente.com.ar\/web\/wp-content\/uploads\/2023\/07\/cropped-cropped-logo-sombra2.png","contentUrl":"https:\/\/fmgente.com.ar\/web\/wp-content\/uploads\/2023\/07\/cropped-cropped-logo-sombra2.png","width":1782,"height":1782,"caption":"Fm Gente"},"image":{"@id":"https:\/\/fmgente.com.ar\/web\/#\/schema\/logo\/image\/"}}]}},"_links":{"self":[{"href":"https:\/\/fmgente.com.ar\/web\/wp-json\/wp\/v2\/posts\/13102","targetHints":{"allow":["GET"]}}],"collection":[{"href":"https:\/\/fmgente.com.ar\/web\/wp-json\/wp\/v2\/posts"}],"about":[{"href":"https:\/\/fmgente.com.ar\/web\/wp-json\/wp\/v2\/types\/post"}],"replies":[{"embeddable":true,"href":"https:\/\/fmgente.com.ar\/web\/wp-json\/wp\/v2\/comments?post=13102"}],"version-history":[{"count":0,"href":"https:\/\/fmgente.com.ar\/web\/wp-json\/wp\/v2\/posts\/13102\/revisions"}],"wp:attachment":[{"href":"https:\/\/fmgente.com.ar\/web\/wp-json\/wp\/v2\/media?parent=13102"}],"wp:term":[{"taxonomy":"category","embeddable":true,"href":"https:\/\/fmgente.com.ar\/web\/wp-json\/wp\/v2\/categories?post=13102"},{"taxonomy":"post_tag","embeddable":true,"href":"https:\/\/fmgente.com.ar\/web\/wp-json\/wp\/v2\/tags?post=13102"}],"curies":[{"name":"wp","href":"https:\/\/api.w.org\/{rel}","templated":true}]}}