{"id":13096,"date":"2026-02-26T13:06:25","date_gmt":"2026-02-26T16:06:25","guid":{"rendered":"https:\/\/fmgente.com.ar\/web\/la-afa-ira-a-la-justicia-por-la-investigacion-que-realizara-la-igj\/"},"modified":"2026-02-26T13:06:25","modified_gmt":"2026-02-26T16:06:25","slug":"la-afa-ira-a-la-justicia-por-la-investigacion-que-realizara-la-igj","status":"publish","type":"post","link":"https:\/\/fmgente.com.ar\/web\/la-afa-ira-a-la-justicia-por-la-investigacion-que-realizara-la-igj\/","title":{"rendered":"La AFA ir\u00e1 a la Justicia por la investigaci\u00f3n que realizar\u00e1 la IGJ"},"content":{"rendered":"<p>Buenos Aires, 26 febrero (NA) \u2013 En un comunicado oficial, la AFA entidad fustig\u00f3 contra la solicitud de la Inspecci\u00f3n General de Justicia (IGJ) para la designaci\u00f3n de veedores al Ministerio de Justicia para relevar documentaci\u00f3n contable y financiera. <\/p>\n<p>En el comunicado, al que tuvo acceso la Agencia Noticias Argentinas, el ente madre del f\u00fatbol argentino asegur\u00f3 que \u201cno ser\u00e1 sometido a veedur\u00eda ileg\u00edtima, fundada en hechos falsos o tergiversados y dictada con una finalidad pol\u00edtica ajena a la ley\u201d.<\/p>\n<p>Adem\u00e1s, se adelant\u00f3 que \u201cen las pr\u00f3ximas horas presentaremos las presentaciones judiciales correspondientes para que esta medida sea desestimada, tal como ocurri\u00f3 con el precedente Bullrich. Recurriremos a la C\u00e1mara Nacional de Apelaciones en lo Civil y, de ser necesario, a la Corte Suprema de Justicia de la Naci\u00f3n, para que sea la justicia, y no la propaganda, la que determine la validez de este acto\u201d.<\/p>\n<p>Esta presentaci\u00f3n de la AFA se da luego de que la IGJ solicitara al Ministerio de Justicia la designaci\u00f3n de veedores en la Asociaci\u00f3n del F\u00fatbol Argentino (AFA) para relevar documentaci\u00f3n contable y financiera que, seg\u00fan el organismo, fue requerida sin respuesta.<\/p>\n<p>La medida, firmada por el inspector general Daniel Roque V\u00edtolo, apunta a verificar posibles \u201cgraves irregularidades\u201d, aunque aclararon que no implica una intervenci\u00f3n ni una sanci\u00f3n, sino una veedur\u00eda informativa en el marco de las funciones de fiscalizaci\u00f3n<\/p>\n<p>La AFA tambi\u00e9n mencion\u00f3 en el comunicado \u201cel caso Bullrich\u201d, al se\u00f1alar que \u00abla IGJ deber\u00eda explicar por qu\u00e9 utiliza hoy contra la AFA el mismo libreto que en 2023 utiliz\u00f3<br \/>\ncontra el Instituto de Estudios Estrat\u00e9gicos en Seguridad (IEES), presidido entonces por<br \/>\nPatricia Bullrich, actual senadora nacional\u00bb.<\/p>\n<p>Y acus\u00f3 al organismo porque \u201cen aquel entonces, la IGJ tambi\u00e9n habl\u00f3 de &#8216;graves irregularidades&#8217; y dispuso una intervenci\u00f3n. La Sala M de la C\u00e1mara Nacional de Apelaciones en lo Civil, en fallo firme, anul\u00f3 esa intervenci\u00f3n por violaci\u00f3n al debido proceso y orden\u00f3 suspenderla con efecto inmediato. Los argumentos que la IGJ esgrime hoy \u2013falta de informaci\u00f3n, sospechas sobre el manejo de fondos\u2013 son los mismos que la justicia ya desestim\u00f3\u201d.<\/p>\n<p>En otro de los puntos, la AFA denuncia que \u201cno se trata de controlar una asociaci\u00f3n civil, sino de ejecutar una pol\u00edtica p\u00fablica que busca imponer las Sociedades An\u00f3nimas Deportivas (SAD) a trav\u00e9s del debilitamiento institucional de la AFA, la principal defensora del modelo de clubes sociales\u201d.<\/p>\n<p>Por \u00faltimo, la AFA subray\u00f3 que \u201cel f\u00fatbol argentino es de sus clubes, de sus socios y de sus hinchas. No ser\u00e1 cooptado por operaciones pol\u00edticas ni por intereses empresariales que pretenden convertir a nuestras instituciones en mercanc\u00eda. Defenderemos nuestra autonom\u00eda y nuestra legalidad por todas las v\u00edas judiciales y democr\u00e1ticas\u201d.<\/p>\n<p>#AgenciaNA<\/p>\n","protected":false},"excerpt":{"rendered":"<p>Buenos Aires, 26 febrero (NA) \u2013 En un comunicado oficial, la AFA entidad fustig\u00f3 contra<\/p>\n","protected":false},"author":0,"featured_media":13097,"comment_status":"","ping_status":"","sticky":false,"template":"","format":"standard","meta":{"footnotes":""},"categories":[11],"tags":[],"class_list":["post-13096","post","type-post","status-publish","format-standard","has-post-thumbnail","hentry","category-destacadas"],"yoast_head":"<!-- This site is optimized with the Yoast SEO plugin v27.4 - https:\/\/yoast.com\/product\/yoast-seo-wordpress\/ -->\n<title>La AFA ir\u00e1 a la Justicia por la investigaci\u00f3n que realizar\u00e1 la IGJ - Fm Gente<\/title>\n<meta name=\"robots\" content=\"index, follow, max-snippet:-1, max-image-preview:large, max-video-preview:-1\" \/>\n<link rel=\"canonical\" href=\"https:\/\/fmgente.com.ar\/web\/la-afa-ira-a-la-justicia-por-la-investigacion-que-realizara-la-igj\/\" \/>\n<meta property=\"og:locale\" content=\"es_ES\" \/>\n<meta property=\"og:type\" content=\"article\" \/>\n<meta property=\"og:title\" content=\"La AFA ir\u00e1 a la Justicia por la investigaci\u00f3n que realizar\u00e1 la IGJ - Fm Gente\" \/>\n<meta property=\"og:description\" content=\"Buenos Aires, 26 febrero (NA) \u2013 En un comunicado oficial, la AFA entidad fustig\u00f3 contra\" \/>\n<meta property=\"og:url\" content=\"https:\/\/fmgente.com.ar\/web\/la-afa-ira-a-la-justicia-por-la-investigacion-que-realizara-la-igj\/\" \/>\n<meta property=\"og:site_name\" content=\"Fm Gente\" \/>\n<meta property=\"article:published_time\" content=\"2026-02-26T16:06:25+00:00\" \/>\n<meta name=\"twitter:card\" content=\"summary_large_image\" \/>\n<meta name=\"twitter:label1\" content=\"Tiempo de lectura\" \/>\n\t<meta name=\"twitter:data1\" content=\"2 minutos\" \/>\n<script type=\"application\/ld+json\" class=\"yoast-schema-graph\">{\"@context\":\"https:\\\/\\\/schema.org\",\"@graph\":[{\"@type\":\"Article\",\"@id\":\"https:\\\/\\\/fmgente.com.ar\\\/web\\\/la-afa-ira-a-la-justicia-por-la-investigacion-que-realizara-la-igj\\\/#article\",\"isPartOf\":{\"@id\":\"https:\\\/\\\/fmgente.com.ar\\\/web\\\/la-afa-ira-a-la-justicia-por-la-investigacion-que-realizara-la-igj\\\/\"},\"author\":{\"name\":\"\",\"@id\":\"\"},\"headline\":\"La AFA ir\u00e1 a la Justicia por la investigaci\u00f3n que realizar\u00e1 la IGJ\",\"datePublished\":\"2026-02-26T16:06:25+00:00\",\"mainEntityOfPage\":{\"@id\":\"https:\\\/\\\/fmgente.com.ar\\\/web\\\/la-afa-ira-a-la-justicia-por-la-investigacion-que-realizara-la-igj\\\/\"},\"wordCount\":499,\"publisher\":{\"@id\":\"https:\\\/\\\/fmgente.com.ar\\\/web\\\/#organization\"},\"image\":{\"@id\":\"https:\\\/\\\/fmgente.com.ar\\\/web\\\/la-afa-ira-a-la-justicia-por-la-investigacion-que-realizara-la-igj\\\/#primaryimage\"},\"thumbnailUrl\":\"https:\\\/\\\/fmgente.com.ar\\\/web\\\/wp-content\\\/uploads\\\/2026\\\/02\\\/720-101.jpeg\",\"articleSection\":[\"DESTACADAS\"],\"inLanguage\":\"es\"},{\"@type\":\"WebPage\",\"@id\":\"https:\\\/\\\/fmgente.com.ar\\\/web\\\/la-afa-ira-a-la-justicia-por-la-investigacion-que-realizara-la-igj\\\/\",\"url\":\"https:\\\/\\\/fmgente.com.ar\\\/web\\\/la-afa-ira-a-la-justicia-por-la-investigacion-que-realizara-la-igj\\\/\",\"name\":\"La AFA ir\u00e1 a la Justicia por la investigaci\u00f3n que realizar\u00e1 la IGJ - Fm Gente\",\"isPartOf\":{\"@id\":\"https:\\\/\\\/fmgente.com.ar\\\/web\\\/#website\"},\"primaryImageOfPage\":{\"@id\":\"https:\\\/\\\/fmgente.com.ar\\\/web\\\/la-afa-ira-a-la-justicia-por-la-investigacion-que-realizara-la-igj\\\/#primaryimage\"},\"image\":{\"@id\":\"https:\\\/\\\/fmgente.com.ar\\\/web\\\/la-afa-ira-a-la-justicia-por-la-investigacion-que-realizara-la-igj\\\/#primaryimage\"},\"thumbnailUrl\":\"https:\\\/\\\/fmgente.com.ar\\\/web\\\/wp-content\\\/uploads\\\/2026\\\/02\\\/720-101.jpeg\",\"datePublished\":\"2026-02-26T16:06:25+00:00\",\"inLanguage\":\"es\",\"potentialAction\":[{\"@type\":\"ReadAction\",\"target\":[\"https:\\\/\\\/fmgente.com.ar\\\/web\\\/la-afa-ira-a-la-justicia-por-la-investigacion-que-realizara-la-igj\\\/\"]}]},{\"@type\":\"ImageObject\",\"inLanguage\":\"es\",\"@id\":\"https:\\\/\\\/fmgente.com.ar\\\/web\\\/la-afa-ira-a-la-justicia-por-la-investigacion-que-realizara-la-igj\\\/#primaryimage\",\"url\":\"https:\\\/\\\/fmgente.com.ar\\\/web\\\/wp-content\\\/uploads\\\/2026\\\/02\\\/720-101.jpeg\",\"contentUrl\":\"https:\\\/\\\/fmgente.com.ar\\\/web\\\/wp-content\\\/uploads\\\/2026\\\/02\\\/720-101.jpeg\",\"width\":1081,\"height\":720},{\"@type\":\"WebSite\",\"@id\":\"https:\\\/\\\/fmgente.com.ar\\\/web\\\/#website\",\"url\":\"https:\\\/\\\/fmgente.com.ar\\\/web\\\/\",\"name\":\"Fm Gente\",\"description\":\"- Jes\u00fas Mar\u00eda\",\"publisher\":{\"@id\":\"https:\\\/\\\/fmgente.com.ar\\\/web\\\/#organization\"},\"potentialAction\":[{\"@type\":\"SearchAction\",\"target\":{\"@type\":\"EntryPoint\",\"urlTemplate\":\"https:\\\/\\\/fmgente.com.ar\\\/web\\\/?s={search_term_string}\"},\"query-input\":{\"@type\":\"PropertyValueSpecification\",\"valueRequired\":true,\"valueName\":\"search_term_string\"}}],\"inLanguage\":\"es\"},{\"@type\":\"Organization\",\"@id\":\"https:\\\/\\\/fmgente.com.ar\\\/web\\\/#organization\",\"name\":\"Fm Gente\",\"url\":\"https:\\\/\\\/fmgente.com.ar\\\/web\\\/\",\"logo\":{\"@type\":\"ImageObject\",\"inLanguage\":\"es\",\"@id\":\"https:\\\/\\\/fmgente.com.ar\\\/web\\\/#\\\/schema\\\/logo\\\/image\\\/\",\"url\":\"https:\\\/\\\/fmgente.com.ar\\\/web\\\/wp-content\\\/uploads\\\/2023\\\/07\\\/cropped-cropped-logo-sombra2.png\",\"contentUrl\":\"https:\\\/\\\/fmgente.com.ar\\\/web\\\/wp-content\\\/uploads\\\/2023\\\/07\\\/cropped-cropped-logo-sombra2.png\",\"width\":1782,\"height\":1782,\"caption\":\"Fm Gente\"},\"image\":{\"@id\":\"https:\\\/\\\/fmgente.com.ar\\\/web\\\/#\\\/schema\\\/logo\\\/image\\\/\"}}]}<\/script>\n<!-- \/ Yoast SEO plugin. -->","yoast_head_json":{"title":"La AFA ir\u00e1 a la Justicia por la investigaci\u00f3n que realizar\u00e1 la IGJ - Fm Gente","robots":{"index":"index","follow":"follow","max-snippet":"max-snippet:-1","max-image-preview":"max-image-preview:large","max-video-preview":"max-video-preview:-1"},"canonical":"https:\/\/fmgente.com.ar\/web\/la-afa-ira-a-la-justicia-por-la-investigacion-que-realizara-la-igj\/","og_locale":"es_ES","og_type":"article","og_title":"La AFA ir\u00e1 a la Justicia por la investigaci\u00f3n que realizar\u00e1 la IGJ - Fm Gente","og_description":"Buenos Aires, 26 febrero (NA) \u2013 En un comunicado oficial, la AFA entidad fustig\u00f3 contra","og_url":"https:\/\/fmgente.com.ar\/web\/la-afa-ira-a-la-justicia-por-la-investigacion-que-realizara-la-igj\/","og_site_name":"Fm Gente","article_published_time":"2026-02-26T16:06:25+00:00","twitter_card":"summary_large_image","twitter_misc":{"Tiempo de lectura":"2 minutos"},"schema":{"@context":"https:\/\/schema.org","@graph":[{"@type":"Article","@id":"https:\/\/fmgente.com.ar\/web\/la-afa-ira-a-la-justicia-por-la-investigacion-que-realizara-la-igj\/#article","isPartOf":{"@id":"https:\/\/fmgente.com.ar\/web\/la-afa-ira-a-la-justicia-por-la-investigacion-que-realizara-la-igj\/"},"author":{"name":"","@id":""},"headline":"La AFA ir\u00e1 a la Justicia por la investigaci\u00f3n que realizar\u00e1 la IGJ","datePublished":"2026-02-26T16:06:25+00:00","mainEntityOfPage":{"@id":"https:\/\/fmgente.com.ar\/web\/la-afa-ira-a-la-justicia-por-la-investigacion-que-realizara-la-igj\/"},"wordCount":499,"publisher":{"@id":"https:\/\/fmgente.com.ar\/web\/#organization"},"image":{"@id":"https:\/\/fmgente.com.ar\/web\/la-afa-ira-a-la-justicia-por-la-investigacion-que-realizara-la-igj\/#primaryimage"},"thumbnailUrl":"https:\/\/fmgente.com.ar\/web\/wp-content\/uploads\/2026\/02\/720-101.jpeg","articleSection":["DESTACADAS"],"inLanguage":"es"},{"@type":"WebPage","@id":"https:\/\/fmgente.com.ar\/web\/la-afa-ira-a-la-justicia-por-la-investigacion-que-realizara-la-igj\/","url":"https:\/\/fmgente.com.ar\/web\/la-afa-ira-a-la-justicia-por-la-investigacion-que-realizara-la-igj\/","name":"La AFA ir\u00e1 a la Justicia por la investigaci\u00f3n que realizar\u00e1 la IGJ - Fm Gente","isPartOf":{"@id":"https:\/\/fmgente.com.ar\/web\/#website"},"primaryImageOfPage":{"@id":"https:\/\/fmgente.com.ar\/web\/la-afa-ira-a-la-justicia-por-la-investigacion-que-realizara-la-igj\/#primaryimage"},"image":{"@id":"https:\/\/fmgente.com.ar\/web\/la-afa-ira-a-la-justicia-por-la-investigacion-que-realizara-la-igj\/#primaryimage"},"thumbnailUrl":"https:\/\/fmgente.com.ar\/web\/wp-content\/uploads\/2026\/02\/720-101.jpeg","datePublished":"2026-02-26T16:06:25+00:00","inLanguage":"es","potentialAction":[{"@type":"ReadAction","target":["https:\/\/fmgente.com.ar\/web\/la-afa-ira-a-la-justicia-por-la-investigacion-que-realizara-la-igj\/"]}]},{"@type":"ImageObject","inLanguage":"es","@id":"https:\/\/fmgente.com.ar\/web\/la-afa-ira-a-la-justicia-por-la-investigacion-que-realizara-la-igj\/#primaryimage","url":"https:\/\/fmgente.com.ar\/web\/wp-content\/uploads\/2026\/02\/720-101.jpeg","contentUrl":"https:\/\/fmgente.com.ar\/web\/wp-content\/uploads\/2026\/02\/720-101.jpeg","width":1081,"height":720},{"@type":"WebSite","@id":"https:\/\/fmgente.com.ar\/web\/#website","url":"https:\/\/fmgente.com.ar\/web\/","name":"Fm Gente","description":"- Jes\u00fas Mar\u00eda","publisher":{"@id":"https:\/\/fmgente.com.ar\/web\/#organization"},"potentialAction":[{"@type":"SearchAction","target":{"@type":"EntryPoint","urlTemplate":"https:\/\/fmgente.com.ar\/web\/?s={search_term_string}"},"query-input":{"@type":"PropertyValueSpecification","valueRequired":true,"valueName":"search_term_string"}}],"inLanguage":"es"},{"@type":"Organization","@id":"https:\/\/fmgente.com.ar\/web\/#organization","name":"Fm Gente","url":"https:\/\/fmgente.com.ar\/web\/","logo":{"@type":"ImageObject","inLanguage":"es","@id":"https:\/\/fmgente.com.ar\/web\/#\/schema\/logo\/image\/","url":"https:\/\/fmgente.com.ar\/web\/wp-content\/uploads\/2023\/07\/cropped-cropped-logo-sombra2.png","contentUrl":"https:\/\/fmgente.com.ar\/web\/wp-content\/uploads\/2023\/07\/cropped-cropped-logo-sombra2.png","width":1782,"height":1782,"caption":"Fm Gente"},"image":{"@id":"https:\/\/fmgente.com.ar\/web\/#\/schema\/logo\/image\/"}}]}},"_links":{"self":[{"href":"https:\/\/fmgente.com.ar\/web\/wp-json\/wp\/v2\/posts\/13096","targetHints":{"allow":["GET"]}}],"collection":[{"href":"https:\/\/fmgente.com.ar\/web\/wp-json\/wp\/v2\/posts"}],"about":[{"href":"https:\/\/fmgente.com.ar\/web\/wp-json\/wp\/v2\/types\/post"}],"replies":[{"embeddable":true,"href":"https:\/\/fmgente.com.ar\/web\/wp-json\/wp\/v2\/comments?post=13096"}],"version-history":[{"count":0,"href":"https:\/\/fmgente.com.ar\/web\/wp-json\/wp\/v2\/posts\/13096\/revisions"}],"wp:featuredmedia":[{"embeddable":true,"href":"https:\/\/fmgente.com.ar\/web\/wp-json\/wp\/v2\/media\/13097"}],"wp:attachment":[{"href":"https:\/\/fmgente.com.ar\/web\/wp-json\/wp\/v2\/media?parent=13096"}],"wp:term":[{"taxonomy":"category","embeddable":true,"href":"https:\/\/fmgente.com.ar\/web\/wp-json\/wp\/v2\/categories?post=13096"},{"taxonomy":"post_tag","embeddable":true,"href":"https:\/\/fmgente.com.ar\/web\/wp-json\/wp\/v2\/tags?post=13096"}],"curies":[{"name":"wp","href":"https:\/\/api.w.org\/{rel}","templated":true}]}}