{"id":13092,"date":"2026-02-26T13:06:23","date_gmt":"2026-02-26T16:06:23","guid":{"rendered":"https:\/\/fmgente.com.ar\/web\/raquel-mancini-confeso-su-romance-con-nicolas-repetto-me-escondia-en-el-baul-del-auto\/"},"modified":"2026-02-26T13:06:23","modified_gmt":"2026-02-26T16:06:23","slug":"raquel-mancini-confeso-su-romance-con-nicolas-repetto-me-escondia-en-el-baul-del-auto","status":"publish","type":"post","link":"https:\/\/fmgente.com.ar\/web\/raquel-mancini-confeso-su-romance-con-nicolas-repetto-me-escondia-en-el-baul-del-auto\/","title":{"rendered":"Raquel Mancini confes\u00f3 su romance con Nicol\u00e1s Repetto: \u201cMe escond\u00eda en el ba\u00fal del auto\u201d"},"content":{"rendered":"<p>Buenos Aires, 26 febrero (NA) \u2013 Raquel Mancini revel\u00f3 que mantuvo un romance clandestino con Nicol\u00e1s Repetto durante el verano de 1992. <\/p>\n<p>\u201cEs verdad, pas\u00f3 hace mucho tiempo. \u00c9l hoy est\u00e1 casado y no tiene nada que ver con el presente\u201d, aclar\u00f3 Mancini, antes de contextualizar el v\u00ednculo, en una charla con el periodista Juan Etchegoyen, seg\u00fan pudo comprobar la Agencia Noticias Argentinas. <\/p>\n<p>La ex modelo cont\u00f3 que conoci\u00f3 a Repetto cuando \u00e9l estaba separado de Reina Reech y que ambos acordaron mantener la relaci\u00f3n en la m\u00e1s absoluta reserva. \u201cEmpezamos a salir escondidos. No quer\u00edamos hacerlo p\u00fablico\u201d, explic\u00f3.<\/p>\n<p>El relato tom\u00f3 un giro inesperado cuando describi\u00f3 las maniobras para evitar a la prensa. Seg\u00fan record\u00f3, en una visita a Punta del Este, debi\u00f3 ocultarse en el ba\u00fal del auto para llegar a la casa del conductor sin ser vista. \u201cCinco cuadras antes me met\u00eda en el ba\u00fal. Me qued\u00e9 tres d\u00edas y despu\u00e9s me fui de la misma manera. Nadie se enter\u00f3\u201d, detall\u00f3 entre risas, aludiendo al calor y a las incomodidades del encierro.<\/p>\n<p>Mancini tambi\u00e9n fue clara sobre la naturaleza del v\u00ednculo. \u201cHubo buena onda y buen feeling, pero no me enamor\u00e9. La pas\u00e1bamos bien, nada m\u00e1s\u201d, afirm\u00f3, y agreg\u00f3 que Repetto tampoco se enamor\u00f3 de ella. Con el tiempo, \u00e9l inici\u00f3 una relaci\u00f3n con Florencia Raggi, mientras que ella sigui\u00f3 su propio camino.<\/p>\n<p>Con el paso de los a\u00f1os, apenas se cruzaron en alg\u00fan evento social y siempre de manera cordial. Hoy, Raquel mira aquel episodio como una an\u00e9cdota sin dramatismo: \u201cEs algo divertido que qued\u00f3 como recuerdo. Nos re\u00edamos mucho despu\u00e9s. No pasa todos los d\u00edas\u201d. #AgenciaNA<\/p>\n","protected":false},"excerpt":{"rendered":"<p>Buenos Aires, 26 febrero (NA) \u2013 Raquel Mancini revel\u00f3 que mantuvo un romance clandestino con<\/p>\n","protected":false},"author":0,"featured_media":13093,"comment_status":"","ping_status":"","sticky":false,"template":"","format":"standard","meta":{"footnotes":""},"categories":[11],"tags":[],"class_list":["post-13092","post","type-post","status-publish","format-standard","has-post-thumbnail","hentry","category-destacadas"],"yoast_head":"<!-- This site is optimized with the Yoast SEO plugin v27.4 - https:\/\/yoast.com\/product\/yoast-seo-wordpress\/ -->\n<title>Raquel Mancini confes\u00f3 su romance con Nicol\u00e1s Repetto: \u201cMe escond\u00eda en el ba\u00fal del auto\u201d - Fm Gente<\/title>\n<meta name=\"robots\" content=\"index, follow, max-snippet:-1, max-image-preview:large, max-video-preview:-1\" \/>\n<link rel=\"canonical\" href=\"https:\/\/fmgente.com.ar\/web\/raquel-mancini-confeso-su-romance-con-nicolas-repetto-me-escondia-en-el-baul-del-auto\/\" \/>\n<meta property=\"og:locale\" content=\"es_ES\" \/>\n<meta property=\"og:type\" content=\"article\" \/>\n<meta property=\"og:title\" content=\"Raquel Mancini confes\u00f3 su romance con Nicol\u00e1s Repetto: \u201cMe escond\u00eda en el ba\u00fal del auto\u201d - Fm Gente\" \/>\n<meta property=\"og:description\" content=\"Buenos Aires, 26 febrero (NA) \u2013 Raquel Mancini revel\u00f3 que mantuvo un romance clandestino con\" \/>\n<meta property=\"og:url\" content=\"https:\/\/fmgente.com.ar\/web\/raquel-mancini-confeso-su-romance-con-nicolas-repetto-me-escondia-en-el-baul-del-auto\/\" \/>\n<meta property=\"og:site_name\" content=\"Fm Gente\" \/>\n<meta property=\"article:published_time\" content=\"2026-02-26T16:06:23+00:00\" \/>\n<meta name=\"twitter:card\" content=\"summary_large_image\" \/>\n<meta name=\"twitter:label1\" content=\"Tiempo de lectura\" \/>\n\t<meta name=\"twitter:data1\" content=\"1 minuto\" \/>\n<script type=\"application\/ld+json\" class=\"yoast-schema-graph\">{\"@context\":\"https:\\\/\\\/schema.org\",\"@graph\":[{\"@type\":\"Article\",\"@id\":\"https:\\\/\\\/fmgente.com.ar\\\/web\\\/raquel-mancini-confeso-su-romance-con-nicolas-repetto-me-escondia-en-el-baul-del-auto\\\/#article\",\"isPartOf\":{\"@id\":\"https:\\\/\\\/fmgente.com.ar\\\/web\\\/raquel-mancini-confeso-su-romance-con-nicolas-repetto-me-escondia-en-el-baul-del-auto\\\/\"},\"author\":{\"name\":\"\",\"@id\":\"\"},\"headline\":\"Raquel Mancini confes\u00f3 su romance con Nicol\u00e1s Repetto: \u201cMe escond\u00eda en el ba\u00fal del auto\u201d\",\"datePublished\":\"2026-02-26T16:06:23+00:00\",\"mainEntityOfPage\":{\"@id\":\"https:\\\/\\\/fmgente.com.ar\\\/web\\\/raquel-mancini-confeso-su-romance-con-nicolas-repetto-me-escondia-en-el-baul-del-auto\\\/\"},\"wordCount\":310,\"publisher\":{\"@id\":\"https:\\\/\\\/fmgente.com.ar\\\/web\\\/#organization\"},\"image\":{\"@id\":\"https:\\\/\\\/fmgente.com.ar\\\/web\\\/raquel-mancini-confeso-su-romance-con-nicolas-repetto-me-escondia-en-el-baul-del-auto\\\/#primaryimage\"},\"thumbnailUrl\":\"https:\\\/\\\/fmgente.com.ar\\\/web\\\/wp-content\\\/uploads\\\/2026\\\/02\\\/720-99.jpeg\",\"articleSection\":[\"DESTACADAS\"],\"inLanguage\":\"es\"},{\"@type\":\"WebPage\",\"@id\":\"https:\\\/\\\/fmgente.com.ar\\\/web\\\/raquel-mancini-confeso-su-romance-con-nicolas-repetto-me-escondia-en-el-baul-del-auto\\\/\",\"url\":\"https:\\\/\\\/fmgente.com.ar\\\/web\\\/raquel-mancini-confeso-su-romance-con-nicolas-repetto-me-escondia-en-el-baul-del-auto\\\/\",\"name\":\"Raquel Mancini confes\u00f3 su romance con Nicol\u00e1s Repetto: \u201cMe escond\u00eda en el ba\u00fal del auto\u201d - Fm Gente\",\"isPartOf\":{\"@id\":\"https:\\\/\\\/fmgente.com.ar\\\/web\\\/#website\"},\"primaryImageOfPage\":{\"@id\":\"https:\\\/\\\/fmgente.com.ar\\\/web\\\/raquel-mancini-confeso-su-romance-con-nicolas-repetto-me-escondia-en-el-baul-del-auto\\\/#primaryimage\"},\"image\":{\"@id\":\"https:\\\/\\\/fmgente.com.ar\\\/web\\\/raquel-mancini-confeso-su-romance-con-nicolas-repetto-me-escondia-en-el-baul-del-auto\\\/#primaryimage\"},\"thumbnailUrl\":\"https:\\\/\\\/fmgente.com.ar\\\/web\\\/wp-content\\\/uploads\\\/2026\\\/02\\\/720-99.jpeg\",\"datePublished\":\"2026-02-26T16:06:23+00:00\",\"inLanguage\":\"es\",\"potentialAction\":[{\"@type\":\"ReadAction\",\"target\":[\"https:\\\/\\\/fmgente.com.ar\\\/web\\\/raquel-mancini-confeso-su-romance-con-nicolas-repetto-me-escondia-en-el-baul-del-auto\\\/\"]}]},{\"@type\":\"ImageObject\",\"inLanguage\":\"es\",\"@id\":\"https:\\\/\\\/fmgente.com.ar\\\/web\\\/raquel-mancini-confeso-su-romance-con-nicolas-repetto-me-escondia-en-el-baul-del-auto\\\/#primaryimage\",\"url\":\"https:\\\/\\\/fmgente.com.ar\\\/web\\\/wp-content\\\/uploads\\\/2026\\\/02\\\/720-99.jpeg\",\"contentUrl\":\"https:\\\/\\\/fmgente.com.ar\\\/web\\\/wp-content\\\/uploads\\\/2026\\\/02\\\/720-99.jpeg\",\"width\":1280,\"height\":555},{\"@type\":\"WebSite\",\"@id\":\"https:\\\/\\\/fmgente.com.ar\\\/web\\\/#website\",\"url\":\"https:\\\/\\\/fmgente.com.ar\\\/web\\\/\",\"name\":\"Fm Gente\",\"description\":\"- Jes\u00fas Mar\u00eda\",\"publisher\":{\"@id\":\"https:\\\/\\\/fmgente.com.ar\\\/web\\\/#organization\"},\"potentialAction\":[{\"@type\":\"SearchAction\",\"target\":{\"@type\":\"EntryPoint\",\"urlTemplate\":\"https:\\\/\\\/fmgente.com.ar\\\/web\\\/?s={search_term_string}\"},\"query-input\":{\"@type\":\"PropertyValueSpecification\",\"valueRequired\":true,\"valueName\":\"search_term_string\"}}],\"inLanguage\":\"es\"},{\"@type\":\"Organization\",\"@id\":\"https:\\\/\\\/fmgente.com.ar\\\/web\\\/#organization\",\"name\":\"Fm Gente\",\"url\":\"https:\\\/\\\/fmgente.com.ar\\\/web\\\/\",\"logo\":{\"@type\":\"ImageObject\",\"inLanguage\":\"es\",\"@id\":\"https:\\\/\\\/fmgente.com.ar\\\/web\\\/#\\\/schema\\\/logo\\\/image\\\/\",\"url\":\"https:\\\/\\\/fmgente.com.ar\\\/web\\\/wp-content\\\/uploads\\\/2023\\\/07\\\/cropped-cropped-logo-sombra2.png\",\"contentUrl\":\"https:\\\/\\\/fmgente.com.ar\\\/web\\\/wp-content\\\/uploads\\\/2023\\\/07\\\/cropped-cropped-logo-sombra2.png\",\"width\":1782,\"height\":1782,\"caption\":\"Fm Gente\"},\"image\":{\"@id\":\"https:\\\/\\\/fmgente.com.ar\\\/web\\\/#\\\/schema\\\/logo\\\/image\\\/\"}}]}<\/script>\n<!-- \/ Yoast SEO plugin. -->","yoast_head_json":{"title":"Raquel Mancini confes\u00f3 su romance con Nicol\u00e1s Repetto: \u201cMe escond\u00eda en el ba\u00fal del auto\u201d - Fm Gente","robots":{"index":"index","follow":"follow","max-snippet":"max-snippet:-1","max-image-preview":"max-image-preview:large","max-video-preview":"max-video-preview:-1"},"canonical":"https:\/\/fmgente.com.ar\/web\/raquel-mancini-confeso-su-romance-con-nicolas-repetto-me-escondia-en-el-baul-del-auto\/","og_locale":"es_ES","og_type":"article","og_title":"Raquel Mancini confes\u00f3 su romance con Nicol\u00e1s Repetto: \u201cMe escond\u00eda en el ba\u00fal del auto\u201d - Fm Gente","og_description":"Buenos Aires, 26 febrero (NA) \u2013 Raquel Mancini revel\u00f3 que mantuvo un romance clandestino con","og_url":"https:\/\/fmgente.com.ar\/web\/raquel-mancini-confeso-su-romance-con-nicolas-repetto-me-escondia-en-el-baul-del-auto\/","og_site_name":"Fm Gente","article_published_time":"2026-02-26T16:06:23+00:00","twitter_card":"summary_large_image","twitter_misc":{"Tiempo de lectura":"1 minuto"},"schema":{"@context":"https:\/\/schema.org","@graph":[{"@type":"Article","@id":"https:\/\/fmgente.com.ar\/web\/raquel-mancini-confeso-su-romance-con-nicolas-repetto-me-escondia-en-el-baul-del-auto\/#article","isPartOf":{"@id":"https:\/\/fmgente.com.ar\/web\/raquel-mancini-confeso-su-romance-con-nicolas-repetto-me-escondia-en-el-baul-del-auto\/"},"author":{"name":"","@id":""},"headline":"Raquel Mancini confes\u00f3 su romance con Nicol\u00e1s Repetto: \u201cMe escond\u00eda en el ba\u00fal del auto\u201d","datePublished":"2026-02-26T16:06:23+00:00","mainEntityOfPage":{"@id":"https:\/\/fmgente.com.ar\/web\/raquel-mancini-confeso-su-romance-con-nicolas-repetto-me-escondia-en-el-baul-del-auto\/"},"wordCount":310,"publisher":{"@id":"https:\/\/fmgente.com.ar\/web\/#organization"},"image":{"@id":"https:\/\/fmgente.com.ar\/web\/raquel-mancini-confeso-su-romance-con-nicolas-repetto-me-escondia-en-el-baul-del-auto\/#primaryimage"},"thumbnailUrl":"https:\/\/fmgente.com.ar\/web\/wp-content\/uploads\/2026\/02\/720-99.jpeg","articleSection":["DESTACADAS"],"inLanguage":"es"},{"@type":"WebPage","@id":"https:\/\/fmgente.com.ar\/web\/raquel-mancini-confeso-su-romance-con-nicolas-repetto-me-escondia-en-el-baul-del-auto\/","url":"https:\/\/fmgente.com.ar\/web\/raquel-mancini-confeso-su-romance-con-nicolas-repetto-me-escondia-en-el-baul-del-auto\/","name":"Raquel Mancini confes\u00f3 su romance con Nicol\u00e1s Repetto: \u201cMe escond\u00eda en el ba\u00fal del auto\u201d - Fm Gente","isPartOf":{"@id":"https:\/\/fmgente.com.ar\/web\/#website"},"primaryImageOfPage":{"@id":"https:\/\/fmgente.com.ar\/web\/raquel-mancini-confeso-su-romance-con-nicolas-repetto-me-escondia-en-el-baul-del-auto\/#primaryimage"},"image":{"@id":"https:\/\/fmgente.com.ar\/web\/raquel-mancini-confeso-su-romance-con-nicolas-repetto-me-escondia-en-el-baul-del-auto\/#primaryimage"},"thumbnailUrl":"https:\/\/fmgente.com.ar\/web\/wp-content\/uploads\/2026\/02\/720-99.jpeg","datePublished":"2026-02-26T16:06:23+00:00","inLanguage":"es","potentialAction":[{"@type":"ReadAction","target":["https:\/\/fmgente.com.ar\/web\/raquel-mancini-confeso-su-romance-con-nicolas-repetto-me-escondia-en-el-baul-del-auto\/"]}]},{"@type":"ImageObject","inLanguage":"es","@id":"https:\/\/fmgente.com.ar\/web\/raquel-mancini-confeso-su-romance-con-nicolas-repetto-me-escondia-en-el-baul-del-auto\/#primaryimage","url":"https:\/\/fmgente.com.ar\/web\/wp-content\/uploads\/2026\/02\/720-99.jpeg","contentUrl":"https:\/\/fmgente.com.ar\/web\/wp-content\/uploads\/2026\/02\/720-99.jpeg","width":1280,"height":555},{"@type":"WebSite","@id":"https:\/\/fmgente.com.ar\/web\/#website","url":"https:\/\/fmgente.com.ar\/web\/","name":"Fm Gente","description":"- Jes\u00fas Mar\u00eda","publisher":{"@id":"https:\/\/fmgente.com.ar\/web\/#organization"},"potentialAction":[{"@type":"SearchAction","target":{"@type":"EntryPoint","urlTemplate":"https:\/\/fmgente.com.ar\/web\/?s={search_term_string}"},"query-input":{"@type":"PropertyValueSpecification","valueRequired":true,"valueName":"search_term_string"}}],"inLanguage":"es"},{"@type":"Organization","@id":"https:\/\/fmgente.com.ar\/web\/#organization","name":"Fm Gente","url":"https:\/\/fmgente.com.ar\/web\/","logo":{"@type":"ImageObject","inLanguage":"es","@id":"https:\/\/fmgente.com.ar\/web\/#\/schema\/logo\/image\/","url":"https:\/\/fmgente.com.ar\/web\/wp-content\/uploads\/2023\/07\/cropped-cropped-logo-sombra2.png","contentUrl":"https:\/\/fmgente.com.ar\/web\/wp-content\/uploads\/2023\/07\/cropped-cropped-logo-sombra2.png","width":1782,"height":1782,"caption":"Fm Gente"},"image":{"@id":"https:\/\/fmgente.com.ar\/web\/#\/schema\/logo\/image\/"}}]}},"_links":{"self":[{"href":"https:\/\/fmgente.com.ar\/web\/wp-json\/wp\/v2\/posts\/13092","targetHints":{"allow":["GET"]}}],"collection":[{"href":"https:\/\/fmgente.com.ar\/web\/wp-json\/wp\/v2\/posts"}],"about":[{"href":"https:\/\/fmgente.com.ar\/web\/wp-json\/wp\/v2\/types\/post"}],"replies":[{"embeddable":true,"href":"https:\/\/fmgente.com.ar\/web\/wp-json\/wp\/v2\/comments?post=13092"}],"version-history":[{"count":0,"href":"https:\/\/fmgente.com.ar\/web\/wp-json\/wp\/v2\/posts\/13092\/revisions"}],"wp:featuredmedia":[{"embeddable":true,"href":"https:\/\/fmgente.com.ar\/web\/wp-json\/wp\/v2\/media\/13093"}],"wp:attachment":[{"href":"https:\/\/fmgente.com.ar\/web\/wp-json\/wp\/v2\/media?parent=13092"}],"wp:term":[{"taxonomy":"category","embeddable":true,"href":"https:\/\/fmgente.com.ar\/web\/wp-json\/wp\/v2\/categories?post=13092"},{"taxonomy":"post_tag","embeddable":true,"href":"https:\/\/fmgente.com.ar\/web\/wp-json\/wp\/v2\/tags?post=13092"}],"curies":[{"name":"wp","href":"https:\/\/api.w.org\/{rel}","templated":true}]}}