{"id":13090,"date":"2026-02-26T13:06:22","date_gmt":"2026-02-26T16:06:22","guid":{"rendered":"https:\/\/fmgente.com.ar\/web\/la-casa-real-podria-iniciar-acciones-legales-contra-los-medios-que-difundieron-el-rumor-sobre-felipe-vi-y-awada\/"},"modified":"2026-02-26T13:06:22","modified_gmt":"2026-02-26T16:06:22","slug":"la-casa-real-podria-iniciar-acciones-legales-contra-los-medios-que-difundieron-el-rumor-sobre-felipe-vi-y-awada","status":"publish","type":"post","link":"https:\/\/fmgente.com.ar\/web\/la-casa-real-podria-iniciar-acciones-legales-contra-los-medios-que-difundieron-el-rumor-sobre-felipe-vi-y-awada\/","title":{"rendered":"La Casa Real podr\u00eda iniciar acciones legales contra los medios que difundieron el rumor sobre Felipe VI y Awada"},"content":{"rendered":"<p>Buenos Aires, 26 febrero (NA) \u2013 La Casa Real espa\u00f1ola se sinti\u00f3 \u201cmuy impactada\u201d por el rumor difundido en Argentina sobre un supuesto romance que involucra al rey Felipe VI y Juliana Awada.<\/p>\n<p>En exclusiva con la Agencia Noticias Argentinas, Eduardo Meglioli, especialista en monarqu\u00edas parlamentarias europeas y ex acreditado en la Casa Real espa\u00f1ola, manifest\u00f3 que no existe en Espa\u00f1a \u201cning\u00fan indicio que indique que es verdad lo que se est\u00e1 manifestando\u201d.<\/p>\n<p>Adem\u00e1s sostuvo que \u201cLa Casa Real Espa\u00f1ola se ha sentido muy impactada por esta informaci\u00f3n, que por ahora no ha hecho ninguna desmentida en absoluto, pero puede iniciar alguna acci\u00f3n judicial contra el medio que ha difundido esta informaci\u00f3n\u201d.<\/p>\n<p>El especialista explic\u00f3 que la sensibilidad del tema radica en la investidura institucional: \u201cSon casos muy especiales cuando se habla de los romances de un pr\u00edncipe heredero, de una reina, de un rey\u201d. <\/p>\n<p>Asimismo, a\u00f1adi\u00f3 que la noticia fue presentada \u201ctan directa\u201d que parec\u00eda \u201cque ya estuviera en camino\u201d un v\u00ednculo, cuando en realidad \u201clo \u00fanico que se ha conseguido demostrar son las fotos\u201d de visitas oficiales.<\/p>\n<p>Meglioli detall\u00f3 que esas im\u00e1genes corresponden a los encuentros realizados durante la presidencia de Mauricio Macri, cuando \u00e9l y su esposa fueron recibidos oficialmente por el rey Felipe VI y la reina Letizia Ortiz. <\/p>\n<p>El especialista fue enf\u00e1tico al remarcar que en Espa\u00f1a no hubo antecedentes de esta versi\u00f3n: \u201cNo hay por parte de la prensa espa\u00f1ola ning\u00fan indicio que indique que es verdad lo que se est\u00e1 manifestando en la Argentina\u201d.<\/p>\n<p>El rumor se difundi\u00f3 en el programa Intrusos, pero Meglioli subray\u00f3 que \u201clo curioso es que haya surgido fuera de Espa\u00f1a, que en Espa\u00f1a no haya habido ning\u00fan tipo de rumor sobre ese tema\u201d.<\/p>\n<p>Por otro lado, se\u00f1al\u00f3 que en medios espa\u00f1oles se detectaron errores conceptuales ya que hablaban de Felipe I en lugar de Felipe VI. <\/p>\n<p>Tambi\u00e9n indic\u00f3 que la cadena COPE, vinculada a la Iglesia espa\u00f1ola, fue una de las emisoras que reconoci\u00f3 esas imprecisiones: \u201cLos periodistas hoy est\u00e1n revolucionados en Espa\u00f1a, m\u00e1s all\u00e1 de que no es ning\u00fan dato concreto\u201d, agreg\u00f3, aunque insisti\u00f3 en que \u201cno ha trascendido nada y mucho menos en Espa\u00f1a\u201d.<\/p>\n<p>LA RELACI\u00d3N ENTRE FELIPE Y LETIZIA<\/p>\n<p>Meglioli reconoci\u00f3 que \u201ces p\u00fablico en Espa\u00f1a que la relaci\u00f3n de la pareja real no es buena\u201d, y mencion\u00f3 tambi\u00e9n las hist\u00f3ricas tensiones con los entonces reyes Juan Carlos I y Reina Sof\u00eda.<\/p>\n<p>Sin embargo, record\u00f3 que el matrimonio entre Felipe y Letizia se concret\u00f3 por decisi\u00f3n personal del entonces pr\u00edncipe. \u201cLos padres le pidieron que dejara a esta chica pero \u00e9l les contest\u00f3 que o se casaba con Letizia o renunciaba al trono. Entonces todo termin\u00f3 all\u00ed\u201d.<\/p>\n<p>Sobre la reina, describi\u00f3: \u201cEs una mujer muy inteligente, muy capaz, pero tiene un car\u00e1cter muy fuerte\u201d, y a\u00f1adi\u00f3 que \u201cla vida que llevan es muy dif\u00edcil\u201d, en referencia a las exigencias del entorno real.<\/p>\n<p>SUPUESTOS MENSAJES Y CONTACTOS PRIVADOS<\/p>\n<p>Al ser consultado sobre versiones que hablaban de mensajes de WhatsApp o saludos navide\u00f1os, el exacreditado manifest\u00f3: \u201cNadie puede saber cu\u00e1les son las comunicaciones y tal, salvo que trascienda\u201d. <\/p>\n<p>Aunque, admiti\u00f3 que \u201cpuede haber quedado una cierta amistad en aquel encuentro oficial\u201d, pero aclar\u00f3 que no existe confirmaci\u00f3n alguna.<\/p>\n<p>Tambi\u00e9n remarc\u00f3 que no hay antecedentes de visitas privadas posteriores: \u201cNo hay ning\u00fan antecedente que haya sucedido y es dif\u00edcil\u201d.<\/p>\n<p>POSIBLE SEPARACI\u00d3N Y SITUACI\u00d3N INSTITUCIONAL<\/p>\n<p>El entrevistado sostuvo que \u201chay certeza en que podr\u00eda llegar a existir una separaci\u00f3n, porque as\u00ed vienen las cosas\u201d, aunque aclar\u00f3 que lo que mantiene cohesionada a la familia son \u201csus hijas y el protocolo real que obliga a encontrarse en distintos actos juntos\u201d.<\/p>\n<p>En ese marco, destac\u00f3 el rol de la princesa Leonor de Borb\u00f3n, heredera al trono, y de Sof\u00eda: \u201cEs impresionante c\u00f3mo una mujer est\u00e1 pasando por las tres fuerzas armadas\u201d, se\u00f1al\u00f3 sobre Leonor, y destac\u00f3 que su formaci\u00f3n incluye Ej\u00e9rcito, Armada y Fuerza A\u00e9rea, en l\u00ednea con el rol de comandante en jefe que ejerce el monarca.<\/p>\n<p>\u201cYa cumpli\u00f3 18 a\u00f1os, incluso 20, de manera que no habr\u00eda problema si hubiera que reformar una ley\u201d, explic\u00f3. <\/p>\n<p>Asimismo, record\u00f3 que la Constituci\u00f3n espa\u00f1ola de 1978 define a Espa\u00f1a como monarqu\u00eda parlamentaria y que cualquier abolici\u00f3n requerir\u00eda un complejo proceso legislativo.<\/p>\n<p>En otro lugar, la hist\u00f3rica Ley S\u00e1lica impulsada en tiempos de Carlos III, que privilegiaba la sucesi\u00f3n masculina, y explic\u00f3 que hoy esa norma deber\u00eda reformarse formalmente, aunque en la pr\u00e1ctica Leonor es la heredera.<\/p>\n<p>V\u00cdNCULO CON ARGENTINA Y POSICI\u00d3N POL\u00cdTICA DEL REY<\/p>\n<p>Sobre la relaci\u00f3n entre Felipe VI y el presidente Javier Milei, Meglioli se\u00f1al\u00f3 que los encuentros recientes fueron \u201cprotocolar absoluto\u201d, ya que el rey \u201cno puede manifestarse, no vota y tiene que estar con todos\u201d, por lo que nunca se conocer\u00e1 su inclinaci\u00f3n ideol\u00f3gica.<\/p>\n<p>Finalmente, no existir\u00eda ningun vinculo entre ambos, aunque la Casa Real analiza el impacto institucional de un rumor que naci\u00f3 fuera de sus fronteras y que, seg\u00fan el especialista, podr\u00eda derivar en acciones judiciales si consideran que la informaci\u00f3n difundida es falsa. #AgenciaNA<\/p>\n","protected":false},"excerpt":{"rendered":"<p>Buenos Aires, 26 febrero (NA) \u2013 La Casa Real espa\u00f1ola se sinti\u00f3 \u201cmuy impactada\u201d por<\/p>\n","protected":false},"author":0,"featured_media":13091,"comment_status":"","ping_status":"","sticky":false,"template":"","format":"standard","meta":{"footnotes":""},"categories":[11],"tags":[],"class_list":["post-13090","post","type-post","status-publish","format-standard","has-post-thumbnail","hentry","category-destacadas"],"yoast_head":"<!-- This site is optimized with the Yoast SEO plugin v27.4 - https:\/\/yoast.com\/product\/yoast-seo-wordpress\/ -->\n<title>La Casa Real podr\u00eda iniciar acciones legales contra los medios que difundieron el rumor sobre Felipe VI y Awada - Fm Gente<\/title>\n<meta name=\"robots\" content=\"index, follow, max-snippet:-1, max-image-preview:large, max-video-preview:-1\" \/>\n<link rel=\"canonical\" href=\"https:\/\/fmgente.com.ar\/web\/la-casa-real-podria-iniciar-acciones-legales-contra-los-medios-que-difundieron-el-rumor-sobre-felipe-vi-y-awada\/\" \/>\n<meta property=\"og:locale\" content=\"es_ES\" \/>\n<meta property=\"og:type\" content=\"article\" \/>\n<meta property=\"og:title\" content=\"La Casa Real podr\u00eda iniciar acciones legales contra los medios que difundieron el rumor sobre Felipe VI y Awada - Fm Gente\" \/>\n<meta property=\"og:description\" content=\"Buenos Aires, 26 febrero (NA) \u2013 La Casa Real espa\u00f1ola se sinti\u00f3 \u201cmuy impactada\u201d por\" \/>\n<meta property=\"og:url\" content=\"https:\/\/fmgente.com.ar\/web\/la-casa-real-podria-iniciar-acciones-legales-contra-los-medios-que-difundieron-el-rumor-sobre-felipe-vi-y-awada\/\" \/>\n<meta property=\"og:site_name\" content=\"Fm Gente\" \/>\n<meta property=\"article:published_time\" content=\"2026-02-26T16:06:22+00:00\" \/>\n<meta name=\"twitter:card\" content=\"summary_large_image\" \/>\n<meta name=\"twitter:label1\" content=\"Tiempo de lectura\" \/>\n\t<meta name=\"twitter:data1\" content=\"5 minutos\" \/>\n<script type=\"application\/ld+json\" class=\"yoast-schema-graph\">{\"@context\":\"https:\\\/\\\/schema.org\",\"@graph\":[{\"@type\":\"Article\",\"@id\":\"https:\\\/\\\/fmgente.com.ar\\\/web\\\/la-casa-real-podria-iniciar-acciones-legales-contra-los-medios-que-difundieron-el-rumor-sobre-felipe-vi-y-awada\\\/#article\",\"isPartOf\":{\"@id\":\"https:\\\/\\\/fmgente.com.ar\\\/web\\\/la-casa-real-podria-iniciar-acciones-legales-contra-los-medios-que-difundieron-el-rumor-sobre-felipe-vi-y-awada\\\/\"},\"author\":{\"name\":\"\",\"@id\":\"\"},\"headline\":\"La Casa Real podr\u00eda iniciar acciones legales contra los medios que difundieron el rumor sobre Felipe VI y Awada\",\"datePublished\":\"2026-02-26T16:06:22+00:00\",\"mainEntityOfPage\":{\"@id\":\"https:\\\/\\\/fmgente.com.ar\\\/web\\\/la-casa-real-podria-iniciar-acciones-legales-contra-los-medios-que-difundieron-el-rumor-sobre-felipe-vi-y-awada\\\/\"},\"wordCount\":930,\"publisher\":{\"@id\":\"https:\\\/\\\/fmgente.com.ar\\\/web\\\/#organization\"},\"image\":{\"@id\":\"https:\\\/\\\/fmgente.com.ar\\\/web\\\/la-casa-real-podria-iniciar-acciones-legales-contra-los-medios-que-difundieron-el-rumor-sobre-felipe-vi-y-awada\\\/#primaryimage\"},\"thumbnailUrl\":\"https:\\\/\\\/fmgente.com.ar\\\/web\\\/wp-content\\\/uploads\\\/2026\\\/02\\\/720-98.jpeg\",\"articleSection\":[\"DESTACADAS\"],\"inLanguage\":\"es\"},{\"@type\":\"WebPage\",\"@id\":\"https:\\\/\\\/fmgente.com.ar\\\/web\\\/la-casa-real-podria-iniciar-acciones-legales-contra-los-medios-que-difundieron-el-rumor-sobre-felipe-vi-y-awada\\\/\",\"url\":\"https:\\\/\\\/fmgente.com.ar\\\/web\\\/la-casa-real-podria-iniciar-acciones-legales-contra-los-medios-que-difundieron-el-rumor-sobre-felipe-vi-y-awada\\\/\",\"name\":\"La Casa Real podr\u00eda iniciar acciones legales contra los medios que difundieron el rumor sobre Felipe VI y Awada - Fm Gente\",\"isPartOf\":{\"@id\":\"https:\\\/\\\/fmgente.com.ar\\\/web\\\/#website\"},\"primaryImageOfPage\":{\"@id\":\"https:\\\/\\\/fmgente.com.ar\\\/web\\\/la-casa-real-podria-iniciar-acciones-legales-contra-los-medios-que-difundieron-el-rumor-sobre-felipe-vi-y-awada\\\/#primaryimage\"},\"image\":{\"@id\":\"https:\\\/\\\/fmgente.com.ar\\\/web\\\/la-casa-real-podria-iniciar-acciones-legales-contra-los-medios-que-difundieron-el-rumor-sobre-felipe-vi-y-awada\\\/#primaryimage\"},\"thumbnailUrl\":\"https:\\\/\\\/fmgente.com.ar\\\/web\\\/wp-content\\\/uploads\\\/2026\\\/02\\\/720-98.jpeg\",\"datePublished\":\"2026-02-26T16:06:22+00:00\",\"inLanguage\":\"es\",\"potentialAction\":[{\"@type\":\"ReadAction\",\"target\":[\"https:\\\/\\\/fmgente.com.ar\\\/web\\\/la-casa-real-podria-iniciar-acciones-legales-contra-los-medios-que-difundieron-el-rumor-sobre-felipe-vi-y-awada\\\/\"]}]},{\"@type\":\"ImageObject\",\"inLanguage\":\"es\",\"@id\":\"https:\\\/\\\/fmgente.com.ar\\\/web\\\/la-casa-real-podria-iniciar-acciones-legales-contra-los-medios-que-difundieron-el-rumor-sobre-felipe-vi-y-awada\\\/#primaryimage\",\"url\":\"https:\\\/\\\/fmgente.com.ar\\\/web\\\/wp-content\\\/uploads\\\/2026\\\/02\\\/720-98.jpeg\",\"contentUrl\":\"https:\\\/\\\/fmgente.com.ar\\\/web\\\/wp-content\\\/uploads\\\/2026\\\/02\\\/720-98.jpeg\",\"width\":1280,\"height\":720},{\"@type\":\"WebSite\",\"@id\":\"https:\\\/\\\/fmgente.com.ar\\\/web\\\/#website\",\"url\":\"https:\\\/\\\/fmgente.com.ar\\\/web\\\/\",\"name\":\"Fm Gente\",\"description\":\"- Jes\u00fas Mar\u00eda\",\"publisher\":{\"@id\":\"https:\\\/\\\/fmgente.com.ar\\\/web\\\/#organization\"},\"potentialAction\":[{\"@type\":\"SearchAction\",\"target\":{\"@type\":\"EntryPoint\",\"urlTemplate\":\"https:\\\/\\\/fmgente.com.ar\\\/web\\\/?s={search_term_string}\"},\"query-input\":{\"@type\":\"PropertyValueSpecification\",\"valueRequired\":true,\"valueName\":\"search_term_string\"}}],\"inLanguage\":\"es\"},{\"@type\":\"Organization\",\"@id\":\"https:\\\/\\\/fmgente.com.ar\\\/web\\\/#organization\",\"name\":\"Fm Gente\",\"url\":\"https:\\\/\\\/fmgente.com.ar\\\/web\\\/\",\"logo\":{\"@type\":\"ImageObject\",\"inLanguage\":\"es\",\"@id\":\"https:\\\/\\\/fmgente.com.ar\\\/web\\\/#\\\/schema\\\/logo\\\/image\\\/\",\"url\":\"https:\\\/\\\/fmgente.com.ar\\\/web\\\/wp-content\\\/uploads\\\/2023\\\/07\\\/cropped-cropped-logo-sombra2.png\",\"contentUrl\":\"https:\\\/\\\/fmgente.com.ar\\\/web\\\/wp-content\\\/uploads\\\/2023\\\/07\\\/cropped-cropped-logo-sombra2.png\",\"width\":1782,\"height\":1782,\"caption\":\"Fm Gente\"},\"image\":{\"@id\":\"https:\\\/\\\/fmgente.com.ar\\\/web\\\/#\\\/schema\\\/logo\\\/image\\\/\"}}]}<\/script>\n<!-- \/ Yoast SEO plugin. -->","yoast_head_json":{"title":"La Casa Real podr\u00eda iniciar acciones legales contra los medios que difundieron el rumor sobre Felipe VI y Awada - Fm Gente","robots":{"index":"index","follow":"follow","max-snippet":"max-snippet:-1","max-image-preview":"max-image-preview:large","max-video-preview":"max-video-preview:-1"},"canonical":"https:\/\/fmgente.com.ar\/web\/la-casa-real-podria-iniciar-acciones-legales-contra-los-medios-que-difundieron-el-rumor-sobre-felipe-vi-y-awada\/","og_locale":"es_ES","og_type":"article","og_title":"La Casa Real podr\u00eda iniciar acciones legales contra los medios que difundieron el rumor sobre Felipe VI y Awada - Fm Gente","og_description":"Buenos Aires, 26 febrero (NA) \u2013 La Casa Real espa\u00f1ola se sinti\u00f3 \u201cmuy impactada\u201d por","og_url":"https:\/\/fmgente.com.ar\/web\/la-casa-real-podria-iniciar-acciones-legales-contra-los-medios-que-difundieron-el-rumor-sobre-felipe-vi-y-awada\/","og_site_name":"Fm Gente","article_published_time":"2026-02-26T16:06:22+00:00","twitter_card":"summary_large_image","twitter_misc":{"Tiempo de lectura":"5 minutos"},"schema":{"@context":"https:\/\/schema.org","@graph":[{"@type":"Article","@id":"https:\/\/fmgente.com.ar\/web\/la-casa-real-podria-iniciar-acciones-legales-contra-los-medios-que-difundieron-el-rumor-sobre-felipe-vi-y-awada\/#article","isPartOf":{"@id":"https:\/\/fmgente.com.ar\/web\/la-casa-real-podria-iniciar-acciones-legales-contra-los-medios-que-difundieron-el-rumor-sobre-felipe-vi-y-awada\/"},"author":{"name":"","@id":""},"headline":"La Casa Real podr\u00eda iniciar acciones legales contra los medios que difundieron el rumor sobre Felipe VI y Awada","datePublished":"2026-02-26T16:06:22+00:00","mainEntityOfPage":{"@id":"https:\/\/fmgente.com.ar\/web\/la-casa-real-podria-iniciar-acciones-legales-contra-los-medios-que-difundieron-el-rumor-sobre-felipe-vi-y-awada\/"},"wordCount":930,"publisher":{"@id":"https:\/\/fmgente.com.ar\/web\/#organization"},"image":{"@id":"https:\/\/fmgente.com.ar\/web\/la-casa-real-podria-iniciar-acciones-legales-contra-los-medios-que-difundieron-el-rumor-sobre-felipe-vi-y-awada\/#primaryimage"},"thumbnailUrl":"https:\/\/fmgente.com.ar\/web\/wp-content\/uploads\/2026\/02\/720-98.jpeg","articleSection":["DESTACADAS"],"inLanguage":"es"},{"@type":"WebPage","@id":"https:\/\/fmgente.com.ar\/web\/la-casa-real-podria-iniciar-acciones-legales-contra-los-medios-que-difundieron-el-rumor-sobre-felipe-vi-y-awada\/","url":"https:\/\/fmgente.com.ar\/web\/la-casa-real-podria-iniciar-acciones-legales-contra-los-medios-que-difundieron-el-rumor-sobre-felipe-vi-y-awada\/","name":"La Casa Real podr\u00eda iniciar acciones legales contra los medios que difundieron el rumor sobre Felipe VI y Awada - Fm Gente","isPartOf":{"@id":"https:\/\/fmgente.com.ar\/web\/#website"},"primaryImageOfPage":{"@id":"https:\/\/fmgente.com.ar\/web\/la-casa-real-podria-iniciar-acciones-legales-contra-los-medios-que-difundieron-el-rumor-sobre-felipe-vi-y-awada\/#primaryimage"},"image":{"@id":"https:\/\/fmgente.com.ar\/web\/la-casa-real-podria-iniciar-acciones-legales-contra-los-medios-que-difundieron-el-rumor-sobre-felipe-vi-y-awada\/#primaryimage"},"thumbnailUrl":"https:\/\/fmgente.com.ar\/web\/wp-content\/uploads\/2026\/02\/720-98.jpeg","datePublished":"2026-02-26T16:06:22+00:00","inLanguage":"es","potentialAction":[{"@type":"ReadAction","target":["https:\/\/fmgente.com.ar\/web\/la-casa-real-podria-iniciar-acciones-legales-contra-los-medios-que-difundieron-el-rumor-sobre-felipe-vi-y-awada\/"]}]},{"@type":"ImageObject","inLanguage":"es","@id":"https:\/\/fmgente.com.ar\/web\/la-casa-real-podria-iniciar-acciones-legales-contra-los-medios-que-difundieron-el-rumor-sobre-felipe-vi-y-awada\/#primaryimage","url":"https:\/\/fmgente.com.ar\/web\/wp-content\/uploads\/2026\/02\/720-98.jpeg","contentUrl":"https:\/\/fmgente.com.ar\/web\/wp-content\/uploads\/2026\/02\/720-98.jpeg","width":1280,"height":720},{"@type":"WebSite","@id":"https:\/\/fmgente.com.ar\/web\/#website","url":"https:\/\/fmgente.com.ar\/web\/","name":"Fm Gente","description":"- Jes\u00fas Mar\u00eda","publisher":{"@id":"https:\/\/fmgente.com.ar\/web\/#organization"},"potentialAction":[{"@type":"SearchAction","target":{"@type":"EntryPoint","urlTemplate":"https:\/\/fmgente.com.ar\/web\/?s={search_term_string}"},"query-input":{"@type":"PropertyValueSpecification","valueRequired":true,"valueName":"search_term_string"}}],"inLanguage":"es"},{"@type":"Organization","@id":"https:\/\/fmgente.com.ar\/web\/#organization","name":"Fm Gente","url":"https:\/\/fmgente.com.ar\/web\/","logo":{"@type":"ImageObject","inLanguage":"es","@id":"https:\/\/fmgente.com.ar\/web\/#\/schema\/logo\/image\/","url":"https:\/\/fmgente.com.ar\/web\/wp-content\/uploads\/2023\/07\/cropped-cropped-logo-sombra2.png","contentUrl":"https:\/\/fmgente.com.ar\/web\/wp-content\/uploads\/2023\/07\/cropped-cropped-logo-sombra2.png","width":1782,"height":1782,"caption":"Fm Gente"},"image":{"@id":"https:\/\/fmgente.com.ar\/web\/#\/schema\/logo\/image\/"}}]}},"_links":{"self":[{"href":"https:\/\/fmgente.com.ar\/web\/wp-json\/wp\/v2\/posts\/13090","targetHints":{"allow":["GET"]}}],"collection":[{"href":"https:\/\/fmgente.com.ar\/web\/wp-json\/wp\/v2\/posts"}],"about":[{"href":"https:\/\/fmgente.com.ar\/web\/wp-json\/wp\/v2\/types\/post"}],"replies":[{"embeddable":true,"href":"https:\/\/fmgente.com.ar\/web\/wp-json\/wp\/v2\/comments?post=13090"}],"version-history":[{"count":0,"href":"https:\/\/fmgente.com.ar\/web\/wp-json\/wp\/v2\/posts\/13090\/revisions"}],"wp:featuredmedia":[{"embeddable":true,"href":"https:\/\/fmgente.com.ar\/web\/wp-json\/wp\/v2\/media\/13091"}],"wp:attachment":[{"href":"https:\/\/fmgente.com.ar\/web\/wp-json\/wp\/v2\/media?parent=13090"}],"wp:term":[{"taxonomy":"category","embeddable":true,"href":"https:\/\/fmgente.com.ar\/web\/wp-json\/wp\/v2\/categories?post=13090"},{"taxonomy":"post_tag","embeddable":true,"href":"https:\/\/fmgente.com.ar\/web\/wp-json\/wp\/v2\/tags?post=13090"}],"curies":[{"name":"wp","href":"https:\/\/api.w.org\/{rel}","templated":true}]}}