{"id":13088,"date":"2026-02-26T12:07:11","date_gmt":"2026-02-26T15:07:11","guid":{"rendered":"https:\/\/fmgente.com.ar\/web\/que-esta-pasando-con-la-lactea-veronica-planta-paralizada-deudas-millonarias-y-rumores-de-venta\/"},"modified":"2026-02-26T12:07:11","modified_gmt":"2026-02-26T15:07:11","slug":"que-esta-pasando-con-la-lactea-veronica-planta-paralizada-deudas-millonarias-y-rumores-de-venta","status":"publish","type":"post","link":"https:\/\/fmgente.com.ar\/web\/que-esta-pasando-con-la-lactea-veronica-planta-paralizada-deudas-millonarias-y-rumores-de-venta\/","title":{"rendered":"Qu\u00e9 est\u00e1 pasando con la l\u00e1ctea Ver\u00f3nica: planta paralizada, deudas millonarias y rumores de venta"},"content":{"rendered":"<p><b>Se profundiza la crisis de la l\u00e1ctea Ver\u00f3nica<\/b>. La firma familiar, propiedad de la <b>familia Espi\u00f1eira<\/b>, tiene sus tres plantas de Santa Fe paralizadas por falta de materia prima, adeuda salarios y acumula una deuda por m\u00e1s de $13.000 millones por falta de fondos.<\/p>\n<p>Desde ese entonces, las especulaciones sobre su futuro son cada vez m\u00e1s fuertes. Ahora,<b> resuena nuevamente la posible venta de la l\u00e1ctea, esta vez, a un importante conglomerado industrial del agro<\/b>. <\/p>\n<p>No es la primera vez que trascienden los rumores: a mediados del a\u00f1o pasado, <a href=\"https:\/\/www.cronista.com\/negocios\/la-lactea-veronica-en-venta-negocio-con-un-gigante-del-sector-y-escucha-ofertas-de-otros-interesados\/\" target=\"_blank\" rel=\"\" title=\"https:\/\/www.cronista.com\/negocios\/la-lactea-veronica-en-venta-negocio-con-un-gigante-del-sector-y-escucha-ofertas-de-otros-interesados\/\">la multinacional francesa Savencia, due\u00f1a de las marcas Milkaut, Ilolay, Santa Rosa y Adler, fue una de las principales interesadas en quedarse con Ver\u00f3nica<\/a>. De hecho, concret\u00f3 reuniones con la familia Espi\u00f1eira para plantearle una oferta.<\/p>\n<p>Hab\u00eda, adem\u00e1s, otros grandes jugadores interesados en quedarse con la compa\u00f1\u00eda, como la canadiense <b>Saputo<\/b>, due\u00f1a de marcas como La Paulina, que <a href=\"https:\/\/www.cronista.com\/negocios\/la-duena-de-la-paulina-da-un-paso-atras-en-la-argentina-y-vende-el-80-del-negocio-a-un-holding-peruano\/\" target=\"_blank\" rel=\"\" title=\"https:\/\/www.cronista.com\/negocios\/la-duena-de-la-paulina-da-un-paso-atras-en-la-argentina-y-vende-el-80-del-negocio-a-un-holding-peruano\/\">en febrero de este a\u00f1o vendi\u00f3 el 80% de su negocio en el pa\u00eds a Gloria Foods<\/a>. <\/p>\n<p>Ahora, <b>sus 700 empleados est\u00e1n a la expectativa de qu\u00e9 suceder\u00e1 con la firma l\u00e1ctea<\/b>. En enero la compa\u00f1\u00eda dej\u00f3 de pagar los salarios; ya ven\u00eda con incumplimientos desde el a\u00f1o pasado cuando los haberes empezaron a pagarse en cuotas.<\/p>\n<p><img loading=\"lazy\" decoding=\"async\" src=\"https:\/\/www.cronista.com\/resizer\/v2\/RCLAWES44RB4BFTSSX3ERUACAE.jpg?auth=ec5b726778287a8851d3d8ad095ad3801ae2d69a7e9cf395ec58490cd49e08c8&amp;smart=true&amp;width=3000&amp;height=2000\" alt=\"\" height=\"2000\" width=\"3000\" \/><\/p>\n<p>Adem\u00e1s del conflicto laboral, <b>su operatividad est\u00e1 cada vez m\u00e1s comprometida<\/b>. <b>La empresa mantiene paralizadas sus tres plantas en Santa Fe<\/b> -ubicadas en Totoras, Lehmann y Suardi- y, en los \u00faltimos d\u00edas, <b>se qued\u00f3 sin materia prima, insumos ni servicios b\u00e1sicos<\/b> debido a la falta de pago.<\/p>\n<p>La \u00fanica planta que segu\u00eda operativa era la de Lehmann, aunque funcionaba a un nivel m\u00ednimo: <u>procesaba apenas unos 15.000 litros de leche por d\u00eda, muy lejos de su capacidad instalada, que alcanza los 600.000 litros diarios<\/u>.<\/p>\n<p>Sin embargo, ahora no s\u00f3lo dej\u00f3 de elaborar sus productos propios, sino que <u>fren\u00f3 la fabricaci\u00f3n a fas\u00f3n,<\/u> es decir, para terceras marcas, el \u00fanico ingreso que percib\u00eda la l\u00e1ctea.<\/p>\n<p>En ese marco, <b>fuentes del sector advirtieron que, de no llegar a nuevas definiciones, la empresa podr\u00eda encaminarse hacia un proceso de quiebra<\/b>.<\/p>\n<h2>Futuro incierto<\/h2>\n<p>Ya en junio del a\u00f1o pasado, <b>la l\u00e1ctea hab\u00eda activado un plan de contingencia para salvar la producci\u00f3n<\/b> que se encontraba en sus valores m\u00ednimos hist\u00f3ricos. En ese entonces, y tras m\u00e1s de 15 d\u00edas de parate, la empresa present\u00f3 un cronograma de pago para desactivar el conflicto que fren\u00f3 el funcionamiento de sus plantas.<\/p>\n<p>Ver\u00f3nica estaba procesando menos de 200.000 litros diarios, una cifra que representa e<u>l 20% de su capacidad<\/u>. <b>En pandemia lleg\u00f3 a elaborar m\u00e1s de 1 mill\u00f3n de litros de leche<\/b>.<\/p>\n<p>Una pata fundamental del negocio de Ver\u00f3nica es la venta al exterior de l\u00e1cteos. <u>Entre enero 2020 y abril 2025 la empresa export\u00f3 por m\u00e1s de u$s 102 millones<\/u>.<\/p>\n<p><u>En el primer cuatrimestre de 2025 las exportaciones sumaron un total de u$s 3,8 millones<\/u>, algo menos que en el mismo per\u00edodo de 2024 pero m\u00e1s del triple que 2023. El destino principal de las exportaciones desde 2020 es Argelia con el 72% del mercado. Mientras que la leche entera en polvo es el producto que explica el 95% del total exportado de los \u00faltimos cinco a\u00f1os.<\/p>\n<p>La crisis de Ver\u00f3nica comenz\u00f3 en 2017 y tras la muerte del fundador de la empresa, <b>Francisco Gonzalo Espi\u00f1eira<\/b>, se profundiz\u00f3. En 2020 lleg\u00f3 a procesar 1 mill\u00f3n de litros diarios de leche y logr\u00f3 ponerse al d\u00eda con los sueldos, pero luego el conflicto se recrudeci\u00f3. <\/p>\n","protected":false},"excerpt":{"rendered":"<p>Se profundiza la crisis de la l\u00e1ctea Ver\u00f3nica. La firma familiar, propiedad de la familia<\/p>\n","protected":false},"author":0,"featured_media":0,"comment_status":"","ping_status":"","sticky":false,"template":"","format":"standard","meta":{"footnotes":""},"categories":[11],"tags":[],"class_list":["post-13088","post","type-post","status-publish","format-standard","hentry","category-destacadas"],"yoast_head":"<!-- This site is optimized with the Yoast SEO plugin v27.4 - https:\/\/yoast.com\/product\/yoast-seo-wordpress\/ -->\n<title>Qu\u00e9 est\u00e1 pasando con la l\u00e1ctea Ver\u00f3nica: planta paralizada, deudas millonarias y rumores de venta - Fm Gente<\/title>\n<meta name=\"robots\" content=\"index, follow, max-snippet:-1, max-image-preview:large, max-video-preview:-1\" \/>\n<link rel=\"canonical\" href=\"https:\/\/fmgente.com.ar\/web\/que-esta-pasando-con-la-lactea-veronica-planta-paralizada-deudas-millonarias-y-rumores-de-venta\/\" \/>\n<meta property=\"og:locale\" content=\"es_ES\" \/>\n<meta property=\"og:type\" content=\"article\" \/>\n<meta property=\"og:title\" content=\"Qu\u00e9 est\u00e1 pasando con la l\u00e1ctea Ver\u00f3nica: planta paralizada, deudas millonarias y rumores de venta - Fm Gente\" \/>\n<meta property=\"og:description\" content=\"Se profundiza la crisis de la l\u00e1ctea Ver\u00f3nica. La firma familiar, propiedad de la familia\" \/>\n<meta property=\"og:url\" content=\"https:\/\/fmgente.com.ar\/web\/que-esta-pasando-con-la-lactea-veronica-planta-paralizada-deudas-millonarias-y-rumores-de-venta\/\" \/>\n<meta property=\"og:site_name\" content=\"Fm Gente\" \/>\n<meta property=\"article:published_time\" content=\"2026-02-26T15:07:11+00:00\" \/>\n<meta property=\"og:image\" content=\"https:\/\/www.cronista.com\/resizer\/v2\/RCLAWES44RB4BFTSSX3ERUACAE.jpg?auth=ec5b726778287a8851d3d8ad095ad3801ae2d69a7e9cf395ec58490cd49e08c8&amp;smart=true&amp;width=3000&amp;height=2000\" \/>\n<meta name=\"twitter:card\" content=\"summary_large_image\" \/>\n<meta name=\"twitter:label1\" content=\"Tiempo de lectura\" \/>\n\t<meta name=\"twitter:data1\" content=\"3 minutos\" \/>\n<script type=\"application\/ld+json\" class=\"yoast-schema-graph\">{\"@context\":\"https:\\\/\\\/schema.org\",\"@graph\":[{\"@type\":\"Article\",\"@id\":\"https:\\\/\\\/fmgente.com.ar\\\/web\\\/que-esta-pasando-con-la-lactea-veronica-planta-paralizada-deudas-millonarias-y-rumores-de-venta\\\/#article\",\"isPartOf\":{\"@id\":\"https:\\\/\\\/fmgente.com.ar\\\/web\\\/que-esta-pasando-con-la-lactea-veronica-planta-paralizada-deudas-millonarias-y-rumores-de-venta\\\/\"},\"author\":{\"name\":\"\",\"@id\":\"\"},\"headline\":\"Qu\u00e9 est\u00e1 pasando con la l\u00e1ctea Ver\u00f3nica: planta paralizada, deudas millonarias y rumores de venta\",\"datePublished\":\"2026-02-26T15:07:11+00:00\",\"mainEntityOfPage\":{\"@id\":\"https:\\\/\\\/fmgente.com.ar\\\/web\\\/que-esta-pasando-con-la-lactea-veronica-planta-paralizada-deudas-millonarias-y-rumores-de-venta\\\/\"},\"wordCount\":623,\"publisher\":{\"@id\":\"https:\\\/\\\/fmgente.com.ar\\\/web\\\/#organization\"},\"image\":{\"@id\":\"https:\\\/\\\/fmgente.com.ar\\\/web\\\/que-esta-pasando-con-la-lactea-veronica-planta-paralizada-deudas-millonarias-y-rumores-de-venta\\\/#primaryimage\"},\"thumbnailUrl\":\"https:\\\/\\\/www.cronista.com\\\/resizer\\\/v2\\\/RCLAWES44RB4BFTSSX3ERUACAE.jpg?auth=ec5b726778287a8851d3d8ad095ad3801ae2d69a7e9cf395ec58490cd49e08c8&amp;smart=true&amp;width=3000&amp;height=2000\",\"articleSection\":[\"DESTACADAS\"],\"inLanguage\":\"es\"},{\"@type\":\"WebPage\",\"@id\":\"https:\\\/\\\/fmgente.com.ar\\\/web\\\/que-esta-pasando-con-la-lactea-veronica-planta-paralizada-deudas-millonarias-y-rumores-de-venta\\\/\",\"url\":\"https:\\\/\\\/fmgente.com.ar\\\/web\\\/que-esta-pasando-con-la-lactea-veronica-planta-paralizada-deudas-millonarias-y-rumores-de-venta\\\/\",\"name\":\"Qu\u00e9 est\u00e1 pasando con la l\u00e1ctea Ver\u00f3nica: planta paralizada, deudas millonarias y rumores de venta - Fm Gente\",\"isPartOf\":{\"@id\":\"https:\\\/\\\/fmgente.com.ar\\\/web\\\/#website\"},\"primaryImageOfPage\":{\"@id\":\"https:\\\/\\\/fmgente.com.ar\\\/web\\\/que-esta-pasando-con-la-lactea-veronica-planta-paralizada-deudas-millonarias-y-rumores-de-venta\\\/#primaryimage\"},\"image\":{\"@id\":\"https:\\\/\\\/fmgente.com.ar\\\/web\\\/que-esta-pasando-con-la-lactea-veronica-planta-paralizada-deudas-millonarias-y-rumores-de-venta\\\/#primaryimage\"},\"thumbnailUrl\":\"https:\\\/\\\/www.cronista.com\\\/resizer\\\/v2\\\/RCLAWES44RB4BFTSSX3ERUACAE.jpg?auth=ec5b726778287a8851d3d8ad095ad3801ae2d69a7e9cf395ec58490cd49e08c8&amp;smart=true&amp;width=3000&amp;height=2000\",\"datePublished\":\"2026-02-26T15:07:11+00:00\",\"inLanguage\":\"es\",\"potentialAction\":[{\"@type\":\"ReadAction\",\"target\":[\"https:\\\/\\\/fmgente.com.ar\\\/web\\\/que-esta-pasando-con-la-lactea-veronica-planta-paralizada-deudas-millonarias-y-rumores-de-venta\\\/\"]}]},{\"@type\":\"ImageObject\",\"inLanguage\":\"es\",\"@id\":\"https:\\\/\\\/fmgente.com.ar\\\/web\\\/que-esta-pasando-con-la-lactea-veronica-planta-paralizada-deudas-millonarias-y-rumores-de-venta\\\/#primaryimage\",\"url\":\"https:\\\/\\\/www.cronista.com\\\/resizer\\\/v2\\\/RCLAWES44RB4BFTSSX3ERUACAE.jpg?auth=ec5b726778287a8851d3d8ad095ad3801ae2d69a7e9cf395ec58490cd49e08c8&amp;smart=true&amp;width=3000&amp;height=2000\",\"contentUrl\":\"https:\\\/\\\/www.cronista.com\\\/resizer\\\/v2\\\/RCLAWES44RB4BFTSSX3ERUACAE.jpg?auth=ec5b726778287a8851d3d8ad095ad3801ae2d69a7e9cf395ec58490cd49e08c8&amp;smart=true&amp;width=3000&amp;height=2000\"},{\"@type\":\"WebSite\",\"@id\":\"https:\\\/\\\/fmgente.com.ar\\\/web\\\/#website\",\"url\":\"https:\\\/\\\/fmgente.com.ar\\\/web\\\/\",\"name\":\"Fm Gente\",\"description\":\"- Jes\u00fas Mar\u00eda\",\"publisher\":{\"@id\":\"https:\\\/\\\/fmgente.com.ar\\\/web\\\/#organization\"},\"potentialAction\":[{\"@type\":\"SearchAction\",\"target\":{\"@type\":\"EntryPoint\",\"urlTemplate\":\"https:\\\/\\\/fmgente.com.ar\\\/web\\\/?s={search_term_string}\"},\"query-input\":{\"@type\":\"PropertyValueSpecification\",\"valueRequired\":true,\"valueName\":\"search_term_string\"}}],\"inLanguage\":\"es\"},{\"@type\":\"Organization\",\"@id\":\"https:\\\/\\\/fmgente.com.ar\\\/web\\\/#organization\",\"name\":\"Fm Gente\",\"url\":\"https:\\\/\\\/fmgente.com.ar\\\/web\\\/\",\"logo\":{\"@type\":\"ImageObject\",\"inLanguage\":\"es\",\"@id\":\"https:\\\/\\\/fmgente.com.ar\\\/web\\\/#\\\/schema\\\/logo\\\/image\\\/\",\"url\":\"https:\\\/\\\/fmgente.com.ar\\\/web\\\/wp-content\\\/uploads\\\/2023\\\/07\\\/cropped-cropped-logo-sombra2.png\",\"contentUrl\":\"https:\\\/\\\/fmgente.com.ar\\\/web\\\/wp-content\\\/uploads\\\/2023\\\/07\\\/cropped-cropped-logo-sombra2.png\",\"width\":1782,\"height\":1782,\"caption\":\"Fm Gente\"},\"image\":{\"@id\":\"https:\\\/\\\/fmgente.com.ar\\\/web\\\/#\\\/schema\\\/logo\\\/image\\\/\"}}]}<\/script>\n<!-- \/ Yoast SEO plugin. -->","yoast_head_json":{"title":"Qu\u00e9 est\u00e1 pasando con la l\u00e1ctea Ver\u00f3nica: planta paralizada, deudas millonarias y rumores de venta - Fm Gente","robots":{"index":"index","follow":"follow","max-snippet":"max-snippet:-1","max-image-preview":"max-image-preview:large","max-video-preview":"max-video-preview:-1"},"canonical":"https:\/\/fmgente.com.ar\/web\/que-esta-pasando-con-la-lactea-veronica-planta-paralizada-deudas-millonarias-y-rumores-de-venta\/","og_locale":"es_ES","og_type":"article","og_title":"Qu\u00e9 est\u00e1 pasando con la l\u00e1ctea Ver\u00f3nica: planta paralizada, deudas millonarias y rumores de venta - Fm Gente","og_description":"Se profundiza la crisis de la l\u00e1ctea Ver\u00f3nica. La firma familiar, propiedad de la familia","og_url":"https:\/\/fmgente.com.ar\/web\/que-esta-pasando-con-la-lactea-veronica-planta-paralizada-deudas-millonarias-y-rumores-de-venta\/","og_site_name":"Fm Gente","article_published_time":"2026-02-26T15:07:11+00:00","og_image":[{"url":"https:\/\/www.cronista.com\/resizer\/v2\/RCLAWES44RB4BFTSSX3ERUACAE.jpg?auth=ec5b726778287a8851d3d8ad095ad3801ae2d69a7e9cf395ec58490cd49e08c8&amp;smart=true&amp;width=3000&amp;height=2000","type":"","width":"","height":""}],"twitter_card":"summary_large_image","twitter_misc":{"Tiempo de lectura":"3 minutos"},"schema":{"@context":"https:\/\/schema.org","@graph":[{"@type":"Article","@id":"https:\/\/fmgente.com.ar\/web\/que-esta-pasando-con-la-lactea-veronica-planta-paralizada-deudas-millonarias-y-rumores-de-venta\/#article","isPartOf":{"@id":"https:\/\/fmgente.com.ar\/web\/que-esta-pasando-con-la-lactea-veronica-planta-paralizada-deudas-millonarias-y-rumores-de-venta\/"},"author":{"name":"","@id":""},"headline":"Qu\u00e9 est\u00e1 pasando con la l\u00e1ctea Ver\u00f3nica: planta paralizada, deudas millonarias y rumores de venta","datePublished":"2026-02-26T15:07:11+00:00","mainEntityOfPage":{"@id":"https:\/\/fmgente.com.ar\/web\/que-esta-pasando-con-la-lactea-veronica-planta-paralizada-deudas-millonarias-y-rumores-de-venta\/"},"wordCount":623,"publisher":{"@id":"https:\/\/fmgente.com.ar\/web\/#organization"},"image":{"@id":"https:\/\/fmgente.com.ar\/web\/que-esta-pasando-con-la-lactea-veronica-planta-paralizada-deudas-millonarias-y-rumores-de-venta\/#primaryimage"},"thumbnailUrl":"https:\/\/www.cronista.com\/resizer\/v2\/RCLAWES44RB4BFTSSX3ERUACAE.jpg?auth=ec5b726778287a8851d3d8ad095ad3801ae2d69a7e9cf395ec58490cd49e08c8&amp;smart=true&amp;width=3000&amp;height=2000","articleSection":["DESTACADAS"],"inLanguage":"es"},{"@type":"WebPage","@id":"https:\/\/fmgente.com.ar\/web\/que-esta-pasando-con-la-lactea-veronica-planta-paralizada-deudas-millonarias-y-rumores-de-venta\/","url":"https:\/\/fmgente.com.ar\/web\/que-esta-pasando-con-la-lactea-veronica-planta-paralizada-deudas-millonarias-y-rumores-de-venta\/","name":"Qu\u00e9 est\u00e1 pasando con la l\u00e1ctea Ver\u00f3nica: planta paralizada, deudas millonarias y rumores de venta - Fm Gente","isPartOf":{"@id":"https:\/\/fmgente.com.ar\/web\/#website"},"primaryImageOfPage":{"@id":"https:\/\/fmgente.com.ar\/web\/que-esta-pasando-con-la-lactea-veronica-planta-paralizada-deudas-millonarias-y-rumores-de-venta\/#primaryimage"},"image":{"@id":"https:\/\/fmgente.com.ar\/web\/que-esta-pasando-con-la-lactea-veronica-planta-paralizada-deudas-millonarias-y-rumores-de-venta\/#primaryimage"},"thumbnailUrl":"https:\/\/www.cronista.com\/resizer\/v2\/RCLAWES44RB4BFTSSX3ERUACAE.jpg?auth=ec5b726778287a8851d3d8ad095ad3801ae2d69a7e9cf395ec58490cd49e08c8&amp;smart=true&amp;width=3000&amp;height=2000","datePublished":"2026-02-26T15:07:11+00:00","inLanguage":"es","potentialAction":[{"@type":"ReadAction","target":["https:\/\/fmgente.com.ar\/web\/que-esta-pasando-con-la-lactea-veronica-planta-paralizada-deudas-millonarias-y-rumores-de-venta\/"]}]},{"@type":"ImageObject","inLanguage":"es","@id":"https:\/\/fmgente.com.ar\/web\/que-esta-pasando-con-la-lactea-veronica-planta-paralizada-deudas-millonarias-y-rumores-de-venta\/#primaryimage","url":"https:\/\/www.cronista.com\/resizer\/v2\/RCLAWES44RB4BFTSSX3ERUACAE.jpg?auth=ec5b726778287a8851d3d8ad095ad3801ae2d69a7e9cf395ec58490cd49e08c8&amp;smart=true&amp;width=3000&amp;height=2000","contentUrl":"https:\/\/www.cronista.com\/resizer\/v2\/RCLAWES44RB4BFTSSX3ERUACAE.jpg?auth=ec5b726778287a8851d3d8ad095ad3801ae2d69a7e9cf395ec58490cd49e08c8&amp;smart=true&amp;width=3000&amp;height=2000"},{"@type":"WebSite","@id":"https:\/\/fmgente.com.ar\/web\/#website","url":"https:\/\/fmgente.com.ar\/web\/","name":"Fm Gente","description":"- Jes\u00fas Mar\u00eda","publisher":{"@id":"https:\/\/fmgente.com.ar\/web\/#organization"},"potentialAction":[{"@type":"SearchAction","target":{"@type":"EntryPoint","urlTemplate":"https:\/\/fmgente.com.ar\/web\/?s={search_term_string}"},"query-input":{"@type":"PropertyValueSpecification","valueRequired":true,"valueName":"search_term_string"}}],"inLanguage":"es"},{"@type":"Organization","@id":"https:\/\/fmgente.com.ar\/web\/#organization","name":"Fm Gente","url":"https:\/\/fmgente.com.ar\/web\/","logo":{"@type":"ImageObject","inLanguage":"es","@id":"https:\/\/fmgente.com.ar\/web\/#\/schema\/logo\/image\/","url":"https:\/\/fmgente.com.ar\/web\/wp-content\/uploads\/2023\/07\/cropped-cropped-logo-sombra2.png","contentUrl":"https:\/\/fmgente.com.ar\/web\/wp-content\/uploads\/2023\/07\/cropped-cropped-logo-sombra2.png","width":1782,"height":1782,"caption":"Fm Gente"},"image":{"@id":"https:\/\/fmgente.com.ar\/web\/#\/schema\/logo\/image\/"}}]}},"_links":{"self":[{"href":"https:\/\/fmgente.com.ar\/web\/wp-json\/wp\/v2\/posts\/13088","targetHints":{"allow":["GET"]}}],"collection":[{"href":"https:\/\/fmgente.com.ar\/web\/wp-json\/wp\/v2\/posts"}],"about":[{"href":"https:\/\/fmgente.com.ar\/web\/wp-json\/wp\/v2\/types\/post"}],"replies":[{"embeddable":true,"href":"https:\/\/fmgente.com.ar\/web\/wp-json\/wp\/v2\/comments?post=13088"}],"version-history":[{"count":0,"href":"https:\/\/fmgente.com.ar\/web\/wp-json\/wp\/v2\/posts\/13088\/revisions"}],"wp:attachment":[{"href":"https:\/\/fmgente.com.ar\/web\/wp-json\/wp\/v2\/media?parent=13088"}],"wp:term":[{"taxonomy":"category","embeddable":true,"href":"https:\/\/fmgente.com.ar\/web\/wp-json\/wp\/v2\/categories?post=13088"},{"taxonomy":"post_tag","embeddable":true,"href":"https:\/\/fmgente.com.ar\/web\/wp-json\/wp\/v2\/tags?post=13088"}],"curies":[{"name":"wp","href":"https:\/\/api.w.org\/{rel}","templated":true}]}}