{"id":13087,"date":"2026-02-26T12:07:11","date_gmt":"2026-02-26T15:07:11","guid":{"rendered":"https:\/\/fmgente.com.ar\/web\/polemica-por-el-articulo-de-la-reforma-que-busca-frenar-las-avivadas-de-los-abogados-laboralistas\/"},"modified":"2026-02-26T12:07:11","modified_gmt":"2026-02-26T15:07:11","slug":"polemica-por-el-articulo-de-la-reforma-que-busca-frenar-las-avivadas-de-los-abogados-laboralistas","status":"publish","type":"post","link":"https:\/\/fmgente.com.ar\/web\/polemica-por-el-articulo-de-la-reforma-que-busca-frenar-las-avivadas-de-los-abogados-laboralistas\/","title":{"rendered":"Pol\u00e9mica por el art\u00edculo de la reforma que busca frenar las \u201cavivadas\u201d de los abogados laboralistas"},"content":{"rendered":"<p>El proyecto de Ley de Modernizaci\u00f3n Laboral que llega este viernes al Senado para convertirse finalmente en ley trae consigo un debate que excede la relaci\u00f3n entre empleadores y trabajadores: la abogac\u00eda laboralista sali\u00f3 a cuestionar dos art\u00edculos que, seg\u00fan advierten, <u>podr\u00edan restringir el acceso a la Justicia de los propios trabajadores que dicen representar.<\/u><\/p>\n<p> Pero para el oficialismo, esas normas apuntan a algo concreto: poner l\u00edmites a pr\u00e1cticas abusivas dentro del litigio laboral.<\/p>\n<h2>\u00bfQu\u00e9 cambia el art\u00edculo 20?<\/h2>\n<p>El coraz\u00f3n de la pol\u00e9mica est\u00e1 en la modificaci\u00f3n del art\u00edculo 20 de la Ley de Contrato de Trabajo, que regula la gratuidad del proceso laboral. La reforma mantiene ese principio, pero agrega una salvedad de peso: <u>si en el expediente queda configurada una \u201cpluspetici\u00f3n inexcusable\u201d \u2014es decir, si el juez determina que el monto reclamado fue sobreestimado de manera objetiva\u2014, las costas del juicio deber\u00e1n ser pagadas solidariamente por la parte y por el abogado que la represent\u00f3.<\/u><\/p>\n<p>En resumen: <b>si un letrado infl\u00f3 el reclamo sin sustento, responde con su propio bolsillo.<\/b><\/p>\n<p>La l\u00f3gica detr\u00e1s de la norma es desalentar una pr\u00e1ctica habitual en el fuero laboral, donde <b>algunos estudios jur\u00eddicos presentan demandas con montos exorbitantes como estrategia de presi\u00f3n o negociaci\u00f3n<\/b>, sabiendo que el trabajador no tiene riesgo patrimonial por la gratuidad del proceso. <b>Con este cambio, el profesional s\u00ed lo tendr\u00eda.<\/b><\/p>\n<h2>El art\u00edculo 277 y el pago en cuotas<\/h2>\n<p>El segundo punto en disputa es el art\u00edculo 277, que habilita el pago en cuotas de las sentencias condenatorias: hasta seis cuotas para grandes empresas y hasta doce para pymes. La norma incluye en ese esquema tanto el cr\u00e9dito del trabajador como los honorarios de sus abogados. Adem\u00e1s, fija un tope: <b>las costas procesales \u2014honorarios incluidos\u2014 no podr\u00e1n superar el 25% del monto total de la sentencia o acuerdo.<\/b><\/p>\n<p>El Colegio P\u00fablico de la Abogac\u00eda de la Capital Federal (CPACF), que nuclea a casi 90.000 matriculados, envi\u00f3 una carta a Mart\u00edn Menem y a los jefes de los bloques parlamentarios para advertir sobre lo que considera \u201cgraves implicancias\u201d para el ejercicio profesional.<\/p>\n<p><b>Su principal objeci\u00f3n al art\u00edculo 20 es que la pluspetici\u00f3n queda configurada de manera objetiva, sin necesidad de probar mala fe ni conducta temeraria.<\/b> Para el Colegio, eso es excesivo: ya existen herramientas procesales para sancionar abusos, y aplicar esta responsabilidad solo en el fuero laboral implicar\u00eda un trato discriminatorio respecto de otras ramas del derecho. El riesgo real, advierten, es que ante la amenaza patrimonial los abogados opten por reclamos m\u00e1s conservadores o directamente rechacen casos de menor cuant\u00eda o larga tramitaci\u00f3n.<\/p>\n<p>Respecto del art\u00edculo 277, cuestionan que en un fuero hist\u00f3ricamente dise\u00f1ado para proteger cr\u00e9ditos de naturaleza alimentaria se equipare al trabajador \u2014y a su abogado\u2014 con cualquier otro acreedor, diluyendo esa tutela reforzada.<\/p>\n","protected":false},"excerpt":{"rendered":"<p>El proyecto de Ley de Modernizaci\u00f3n Laboral que llega este viernes al Senado para convertirse<\/p>\n","protected":false},"author":0,"featured_media":0,"comment_status":"","ping_status":"","sticky":false,"template":"","format":"standard","meta":{"footnotes":""},"categories":[11],"tags":[],"class_list":["post-13087","post","type-post","status-publish","format-standard","hentry","category-destacadas"],"yoast_head":"<!-- This site is optimized with the Yoast SEO plugin v27.4 - https:\/\/yoast.com\/product\/yoast-seo-wordpress\/ -->\n<title>Pol\u00e9mica por el art\u00edculo de la reforma que busca frenar las \u201cavivadas\u201d de los abogados laboralistas - Fm Gente<\/title>\n<meta name=\"robots\" content=\"index, follow, max-snippet:-1, max-image-preview:large, max-video-preview:-1\" \/>\n<link rel=\"canonical\" href=\"https:\/\/fmgente.com.ar\/web\/polemica-por-el-articulo-de-la-reforma-que-busca-frenar-las-avivadas-de-los-abogados-laboralistas\/\" \/>\n<meta property=\"og:locale\" content=\"es_ES\" \/>\n<meta property=\"og:type\" content=\"article\" \/>\n<meta property=\"og:title\" content=\"Pol\u00e9mica por el art\u00edculo de la reforma que busca frenar las \u201cavivadas\u201d de los abogados laboralistas - Fm Gente\" \/>\n<meta property=\"og:description\" content=\"El proyecto de Ley de Modernizaci\u00f3n Laboral que llega este viernes al Senado para convertirse\" \/>\n<meta property=\"og:url\" content=\"https:\/\/fmgente.com.ar\/web\/polemica-por-el-articulo-de-la-reforma-que-busca-frenar-las-avivadas-de-los-abogados-laboralistas\/\" \/>\n<meta property=\"og:site_name\" content=\"Fm Gente\" \/>\n<meta property=\"article:published_time\" content=\"2026-02-26T15:07:11+00:00\" \/>\n<meta name=\"twitter:card\" content=\"summary_large_image\" \/>\n<meta name=\"twitter:label1\" content=\"Tiempo de lectura\" \/>\n\t<meta name=\"twitter:data1\" content=\"2 minutos\" \/>\n<script type=\"application\/ld+json\" class=\"yoast-schema-graph\">{\"@context\":\"https:\\\/\\\/schema.org\",\"@graph\":[{\"@type\":\"Article\",\"@id\":\"https:\\\/\\\/fmgente.com.ar\\\/web\\\/polemica-por-el-articulo-de-la-reforma-que-busca-frenar-las-avivadas-de-los-abogados-laboralistas\\\/#article\",\"isPartOf\":{\"@id\":\"https:\\\/\\\/fmgente.com.ar\\\/web\\\/polemica-por-el-articulo-de-la-reforma-que-busca-frenar-las-avivadas-de-los-abogados-laboralistas\\\/\"},\"author\":{\"name\":\"\",\"@id\":\"\"},\"headline\":\"Pol\u00e9mica por el art\u00edculo de la reforma que busca frenar las \u201cavivadas\u201d de los abogados laboralistas\",\"datePublished\":\"2026-02-26T15:07:11+00:00\",\"mainEntityOfPage\":{\"@id\":\"https:\\\/\\\/fmgente.com.ar\\\/web\\\/polemica-por-el-articulo-de-la-reforma-que-busca-frenar-las-avivadas-de-los-abogados-laboralistas\\\/\"},\"wordCount\":511,\"publisher\":{\"@id\":\"https:\\\/\\\/fmgente.com.ar\\\/web\\\/#organization\"},\"articleSection\":[\"DESTACADAS\"],\"inLanguage\":\"es\"},{\"@type\":\"WebPage\",\"@id\":\"https:\\\/\\\/fmgente.com.ar\\\/web\\\/polemica-por-el-articulo-de-la-reforma-que-busca-frenar-las-avivadas-de-los-abogados-laboralistas\\\/\",\"url\":\"https:\\\/\\\/fmgente.com.ar\\\/web\\\/polemica-por-el-articulo-de-la-reforma-que-busca-frenar-las-avivadas-de-los-abogados-laboralistas\\\/\",\"name\":\"Pol\u00e9mica por el art\u00edculo de la reforma que busca frenar las \u201cavivadas\u201d de los abogados laboralistas - Fm Gente\",\"isPartOf\":{\"@id\":\"https:\\\/\\\/fmgente.com.ar\\\/web\\\/#website\"},\"datePublished\":\"2026-02-26T15:07:11+00:00\",\"inLanguage\":\"es\",\"potentialAction\":[{\"@type\":\"ReadAction\",\"target\":[\"https:\\\/\\\/fmgente.com.ar\\\/web\\\/polemica-por-el-articulo-de-la-reforma-que-busca-frenar-las-avivadas-de-los-abogados-laboralistas\\\/\"]}]},{\"@type\":\"WebSite\",\"@id\":\"https:\\\/\\\/fmgente.com.ar\\\/web\\\/#website\",\"url\":\"https:\\\/\\\/fmgente.com.ar\\\/web\\\/\",\"name\":\"Fm Gente\",\"description\":\"- Jes\u00fas Mar\u00eda\",\"publisher\":{\"@id\":\"https:\\\/\\\/fmgente.com.ar\\\/web\\\/#organization\"},\"potentialAction\":[{\"@type\":\"SearchAction\",\"target\":{\"@type\":\"EntryPoint\",\"urlTemplate\":\"https:\\\/\\\/fmgente.com.ar\\\/web\\\/?s={search_term_string}\"},\"query-input\":{\"@type\":\"PropertyValueSpecification\",\"valueRequired\":true,\"valueName\":\"search_term_string\"}}],\"inLanguage\":\"es\"},{\"@type\":\"Organization\",\"@id\":\"https:\\\/\\\/fmgente.com.ar\\\/web\\\/#organization\",\"name\":\"Fm Gente\",\"url\":\"https:\\\/\\\/fmgente.com.ar\\\/web\\\/\",\"logo\":{\"@type\":\"ImageObject\",\"inLanguage\":\"es\",\"@id\":\"https:\\\/\\\/fmgente.com.ar\\\/web\\\/#\\\/schema\\\/logo\\\/image\\\/\",\"url\":\"https:\\\/\\\/fmgente.com.ar\\\/web\\\/wp-content\\\/uploads\\\/2023\\\/07\\\/cropped-cropped-logo-sombra2.png\",\"contentUrl\":\"https:\\\/\\\/fmgente.com.ar\\\/web\\\/wp-content\\\/uploads\\\/2023\\\/07\\\/cropped-cropped-logo-sombra2.png\",\"width\":1782,\"height\":1782,\"caption\":\"Fm Gente\"},\"image\":{\"@id\":\"https:\\\/\\\/fmgente.com.ar\\\/web\\\/#\\\/schema\\\/logo\\\/image\\\/\"}}]}<\/script>\n<!-- \/ Yoast SEO plugin. -->","yoast_head_json":{"title":"Pol\u00e9mica por el art\u00edculo de la reforma que busca frenar las \u201cavivadas\u201d de los abogados laboralistas - Fm Gente","robots":{"index":"index","follow":"follow","max-snippet":"max-snippet:-1","max-image-preview":"max-image-preview:large","max-video-preview":"max-video-preview:-1"},"canonical":"https:\/\/fmgente.com.ar\/web\/polemica-por-el-articulo-de-la-reforma-que-busca-frenar-las-avivadas-de-los-abogados-laboralistas\/","og_locale":"es_ES","og_type":"article","og_title":"Pol\u00e9mica por el art\u00edculo de la reforma que busca frenar las \u201cavivadas\u201d de los abogados laboralistas - Fm Gente","og_description":"El proyecto de Ley de Modernizaci\u00f3n Laboral que llega este viernes al Senado para convertirse","og_url":"https:\/\/fmgente.com.ar\/web\/polemica-por-el-articulo-de-la-reforma-que-busca-frenar-las-avivadas-de-los-abogados-laboralistas\/","og_site_name":"Fm Gente","article_published_time":"2026-02-26T15:07:11+00:00","twitter_card":"summary_large_image","twitter_misc":{"Tiempo de lectura":"2 minutos"},"schema":{"@context":"https:\/\/schema.org","@graph":[{"@type":"Article","@id":"https:\/\/fmgente.com.ar\/web\/polemica-por-el-articulo-de-la-reforma-que-busca-frenar-las-avivadas-de-los-abogados-laboralistas\/#article","isPartOf":{"@id":"https:\/\/fmgente.com.ar\/web\/polemica-por-el-articulo-de-la-reforma-que-busca-frenar-las-avivadas-de-los-abogados-laboralistas\/"},"author":{"name":"","@id":""},"headline":"Pol\u00e9mica por el art\u00edculo de la reforma que busca frenar las \u201cavivadas\u201d de los abogados laboralistas","datePublished":"2026-02-26T15:07:11+00:00","mainEntityOfPage":{"@id":"https:\/\/fmgente.com.ar\/web\/polemica-por-el-articulo-de-la-reforma-que-busca-frenar-las-avivadas-de-los-abogados-laboralistas\/"},"wordCount":511,"publisher":{"@id":"https:\/\/fmgente.com.ar\/web\/#organization"},"articleSection":["DESTACADAS"],"inLanguage":"es"},{"@type":"WebPage","@id":"https:\/\/fmgente.com.ar\/web\/polemica-por-el-articulo-de-la-reforma-que-busca-frenar-las-avivadas-de-los-abogados-laboralistas\/","url":"https:\/\/fmgente.com.ar\/web\/polemica-por-el-articulo-de-la-reforma-que-busca-frenar-las-avivadas-de-los-abogados-laboralistas\/","name":"Pol\u00e9mica por el art\u00edculo de la reforma que busca frenar las \u201cavivadas\u201d de los abogados laboralistas - Fm Gente","isPartOf":{"@id":"https:\/\/fmgente.com.ar\/web\/#website"},"datePublished":"2026-02-26T15:07:11+00:00","inLanguage":"es","potentialAction":[{"@type":"ReadAction","target":["https:\/\/fmgente.com.ar\/web\/polemica-por-el-articulo-de-la-reforma-que-busca-frenar-las-avivadas-de-los-abogados-laboralistas\/"]}]},{"@type":"WebSite","@id":"https:\/\/fmgente.com.ar\/web\/#website","url":"https:\/\/fmgente.com.ar\/web\/","name":"Fm Gente","description":"- Jes\u00fas Mar\u00eda","publisher":{"@id":"https:\/\/fmgente.com.ar\/web\/#organization"},"potentialAction":[{"@type":"SearchAction","target":{"@type":"EntryPoint","urlTemplate":"https:\/\/fmgente.com.ar\/web\/?s={search_term_string}"},"query-input":{"@type":"PropertyValueSpecification","valueRequired":true,"valueName":"search_term_string"}}],"inLanguage":"es"},{"@type":"Organization","@id":"https:\/\/fmgente.com.ar\/web\/#organization","name":"Fm Gente","url":"https:\/\/fmgente.com.ar\/web\/","logo":{"@type":"ImageObject","inLanguage":"es","@id":"https:\/\/fmgente.com.ar\/web\/#\/schema\/logo\/image\/","url":"https:\/\/fmgente.com.ar\/web\/wp-content\/uploads\/2023\/07\/cropped-cropped-logo-sombra2.png","contentUrl":"https:\/\/fmgente.com.ar\/web\/wp-content\/uploads\/2023\/07\/cropped-cropped-logo-sombra2.png","width":1782,"height":1782,"caption":"Fm Gente"},"image":{"@id":"https:\/\/fmgente.com.ar\/web\/#\/schema\/logo\/image\/"}}]}},"_links":{"self":[{"href":"https:\/\/fmgente.com.ar\/web\/wp-json\/wp\/v2\/posts\/13087","targetHints":{"allow":["GET"]}}],"collection":[{"href":"https:\/\/fmgente.com.ar\/web\/wp-json\/wp\/v2\/posts"}],"about":[{"href":"https:\/\/fmgente.com.ar\/web\/wp-json\/wp\/v2\/types\/post"}],"replies":[{"embeddable":true,"href":"https:\/\/fmgente.com.ar\/web\/wp-json\/wp\/v2\/comments?post=13087"}],"version-history":[{"count":0,"href":"https:\/\/fmgente.com.ar\/web\/wp-json\/wp\/v2\/posts\/13087\/revisions"}],"wp:attachment":[{"href":"https:\/\/fmgente.com.ar\/web\/wp-json\/wp\/v2\/media?parent=13087"}],"wp:term":[{"taxonomy":"category","embeddable":true,"href":"https:\/\/fmgente.com.ar\/web\/wp-json\/wp\/v2\/categories?post=13087"},{"taxonomy":"post_tag","embeddable":true,"href":"https:\/\/fmgente.com.ar\/web\/wp-json\/wp\/v2\/tags?post=13087"}],"curies":[{"name":"wp","href":"https:\/\/api.w.org\/{rel}","templated":true}]}}