{"id":1291,"date":"2023-12-18T11:56:13","date_gmt":"2023-12-18T14:56:13","guid":{"rendered":"https:\/\/fmgente.com.ar\/?p=1291"},"modified":"2023-12-18T11:56:13","modified_gmt":"2023-12-18T14:56:13","slug":"llaryora-se-reunio-con-francos-en-casa-rosada","status":"publish","type":"post","link":"https:\/\/fmgente.com.ar\/web\/llaryora-se-reunio-con-francos-en-casa-rosada\/","title":{"rendered":"Llaryora se reuni\u00f3 con Francos en Casa Rosada"},"content":{"rendered":"<article id=\"post-579873\" class=\"post-579873 post type-post status-publish format-standard has-post-thumbnail hentry category-informacion-general ast-article-single\">\n<div class=\"ast-post-format- single-layout-1\">\n<div class=\"entry-content clear\">\n<p>El ministro del Interior, Guillermo Francos, recibi\u00f3 esta tarde en su despacho de Casa Rosada al gobernador de C\u00f3rdoba, Mart\u00edn Llaryora, en un encuentro en el que ambos funcionarios calificaron como \u201cpositivo\u201d, y durante el cual analizaron la situaci\u00f3n de la provincia y el contexto a nivel nacional.<\/p>\n<p>En el marco de la reuni\u00f3n con el mandatario provincial, Francos destac\u00f3 las coincidencias con el gobernador cordob\u00e9s, ya que\u00a0<em>\u201cen l\u00edneas generales, la provincia de C\u00f3rdoba se encuentra en la misma sinton\u00eda que el Gobierno nacional en lo relativo a la necesidad de la reducci\u00f3n del gasto p\u00fablico\u201d.<\/em><\/p>\n<p><em>\u201cDurante la reuni\u00f3n, el gobernador Mart\u00edn Llaryora nos manifest\u00f3 su acompa\u00f1amiento, en el marco del inicio de esta relaci\u00f3n institucional con la provincia de C\u00f3rdoba<\/em>\u201d, a\u00f1adi\u00f3 el titular de Interior, quien concluy\u00f3 que\u00a0<em>\u201cla intenci\u00f3n de la cartera que conduzco es la de continuar reuni\u00e9ndonos con los dem\u00e1s gobernadores para analizar la situaci\u00f3n de cada una de las provincias, con el objetivo puesto en el crecimiento del pa\u00eds\u201d.<\/em><\/p>\n<figure class=\"wp-block-image aligncenter size-large is-resized\"><img loading=\"lazy\" decoding=\"async\" class=\"wp-image-579875\" src=\"https:\/\/prensa.cba.gov.ar\/wp-content\/uploads\/2023\/12\/WhatsApp-Image-2023-12-14-at-17.50.17-1024x656.jpeg\" sizes=\"auto, (max-width: 1024px) 100vw, 1024px\" srcset=\"https:\/\/prensa.cba.gov.ar\/wp-content\/uploads\/2023\/12\/WhatsApp-Image-2023-12-14-at-17.50.17-1024x656.jpeg 1024w, https:\/\/prensa.cba.gov.ar\/wp-content\/uploads\/2023\/12\/WhatsApp-Image-2023-12-14-at-17.50.17-300x192.jpeg 300w, https:\/\/prensa.cba.gov.ar\/wp-content\/uploads\/2023\/12\/WhatsApp-Image-2023-12-14-at-17.50.17-768x492.jpeg 768w, https:\/\/prensa.cba.gov.ar\/wp-content\/uploads\/2023\/12\/WhatsApp-Image-2023-12-14-at-17.50.17.jpeg 1040w\" alt=\"\" width=\"1024\" height=\"656\" \/><\/figure>\n<p>A su turno, Mart\u00edn Llaryora asegur\u00f3:\u00a0<em>\u201cSabemos que se trata de un momento dif\u00edcil del pa\u00eds, y por esa raz\u00f3n le manifest\u00e9 al ministro del Interior el acompa\u00f1amiento de nuestra provincia en este contexto en el que debemos estar todos juntos\u201d.<\/em><\/p>\n<p>Fue la primera reuni\u00f3n que Guillermo Francos mantuvo como titular de la cartera de Interior con un gobernador provincial.<\/p>\n<p>Del encuentro tambi\u00e9n participaron el ministro de Gobierno de la provincia de C\u00f3rdoba, Manuel Calvo; y su par de Vinculaci\u00f3n Comunitaria, Daniel Pastore.<\/p>\n<p><iframe loading=\"lazy\" title=\"Llaryora se reuni\u00f3 con Francos en Casa Rosada\" src=\"https:\/\/www.youtube.com\/embed\/S9fosSHc8UQ\" width=\"807\" height=\"451\" frameborder=\"0\" allowfullscreen=\"allowfullscreen\" data-mce-fragment=\"1\"><\/iframe><\/p>\n<p>&nbsp;<\/p>\n<\/div>\n<\/div>\n<\/article>\n<p><script async src=\"https:\/\/pagead2.googlesyndication.com\/pagead\/js\/adsbygoogle.js?client=ca-pub-6190387823963118\" crossorigin=\"anonymous\"><\/script><br \/>\n<!-- publi horizontal --><br \/>\n<ins class=\"adsbygoogle\" style=\"display: block;\" data-ad-client=\"ca-pub-6190387823963118\" data-ad-slot=\"1318105772\" data-ad-format=\"auto\" data-full-width-responsive=\"true\"><\/ins><br \/>\n<script>\n     (adsbygoogle = window.adsbygoogle || []).push({});\n<\/script><\/p>\n","protected":false},"excerpt":{"rendered":"<p>El ministro del Interior, Guillermo Francos, recibi\u00f3 esta tarde en su despacho de Casa Rosada<\/p>\n","protected":false},"author":2,"featured_media":1292,"comment_status":"closed","ping_status":"closed","sticky":false,"template":"","format":"video","meta":{"footnotes":""},"categories":[11],"tags":[1162,1161,1050,1163,47,1160,241],"class_list":["post-1291","post","type-post","status-publish","format-video","has-post-thumbnail","hentry","category-destacadas","tag-casa-rosada","tag-francos","tag-gobernador-de-cordoba","tag-guillermo-francos","tag-llaryora","tag-ministro-del-interior","tag-reunion","post_format-post-format-video"],"yoast_head":"<!-- This site is optimized with the Yoast SEO plugin v27.4 - https:\/\/yoast.com\/product\/yoast-seo-wordpress\/ -->\n<title>Llaryora se reuni\u00f3 con Francos en Casa Rosada - Fm Gente<\/title>\n<meta name=\"robots\" content=\"index, follow, max-snippet:-1, max-image-preview:large, max-video-preview:-1\" \/>\n<link rel=\"canonical\" href=\"https:\/\/fmgente.com.ar\/web\/llaryora-se-reunio-con-francos-en-casa-rosada\/\" \/>\n<meta property=\"og:locale\" content=\"es_ES\" \/>\n<meta property=\"og:type\" content=\"article\" \/>\n<meta property=\"og:title\" content=\"Llaryora se reuni\u00f3 con Francos en Casa Rosada - Fm Gente\" \/>\n<meta property=\"og:description\" content=\"El ministro del Interior, Guillermo Francos, recibi\u00f3 esta tarde en su despacho de Casa Rosada\" \/>\n<meta property=\"og:url\" content=\"https:\/\/fmgente.com.ar\/web\/llaryora-se-reunio-con-francos-en-casa-rosada\/\" \/>\n<meta property=\"og:site_name\" content=\"Fm Gente\" \/>\n<meta property=\"article:published_time\" content=\"2023-12-18T14:56:13+00:00\" \/>\n<meta property=\"og:image\" content=\"https:\/\/fmgente.com.ar\/web\/wp-content\/uploads\/2023\/12\/WhatsApp-Image-2023-12-14-at-17.50.18.jpeg\" \/>\n\t<meta property=\"og:image:width\" content=\"1280\" \/>\n\t<meta property=\"og:image:height\" content=\"981\" \/>\n\t<meta property=\"og:image:type\" content=\"image\/jpeg\" \/>\n<meta name=\"author\" content=\"Adri\u00e1n Hern\u00e1ndez\" \/>\n<meta name=\"twitter:card\" content=\"summary_large_image\" \/>\n<meta name=\"twitter:label1\" content=\"Escrito por\" \/>\n\t<meta name=\"twitter:data1\" content=\"Adri\u00e1n Hern\u00e1ndez\" \/>\n\t<meta name=\"twitter:label2\" content=\"Tiempo de lectura\" \/>\n\t<meta name=\"twitter:data2\" content=\"2 minutos\" \/>\n<script type=\"application\/ld+json\" class=\"yoast-schema-graph\">{\"@context\":\"https:\\\/\\\/schema.org\",\"@graph\":[{\"@type\":\"Article\",\"@id\":\"https:\\\/\\\/fmgente.com.ar\\\/web\\\/llaryora-se-reunio-con-francos-en-casa-rosada\\\/#article\",\"isPartOf\":{\"@id\":\"https:\\\/\\\/fmgente.com.ar\\\/web\\\/llaryora-se-reunio-con-francos-en-casa-rosada\\\/\"},\"author\":{\"name\":\"Adri\u00e1n Hern\u00e1ndez\",\"@id\":\"https:\\\/\\\/fmgente.com.ar\\\/web\\\/#\\\/schema\\\/person\\\/ba03fa75c17effdaafbd6daa1d78c508\"},\"headline\":\"Llaryora se reuni\u00f3 con Francos en Casa Rosada\",\"datePublished\":\"2023-12-18T14:56:13+00:00\",\"mainEntityOfPage\":{\"@id\":\"https:\\\/\\\/fmgente.com.ar\\\/web\\\/llaryora-se-reunio-con-francos-en-casa-rosada\\\/\"},\"wordCount\":287,\"publisher\":{\"@id\":\"https:\\\/\\\/fmgente.com.ar\\\/web\\\/#organization\"},\"image\":{\"@id\":\"https:\\\/\\\/fmgente.com.ar\\\/web\\\/llaryora-se-reunio-con-francos-en-casa-rosada\\\/#primaryimage\"},\"thumbnailUrl\":\"https:\\\/\\\/fmgente.com.ar\\\/web\\\/wp-content\\\/uploads\\\/2023\\\/12\\\/WhatsApp-Image-2023-12-14-at-17.50.18.jpeg\",\"keywords\":[\"Casa Rosada\",\"Francos\",\"Gobernador de C\u00f3rdoba\",\"Guillermo Francos\",\"Llaryora\",\"ministro del interior\",\"reuni\u00f3n\"],\"articleSection\":[\"DESTACADAS\"],\"inLanguage\":\"es\"},{\"@type\":\"WebPage\",\"@id\":\"https:\\\/\\\/fmgente.com.ar\\\/web\\\/llaryora-se-reunio-con-francos-en-casa-rosada\\\/\",\"url\":\"https:\\\/\\\/fmgente.com.ar\\\/web\\\/llaryora-se-reunio-con-francos-en-casa-rosada\\\/\",\"name\":\"Llaryora se reuni\u00f3 con Francos en Casa Rosada - Fm Gente\",\"isPartOf\":{\"@id\":\"https:\\\/\\\/fmgente.com.ar\\\/web\\\/#website\"},\"primaryImageOfPage\":{\"@id\":\"https:\\\/\\\/fmgente.com.ar\\\/web\\\/llaryora-se-reunio-con-francos-en-casa-rosada\\\/#primaryimage\"},\"image\":{\"@id\":\"https:\\\/\\\/fmgente.com.ar\\\/web\\\/llaryora-se-reunio-con-francos-en-casa-rosada\\\/#primaryimage\"},\"thumbnailUrl\":\"https:\\\/\\\/fmgente.com.ar\\\/web\\\/wp-content\\\/uploads\\\/2023\\\/12\\\/WhatsApp-Image-2023-12-14-at-17.50.18.jpeg\",\"datePublished\":\"2023-12-18T14:56:13+00:00\",\"inLanguage\":\"es\",\"potentialAction\":[{\"@type\":\"ReadAction\",\"target\":[\"https:\\\/\\\/fmgente.com.ar\\\/web\\\/llaryora-se-reunio-con-francos-en-casa-rosada\\\/\"]}]},{\"@type\":\"ImageObject\",\"inLanguage\":\"es\",\"@id\":\"https:\\\/\\\/fmgente.com.ar\\\/web\\\/llaryora-se-reunio-con-francos-en-casa-rosada\\\/#primaryimage\",\"url\":\"https:\\\/\\\/fmgente.com.ar\\\/web\\\/wp-content\\\/uploads\\\/2023\\\/12\\\/WhatsApp-Image-2023-12-14-at-17.50.18.jpeg\",\"contentUrl\":\"https:\\\/\\\/fmgente.com.ar\\\/web\\\/wp-content\\\/uploads\\\/2023\\\/12\\\/WhatsApp-Image-2023-12-14-at-17.50.18.jpeg\",\"width\":1280,\"height\":981},{\"@type\":\"WebSite\",\"@id\":\"https:\\\/\\\/fmgente.com.ar\\\/web\\\/#website\",\"url\":\"https:\\\/\\\/fmgente.com.ar\\\/web\\\/\",\"name\":\"Fm Gente\",\"description\":\"- Jes\u00fas Mar\u00eda\",\"publisher\":{\"@id\":\"https:\\\/\\\/fmgente.com.ar\\\/web\\\/#organization\"},\"potentialAction\":[{\"@type\":\"SearchAction\",\"target\":{\"@type\":\"EntryPoint\",\"urlTemplate\":\"https:\\\/\\\/fmgente.com.ar\\\/web\\\/?s={search_term_string}\"},\"query-input\":{\"@type\":\"PropertyValueSpecification\",\"valueRequired\":true,\"valueName\":\"search_term_string\"}}],\"inLanguage\":\"es\"},{\"@type\":\"Organization\",\"@id\":\"https:\\\/\\\/fmgente.com.ar\\\/web\\\/#organization\",\"name\":\"Fm Gente\",\"url\":\"https:\\\/\\\/fmgente.com.ar\\\/web\\\/\",\"logo\":{\"@type\":\"ImageObject\",\"inLanguage\":\"es\",\"@id\":\"https:\\\/\\\/fmgente.com.ar\\\/web\\\/#\\\/schema\\\/logo\\\/image\\\/\",\"url\":\"https:\\\/\\\/fmgente.com.ar\\\/web\\\/wp-content\\\/uploads\\\/2023\\\/07\\\/cropped-cropped-logo-sombra2.png\",\"contentUrl\":\"https:\\\/\\\/fmgente.com.ar\\\/web\\\/wp-content\\\/uploads\\\/2023\\\/07\\\/cropped-cropped-logo-sombra2.png\",\"width\":1782,\"height\":1782,\"caption\":\"Fm Gente\"},\"image\":{\"@id\":\"https:\\\/\\\/fmgente.com.ar\\\/web\\\/#\\\/schema\\\/logo\\\/image\\\/\"}},{\"@type\":\"Person\",\"@id\":\"https:\\\/\\\/fmgente.com.ar\\\/web\\\/#\\\/schema\\\/person\\\/ba03fa75c17effdaafbd6daa1d78c508\",\"name\":\"Adri\u00e1n Hern\u00e1ndez\",\"url\":\"https:\\\/\\\/fmgente.com.ar\\\/web\\\/author\\\/c1601891\\\/\"}]}<\/script>\n<!-- \/ Yoast SEO plugin. -->","yoast_head_json":{"title":"Llaryora se reuni\u00f3 con Francos en Casa Rosada - Fm Gente","robots":{"index":"index","follow":"follow","max-snippet":"max-snippet:-1","max-image-preview":"max-image-preview:large","max-video-preview":"max-video-preview:-1"},"canonical":"https:\/\/fmgente.com.ar\/web\/llaryora-se-reunio-con-francos-en-casa-rosada\/","og_locale":"es_ES","og_type":"article","og_title":"Llaryora se reuni\u00f3 con Francos en Casa Rosada - Fm Gente","og_description":"El ministro del Interior, Guillermo Francos, recibi\u00f3 esta tarde en su despacho de Casa Rosada","og_url":"https:\/\/fmgente.com.ar\/web\/llaryora-se-reunio-con-francos-en-casa-rosada\/","og_site_name":"Fm Gente","article_published_time":"2023-12-18T14:56:13+00:00","og_image":[{"width":1280,"height":981,"url":"https:\/\/fmgente.com.ar\/web\/wp-content\/uploads\/2023\/12\/WhatsApp-Image-2023-12-14-at-17.50.18.jpeg","type":"image\/jpeg"}],"author":"Adri\u00e1n Hern\u00e1ndez","twitter_card":"summary_large_image","twitter_misc":{"Escrito por":"Adri\u00e1n Hern\u00e1ndez","Tiempo de lectura":"2 minutos"},"schema":{"@context":"https:\/\/schema.org","@graph":[{"@type":"Article","@id":"https:\/\/fmgente.com.ar\/web\/llaryora-se-reunio-con-francos-en-casa-rosada\/#article","isPartOf":{"@id":"https:\/\/fmgente.com.ar\/web\/llaryora-se-reunio-con-francos-en-casa-rosada\/"},"author":{"name":"Adri\u00e1n Hern\u00e1ndez","@id":"https:\/\/fmgente.com.ar\/web\/#\/schema\/person\/ba03fa75c17effdaafbd6daa1d78c508"},"headline":"Llaryora se reuni\u00f3 con Francos en Casa Rosada","datePublished":"2023-12-18T14:56:13+00:00","mainEntityOfPage":{"@id":"https:\/\/fmgente.com.ar\/web\/llaryora-se-reunio-con-francos-en-casa-rosada\/"},"wordCount":287,"publisher":{"@id":"https:\/\/fmgente.com.ar\/web\/#organization"},"image":{"@id":"https:\/\/fmgente.com.ar\/web\/llaryora-se-reunio-con-francos-en-casa-rosada\/#primaryimage"},"thumbnailUrl":"https:\/\/fmgente.com.ar\/web\/wp-content\/uploads\/2023\/12\/WhatsApp-Image-2023-12-14-at-17.50.18.jpeg","keywords":["Casa Rosada","Francos","Gobernador de C\u00f3rdoba","Guillermo Francos","Llaryora","ministro del interior","reuni\u00f3n"],"articleSection":["DESTACADAS"],"inLanguage":"es"},{"@type":"WebPage","@id":"https:\/\/fmgente.com.ar\/web\/llaryora-se-reunio-con-francos-en-casa-rosada\/","url":"https:\/\/fmgente.com.ar\/web\/llaryora-se-reunio-con-francos-en-casa-rosada\/","name":"Llaryora se reuni\u00f3 con Francos en Casa Rosada - Fm Gente","isPartOf":{"@id":"https:\/\/fmgente.com.ar\/web\/#website"},"primaryImageOfPage":{"@id":"https:\/\/fmgente.com.ar\/web\/llaryora-se-reunio-con-francos-en-casa-rosada\/#primaryimage"},"image":{"@id":"https:\/\/fmgente.com.ar\/web\/llaryora-se-reunio-con-francos-en-casa-rosada\/#primaryimage"},"thumbnailUrl":"https:\/\/fmgente.com.ar\/web\/wp-content\/uploads\/2023\/12\/WhatsApp-Image-2023-12-14-at-17.50.18.jpeg","datePublished":"2023-12-18T14:56:13+00:00","inLanguage":"es","potentialAction":[{"@type":"ReadAction","target":["https:\/\/fmgente.com.ar\/web\/llaryora-se-reunio-con-francos-en-casa-rosada\/"]}]},{"@type":"ImageObject","inLanguage":"es","@id":"https:\/\/fmgente.com.ar\/web\/llaryora-se-reunio-con-francos-en-casa-rosada\/#primaryimage","url":"https:\/\/fmgente.com.ar\/web\/wp-content\/uploads\/2023\/12\/WhatsApp-Image-2023-12-14-at-17.50.18.jpeg","contentUrl":"https:\/\/fmgente.com.ar\/web\/wp-content\/uploads\/2023\/12\/WhatsApp-Image-2023-12-14-at-17.50.18.jpeg","width":1280,"height":981},{"@type":"WebSite","@id":"https:\/\/fmgente.com.ar\/web\/#website","url":"https:\/\/fmgente.com.ar\/web\/","name":"Fm Gente","description":"- Jes\u00fas Mar\u00eda","publisher":{"@id":"https:\/\/fmgente.com.ar\/web\/#organization"},"potentialAction":[{"@type":"SearchAction","target":{"@type":"EntryPoint","urlTemplate":"https:\/\/fmgente.com.ar\/web\/?s={search_term_string}"},"query-input":{"@type":"PropertyValueSpecification","valueRequired":true,"valueName":"search_term_string"}}],"inLanguage":"es"},{"@type":"Organization","@id":"https:\/\/fmgente.com.ar\/web\/#organization","name":"Fm Gente","url":"https:\/\/fmgente.com.ar\/web\/","logo":{"@type":"ImageObject","inLanguage":"es","@id":"https:\/\/fmgente.com.ar\/web\/#\/schema\/logo\/image\/","url":"https:\/\/fmgente.com.ar\/web\/wp-content\/uploads\/2023\/07\/cropped-cropped-logo-sombra2.png","contentUrl":"https:\/\/fmgente.com.ar\/web\/wp-content\/uploads\/2023\/07\/cropped-cropped-logo-sombra2.png","width":1782,"height":1782,"caption":"Fm Gente"},"image":{"@id":"https:\/\/fmgente.com.ar\/web\/#\/schema\/logo\/image\/"}},{"@type":"Person","@id":"https:\/\/fmgente.com.ar\/web\/#\/schema\/person\/ba03fa75c17effdaafbd6daa1d78c508","name":"Adri\u00e1n Hern\u00e1ndez","url":"https:\/\/fmgente.com.ar\/web\/author\/c1601891\/"}]}},"_links":{"self":[{"href":"https:\/\/fmgente.com.ar\/web\/wp-json\/wp\/v2\/posts\/1291","targetHints":{"allow":["GET"]}}],"collection":[{"href":"https:\/\/fmgente.com.ar\/web\/wp-json\/wp\/v2\/posts"}],"about":[{"href":"https:\/\/fmgente.com.ar\/web\/wp-json\/wp\/v2\/types\/post"}],"author":[{"embeddable":true,"href":"https:\/\/fmgente.com.ar\/web\/wp-json\/wp\/v2\/users\/2"}],"replies":[{"embeddable":true,"href":"https:\/\/fmgente.com.ar\/web\/wp-json\/wp\/v2\/comments?post=1291"}],"version-history":[{"count":1,"href":"https:\/\/fmgente.com.ar\/web\/wp-json\/wp\/v2\/posts\/1291\/revisions"}],"predecessor-version":[{"id":1293,"href":"https:\/\/fmgente.com.ar\/web\/wp-json\/wp\/v2\/posts\/1291\/revisions\/1293"}],"wp:featuredmedia":[{"embeddable":true,"href":"https:\/\/fmgente.com.ar\/web\/wp-json\/wp\/v2\/media\/1292"}],"wp:attachment":[{"href":"https:\/\/fmgente.com.ar\/web\/wp-json\/wp\/v2\/media?parent=1291"}],"wp:term":[{"taxonomy":"category","embeddable":true,"href":"https:\/\/fmgente.com.ar\/web\/wp-json\/wp\/v2\/categories?post=1291"},{"taxonomy":"post_tag","embeddable":true,"href":"https:\/\/fmgente.com.ar\/web\/wp-json\/wp\/v2\/tags?post=1291"}],"curies":[{"name":"wp","href":"https:\/\/api.w.org\/{rel}","templated":true}]}}