{"id":1288,"date":"2023-12-18T11:51:32","date_gmt":"2023-12-18T14:51:32","guid":{"rendered":"https:\/\/fmgente.com.ar\/?p=1288"},"modified":"2023-12-18T11:51:32","modified_gmt":"2023-12-18T14:51:32","slug":"asumieron-las-nuevas-autoridades-de-la-policia-de-cordoba","status":"publish","type":"post","link":"https:\/\/fmgente.com.ar\/web\/asumieron-las-nuevas-autoridades-de-la-policia-de-cordoba\/","title":{"rendered":"Asumieron las nuevas autoridades de la Polic\u00eda de C\u00f3rdoba"},"content":{"rendered":"<div id=\"primary\" class=\"content-area primary\">\n<p>El ministro de Seguridad provincial, <strong>Juan Pablo Quinteros<\/strong>, encabez\u00f3 hoy el acto de\u00a0<strong>traspaso de mando de la c\u00fapula de la Polic\u00eda de C\u00f3rdoba<\/strong>. En la oportunidad, la jefa de la fuerza policial, Liliana Z\u00e1rate Belletti, y el subjefe, Ariel Lecler, cedieron sus cargos a los comisarios generales\u00a0<strong>Leonardo Guti\u00e9rrez<\/strong>\u00a0y\u00a0<strong>Alejandro Mercado<\/strong>, respectivamente.<\/p>\n<article id=\"post-579951\" class=\"post-579951 post type-post status-publish format-standard has-post-thumbnail hentry category-gobierno category-informacion-general ast-article-single\">\n<div class=\"ast-post-format- single-layout-1\">\n<div class=\"entry-content clear\">\n<p>El acto protocolar se realiz\u00f3 en la explanada de la Jefatura de la Polic\u00eda de C\u00f3rdoba, donde el ministro puso en funciones e hizo entrega de los atributos correspondientes a sendas autoridades policiales. Del mismo modo, Z\u00e1rate Belletti le entreg\u00f3 el bast\u00f3n de mando al nuevo titular del cuerpo.<\/p>\n<figure class=\"wp-block-image aligncenter size-large is-resized\"><img loading=\"lazy\" decoding=\"async\" class=\"wp-image-579961\" src=\"https:\/\/prensa.cba.gov.ar\/wp-content\/uploads\/2023\/12\/aba75769-2631-43ea-9e11-5192c73fe7b1.jpg\" sizes=\"auto, (max-width: 993px) 100vw, 993px\" srcset=\"https:\/\/prensa.cba.gov.ar\/wp-content\/uploads\/2023\/12\/aba75769-2631-43ea-9e11-5192c73fe7b1.jpg 993w, https:\/\/prensa.cba.gov.ar\/wp-content\/uploads\/2023\/12\/aba75769-2631-43ea-9e11-5192c73fe7b1-300x200.jpg 300w, https:\/\/prensa.cba.gov.ar\/wp-content\/uploads\/2023\/12\/aba75769-2631-43ea-9e11-5192c73fe7b1-768x512.jpg 768w\" alt=\"\" width=\"993\" height=\"662\" \/><\/figure>\n<p>Quinteros defini\u00f3 los objetivos de trabajo con la nueva c\u00fapula policial y, en ese sentido, dijo:\u00a0<em>\u201cEl se\u00f1or gobernador ha elegido como jefe de polic\u00eda y la c\u00fapula policial a quienes van a tener que llevar adelante estos nuevos desaf\u00edos que tenemos con la seguridad. Esta nueva manera que nosotros vamos a tener de vincularnos con la ciudadan\u00eda, m\u00e1s pr\u00f3xima, m\u00e1s cercana, m\u00e1s emp\u00e1tica\u201d<\/em>.<\/p>\n<p>El ministro se refer\u00eda as\u00ed al nuevo proyecto de seguridad que tratar\u00e1 en los pr\u00f3ximos d\u00edas que pondr\u00e1 el acento en\u00a0<em>\u201cel despliegue territorial de la fuerza policial\u00bb. \u00abLa gente nos pide que los polic\u00edas est\u00e9n en las calles, que cambiemos el paradigma, y que la acompa\u00f1e\u201d<\/em>.<\/p>\n<figure class=\"wp-block-audio\"><audio src=\"https:\/\/prensa.cba.gov.ar\/wp-content\/uploads\/2023\/12\/Juan-Pablo-Quintreros-ok.mp3\" controls=\"controls\" data-mce-fragment=\"1\"><\/audio><figcaption class=\"wp-element-caption\"><em><strong>Audio:\u00a0<\/strong><\/em>Juan Pablo Quinteros, ministro de Seguridad.<\/figcaption><\/figure>\n<h3 class=\"wp-block-heading\"><strong>Nuevos mandos policiales<\/strong><\/h3>\n<p>Quinteros augur\u00f3 \u00e9xitos a la nueva c\u00fapula policial y subray\u00f3 que hace m\u00e1s de 17 a\u00f1os que no se realiza un traspaso institucional de estas caracter\u00edsticas. A la vez, valor\u00f3 la labor de la jefa y el subjefe salientes:\u00a0<em>\u201cLe quiero agradecer a la c\u00fapula saliente de la Polic\u00eda porque estuvo realmente a la altura del objetivo que se plantearon\u201d. \u201cSe van por la puerta grande, como se tendr\u00edan que ir todos, con todos los honores\u201d.<\/em><\/p>\n<figure class=\"wp-block-gallery has-nested-images columns-default is-cropped wp-block-gallery-1 is-layout-flex wp-block-gallery-is-layout-flex\">\n<figure class=\"wp-block-image size-large\"><a href=\"https:\/\/prensa.cba.gov.ar\/wp-content\/uploads\/2023\/12\/WhatsApp-Image-2023-12-15-at-11.38.53.jpeg\"><img loading=\"lazy\" decoding=\"async\" class=\"wp-image-579957\" src=\"https:\/\/prensa.cba.gov.ar\/wp-content\/uploads\/2023\/12\/WhatsApp-Image-2023-12-15-at-11.38.53-1024x683.jpeg\" sizes=\"auto, (max-width: 1024px) 100vw, 1024px\" srcset=\"https:\/\/prensa.cba.gov.ar\/wp-content\/uploads\/2023\/12\/WhatsApp-Image-2023-12-15-at-11.38.53-1024x683.jpeg 1024w, https:\/\/prensa.cba.gov.ar\/wp-content\/uploads\/2023\/12\/WhatsApp-Image-2023-12-15-at-11.38.53-300x200.jpeg 300w, https:\/\/prensa.cba.gov.ar\/wp-content\/uploads\/2023\/12\/WhatsApp-Image-2023-12-15-at-11.38.53-768x512.jpeg 768w, https:\/\/prensa.cba.gov.ar\/wp-content\/uploads\/2023\/12\/WhatsApp-Image-2023-12-15-at-11.38.53.jpeg 1392w\" alt=\"\" width=\"1024\" height=\"683\" data-id=\"579957\" \/><\/a><\/figure>\n<figure class=\"wp-block-image size-large\"><a href=\"https:\/\/prensa.cba.gov.ar\/wp-content\/uploads\/2023\/12\/WhatsApp-Image-2023-12-15-at-13.17.50.jpeg\"><img loading=\"lazy\" decoding=\"async\" class=\"wp-image-579967\" src=\"https:\/\/prensa.cba.gov.ar\/wp-content\/uploads\/2023\/12\/WhatsApp-Image-2023-12-15-at-13.17.50-1024x683.jpeg\" sizes=\"auto, (max-width: 1024px) 100vw, 1024px\" srcset=\"https:\/\/prensa.cba.gov.ar\/wp-content\/uploads\/2023\/12\/WhatsApp-Image-2023-12-15-at-13.17.50-1024x683.jpeg 1024w, https:\/\/prensa.cba.gov.ar\/wp-content\/uploads\/2023\/12\/WhatsApp-Image-2023-12-15-at-13.17.50-300x200.jpeg 300w, https:\/\/prensa.cba.gov.ar\/wp-content\/uploads\/2023\/12\/WhatsApp-Image-2023-12-15-at-13.17.50-768x512.jpeg 768w, https:\/\/prensa.cba.gov.ar\/wp-content\/uploads\/2023\/12\/WhatsApp-Image-2023-12-15-at-13.17.50-1536x1024.jpeg 1536w, https:\/\/prensa.cba.gov.ar\/wp-content\/uploads\/2023\/12\/WhatsApp-Image-2023-12-15-at-13.17.50.jpeg 1599w\" alt=\"\" width=\"1024\" height=\"683\" data-id=\"579967\" \/><\/a><\/figure>\n<\/figure>\n<p>En su primer discurso como\u00a0<strong>jefe de Polic\u00eda, Leonardo Guti\u00e9rrez<\/strong>\u00a0dijo: \u201c<em>Agradezco a nuestro gobernador por haberme puesto a cargo de esta prestigiosa y profesional Polic\u00eda de C\u00f3rdoba. Voy a poner todo mi esfuerzo y compromiso al servicio de esta instituci\u00f3n y de la ciudadan\u00eda, que as\u00ed se lo merece\u201d.<\/em><\/p>\n<figure class=\"wp-block-audio\"><audio src=\"https:\/\/prensa.cba.gov.ar\/wp-content\/uploads\/2023\/12\/Leonardo-Gutierrez.mp3\" controls=\"controls\" data-mce-fragment=\"1\"><\/audio><figcaption class=\"wp-element-caption\"><strong><em>Audio:<\/em><\/strong>\u00a0Leonardo Guti\u00e9rrez, jefe de Polic\u00eda<\/figcaption><\/figure>\n<p>Tambi\u00e9n se dirigi\u00f3 al personal policial de la instituci\u00f3n:<em>\u00a0\u201cLes pido que renueven este compromiso y me acompa\u00f1en con un trabajo digno, con mucha emoci\u00f3n, orgullo y dedicaci\u00f3n para generar una polic\u00eda profesional, pero siempre con una mirada clara y humana hacia nuestra sociedad\u201d.<\/em><\/p>\n<p>Por \u00faltimo, expres\u00f3:\u00a0<em>\u201cSiempre hay cosas para mejorar, vamos a mejorar las capacitaciones, nuestra empat\u00eda con la sociedad y nuestro profesionalismo. Y esto se logra con un trabajo mancomunado con todas las instituciones\u201d<\/em>.<\/p>\n<figure class=\"wp-block-image aligncenter size-large is-resized\"><img loading=\"lazy\" decoding=\"async\" class=\"wp-image-579970\" src=\"https:\/\/prensa.cba.gov.ar\/wp-content\/uploads\/2023\/12\/WhatsApp-Image-2023-12-15-at-13.17.45-1024x683.jpeg\" sizes=\"auto, (max-width: 1024px) 100vw, 1024px\" srcset=\"https:\/\/prensa.cba.gov.ar\/wp-content\/uploads\/2023\/12\/WhatsApp-Image-2023-12-15-at-13.17.45-1024x683.jpeg 1024w, https:\/\/prensa.cba.gov.ar\/wp-content\/uploads\/2023\/12\/WhatsApp-Image-2023-12-15-at-13.17.45-300x200.jpeg 300w, https:\/\/prensa.cba.gov.ar\/wp-content\/uploads\/2023\/12\/WhatsApp-Image-2023-12-15-at-13.17.45-768x512.jpeg 768w, https:\/\/prensa.cba.gov.ar\/wp-content\/uploads\/2023\/12\/WhatsApp-Image-2023-12-15-at-13.17.45-1536x1024.jpeg 1536w, https:\/\/prensa.cba.gov.ar\/wp-content\/uploads\/2023\/12\/WhatsApp-Image-2023-12-15-at-13.17.45.jpeg 1599w\" alt=\"\" width=\"1024\" height=\"683\" \/><\/figure>\n<p>Por su parte, la\u00a0<strong>jefa saliente<\/strong>\u00a0manifest\u00f3:\u00a0<em>\u00abEste traspaso habla de que los objetivos se cumplieron, pero que hay otros objetivos por cumplir\u201d. \u201cAc\u00e1 lo importante es la instituci\u00f3n, indistintamente de quien la conduzca, una instituci\u00f3n de m\u00e1s de 160 a\u00f1os, que est\u00e1 de pie, que est\u00e1 firme, que est\u00e1 capacitada, que est\u00e1 formada y que est\u00e1 disciplinada\u201d<\/em>, concluy\u00f3.<\/p>\n<p>Estuvieron tambi\u00e9n presentes las siguientes autoridades: la vicegobernadora, Myriam Prunotto; el presidente del TSJ, Luis Angulo; el intendente de la ciudad de C\u00f3rdoba, Daniel Passerini; el ministro de Justicia y Trabajo, Juli\u00e1n L\u00f3pez; y otros miembros del cuerpo legislativo y judicial.<\/p>\n<h3 class=\"wp-block-heading\"><strong>Trayectorias profesionales<\/strong><\/h3>\n<p>En su trayectoria profesional,\u00a0<strong>Leonardo Guti\u00e9rrez<\/strong>\u00a0se desempe\u00f1\u00f3 en la Direcci\u00f3n de Bomberos, en grupos especializados como la Brigada de Materiales Peligrosos (Brimap) y en el Departamento de Unidades de Alto Riesgo (Duar). Tambi\u00e9n fue director de la Direcci\u00f3n General Departamental Norte en San Carlos Minas y Cruz del Eje. M\u00e1s tarde, ingres\u00f3 a la Direcci\u00f3n General de Polic\u00eda Caminera. Luego fue titular de la Direcci\u00f3n General Departamental Sur. Sum\u00f3 m\u00e1s de 34 a\u00f1os de servicio en la Polic\u00eda de C\u00f3rdoba.<\/p>\n<p>En tanto,\u00a0<strong>Alejandro Mercado<\/strong>\u00a0es primera promoci\u00f3n de tres a\u00f1os de la Escuela de Polic\u00eda, con 35 a\u00f1os de servicio. Como comisario inspector, estuvo a cargo de la Direcci\u00f3n General de Investigaciones Criminales. Sus comienzos fueron en Polic\u00eda Caminera de Laboulaye. Fue instructor de la Escuela de Polic\u00eda. Lleva m\u00e1s de 25 a\u00f1os en la Direcci\u00f3n General de Investigaciones Criminales. Pas\u00f3 por la Unidad Regional Departamental Punilla y la Unidad Regional Departamental San Justo. Adem\u00e1s, es martillero y corredor inmobiliario matriculado.<\/p>\n<figure class=\"wp-block-embed is-type-rich is-provider-twitter wp-block-embed-twitter\">\n<div class=\"wp-block-embed__wrapper\">\n<div class=\"ast-oembed-container \">\n<div class=\"twitter-tweet twitter-tweet-rendered\"><iframe id=\"twitter-widget-0\" class=\"\" title=\"X Post\" src=\"https:\/\/platform.twitter.com\/embed\/Tweet.html?dnt=true&amp;embedId=twitter-widget-0&amp;features=eyJ0ZndfdGltZWxpbmVfbGlzdCI6eyJidWNrZXQiOltdLCJ2ZXJzaW9uIjpudWxsfSwidGZ3X2ZvbGxvd2VyX2NvdW50X3N1bnNldCI6eyJidWNrZXQiOnRydWUsInZlcnNpb24iOm51bGx9LCJ0ZndfdHdlZXRfZWRpdF9iYWNrZW5kIjp7ImJ1Y2tldCI6Im9uIiwidmVyc2lvbiI6bnVsbH0sInRmd19yZWZzcmNfc2Vzc2lvbiI6eyJidWNrZXQiOiJvbiIsInZlcnNpb24iOm51bGx9LCJ0ZndfZm9zbnJfc29mdF9pbnRlcnZlbnRpb25zX2VuYWJsZWQiOnsiYnVja2V0Ijoib24iLCJ2ZXJzaW9uIjpudWxsfSwidGZ3X21peGVkX21lZGlhXzE1ODk3Ijp7ImJ1Y2tldCI6InRyZWF0bWVudCIsInZlcnNpb24iOm51bGx9LCJ0ZndfZXhwZXJpbWVudHNfY29va2llX2V4cGlyYXRpb24iOnsiYnVja2V0IjoxMjA5NjAwLCJ2ZXJzaW9uIjpudWxsfSwidGZ3X3Nob3dfYmlyZHdhdGNoX3Bpdm90c19lbmFibGVkIjp7ImJ1Y2tldCI6Im9uIiwidmVyc2lvbiI6bnVsbH0sInRmd19kdXBsaWNhdGVfc2NyaWJlc190b19zZXR0aW5ncyI6eyJidWNrZXQiOiJvbiIsInZlcnNpb24iOm51bGx9LCJ0ZndfdXNlX3Byb2ZpbGVfaW1hZ2Vfc2hhcGVfZW5hYmxlZCI6eyJidWNrZXQiOiJvbiIsInZlcnNpb24iOm51bGx9LCJ0ZndfdmlkZW9faGxzX2R5bmFtaWNfbWFuaWZlc3RzXzE1MDgyIjp7ImJ1Y2tldCI6InRydWVfYml0cmF0ZSIsInZlcnNpb24iOm51bGx9LCJ0ZndfbGVnYWN5X3RpbWVsaW5lX3N1bnNldCI6eyJidWNrZXQiOnRydWUsInZlcnNpb24iOm51bGx9LCJ0ZndfdHdlZXRfZWRpdF9mcm9udGVuZCI6eyJidWNrZXQiOiJvbiIsInZlcnNpb24iOm51bGx9fQ%3D%3D&amp;frame=false&amp;hideCard=false&amp;hideThread=false&amp;id=1735695805422490035&amp;lang=es&amp;origin=https%3A%2F%2Fprensa.cba.gov.ar%2Fgobierno%2Fasumieron-las-nuevas-autoridades-de-la-policia-de-cordoba%2F&amp;partner=tfwp&amp;sessionId=6b720b088ab51b39fc235e4486108574b66572dd&amp;theme=light&amp;widgetsVersion=2615f7e52b7e0%3A1702314776716&amp;width=550px\" frameborder=\"0\" scrolling=\"no\" allowfullscreen=\"allowfullscreen\" data-tweet-id=\"1735695805422490035\" data-mce-fragment=\"1\"><\/iframe><\/div>\n<\/div>\n<\/div>\n<\/figure>\n<\/div>\n<p><iframe loading=\"lazy\" title=\"YouTube video player\" src=\"https:\/\/www.youtube.com\/embed\/Jpefe4ocd-0?si=GyvBEm8pn_ZCgg19\" width=\"560\" height=\"315\" frameborder=\"0\" allowfullscreen=\"allowfullscreen\" data-mce-fragment=\"1\"><\/iframe><\/p>\n<\/div>\n<\/article>\n<p>&nbsp;<\/p>\n<\/div>\n<p><script async src=\"https:\/\/pagead2.googlesyndication.com\/pagead\/js\/adsbygoogle.js?client=ca-pub-6190387823963118\" crossorigin=\"anonymous\"><\/script><br \/>\n<!-- publi horizontal --><br \/>\n<ins class=\"adsbygoogle\" style=\"display: block;\" data-ad-client=\"ca-pub-6190387823963118\" data-ad-slot=\"1318105772\" data-ad-format=\"auto\" data-full-width-responsive=\"true\"><\/ins><br \/>\n<script>\n     (adsbygoogle = window.adsbygoogle || []).push({});\n<\/script><\/p>\n","protected":false},"excerpt":{"rendered":"<p>El ministro de Seguridad provincial, Juan Pablo Quinteros, encabez\u00f3 hoy el acto de\u00a0traspaso de mando<\/p>\n","protected":false},"author":2,"featured_media":1289,"comment_status":"closed","ping_status":"closed","sticky":false,"template":"","format":"video","meta":{"footnotes":""},"categories":[11],"tags":[1093,1129,1128,1159,1131],"class_list":["post-1288","post","type-post","status-publish","format-video","has-post-thumbnail","hentry","category-destacadas","tag-asuncion","tag-juan-pablo-quinteros","tag-ministro-de-seguridad","tag-nuevas-autoridades","tag-policia-de-cordoba","post_format-post-format-video"],"yoast_head":"<!-- This site is optimized with the Yoast SEO plugin v27.4 - https:\/\/yoast.com\/product\/yoast-seo-wordpress\/ -->\n<title>Asumieron las nuevas autoridades de la Polic\u00eda de C\u00f3rdoba - Fm Gente<\/title>\n<meta name=\"robots\" content=\"index, follow, max-snippet:-1, max-image-preview:large, max-video-preview:-1\" \/>\n<link rel=\"canonical\" href=\"https:\/\/fmgente.com.ar\/web\/asumieron-las-nuevas-autoridades-de-la-policia-de-cordoba\/\" \/>\n<meta property=\"og:locale\" content=\"es_ES\" \/>\n<meta property=\"og:type\" content=\"article\" \/>\n<meta property=\"og:title\" content=\"Asumieron las nuevas autoridades de la Polic\u00eda de C\u00f3rdoba - Fm Gente\" \/>\n<meta property=\"og:description\" content=\"El ministro de Seguridad provincial, Juan Pablo Quinteros, encabez\u00f3 hoy el acto de\u00a0traspaso de mando\" \/>\n<meta property=\"og:url\" content=\"https:\/\/fmgente.com.ar\/web\/asumieron-las-nuevas-autoridades-de-la-policia-de-cordoba\/\" \/>\n<meta property=\"og:site_name\" content=\"Fm Gente\" \/>\n<meta property=\"article:published_time\" content=\"2023-12-18T14:51:32+00:00\" \/>\n<meta property=\"og:image\" content=\"https:\/\/fmgente.com.ar\/web\/wp-content\/uploads\/2023\/12\/Nuevo-Jefe-de-la-Policia-a346.jpg\" \/>\n\t<meta property=\"og:image:width\" content=\"993\" \/>\n\t<meta property=\"og:image:height\" content=\"663\" \/>\n\t<meta property=\"og:image:type\" content=\"image\/jpeg\" \/>\n<meta name=\"author\" content=\"Adri\u00e1n Hern\u00e1ndez\" \/>\n<meta name=\"twitter:card\" content=\"summary_large_image\" \/>\n<meta name=\"twitter:label1\" content=\"Escrito por\" \/>\n\t<meta name=\"twitter:data1\" content=\"Adri\u00e1n Hern\u00e1ndez\" \/>\n\t<meta name=\"twitter:label2\" content=\"Tiempo de lectura\" \/>\n\t<meta name=\"twitter:data2\" content=\"5 minutos\" \/>\n<script type=\"application\/ld+json\" class=\"yoast-schema-graph\">{\"@context\":\"https:\\\/\\\/schema.org\",\"@graph\":[{\"@type\":\"Article\",\"@id\":\"https:\\\/\\\/fmgente.com.ar\\\/web\\\/asumieron-las-nuevas-autoridades-de-la-policia-de-cordoba\\\/#article\",\"isPartOf\":{\"@id\":\"https:\\\/\\\/fmgente.com.ar\\\/web\\\/asumieron-las-nuevas-autoridades-de-la-policia-de-cordoba\\\/\"},\"author\":{\"name\":\"Adri\u00e1n Hern\u00e1ndez\",\"@id\":\"https:\\\/\\\/fmgente.com.ar\\\/web\\\/#\\\/schema\\\/person\\\/ba03fa75c17effdaafbd6daa1d78c508\"},\"headline\":\"Asumieron las nuevas autoridades de la Polic\u00eda de C\u00f3rdoba\",\"datePublished\":\"2023-12-18T14:51:32+00:00\",\"mainEntityOfPage\":{\"@id\":\"https:\\\/\\\/fmgente.com.ar\\\/web\\\/asumieron-las-nuevas-autoridades-de-la-policia-de-cordoba\\\/\"},\"wordCount\":783,\"publisher\":{\"@id\":\"https:\\\/\\\/fmgente.com.ar\\\/web\\\/#organization\"},\"image\":{\"@id\":\"https:\\\/\\\/fmgente.com.ar\\\/web\\\/asumieron-las-nuevas-autoridades-de-la-policia-de-cordoba\\\/#primaryimage\"},\"thumbnailUrl\":\"https:\\\/\\\/fmgente.com.ar\\\/web\\\/wp-content\\\/uploads\\\/2023\\\/12\\\/Nuevo-Jefe-de-la-Policia-a346.jpg\",\"keywords\":[\"asunci\u00f3n\",\"Juan Pablo Quinteros\",\"ministro de seguridad\",\"nuevas autoridades\",\"Polic\u00eda de c\u00f3rdoba\"],\"articleSection\":[\"DESTACADAS\"],\"inLanguage\":\"es\"},{\"@type\":\"WebPage\",\"@id\":\"https:\\\/\\\/fmgente.com.ar\\\/web\\\/asumieron-las-nuevas-autoridades-de-la-policia-de-cordoba\\\/\",\"url\":\"https:\\\/\\\/fmgente.com.ar\\\/web\\\/asumieron-las-nuevas-autoridades-de-la-policia-de-cordoba\\\/\",\"name\":\"Asumieron las nuevas autoridades de la Polic\u00eda de C\u00f3rdoba - Fm Gente\",\"isPartOf\":{\"@id\":\"https:\\\/\\\/fmgente.com.ar\\\/web\\\/#website\"},\"primaryImageOfPage\":{\"@id\":\"https:\\\/\\\/fmgente.com.ar\\\/web\\\/asumieron-las-nuevas-autoridades-de-la-policia-de-cordoba\\\/#primaryimage\"},\"image\":{\"@id\":\"https:\\\/\\\/fmgente.com.ar\\\/web\\\/asumieron-las-nuevas-autoridades-de-la-policia-de-cordoba\\\/#primaryimage\"},\"thumbnailUrl\":\"https:\\\/\\\/fmgente.com.ar\\\/web\\\/wp-content\\\/uploads\\\/2023\\\/12\\\/Nuevo-Jefe-de-la-Policia-a346.jpg\",\"datePublished\":\"2023-12-18T14:51:32+00:00\",\"inLanguage\":\"es\",\"potentialAction\":[{\"@type\":\"ReadAction\",\"target\":[\"https:\\\/\\\/fmgente.com.ar\\\/web\\\/asumieron-las-nuevas-autoridades-de-la-policia-de-cordoba\\\/\"]}]},{\"@type\":\"ImageObject\",\"inLanguage\":\"es\",\"@id\":\"https:\\\/\\\/fmgente.com.ar\\\/web\\\/asumieron-las-nuevas-autoridades-de-la-policia-de-cordoba\\\/#primaryimage\",\"url\":\"https:\\\/\\\/fmgente.com.ar\\\/web\\\/wp-content\\\/uploads\\\/2023\\\/12\\\/Nuevo-Jefe-de-la-Policia-a346.jpg\",\"contentUrl\":\"https:\\\/\\\/fmgente.com.ar\\\/web\\\/wp-content\\\/uploads\\\/2023\\\/12\\\/Nuevo-Jefe-de-la-Policia-a346.jpg\",\"width\":993,\"height\":663},{\"@type\":\"WebSite\",\"@id\":\"https:\\\/\\\/fmgente.com.ar\\\/web\\\/#website\",\"url\":\"https:\\\/\\\/fmgente.com.ar\\\/web\\\/\",\"name\":\"Fm Gente\",\"description\":\"- Jes\u00fas Mar\u00eda\",\"publisher\":{\"@id\":\"https:\\\/\\\/fmgente.com.ar\\\/web\\\/#organization\"},\"potentialAction\":[{\"@type\":\"SearchAction\",\"target\":{\"@type\":\"EntryPoint\",\"urlTemplate\":\"https:\\\/\\\/fmgente.com.ar\\\/web\\\/?s={search_term_string}\"},\"query-input\":{\"@type\":\"PropertyValueSpecification\",\"valueRequired\":true,\"valueName\":\"search_term_string\"}}],\"inLanguage\":\"es\"},{\"@type\":\"Organization\",\"@id\":\"https:\\\/\\\/fmgente.com.ar\\\/web\\\/#organization\",\"name\":\"Fm Gente\",\"url\":\"https:\\\/\\\/fmgente.com.ar\\\/web\\\/\",\"logo\":{\"@type\":\"ImageObject\",\"inLanguage\":\"es\",\"@id\":\"https:\\\/\\\/fmgente.com.ar\\\/web\\\/#\\\/schema\\\/logo\\\/image\\\/\",\"url\":\"https:\\\/\\\/fmgente.com.ar\\\/web\\\/wp-content\\\/uploads\\\/2023\\\/07\\\/cropped-cropped-logo-sombra2.png\",\"contentUrl\":\"https:\\\/\\\/fmgente.com.ar\\\/web\\\/wp-content\\\/uploads\\\/2023\\\/07\\\/cropped-cropped-logo-sombra2.png\",\"width\":1782,\"height\":1782,\"caption\":\"Fm Gente\"},\"image\":{\"@id\":\"https:\\\/\\\/fmgente.com.ar\\\/web\\\/#\\\/schema\\\/logo\\\/image\\\/\"}},{\"@type\":\"Person\",\"@id\":\"https:\\\/\\\/fmgente.com.ar\\\/web\\\/#\\\/schema\\\/person\\\/ba03fa75c17effdaafbd6daa1d78c508\",\"name\":\"Adri\u00e1n Hern\u00e1ndez\",\"url\":\"https:\\\/\\\/fmgente.com.ar\\\/web\\\/author\\\/c1601891\\\/\"}]}<\/script>\n<!-- \/ Yoast SEO plugin. -->","yoast_head_json":{"title":"Asumieron las nuevas autoridades de la Polic\u00eda de C\u00f3rdoba - Fm Gente","robots":{"index":"index","follow":"follow","max-snippet":"max-snippet:-1","max-image-preview":"max-image-preview:large","max-video-preview":"max-video-preview:-1"},"canonical":"https:\/\/fmgente.com.ar\/web\/asumieron-las-nuevas-autoridades-de-la-policia-de-cordoba\/","og_locale":"es_ES","og_type":"article","og_title":"Asumieron las nuevas autoridades de la Polic\u00eda de C\u00f3rdoba - Fm Gente","og_description":"El ministro de Seguridad provincial, Juan Pablo Quinteros, encabez\u00f3 hoy el acto de\u00a0traspaso de mando","og_url":"https:\/\/fmgente.com.ar\/web\/asumieron-las-nuevas-autoridades-de-la-policia-de-cordoba\/","og_site_name":"Fm Gente","article_published_time":"2023-12-18T14:51:32+00:00","og_image":[{"width":993,"height":663,"url":"https:\/\/fmgente.com.ar\/web\/wp-content\/uploads\/2023\/12\/Nuevo-Jefe-de-la-Policia-a346.jpg","type":"image\/jpeg"}],"author":"Adri\u00e1n Hern\u00e1ndez","twitter_card":"summary_large_image","twitter_misc":{"Escrito por":"Adri\u00e1n Hern\u00e1ndez","Tiempo de lectura":"5 minutos"},"schema":{"@context":"https:\/\/schema.org","@graph":[{"@type":"Article","@id":"https:\/\/fmgente.com.ar\/web\/asumieron-las-nuevas-autoridades-de-la-policia-de-cordoba\/#article","isPartOf":{"@id":"https:\/\/fmgente.com.ar\/web\/asumieron-las-nuevas-autoridades-de-la-policia-de-cordoba\/"},"author":{"name":"Adri\u00e1n Hern\u00e1ndez","@id":"https:\/\/fmgente.com.ar\/web\/#\/schema\/person\/ba03fa75c17effdaafbd6daa1d78c508"},"headline":"Asumieron las nuevas autoridades de la Polic\u00eda de C\u00f3rdoba","datePublished":"2023-12-18T14:51:32+00:00","mainEntityOfPage":{"@id":"https:\/\/fmgente.com.ar\/web\/asumieron-las-nuevas-autoridades-de-la-policia-de-cordoba\/"},"wordCount":783,"publisher":{"@id":"https:\/\/fmgente.com.ar\/web\/#organization"},"image":{"@id":"https:\/\/fmgente.com.ar\/web\/asumieron-las-nuevas-autoridades-de-la-policia-de-cordoba\/#primaryimage"},"thumbnailUrl":"https:\/\/fmgente.com.ar\/web\/wp-content\/uploads\/2023\/12\/Nuevo-Jefe-de-la-Policia-a346.jpg","keywords":["asunci\u00f3n","Juan Pablo Quinteros","ministro de seguridad","nuevas autoridades","Polic\u00eda de c\u00f3rdoba"],"articleSection":["DESTACADAS"],"inLanguage":"es"},{"@type":"WebPage","@id":"https:\/\/fmgente.com.ar\/web\/asumieron-las-nuevas-autoridades-de-la-policia-de-cordoba\/","url":"https:\/\/fmgente.com.ar\/web\/asumieron-las-nuevas-autoridades-de-la-policia-de-cordoba\/","name":"Asumieron las nuevas autoridades de la Polic\u00eda de C\u00f3rdoba - Fm Gente","isPartOf":{"@id":"https:\/\/fmgente.com.ar\/web\/#website"},"primaryImageOfPage":{"@id":"https:\/\/fmgente.com.ar\/web\/asumieron-las-nuevas-autoridades-de-la-policia-de-cordoba\/#primaryimage"},"image":{"@id":"https:\/\/fmgente.com.ar\/web\/asumieron-las-nuevas-autoridades-de-la-policia-de-cordoba\/#primaryimage"},"thumbnailUrl":"https:\/\/fmgente.com.ar\/web\/wp-content\/uploads\/2023\/12\/Nuevo-Jefe-de-la-Policia-a346.jpg","datePublished":"2023-12-18T14:51:32+00:00","inLanguage":"es","potentialAction":[{"@type":"ReadAction","target":["https:\/\/fmgente.com.ar\/web\/asumieron-las-nuevas-autoridades-de-la-policia-de-cordoba\/"]}]},{"@type":"ImageObject","inLanguage":"es","@id":"https:\/\/fmgente.com.ar\/web\/asumieron-las-nuevas-autoridades-de-la-policia-de-cordoba\/#primaryimage","url":"https:\/\/fmgente.com.ar\/web\/wp-content\/uploads\/2023\/12\/Nuevo-Jefe-de-la-Policia-a346.jpg","contentUrl":"https:\/\/fmgente.com.ar\/web\/wp-content\/uploads\/2023\/12\/Nuevo-Jefe-de-la-Policia-a346.jpg","width":993,"height":663},{"@type":"WebSite","@id":"https:\/\/fmgente.com.ar\/web\/#website","url":"https:\/\/fmgente.com.ar\/web\/","name":"Fm Gente","description":"- Jes\u00fas Mar\u00eda","publisher":{"@id":"https:\/\/fmgente.com.ar\/web\/#organization"},"potentialAction":[{"@type":"SearchAction","target":{"@type":"EntryPoint","urlTemplate":"https:\/\/fmgente.com.ar\/web\/?s={search_term_string}"},"query-input":{"@type":"PropertyValueSpecification","valueRequired":true,"valueName":"search_term_string"}}],"inLanguage":"es"},{"@type":"Organization","@id":"https:\/\/fmgente.com.ar\/web\/#organization","name":"Fm Gente","url":"https:\/\/fmgente.com.ar\/web\/","logo":{"@type":"ImageObject","inLanguage":"es","@id":"https:\/\/fmgente.com.ar\/web\/#\/schema\/logo\/image\/","url":"https:\/\/fmgente.com.ar\/web\/wp-content\/uploads\/2023\/07\/cropped-cropped-logo-sombra2.png","contentUrl":"https:\/\/fmgente.com.ar\/web\/wp-content\/uploads\/2023\/07\/cropped-cropped-logo-sombra2.png","width":1782,"height":1782,"caption":"Fm Gente"},"image":{"@id":"https:\/\/fmgente.com.ar\/web\/#\/schema\/logo\/image\/"}},{"@type":"Person","@id":"https:\/\/fmgente.com.ar\/web\/#\/schema\/person\/ba03fa75c17effdaafbd6daa1d78c508","name":"Adri\u00e1n Hern\u00e1ndez","url":"https:\/\/fmgente.com.ar\/web\/author\/c1601891\/"}]}},"_links":{"self":[{"href":"https:\/\/fmgente.com.ar\/web\/wp-json\/wp\/v2\/posts\/1288","targetHints":{"allow":["GET"]}}],"collection":[{"href":"https:\/\/fmgente.com.ar\/web\/wp-json\/wp\/v2\/posts"}],"about":[{"href":"https:\/\/fmgente.com.ar\/web\/wp-json\/wp\/v2\/types\/post"}],"author":[{"embeddable":true,"href":"https:\/\/fmgente.com.ar\/web\/wp-json\/wp\/v2\/users\/2"}],"replies":[{"embeddable":true,"href":"https:\/\/fmgente.com.ar\/web\/wp-json\/wp\/v2\/comments?post=1288"}],"version-history":[{"count":1,"href":"https:\/\/fmgente.com.ar\/web\/wp-json\/wp\/v2\/posts\/1288\/revisions"}],"predecessor-version":[{"id":1290,"href":"https:\/\/fmgente.com.ar\/web\/wp-json\/wp\/v2\/posts\/1288\/revisions\/1290"}],"wp:featuredmedia":[{"embeddable":true,"href":"https:\/\/fmgente.com.ar\/web\/wp-json\/wp\/v2\/media\/1289"}],"wp:attachment":[{"href":"https:\/\/fmgente.com.ar\/web\/wp-json\/wp\/v2\/media?parent=1288"}],"wp:term":[{"taxonomy":"category","embeddable":true,"href":"https:\/\/fmgente.com.ar\/web\/wp-json\/wp\/v2\/categories?post=1288"},{"taxonomy":"post_tag","embeddable":true,"href":"https:\/\/fmgente.com.ar\/web\/wp-json\/wp\/v2\/tags?post=1288"}],"curies":[{"name":"wp","href":"https:\/\/api.w.org\/{rel}","templated":true}]}}