{"id":1285,"date":"2023-12-18T11:46:31","date_gmt":"2023-12-18T14:46:31","guid":{"rendered":"https:\/\/fmgente.com.ar\/?p=1285"},"modified":"2023-12-18T11:46:31","modified_gmt":"2023-12-18T14:46:31","slug":"llaryora-designo-a-dario-capitani-como-presidente-de-la-agencia-cordoba-turismo","status":"publish","type":"post","link":"https:\/\/fmgente.com.ar\/web\/llaryora-designo-a-dario-capitani-como-presidente-de-la-agencia-cordoba-turismo\/","title":{"rendered":"Llaryora design\u00f3 a Dar\u00edo Capitani como presidente de la Agencia C\u00f3rdoba Turismo"},"content":{"rendered":"<p>El gobernador Mart\u00edn Llaryora design\u00f3 a Dar\u00edo Capitani como Presidente de la Agencia C\u00f3rdoba Turismo. El flamante funcionario es un dirigente pol\u00edtico de dilatada trayectoria de la ciudad de Villa Mar\u00eda.<\/p>\n<p>Casado y con dos hijos, Capitani fue concejal de Villa Mar\u00eda en los per\u00edodos 2003\/2007 y 2011\/2015.<\/p>\n<p>Luego, entre el 2015 y 2019, fue Legislador Provincial (presidente bloque PRO), cargo que mantuvo hasta el presente a\u00f1o.<\/p>\n<p>Capitani tambi\u00e9n se desempe\u00f1\u00f3 como coordinador Pol\u00edtico del Ministerio del Interior con la provincia de C\u00f3rdoba durante la presidencia de Mauricio Macri.<\/p>\n<p>A Capitani se le reconoce su impronta en la formaci\u00f3n de equipos para gestionar.<\/p>\n<p>Su experiencia en la administraci\u00f3n p\u00fablica y la articulaci\u00f3n con el sector privado, ser\u00e1n el sost\u00e9n para la conformaci\u00f3n de cuadros especializados en Turismo que lo acompa\u00f1ar\u00e1n en la gesti\u00f3n frente a la Agencia.<\/p>\n<p><strong>CARGOS PARTIDARIOS DESTACADOS<\/strong><\/p>\n<ul>\n<li>Presidente de PRO C\u00f3rdoba de 2016 a 2020<\/li>\n<li>Presidente de PRO Departamento gral San Martin (2020 a actualidad)<\/li>\n<li>Miembro de Asamblea Nacional PRO 2014-2016)<\/li>\n<li>Vicepresidente de PRO C\u00f3rdoba 2014-2016<\/li>\n<li>Candidato a Intendente por JXC 2023 en Ciudad de Villa Mar\u00eda<\/li>\n<\/ul>\n<p><script async src=\"https:\/\/pagead2.googlesyndication.com\/pagead\/js\/adsbygoogle.js?client=ca-pub-6190387823963118\" crossorigin=\"anonymous\"><\/script><br \/>\n<!-- publi horizontal --><br \/>\n<ins class=\"adsbygoogle\" style=\"display: block;\" data-ad-client=\"ca-pub-6190387823963118\" data-ad-slot=\"1318105772\" data-ad-format=\"auto\" data-full-width-responsive=\"true\"><\/ins><br \/>\n<script>\n     (adsbygoogle = window.adsbygoogle || []).push({});\n<\/script><\/p>\n","protected":false},"excerpt":{"rendered":"<p>El gobernador Mart\u00edn Llaryora design\u00f3 a Dar\u00edo Capitani como Presidente de la Agencia C\u00f3rdoba Turismo.<\/p>\n","protected":false},"author":2,"featured_media":1286,"comment_status":"closed","ping_status":"closed","sticky":false,"template":"","format":"standard","meta":{"footnotes":""},"categories":[11],"tags":[988,1157,1156,1158,47],"class_list":["post-1285","post","type-post","status-publish","format-standard","has-post-thumbnail","hentry","category-destacadas","tag-agencia-cordoba-turismo","tag-dario-capitani","tag-desigancion","tag-gobienro-de-cordoba","tag-llaryora"],"yoast_head":"<!-- This site is optimized with the Yoast SEO plugin v27.4 - https:\/\/yoast.com\/product\/yoast-seo-wordpress\/ -->\n<title>Llaryora design\u00f3 a Dar\u00edo Capitani como presidente de la Agencia C\u00f3rdoba Turismo - Fm Gente<\/title>\n<meta name=\"robots\" content=\"index, follow, max-snippet:-1, max-image-preview:large, max-video-preview:-1\" \/>\n<link rel=\"canonical\" href=\"https:\/\/fmgente.com.ar\/web\/llaryora-designo-a-dario-capitani-como-presidente-de-la-agencia-cordoba-turismo\/\" \/>\n<meta property=\"og:locale\" content=\"es_ES\" \/>\n<meta property=\"og:type\" content=\"article\" \/>\n<meta property=\"og:title\" content=\"Llaryora design\u00f3 a Dar\u00edo Capitani como presidente de la Agencia C\u00f3rdoba Turismo - Fm Gente\" \/>\n<meta property=\"og:description\" content=\"El gobernador Mart\u00edn Llaryora design\u00f3 a Dar\u00edo Capitani como Presidente de la Agencia C\u00f3rdoba Turismo.\" \/>\n<meta property=\"og:url\" content=\"https:\/\/fmgente.com.ar\/web\/llaryora-designo-a-dario-capitani-como-presidente-de-la-agencia-cordoba-turismo\/\" \/>\n<meta property=\"og:site_name\" content=\"Fm Gente\" \/>\n<meta property=\"article:published_time\" content=\"2023-12-18T14:46:31+00:00\" \/>\n<meta property=\"og:image\" content=\"https:\/\/fmgente.com.ar\/web\/wp-content\/uploads\/2023\/12\/WhatsApp-Image-2023-12-16-at-19.56.59.jpeg\" \/>\n\t<meta property=\"og:image:width\" content=\"932\" \/>\n\t<meta property=\"og:image:height\" content=\"683\" \/>\n\t<meta property=\"og:image:type\" content=\"image\/jpeg\" \/>\n<meta name=\"author\" content=\"Adri\u00e1n Hern\u00e1ndez\" \/>\n<meta name=\"twitter:card\" content=\"summary_large_image\" \/>\n<meta name=\"twitter:label1\" content=\"Escrito por\" \/>\n\t<meta name=\"twitter:data1\" content=\"Adri\u00e1n Hern\u00e1ndez\" \/>\n\t<meta name=\"twitter:label2\" content=\"Tiempo de lectura\" \/>\n\t<meta name=\"twitter:data2\" content=\"2 minutos\" \/>\n<script type=\"application\/ld+json\" class=\"yoast-schema-graph\">{\"@context\":\"https:\\\/\\\/schema.org\",\"@graph\":[{\"@type\":\"Article\",\"@id\":\"https:\\\/\\\/fmgente.com.ar\\\/web\\\/llaryora-designo-a-dario-capitani-como-presidente-de-la-agencia-cordoba-turismo\\\/#article\",\"isPartOf\":{\"@id\":\"https:\\\/\\\/fmgente.com.ar\\\/web\\\/llaryora-designo-a-dario-capitani-como-presidente-de-la-agencia-cordoba-turismo\\\/\"},\"author\":{\"name\":\"Adri\u00e1n Hern\u00e1ndez\",\"@id\":\"https:\\\/\\\/fmgente.com.ar\\\/web\\\/#\\\/schema\\\/person\\\/ba03fa75c17effdaafbd6daa1d78c508\"},\"headline\":\"Llaryora design\u00f3 a Dar\u00edo Capitani como presidente de la Agencia C\u00f3rdoba Turismo\",\"datePublished\":\"2023-12-18T14:46:31+00:00\",\"mainEntityOfPage\":{\"@id\":\"https:\\\/\\\/fmgente.com.ar\\\/web\\\/llaryora-designo-a-dario-capitani-como-presidente-de-la-agencia-cordoba-turismo\\\/\"},\"wordCount\":210,\"publisher\":{\"@id\":\"https:\\\/\\\/fmgente.com.ar\\\/web\\\/#organization\"},\"image\":{\"@id\":\"https:\\\/\\\/fmgente.com.ar\\\/web\\\/llaryora-designo-a-dario-capitani-como-presidente-de-la-agencia-cordoba-turismo\\\/#primaryimage\"},\"thumbnailUrl\":\"https:\\\/\\\/fmgente.com.ar\\\/web\\\/wp-content\\\/uploads\\\/2023\\\/12\\\/WhatsApp-Image-2023-12-16-at-19.56.59.jpeg\",\"keywords\":[\"Agencia C\u00f3rdoba Turismo\",\"Dario Capitani\",\"desiganci\u00f3n\",\"Gobienro de C\u00f3rdoba\",\"Llaryora\"],\"articleSection\":[\"DESTACADAS\"],\"inLanguage\":\"es\"},{\"@type\":\"WebPage\",\"@id\":\"https:\\\/\\\/fmgente.com.ar\\\/web\\\/llaryora-designo-a-dario-capitani-como-presidente-de-la-agencia-cordoba-turismo\\\/\",\"url\":\"https:\\\/\\\/fmgente.com.ar\\\/web\\\/llaryora-designo-a-dario-capitani-como-presidente-de-la-agencia-cordoba-turismo\\\/\",\"name\":\"Llaryora design\u00f3 a Dar\u00edo Capitani como presidente de la Agencia C\u00f3rdoba Turismo - Fm Gente\",\"isPartOf\":{\"@id\":\"https:\\\/\\\/fmgente.com.ar\\\/web\\\/#website\"},\"primaryImageOfPage\":{\"@id\":\"https:\\\/\\\/fmgente.com.ar\\\/web\\\/llaryora-designo-a-dario-capitani-como-presidente-de-la-agencia-cordoba-turismo\\\/#primaryimage\"},\"image\":{\"@id\":\"https:\\\/\\\/fmgente.com.ar\\\/web\\\/llaryora-designo-a-dario-capitani-como-presidente-de-la-agencia-cordoba-turismo\\\/#primaryimage\"},\"thumbnailUrl\":\"https:\\\/\\\/fmgente.com.ar\\\/web\\\/wp-content\\\/uploads\\\/2023\\\/12\\\/WhatsApp-Image-2023-12-16-at-19.56.59.jpeg\",\"datePublished\":\"2023-12-18T14:46:31+00:00\",\"inLanguage\":\"es\",\"potentialAction\":[{\"@type\":\"ReadAction\",\"target\":[\"https:\\\/\\\/fmgente.com.ar\\\/web\\\/llaryora-designo-a-dario-capitani-como-presidente-de-la-agencia-cordoba-turismo\\\/\"]}]},{\"@type\":\"ImageObject\",\"inLanguage\":\"es\",\"@id\":\"https:\\\/\\\/fmgente.com.ar\\\/web\\\/llaryora-designo-a-dario-capitani-como-presidente-de-la-agencia-cordoba-turismo\\\/#primaryimage\",\"url\":\"https:\\\/\\\/fmgente.com.ar\\\/web\\\/wp-content\\\/uploads\\\/2023\\\/12\\\/WhatsApp-Image-2023-12-16-at-19.56.59.jpeg\",\"contentUrl\":\"https:\\\/\\\/fmgente.com.ar\\\/web\\\/wp-content\\\/uploads\\\/2023\\\/12\\\/WhatsApp-Image-2023-12-16-at-19.56.59.jpeg\",\"width\":932,\"height\":683},{\"@type\":\"WebSite\",\"@id\":\"https:\\\/\\\/fmgente.com.ar\\\/web\\\/#website\",\"url\":\"https:\\\/\\\/fmgente.com.ar\\\/web\\\/\",\"name\":\"Fm Gente\",\"description\":\"- Jes\u00fas Mar\u00eda\",\"publisher\":{\"@id\":\"https:\\\/\\\/fmgente.com.ar\\\/web\\\/#organization\"},\"potentialAction\":[{\"@type\":\"SearchAction\",\"target\":{\"@type\":\"EntryPoint\",\"urlTemplate\":\"https:\\\/\\\/fmgente.com.ar\\\/web\\\/?s={search_term_string}\"},\"query-input\":{\"@type\":\"PropertyValueSpecification\",\"valueRequired\":true,\"valueName\":\"search_term_string\"}}],\"inLanguage\":\"es\"},{\"@type\":\"Organization\",\"@id\":\"https:\\\/\\\/fmgente.com.ar\\\/web\\\/#organization\",\"name\":\"Fm Gente\",\"url\":\"https:\\\/\\\/fmgente.com.ar\\\/web\\\/\",\"logo\":{\"@type\":\"ImageObject\",\"inLanguage\":\"es\",\"@id\":\"https:\\\/\\\/fmgente.com.ar\\\/web\\\/#\\\/schema\\\/logo\\\/image\\\/\",\"url\":\"https:\\\/\\\/fmgente.com.ar\\\/web\\\/wp-content\\\/uploads\\\/2023\\\/07\\\/cropped-cropped-logo-sombra2.png\",\"contentUrl\":\"https:\\\/\\\/fmgente.com.ar\\\/web\\\/wp-content\\\/uploads\\\/2023\\\/07\\\/cropped-cropped-logo-sombra2.png\",\"width\":1782,\"height\":1782,\"caption\":\"Fm Gente\"},\"image\":{\"@id\":\"https:\\\/\\\/fmgente.com.ar\\\/web\\\/#\\\/schema\\\/logo\\\/image\\\/\"}},{\"@type\":\"Person\",\"@id\":\"https:\\\/\\\/fmgente.com.ar\\\/web\\\/#\\\/schema\\\/person\\\/ba03fa75c17effdaafbd6daa1d78c508\",\"name\":\"Adri\u00e1n Hern\u00e1ndez\",\"url\":\"https:\\\/\\\/fmgente.com.ar\\\/web\\\/author\\\/c1601891\\\/\"}]}<\/script>\n<!-- \/ Yoast SEO plugin. -->","yoast_head_json":{"title":"Llaryora design\u00f3 a Dar\u00edo Capitani como presidente de la Agencia C\u00f3rdoba Turismo - Fm Gente","robots":{"index":"index","follow":"follow","max-snippet":"max-snippet:-1","max-image-preview":"max-image-preview:large","max-video-preview":"max-video-preview:-1"},"canonical":"https:\/\/fmgente.com.ar\/web\/llaryora-designo-a-dario-capitani-como-presidente-de-la-agencia-cordoba-turismo\/","og_locale":"es_ES","og_type":"article","og_title":"Llaryora design\u00f3 a Dar\u00edo Capitani como presidente de la Agencia C\u00f3rdoba Turismo - Fm Gente","og_description":"El gobernador Mart\u00edn Llaryora design\u00f3 a Dar\u00edo Capitani como Presidente de la Agencia C\u00f3rdoba Turismo.","og_url":"https:\/\/fmgente.com.ar\/web\/llaryora-designo-a-dario-capitani-como-presidente-de-la-agencia-cordoba-turismo\/","og_site_name":"Fm Gente","article_published_time":"2023-12-18T14:46:31+00:00","og_image":[{"width":932,"height":683,"url":"https:\/\/fmgente.com.ar\/web\/wp-content\/uploads\/2023\/12\/WhatsApp-Image-2023-12-16-at-19.56.59.jpeg","type":"image\/jpeg"}],"author":"Adri\u00e1n Hern\u00e1ndez","twitter_card":"summary_large_image","twitter_misc":{"Escrito por":"Adri\u00e1n Hern\u00e1ndez","Tiempo de lectura":"2 minutos"},"schema":{"@context":"https:\/\/schema.org","@graph":[{"@type":"Article","@id":"https:\/\/fmgente.com.ar\/web\/llaryora-designo-a-dario-capitani-como-presidente-de-la-agencia-cordoba-turismo\/#article","isPartOf":{"@id":"https:\/\/fmgente.com.ar\/web\/llaryora-designo-a-dario-capitani-como-presidente-de-la-agencia-cordoba-turismo\/"},"author":{"name":"Adri\u00e1n Hern\u00e1ndez","@id":"https:\/\/fmgente.com.ar\/web\/#\/schema\/person\/ba03fa75c17effdaafbd6daa1d78c508"},"headline":"Llaryora design\u00f3 a Dar\u00edo Capitani como presidente de la Agencia C\u00f3rdoba Turismo","datePublished":"2023-12-18T14:46:31+00:00","mainEntityOfPage":{"@id":"https:\/\/fmgente.com.ar\/web\/llaryora-designo-a-dario-capitani-como-presidente-de-la-agencia-cordoba-turismo\/"},"wordCount":210,"publisher":{"@id":"https:\/\/fmgente.com.ar\/web\/#organization"},"image":{"@id":"https:\/\/fmgente.com.ar\/web\/llaryora-designo-a-dario-capitani-como-presidente-de-la-agencia-cordoba-turismo\/#primaryimage"},"thumbnailUrl":"https:\/\/fmgente.com.ar\/web\/wp-content\/uploads\/2023\/12\/WhatsApp-Image-2023-12-16-at-19.56.59.jpeg","keywords":["Agencia C\u00f3rdoba Turismo","Dario Capitani","desiganci\u00f3n","Gobienro de C\u00f3rdoba","Llaryora"],"articleSection":["DESTACADAS"],"inLanguage":"es"},{"@type":"WebPage","@id":"https:\/\/fmgente.com.ar\/web\/llaryora-designo-a-dario-capitani-como-presidente-de-la-agencia-cordoba-turismo\/","url":"https:\/\/fmgente.com.ar\/web\/llaryora-designo-a-dario-capitani-como-presidente-de-la-agencia-cordoba-turismo\/","name":"Llaryora design\u00f3 a Dar\u00edo Capitani como presidente de la Agencia C\u00f3rdoba Turismo - Fm Gente","isPartOf":{"@id":"https:\/\/fmgente.com.ar\/web\/#website"},"primaryImageOfPage":{"@id":"https:\/\/fmgente.com.ar\/web\/llaryora-designo-a-dario-capitani-como-presidente-de-la-agencia-cordoba-turismo\/#primaryimage"},"image":{"@id":"https:\/\/fmgente.com.ar\/web\/llaryora-designo-a-dario-capitani-como-presidente-de-la-agencia-cordoba-turismo\/#primaryimage"},"thumbnailUrl":"https:\/\/fmgente.com.ar\/web\/wp-content\/uploads\/2023\/12\/WhatsApp-Image-2023-12-16-at-19.56.59.jpeg","datePublished":"2023-12-18T14:46:31+00:00","inLanguage":"es","potentialAction":[{"@type":"ReadAction","target":["https:\/\/fmgente.com.ar\/web\/llaryora-designo-a-dario-capitani-como-presidente-de-la-agencia-cordoba-turismo\/"]}]},{"@type":"ImageObject","inLanguage":"es","@id":"https:\/\/fmgente.com.ar\/web\/llaryora-designo-a-dario-capitani-como-presidente-de-la-agencia-cordoba-turismo\/#primaryimage","url":"https:\/\/fmgente.com.ar\/web\/wp-content\/uploads\/2023\/12\/WhatsApp-Image-2023-12-16-at-19.56.59.jpeg","contentUrl":"https:\/\/fmgente.com.ar\/web\/wp-content\/uploads\/2023\/12\/WhatsApp-Image-2023-12-16-at-19.56.59.jpeg","width":932,"height":683},{"@type":"WebSite","@id":"https:\/\/fmgente.com.ar\/web\/#website","url":"https:\/\/fmgente.com.ar\/web\/","name":"Fm Gente","description":"- Jes\u00fas Mar\u00eda","publisher":{"@id":"https:\/\/fmgente.com.ar\/web\/#organization"},"potentialAction":[{"@type":"SearchAction","target":{"@type":"EntryPoint","urlTemplate":"https:\/\/fmgente.com.ar\/web\/?s={search_term_string}"},"query-input":{"@type":"PropertyValueSpecification","valueRequired":true,"valueName":"search_term_string"}}],"inLanguage":"es"},{"@type":"Organization","@id":"https:\/\/fmgente.com.ar\/web\/#organization","name":"Fm Gente","url":"https:\/\/fmgente.com.ar\/web\/","logo":{"@type":"ImageObject","inLanguage":"es","@id":"https:\/\/fmgente.com.ar\/web\/#\/schema\/logo\/image\/","url":"https:\/\/fmgente.com.ar\/web\/wp-content\/uploads\/2023\/07\/cropped-cropped-logo-sombra2.png","contentUrl":"https:\/\/fmgente.com.ar\/web\/wp-content\/uploads\/2023\/07\/cropped-cropped-logo-sombra2.png","width":1782,"height":1782,"caption":"Fm Gente"},"image":{"@id":"https:\/\/fmgente.com.ar\/web\/#\/schema\/logo\/image\/"}},{"@type":"Person","@id":"https:\/\/fmgente.com.ar\/web\/#\/schema\/person\/ba03fa75c17effdaafbd6daa1d78c508","name":"Adri\u00e1n Hern\u00e1ndez","url":"https:\/\/fmgente.com.ar\/web\/author\/c1601891\/"}]}},"_links":{"self":[{"href":"https:\/\/fmgente.com.ar\/web\/wp-json\/wp\/v2\/posts\/1285","targetHints":{"allow":["GET"]}}],"collection":[{"href":"https:\/\/fmgente.com.ar\/web\/wp-json\/wp\/v2\/posts"}],"about":[{"href":"https:\/\/fmgente.com.ar\/web\/wp-json\/wp\/v2\/types\/post"}],"author":[{"embeddable":true,"href":"https:\/\/fmgente.com.ar\/web\/wp-json\/wp\/v2\/users\/2"}],"replies":[{"embeddable":true,"href":"https:\/\/fmgente.com.ar\/web\/wp-json\/wp\/v2\/comments?post=1285"}],"version-history":[{"count":1,"href":"https:\/\/fmgente.com.ar\/web\/wp-json\/wp\/v2\/posts\/1285\/revisions"}],"predecessor-version":[{"id":1287,"href":"https:\/\/fmgente.com.ar\/web\/wp-json\/wp\/v2\/posts\/1285\/revisions\/1287"}],"wp:featuredmedia":[{"embeddable":true,"href":"https:\/\/fmgente.com.ar\/web\/wp-json\/wp\/v2\/media\/1286"}],"wp:attachment":[{"href":"https:\/\/fmgente.com.ar\/web\/wp-json\/wp\/v2\/media?parent=1285"}],"wp:term":[{"taxonomy":"category","embeddable":true,"href":"https:\/\/fmgente.com.ar\/web\/wp-json\/wp\/v2\/categories?post=1285"},{"taxonomy":"post_tag","embeddable":true,"href":"https:\/\/fmgente.com.ar\/web\/wp-json\/wp\/v2\/tags?post=1285"}],"curies":[{"name":"wp","href":"https:\/\/api.w.org\/{rel}","templated":true}]}}