{"id":128,"date":"2023-07-05T08:39:03","date_gmt":"2023-07-05T11:39:03","guid":{"rendered":"https:\/\/fmgente.com.ar\/?p=128"},"modified":"2023-07-05T08:57:09","modified_gmt":"2023-07-05T11:57:09","slug":"historico-el-festival-de-jesus-maria-incorporara-nuevas-escuelas","status":"publish","type":"post","link":"https:\/\/fmgente.com.ar\/web\/historico-el-festival-de-jesus-maria-incorporara-nuevas-escuelas\/","title":{"rendered":"Hist\u00f3rico: El festival de Jes\u00fas Mar\u00eda, incorporar\u00e1 nuevas escuelas"},"content":{"rendered":"<p>As\u00ed lo decidi\u00f3 la Asamblea en votaci\u00f3n por unanimidad. Se sumar\u00e1n dos instituciones por edici\u00f3n. Durante la jornada del martes 4 de julio de 2023, se realiz\u00f3 la Asamblea General Ordinaria y<br \/>\nExtraordinaria del Festival Nacional de Doma y Folklore.<\/p>\n<p>&nbsp;<\/p>\n<p><iframe loading=\"lazy\" title=\"YouTube video player\" src=\"https:\/\/www.youtube.com\/embed\/DCKeoTsXU9U\" width=\"560\" height=\"315\" frameborder=\"0\" allowfullscreen=\"allowfullscreen\"><\/iframe><\/p>\n<p>Un acontecimiento hist\u00f3rico para la instituci\u00f3n en el cual se sumar\u00e1n dos establecimientos educativos por a\u00f1o que recibir\u00e1n los beneficios de lo recaudado en las \u201cnoches de color y coraje\u201d.<br \/>\nEl hecho sobresaliente del acto signific\u00f3 la apertura a la incorporaci\u00f3n de nuevas escuelas de la zona, de acuerdo a la decisi\u00f3n un\u00e1nime de las veinte cooperadoras que la integran hasta la actualidad.<br \/>\nEn el mes de marzo de 2024 se recibir\u00e1n las postulaciones y aquellas cooperadoras que cumplan con los requisitos de admisibilidad quedar\u00e1n habilitadas para ser elegidas en la pr\u00f3xima Asamblea General. Asimismo, se dio el visto bueno para ampliar geogr\u00e1ficamente los alcances del Festival, incorporando a la localidad de Sinsacate que se suma a Jes\u00fas Mar\u00eda, Colonia Caroya y Colonia Vicente Ag\u00fcero.<br \/>\nOtro aspecto destacado fue la determinaci\u00f3n para que, en esta oportunidad, se entregue el 60 por ciento de lo recaudado en la \u00faltima edici\u00f3n del Festival. Vale recordar que, de los 122 millones de utilidad, ya se entreg\u00f3 el 50 por ciento y a la brevedad se otorgar\u00e1 el 10 restante, alrededor de 6 millones de pesos. Tambi\u00e9n se determin\u00f3 la no modificaci\u00f3n del art\u00edculo que establece la distribuci\u00f3n de utilidades sobre los montos fijos del beneficio. Adem\u00e1s de la aprobaci\u00f3n de Memoria, Balance y Ejercicio Econ\u00f3mico, se vot\u00f3 la renovaci\u00f3n parcial de la Comisi\u00f3n Directiva con la confirmaci\u00f3n de Clara Gramajo como Vicepresidenta Primera y Ariel Alt en el cargo de Vicepresidente Segundo. A su vez, Jos\u00e9 Corbal\u00e1n ser\u00e1 el Presidente del \u00d3rgano de Fiscalizaci\u00f3n.<\/p>\n<p>Otro punto aprobado fue la modificaci\u00f3n de la estructura de Comisi\u00f3n Directiva, que pasar\u00e1 a tener 38 miembros en lugar de 52; la inclusi\u00f3n al estatuto de los protocolos de prevenci\u00f3n y erradicaci\u00f3n de violencia de g\u00e9nero y violencia infantil y la incorporaci\u00f3n del instructivo de rendici\u00f3n de cuentas del Gabinete Psicopedag\u00f3gico.<br \/>\nDe esta manera la familia festivalera crece para seguir trabajando solidariamente en beneficio de la educaci\u00f3n, sin perder el objetivo ni la esencia con la que fue creada.<\/p>\n<p>&nbsp;<\/p>\n<p><a href=\"https:\/\/fmgente.com.ar\/wp-content\/uploads\/2023\/07\/840dc588-421f-4c9c-980d-b7340e5de9a8.jpg\"><img loading=\"lazy\" decoding=\"async\" class=\"alignnone size-full wp-image-130\" src=\"https:\/\/fmgente.com.ar\/wp-content\/uploads\/2023\/07\/840dc588-421f-4c9c-980d-b7340e5de9a8.jpg\" alt=\"\" width=\"1600\" height=\"1200\" srcset=\"https:\/\/fmgente.com.ar\/web\/wp-content\/uploads\/2023\/07\/840dc588-421f-4c9c-980d-b7340e5de9a8.jpg 1600w, https:\/\/fmgente.com.ar\/web\/wp-content\/uploads\/2023\/07\/840dc588-421f-4c9c-980d-b7340e5de9a8-300x225.jpg 300w, https:\/\/fmgente.com.ar\/web\/wp-content\/uploads\/2023\/07\/840dc588-421f-4c9c-980d-b7340e5de9a8-1024x768.jpg 1024w, https:\/\/fmgente.com.ar\/web\/wp-content\/uploads\/2023\/07\/840dc588-421f-4c9c-980d-b7340e5de9a8-768x576.jpg 768w, https:\/\/fmgente.com.ar\/web\/wp-content\/uploads\/2023\/07\/840dc588-421f-4c9c-980d-b7340e5de9a8-1536x1152.jpg 1536w\" sizes=\"auto, (max-width: 1600px) 100vw, 1600px\" \/><\/a> <a href=\"https:\/\/fmgente.com.ar\/wp-content\/uploads\/2023\/07\/bedbef10-39d8-4de9-a54f-28d4d78a6b38.jpg\"><img loading=\"lazy\" decoding=\"async\" class=\"alignnone size-full wp-image-131\" src=\"https:\/\/fmgente.com.ar\/wp-content\/uploads\/2023\/07\/bedbef10-39d8-4de9-a54f-28d4d78a6b38.jpg\" alt=\"\" width=\"1600\" height=\"1200\" srcset=\"https:\/\/fmgente.com.ar\/web\/wp-content\/uploads\/2023\/07\/bedbef10-39d8-4de9-a54f-28d4d78a6b38.jpg 1600w, https:\/\/fmgente.com.ar\/web\/wp-content\/uploads\/2023\/07\/bedbef10-39d8-4de9-a54f-28d4d78a6b38-300x225.jpg 300w, https:\/\/fmgente.com.ar\/web\/wp-content\/uploads\/2023\/07\/bedbef10-39d8-4de9-a54f-28d4d78a6b38-1024x768.jpg 1024w, https:\/\/fmgente.com.ar\/web\/wp-content\/uploads\/2023\/07\/bedbef10-39d8-4de9-a54f-28d4d78a6b38-768x576.jpg 768w, https:\/\/fmgente.com.ar\/web\/wp-content\/uploads\/2023\/07\/bedbef10-39d8-4de9-a54f-28d4d78a6b38-1536x1152.jpg 1536w\" sizes=\"auto, (max-width: 1600px) 100vw, 1600px\" \/><\/a> <a href=\"https:\/\/fmgente.com.ar\/wp-content\/uploads\/2023\/07\/d9a7085d-a98c-457b-b77e-b9396a47da17.jpg\"><img loading=\"lazy\" decoding=\"async\" class=\"alignnone size-full wp-image-132\" src=\"https:\/\/fmgente.com.ar\/wp-content\/uploads\/2023\/07\/d9a7085d-a98c-457b-b77e-b9396a47da17.jpg\" alt=\"\" width=\"1600\" height=\"1200\" srcset=\"https:\/\/fmgente.com.ar\/web\/wp-content\/uploads\/2023\/07\/d9a7085d-a98c-457b-b77e-b9396a47da17.jpg 1600w, https:\/\/fmgente.com.ar\/web\/wp-content\/uploads\/2023\/07\/d9a7085d-a98c-457b-b77e-b9396a47da17-300x225.jpg 300w, https:\/\/fmgente.com.ar\/web\/wp-content\/uploads\/2023\/07\/d9a7085d-a98c-457b-b77e-b9396a47da17-1024x768.jpg 1024w, https:\/\/fmgente.com.ar\/web\/wp-content\/uploads\/2023\/07\/d9a7085d-a98c-457b-b77e-b9396a47da17-768x576.jpg 768w, https:\/\/fmgente.com.ar\/web\/wp-content\/uploads\/2023\/07\/d9a7085d-a98c-457b-b77e-b9396a47da17-1536x1152.jpg 1536w\" sizes=\"auto, (max-width: 1600px) 100vw, 1600px\" \/><\/a><\/p>\n","protected":false},"excerpt":{"rendered":"<p>As\u00ed lo decidi\u00f3 la Asamblea en votaci\u00f3n por unanimidad. Se sumar\u00e1n dos instituciones por edici\u00f3n.<\/p>\n","protected":false},"author":2,"featured_media":129,"comment_status":"closed","ping_status":"closed","sticky":false,"template":"","format":"standard","meta":{"footnotes":""},"categories":[11],"tags":[95,97,94,91,92,93,96],"class_list":["post-128","post","type-post","status-publish","format-standard","has-post-thumbnail","hentry","category-destacadas","tag-ano","tag-comision","tag-escuelas","tag-festival","tag-jesus-maria","tag-nuevas","tag-proximo"],"yoast_head":"<!-- This site is optimized with the Yoast SEO plugin v27.4 - https:\/\/yoast.com\/product\/yoast-seo-wordpress\/ -->\n<title>Hist\u00f3rico: El festival de Jes\u00fas Mar\u00eda, incorporar\u00e1 nuevas escuelas - Fm Gente<\/title>\n<meta name=\"robots\" content=\"index, follow, max-snippet:-1, max-image-preview:large, max-video-preview:-1\" \/>\n<link rel=\"canonical\" href=\"https:\/\/fmgente.com.ar\/web\/historico-el-festival-de-jesus-maria-incorporara-nuevas-escuelas\/\" \/>\n<meta property=\"og:locale\" content=\"es_ES\" \/>\n<meta property=\"og:type\" content=\"article\" \/>\n<meta property=\"og:title\" content=\"Hist\u00f3rico: El festival de Jes\u00fas Mar\u00eda, incorporar\u00e1 nuevas escuelas - Fm Gente\" \/>\n<meta property=\"og:description\" content=\"As\u00ed lo decidi\u00f3 la Asamblea en votaci\u00f3n por unanimidad. Se sumar\u00e1n dos instituciones por edici\u00f3n.\" \/>\n<meta property=\"og:url\" content=\"https:\/\/fmgente.com.ar\/web\/historico-el-festival-de-jesus-maria-incorporara-nuevas-escuelas\/\" \/>\n<meta property=\"og:site_name\" content=\"Fm Gente\" \/>\n<meta property=\"article:published_time\" content=\"2023-07-05T11:39:03+00:00\" \/>\n<meta property=\"article:modified_time\" content=\"2023-07-05T11:57:09+00:00\" \/>\n<meta property=\"og:image\" content=\"https:\/\/fmgente.com.ar\/web\/wp-content\/uploads\/2023\/07\/617ce8c2-431b-402e-925b-e361a688bbb2.jpg\" \/>\n\t<meta property=\"og:image:width\" content=\"1600\" \/>\n\t<meta property=\"og:image:height\" content=\"1200\" \/>\n\t<meta property=\"og:image:type\" content=\"image\/jpeg\" \/>\n<meta name=\"author\" content=\"Adri\u00e1n Hern\u00e1ndez\" \/>\n<meta name=\"twitter:card\" content=\"summary_large_image\" \/>\n<meta name=\"twitter:label1\" content=\"Escrito por\" \/>\n\t<meta name=\"twitter:data1\" content=\"Adri\u00e1n Hern\u00e1ndez\" \/>\n\t<meta name=\"twitter:label2\" content=\"Tiempo de lectura\" \/>\n\t<meta name=\"twitter:data2\" content=\"3 minutos\" \/>\n<script type=\"application\/ld+json\" class=\"yoast-schema-graph\">{\"@context\":\"https:\\\/\\\/schema.org\",\"@graph\":[{\"@type\":\"Article\",\"@id\":\"https:\\\/\\\/fmgente.com.ar\\\/web\\\/historico-el-festival-de-jesus-maria-incorporara-nuevas-escuelas\\\/#article\",\"isPartOf\":{\"@id\":\"https:\\\/\\\/fmgente.com.ar\\\/web\\\/historico-el-festival-de-jesus-maria-incorporara-nuevas-escuelas\\\/\"},\"author\":{\"name\":\"Adri\u00e1n Hern\u00e1ndez\",\"@id\":\"https:\\\/\\\/fmgente.com.ar\\\/web\\\/#\\\/schema\\\/person\\\/ba03fa75c17effdaafbd6daa1d78c508\"},\"headline\":\"Hist\u00f3rico: El festival de Jes\u00fas Mar\u00eda, incorporar\u00e1 nuevas escuelas\",\"datePublished\":\"2023-07-05T11:39:03+00:00\",\"dateModified\":\"2023-07-05T11:57:09+00:00\",\"mainEntityOfPage\":{\"@id\":\"https:\\\/\\\/fmgente.com.ar\\\/web\\\/historico-el-festival-de-jesus-maria-incorporara-nuevas-escuelas\\\/\"},\"wordCount\":417,\"publisher\":{\"@id\":\"https:\\\/\\\/fmgente.com.ar\\\/web\\\/#organization\"},\"image\":{\"@id\":\"https:\\\/\\\/fmgente.com.ar\\\/web\\\/historico-el-festival-de-jesus-maria-incorporara-nuevas-escuelas\\\/#primaryimage\"},\"thumbnailUrl\":\"https:\\\/\\\/fmgente.com.ar\\\/web\\\/wp-content\\\/uploads\\\/2023\\\/07\\\/617ce8c2-431b-402e-925b-e361a688bbb2.jpg\",\"keywords\":[\"a\u00f1o\",\"comisi\u00f3n\",\"escuelas\",\"festival\",\"Jes\u00fas Mar\u00eda\",\"nuevas\",\"pr\u00f3ximo\"],\"articleSection\":[\"DESTACADAS\"],\"inLanguage\":\"es\"},{\"@type\":\"WebPage\",\"@id\":\"https:\\\/\\\/fmgente.com.ar\\\/web\\\/historico-el-festival-de-jesus-maria-incorporara-nuevas-escuelas\\\/\",\"url\":\"https:\\\/\\\/fmgente.com.ar\\\/web\\\/historico-el-festival-de-jesus-maria-incorporara-nuevas-escuelas\\\/\",\"name\":\"Hist\u00f3rico: El festival de Jes\u00fas Mar\u00eda, incorporar\u00e1 nuevas escuelas - Fm Gente\",\"isPartOf\":{\"@id\":\"https:\\\/\\\/fmgente.com.ar\\\/web\\\/#website\"},\"primaryImageOfPage\":{\"@id\":\"https:\\\/\\\/fmgente.com.ar\\\/web\\\/historico-el-festival-de-jesus-maria-incorporara-nuevas-escuelas\\\/#primaryimage\"},\"image\":{\"@id\":\"https:\\\/\\\/fmgente.com.ar\\\/web\\\/historico-el-festival-de-jesus-maria-incorporara-nuevas-escuelas\\\/#primaryimage\"},\"thumbnailUrl\":\"https:\\\/\\\/fmgente.com.ar\\\/web\\\/wp-content\\\/uploads\\\/2023\\\/07\\\/617ce8c2-431b-402e-925b-e361a688bbb2.jpg\",\"datePublished\":\"2023-07-05T11:39:03+00:00\",\"dateModified\":\"2023-07-05T11:57:09+00:00\",\"inLanguage\":\"es\",\"potentialAction\":[{\"@type\":\"ReadAction\",\"target\":[\"https:\\\/\\\/fmgente.com.ar\\\/web\\\/historico-el-festival-de-jesus-maria-incorporara-nuevas-escuelas\\\/\"]}]},{\"@type\":\"ImageObject\",\"inLanguage\":\"es\",\"@id\":\"https:\\\/\\\/fmgente.com.ar\\\/web\\\/historico-el-festival-de-jesus-maria-incorporara-nuevas-escuelas\\\/#primaryimage\",\"url\":\"https:\\\/\\\/fmgente.com.ar\\\/web\\\/wp-content\\\/uploads\\\/2023\\\/07\\\/617ce8c2-431b-402e-925b-e361a688bbb2.jpg\",\"contentUrl\":\"https:\\\/\\\/fmgente.com.ar\\\/web\\\/wp-content\\\/uploads\\\/2023\\\/07\\\/617ce8c2-431b-402e-925b-e361a688bbb2.jpg\",\"width\":1600,\"height\":1200},{\"@type\":\"WebSite\",\"@id\":\"https:\\\/\\\/fmgente.com.ar\\\/web\\\/#website\",\"url\":\"https:\\\/\\\/fmgente.com.ar\\\/web\\\/\",\"name\":\"Fm Gente\",\"description\":\"- Jes\u00fas Mar\u00eda\",\"publisher\":{\"@id\":\"https:\\\/\\\/fmgente.com.ar\\\/web\\\/#organization\"},\"potentialAction\":[{\"@type\":\"SearchAction\",\"target\":{\"@type\":\"EntryPoint\",\"urlTemplate\":\"https:\\\/\\\/fmgente.com.ar\\\/web\\\/?s={search_term_string}\"},\"query-input\":{\"@type\":\"PropertyValueSpecification\",\"valueRequired\":true,\"valueName\":\"search_term_string\"}}],\"inLanguage\":\"es\"},{\"@type\":\"Organization\",\"@id\":\"https:\\\/\\\/fmgente.com.ar\\\/web\\\/#organization\",\"name\":\"Fm Gente\",\"url\":\"https:\\\/\\\/fmgente.com.ar\\\/web\\\/\",\"logo\":{\"@type\":\"ImageObject\",\"inLanguage\":\"es\",\"@id\":\"https:\\\/\\\/fmgente.com.ar\\\/web\\\/#\\\/schema\\\/logo\\\/image\\\/\",\"url\":\"https:\\\/\\\/fmgente.com.ar\\\/web\\\/wp-content\\\/uploads\\\/2023\\\/07\\\/cropped-cropped-logo-sombra2.png\",\"contentUrl\":\"https:\\\/\\\/fmgente.com.ar\\\/web\\\/wp-content\\\/uploads\\\/2023\\\/07\\\/cropped-cropped-logo-sombra2.png\",\"width\":1782,\"height\":1782,\"caption\":\"Fm Gente\"},\"image\":{\"@id\":\"https:\\\/\\\/fmgente.com.ar\\\/web\\\/#\\\/schema\\\/logo\\\/image\\\/\"}},{\"@type\":\"Person\",\"@id\":\"https:\\\/\\\/fmgente.com.ar\\\/web\\\/#\\\/schema\\\/person\\\/ba03fa75c17effdaafbd6daa1d78c508\",\"name\":\"Adri\u00e1n Hern\u00e1ndez\",\"url\":\"https:\\\/\\\/fmgente.com.ar\\\/web\\\/author\\\/c1601891\\\/\"}]}<\/script>\n<!-- \/ Yoast SEO plugin. -->","yoast_head_json":{"title":"Hist\u00f3rico: El festival de Jes\u00fas Mar\u00eda, incorporar\u00e1 nuevas escuelas - Fm Gente","robots":{"index":"index","follow":"follow","max-snippet":"max-snippet:-1","max-image-preview":"max-image-preview:large","max-video-preview":"max-video-preview:-1"},"canonical":"https:\/\/fmgente.com.ar\/web\/historico-el-festival-de-jesus-maria-incorporara-nuevas-escuelas\/","og_locale":"es_ES","og_type":"article","og_title":"Hist\u00f3rico: El festival de Jes\u00fas Mar\u00eda, incorporar\u00e1 nuevas escuelas - Fm Gente","og_description":"As\u00ed lo decidi\u00f3 la Asamblea en votaci\u00f3n por unanimidad. Se sumar\u00e1n dos instituciones por edici\u00f3n.","og_url":"https:\/\/fmgente.com.ar\/web\/historico-el-festival-de-jesus-maria-incorporara-nuevas-escuelas\/","og_site_name":"Fm Gente","article_published_time":"2023-07-05T11:39:03+00:00","article_modified_time":"2023-07-05T11:57:09+00:00","og_image":[{"width":1600,"height":1200,"url":"https:\/\/fmgente.com.ar\/web\/wp-content\/uploads\/2023\/07\/617ce8c2-431b-402e-925b-e361a688bbb2.jpg","type":"image\/jpeg"}],"author":"Adri\u00e1n Hern\u00e1ndez","twitter_card":"summary_large_image","twitter_misc":{"Escrito por":"Adri\u00e1n Hern\u00e1ndez","Tiempo de lectura":"3 minutos"},"schema":{"@context":"https:\/\/schema.org","@graph":[{"@type":"Article","@id":"https:\/\/fmgente.com.ar\/web\/historico-el-festival-de-jesus-maria-incorporara-nuevas-escuelas\/#article","isPartOf":{"@id":"https:\/\/fmgente.com.ar\/web\/historico-el-festival-de-jesus-maria-incorporara-nuevas-escuelas\/"},"author":{"name":"Adri\u00e1n Hern\u00e1ndez","@id":"https:\/\/fmgente.com.ar\/web\/#\/schema\/person\/ba03fa75c17effdaafbd6daa1d78c508"},"headline":"Hist\u00f3rico: El festival de Jes\u00fas Mar\u00eda, incorporar\u00e1 nuevas escuelas","datePublished":"2023-07-05T11:39:03+00:00","dateModified":"2023-07-05T11:57:09+00:00","mainEntityOfPage":{"@id":"https:\/\/fmgente.com.ar\/web\/historico-el-festival-de-jesus-maria-incorporara-nuevas-escuelas\/"},"wordCount":417,"publisher":{"@id":"https:\/\/fmgente.com.ar\/web\/#organization"},"image":{"@id":"https:\/\/fmgente.com.ar\/web\/historico-el-festival-de-jesus-maria-incorporara-nuevas-escuelas\/#primaryimage"},"thumbnailUrl":"https:\/\/fmgente.com.ar\/web\/wp-content\/uploads\/2023\/07\/617ce8c2-431b-402e-925b-e361a688bbb2.jpg","keywords":["a\u00f1o","comisi\u00f3n","escuelas","festival","Jes\u00fas Mar\u00eda","nuevas","pr\u00f3ximo"],"articleSection":["DESTACADAS"],"inLanguage":"es"},{"@type":"WebPage","@id":"https:\/\/fmgente.com.ar\/web\/historico-el-festival-de-jesus-maria-incorporara-nuevas-escuelas\/","url":"https:\/\/fmgente.com.ar\/web\/historico-el-festival-de-jesus-maria-incorporara-nuevas-escuelas\/","name":"Hist\u00f3rico: El festival de Jes\u00fas Mar\u00eda, incorporar\u00e1 nuevas escuelas - Fm Gente","isPartOf":{"@id":"https:\/\/fmgente.com.ar\/web\/#website"},"primaryImageOfPage":{"@id":"https:\/\/fmgente.com.ar\/web\/historico-el-festival-de-jesus-maria-incorporara-nuevas-escuelas\/#primaryimage"},"image":{"@id":"https:\/\/fmgente.com.ar\/web\/historico-el-festival-de-jesus-maria-incorporara-nuevas-escuelas\/#primaryimage"},"thumbnailUrl":"https:\/\/fmgente.com.ar\/web\/wp-content\/uploads\/2023\/07\/617ce8c2-431b-402e-925b-e361a688bbb2.jpg","datePublished":"2023-07-05T11:39:03+00:00","dateModified":"2023-07-05T11:57:09+00:00","inLanguage":"es","potentialAction":[{"@type":"ReadAction","target":["https:\/\/fmgente.com.ar\/web\/historico-el-festival-de-jesus-maria-incorporara-nuevas-escuelas\/"]}]},{"@type":"ImageObject","inLanguage":"es","@id":"https:\/\/fmgente.com.ar\/web\/historico-el-festival-de-jesus-maria-incorporara-nuevas-escuelas\/#primaryimage","url":"https:\/\/fmgente.com.ar\/web\/wp-content\/uploads\/2023\/07\/617ce8c2-431b-402e-925b-e361a688bbb2.jpg","contentUrl":"https:\/\/fmgente.com.ar\/web\/wp-content\/uploads\/2023\/07\/617ce8c2-431b-402e-925b-e361a688bbb2.jpg","width":1600,"height":1200},{"@type":"WebSite","@id":"https:\/\/fmgente.com.ar\/web\/#website","url":"https:\/\/fmgente.com.ar\/web\/","name":"Fm Gente","description":"- Jes\u00fas Mar\u00eda","publisher":{"@id":"https:\/\/fmgente.com.ar\/web\/#organization"},"potentialAction":[{"@type":"SearchAction","target":{"@type":"EntryPoint","urlTemplate":"https:\/\/fmgente.com.ar\/web\/?s={search_term_string}"},"query-input":{"@type":"PropertyValueSpecification","valueRequired":true,"valueName":"search_term_string"}}],"inLanguage":"es"},{"@type":"Organization","@id":"https:\/\/fmgente.com.ar\/web\/#organization","name":"Fm Gente","url":"https:\/\/fmgente.com.ar\/web\/","logo":{"@type":"ImageObject","inLanguage":"es","@id":"https:\/\/fmgente.com.ar\/web\/#\/schema\/logo\/image\/","url":"https:\/\/fmgente.com.ar\/web\/wp-content\/uploads\/2023\/07\/cropped-cropped-logo-sombra2.png","contentUrl":"https:\/\/fmgente.com.ar\/web\/wp-content\/uploads\/2023\/07\/cropped-cropped-logo-sombra2.png","width":1782,"height":1782,"caption":"Fm Gente"},"image":{"@id":"https:\/\/fmgente.com.ar\/web\/#\/schema\/logo\/image\/"}},{"@type":"Person","@id":"https:\/\/fmgente.com.ar\/web\/#\/schema\/person\/ba03fa75c17effdaafbd6daa1d78c508","name":"Adri\u00e1n Hern\u00e1ndez","url":"https:\/\/fmgente.com.ar\/web\/author\/c1601891\/"}]}},"_links":{"self":[{"href":"https:\/\/fmgente.com.ar\/web\/wp-json\/wp\/v2\/posts\/128","targetHints":{"allow":["GET"]}}],"collection":[{"href":"https:\/\/fmgente.com.ar\/web\/wp-json\/wp\/v2\/posts"}],"about":[{"href":"https:\/\/fmgente.com.ar\/web\/wp-json\/wp\/v2\/types\/post"}],"author":[{"embeddable":true,"href":"https:\/\/fmgente.com.ar\/web\/wp-json\/wp\/v2\/users\/2"}],"replies":[{"embeddable":true,"href":"https:\/\/fmgente.com.ar\/web\/wp-json\/wp\/v2\/comments?post=128"}],"version-history":[{"count":3,"href":"https:\/\/fmgente.com.ar\/web\/wp-json\/wp\/v2\/posts\/128\/revisions"}],"predecessor-version":[{"id":135,"href":"https:\/\/fmgente.com.ar\/web\/wp-json\/wp\/v2\/posts\/128\/revisions\/135"}],"wp:featuredmedia":[{"embeddable":true,"href":"https:\/\/fmgente.com.ar\/web\/wp-json\/wp\/v2\/media\/129"}],"wp:attachment":[{"href":"https:\/\/fmgente.com.ar\/web\/wp-json\/wp\/v2\/media?parent=128"}],"wp:term":[{"taxonomy":"category","embeddable":true,"href":"https:\/\/fmgente.com.ar\/web\/wp-json\/wp\/v2\/categories?post=128"},{"taxonomy":"post_tag","embeddable":true,"href":"https:\/\/fmgente.com.ar\/web\/wp-json\/wp\/v2\/tags?post=128"}],"curies":[{"name":"wp","href":"https:\/\/api.w.org\/{rel}","templated":true}]}}